{"id":6760,"date":"2020-10-14T10:51:17","date_gmt":"2020-10-14T08:51:17","guid":{"rendered":"https:\/\/www.welovecycling.com\/es\/?p=6760"},"modified":"2020-10-19T20:30:53","modified_gmt":"2020-10-19T18:30:53","slug":"dieta-flexible-mantener-peso-ciclista","status":"publish","type":"post","link":"https:\/\/www.welovecycling.com\/es\/2020\/10\/14\/dieta-flexible-mantener-peso-ciclista\/","title":{"rendered":"Dieta flexible &#8211; Como mantener tu peso ciclista en pretemporada"},"content":{"rendered":"<p><strong>Uno de los conceptos m\u00e1s importantes que te ayudar\u00e1 a mantener un peso \u00f3ptimo a largo plazo es la dieta flexible. Perder peso significa decir &#8220;no&#8221; todo el tiempo. Con el mantenimiento del peso, necesitas aprender a equilibrar tus &#8220;no&#8221; y &#8220;s\u00ed&#8221;. Repasemos algunos consejos que te ayudar\u00e1n.<\/strong><\/p>\n<h2><!--more--><br \/>\n<strong>Evita el efecto yo-yo<\/strong><\/h2>\n<p>El efecto yo-yo es el mayor enemigo del control de peso. La excitaci\u00f3n inicial por la p\u00e9rdida de peso es a menudo seguida por una dieta muy restrictiva, que trae el \u00e9xito. Pero luego las restricciones son demasiado dif\u00edciles de mantener y todo el peso perdido regresa. Esta es una experiencia frustrante y muy com\u00fan, por desgracia. Para evitar este molesto efecto yo-yo, hay que aprender a ser menos restrictivo sin desviarse completamente.<\/p>\n<figure id=\"attachment_6761\" aria-describedby=\"caption-attachment-6761\" style=\"width: 1000px\" class=\"wp-caption alignnone\"><a href=\"https:\/\/d2p6e6u75xmxt8.cloudfront.net\/6\/2020\/10\/food-sandwich-profimedia-0382477378.jpg\"><img loading=\"lazy\" decoding=\"async\" class=\"wp-image-6761 size-full\" src=\"https:\/\/d2p6e6u75xmxt8.cloudfront.net\/6\/2020\/10\/food-sandwich-profimedia-0382477378.jpg\" alt=\"Food\" width=\"1000\" height=\"667\" srcset=\"https:\/\/d2p6e6u75xmxt8.cloudfront.net\/6\/2020\/10\/food-sandwich-profimedia-0382477378.jpg 1000w, https:\/\/d2p6e6u75xmxt8.cloudfront.net\/6\/2020\/10\/food-sandwich-profimedia-0382477378-300x200.jpg 300w, https:\/\/d2p6e6u75xmxt8.cloudfront.net\/6\/2020\/10\/food-sandwich-profimedia-0382477378-768x512.jpg 768w, https:\/\/d2p6e6u75xmxt8.cloudfront.net\/6\/2020\/10\/food-sandwich-profimedia-0382477378-272x182.jpg 272w\" sizes=\"auto, (max-width: 1000px) 100vw, 1000px\" \/><\/a><figcaption id=\"caption-attachment-6761\" class=\"wp-caption-text\">Do your best to avoid the yo-yo effect. \u00a9 Profimedia<\/figcaption><\/figure>\n<h2><strong><br \/>\nModeraci\u00f3n<\/strong><\/h2>\n<p>Puede que te d\u00e9 miedo empezar a decir que <a href=\"https:\/\/youtu.be\/znwt-mZknwY\">s\u00ed a la comida<\/a> y a las actividades que estabas evitando para perder peso. Puedes sentir que te est\u00e1s decepcionando a s\u00ed mismo y puedes tener miedo de decir que s\u00ed con demasiada frecuencia. Por eso debes seguir los siguientes pasos.<\/p>\n<h4><strong>1. Prueba con un s\u00ed<\/strong><\/h4>\n<p>Elige la comida o una situaci\u00f3n a la que normalmente dir\u00edas que no por la p\u00e9rdida de peso y dile que s\u00ed en su lugar. Puede ser un trozo de pastel con tu caf\u00e9 en un descanso de la bicicleta o puede ser un vaso de vino o quedarse hasta tarde con los amigos.<\/p>\n<h4><strong>2. Aprecia el valor de ese s\u00ed<\/strong><\/h4>\n<p>Si empiezas a hacer algo de lo anterior con demasiada frecuencia, es probable que aumentes de peso. Es por eso que tienes que apreciar plenamente estos s\u00edes cuando vas por ellos. Pueden traer mucho placer a tu vida y hacen que tu estilo de vida sea sostenible a largo plazo.<\/p>\n<h4><strong>3. Anota las diferencias<\/strong><\/h4>\n<p>Una cosa que te ayudar\u00e1 a mantener estos s\u00edes especiales y significativos es cuando escribas o vuelvas a visitar conscientemente la experiencia que tuviste. Hazte unas cuantas preguntas. \u00bfC\u00f3mo te sintiste? \u00bfLo har\u00edas de nuevo? \u00bfPor qu\u00e9 o por qu\u00e9 no? Esto tambi\u00e9n te ayudar\u00e1 a distinguir qu\u00e9 s\u00edes valen la pena y cu\u00e1les no.<\/p>\n<figure id=\"attachment_6762\" aria-describedby=\"caption-attachment-6762\" style=\"width: 1024px\" class=\"wp-caption alignnone\"><a href=\"https:\/\/d2p6e6u75xmxt8.cloudfront.net\/2\/2020\/10\/pexels-startup-stock-photos-7100.jpg\"><img loading=\"lazy\" decoding=\"async\" class=\"wp-image-6762 size-large\" src=\"https:\/\/d2p6e6u75xmxt8.cloudfront.net\/6\/2020\/10\/pexels-startup-stock-photos-7100-1024x682.jpg\" alt=\"Weight management\" width=\"1024\" height=\"682\" srcset=\"https:\/\/d2p6e6u75xmxt8.cloudfront.net\/6\/2020\/10\/pexels-startup-stock-photos-7100-1024x682.jpg 1024w, https:\/\/d2p6e6u75xmxt8.cloudfront.net\/6\/2020\/10\/pexels-startup-stock-photos-7100-300x200.jpg 300w, https:\/\/d2p6e6u75xmxt8.cloudfront.net\/6\/2020\/10\/pexels-startup-stock-photos-7100-768x512.jpg 768w, https:\/\/d2p6e6u75xmxt8.cloudfront.net\/6\/2020\/10\/pexels-startup-stock-photos-7100-272x182.jpg 272w, https:\/\/d2p6e6u75xmxt8.cloudfront.net\/6\/2020\/10\/pexels-startup-stock-photos-7100.jpg 1280w\" sizes=\"auto, (max-width: 1024px) 100vw, 1024px\" \/><\/a><figcaption id=\"caption-attachment-6762\" class=\"wp-caption-text\">Escribe la experienciae. \u00a9 Pexels<\/figcaption><\/figure>\n<p>Unas pocas semanas de este enfoque deber\u00edan ser suficientes para establecer l\u00edmites y saber lo que te funciona y lo que no. Esta nueva dieta y la flexibilidad del estilo de vida ser\u00e1n la clave para mantener el peso. El pr\u00f3ximo art\u00edculo tratar\u00e1 sobre las actividades de apoyo que puede hacer ahora que la dieta no sea lo \u00fanico que tienes en mente.<\/p>\n","protected":false},"excerpt":{"rendered":"<p>Uno de los conceptos m\u00e1s importantes que te ayudar\u00e1 a mantener un peso \u00f3ptimo a largo plazo es la dieta [&hellip;]<\/p>\n","protected":false},"author":29,"featured_media":6764,"comment_status":"open","ping_status":"open","sticky":false,"template":"","format":"standard","meta":{"footnotes":""},"categories":[7,9],"tags":[1838,1839,1837,1823],"global-categories":[],"class_list":["post-6760","post","type-post","status-publish","format-standard","has-post-thumbnail","hentry","category-carretera","category-mtb-aventura","tag-dieta-flexible-ciclismo","tag-dieta-no-engordar-ciclismo","tag-mantener-peso-ciclismo","tag-mantener-peso-ciclista"],"yoast_head":"<!-- This site is optimized with the Yoast SEO Premium plugin v25.3 (Yoast SEO v25.9) - https:\/\/yoast.com\/wordpress\/plugins\/seo\/ -->\n<title>Dieta flexible - Como mantener tu peso ciclista en pretemporada<\/title>\n<meta name=\"description\" content=\"Dieta flexible - Como mantener tu peso ciclista en pretemporada. Consejos para darse algunos caprichos en la dieta ciclista y no engordar.\" \/>\n<meta name=\"robots\" content=\"index, follow, max-snippet:-1, max-image-preview:large, max-video-preview:-1\" \/>\n<link rel=\"canonical\" href=\"https:\/\/www.welovecycling.com\/es\/2020\/10\/14\/dieta-flexible-mantener-peso-ciclista\/\" \/>\n<meta property=\"og:locale\" content=\"es_ES\" \/>\n<meta property=\"og:type\" content=\"article\" \/>\n<meta property=\"og:title\" content=\"Dieta flexible - Como mantener tu peso ciclista en pretemporada\" \/>\n<meta property=\"og:description\" content=\"Dieta flexible - Como mantener tu peso ciclista en pretemporada. Consejos para darse algunos caprichos en la dieta ciclista y no engordar.\" \/>\n<meta property=\"og:url\" content=\"https:\/\/www.welovecycling.com\/es\/2020\/10\/14\/dieta-flexible-mantener-peso-ciclista\/\" \/>\n<meta property=\"og:site_name\" content=\"\u0160koda We Love Cycling - Spain\" \/>\n<meta property=\"article:published_time\" content=\"2020-10-14T08:51:17+00:00\" \/>\n<meta property=\"article:modified_time\" content=\"2020-10-19T18:30:53+00:00\" \/>\n<meta property=\"og:image\" content=\"https:\/\/d2p6e6u75xmxt8.cloudfront.net\/6\/2020\/10\/cyclist-profimedia-0482760525-CVR.jpg\" \/>\n\t<meta property=\"og:image:width\" content=\"1366\" \/>\n\t<meta property=\"og:image:height\" content=\"600\" \/>\n\t<meta property=\"og:image:type\" content=\"image\/jpeg\" \/>\n<meta name=\"author\" content=\"We Love Cycling Spain\" \/>\n<meta name=\"twitter:card\" content=\"summary_large_image\" \/>\n<meta name=\"twitter:title\" content=\"Dieta flexible - Como mantener tu peso ciclista en pretemporada\" \/>\n<meta name=\"twitter:description\" content=\"Dieta flexible - Como mantener tu peso ciclista en pretemporada. Consejos para darse algunos caprichos en la dieta ciclista y no engordar.\" \/>\n<meta name=\"twitter:label1\" content=\"Written by\" \/>\n\t<meta name=\"twitter:data1\" content=\"Jiri Kaloc\" \/>\n\t<meta name=\"twitter:label2\" content=\"Est. reading time\" \/>\n\t<meta name=\"twitter:data2\" content=\"5\" \/>\n<script type=\"application\/ld+json\" class=\"yoast-schema-graph\">{\"@context\":\"https:\/\/schema.org\",\"@graph\":[{\"@type\":\"WebPage\",\"@id\":\"https:\/\/www.welovecycling.com\/es\/2020\/10\/14\/dieta-flexible-mantener-peso-ciclista\/\",\"url\":\"https:\/\/www.welovecycling.com\/es\/2020\/10\/14\/dieta-flexible-mantener-peso-ciclista\/\",\"name\":\"Dieta flexible - Como mantener tu peso ciclista en pretemporada\",\"isPartOf\":{\"@id\":\"https:\/\/www.welovecycling.com\/es\/#website\"},\"primaryImageOfPage\":{\"@id\":\"https:\/\/www.welovecycling.com\/es\/2020\/10\/14\/dieta-flexible-mantener-peso-ciclista\/#primaryimage\"},\"image\":{\"@id\":\"https:\/\/www.welovecycling.com\/es\/2020\/10\/14\/dieta-flexible-mantener-peso-ciclista\/#primaryimage\"},\"thumbnailUrl\":\"https:\/\/d2p6e6u75xmxt8.cloudfront.net\/6\/2020\/10\/cyclist-profimedia-0482760525-CVR.jpg\",\"datePublished\":\"2020-10-14T08:51:17+00:00\",\"dateModified\":\"2020-10-19T18:30:53+00:00\",\"author\":{\"@id\":\"https:\/\/www.welovecycling.com\/es\/#\/schema\/person\/deb61715b5812698ee79fb96f343ccd4\"},\"description\":\"Dieta flexible - Como mantener tu peso ciclista en pretemporada. Consejos para darse algunos caprichos en la dieta ciclista y no engordar.\",\"breadcrumb\":{\"@id\":\"https:\/\/www.welovecycling.com\/es\/2020\/10\/14\/dieta-flexible-mantener-peso-ciclista\/#breadcrumb\"},\"inLanguage\":\"es-ES\",\"potentialAction\":[{\"@type\":\"ReadAction\",\"target\":[\"https:\/\/www.welovecycling.com\/es\/2020\/10\/14\/dieta-flexible-mantener-peso-ciclista\/\"]}]},{\"@type\":\"ImageObject\",\"inLanguage\":\"es-ES\",\"@id\":\"https:\/\/www.welovecycling.com\/es\/2020\/10\/14\/dieta-flexible-mantener-peso-ciclista\/#primaryimage\",\"url\":\"https:\/\/d2p6e6u75xmxt8.cloudfront.net\/6\/2020\/10\/cyclist-profimedia-0482760525-CVR.jpg\",\"contentUrl\":\"https:\/\/d2p6e6u75xmxt8.cloudfront.net\/6\/2020\/10\/cyclist-profimedia-0482760525-CVR.jpg\",\"width\":1366,\"height\":600,\"caption\":\"Cycling\"},{\"@type\":\"BreadcrumbList\",\"@id\":\"https:\/\/www.welovecycling.com\/es\/2020\/10\/14\/dieta-flexible-mantener-peso-ciclista\/#breadcrumb\",\"itemListElement\":[{\"@type\":\"ListItem\",\"position\":1,\"name\":\"Home\",\"item\":\"https:\/\/www.welovecycling.com\/es\/\"},{\"@type\":\"ListItem\",\"position\":2,\"name\":\"Dieta flexible &#8211; Como mantener tu peso ciclista en pretemporada\"}]},{\"@type\":\"WebSite\",\"@id\":\"https:\/\/www.welovecycling.com\/es\/#website\",\"url\":\"https:\/\/www.welovecycling.com\/es\/\",\"name\":\"\u0160koda We Love Cycling - Spain\",\"description\":\"\u0160koda WeLoveCycling Spain\",\"potentialAction\":[{\"@type\":\"SearchAction\",\"target\":{\"@type\":\"EntryPoint\",\"urlTemplate\":\"https:\/\/www.welovecycling.com\/es\/?s={search_term_string}\"},\"query-input\":{\"@type\":\"PropertyValueSpecification\",\"valueRequired\":true,\"valueName\":\"search_term_string\"}}],\"inLanguage\":\"es-ES\"},{\"@type\":\"Person\",\"@id\":\"https:\/\/www.welovecycling.com\/es\/#\/schema\/person\/deb61715b5812698ee79fb96f343ccd4\",\"name\":\"We Love Cycling Spain\",\"image\":{\"@type\":\"ImageObject\",\"inLanguage\":\"es-ES\",\"@id\":\"https:\/\/www.welovecycling.com\/es\/#\/schema\/person\/image\/\",\"url\":\"https:\/\/secure.gravatar.com\/avatar\/c824b04e6df0e37a03219d0b6481672889df542894588964102459e46513159c?s=96&d=mm&r=g\",\"contentUrl\":\"https:\/\/secure.gravatar.com\/avatar\/c824b04e6df0e37a03219d0b6481672889df542894588964102459e46513159c?s=96&d=mm&r=g\",\"caption\":\"We Love Cycling Spain\"},\"url\":\"https:\/\/www.welovecycling.com\/es\/author\/amunoz\/\"}]}<\/script>\n<!-- \/ Yoast SEO Premium plugin. -->","yoast_head_json":{"title":"Dieta flexible - Como mantener tu peso ciclista en pretemporada","description":"Dieta flexible - Como mantener tu peso ciclista en pretemporada. Consejos para darse algunos caprichos en la dieta ciclista y no engordar.","robots":{"index":"index","follow":"follow","max-snippet":"max-snippet:-1","max-image-preview":"max-image-preview:large","max-video-preview":"max-video-preview:-1"},"canonical":"https:\/\/www.welovecycling.com\/es\/2020\/10\/14\/dieta-flexible-mantener-peso-ciclista\/","og_locale":"es_ES","og_type":"article","og_title":"Dieta flexible - Como mantener tu peso ciclista en pretemporada","og_description":"Dieta flexible - Como mantener tu peso ciclista en pretemporada. Consejos para darse algunos caprichos en la dieta ciclista y no engordar.","og_url":"https:\/\/www.welovecycling.com\/es\/2020\/10\/14\/dieta-flexible-mantener-peso-ciclista\/","og_site_name":"\u0160koda We Love Cycling - Spain","article_published_time":"2020-10-14T08:51:17+00:00","article_modified_time":"2020-10-19T18:30:53+00:00","og_image":[{"width":1366,"height":600,"url":"https:\/\/d2p6e6u75xmxt8.cloudfront.net\/6\/2020\/10\/cyclist-profimedia-0482760525-CVR.jpg","type":"image\/jpeg"}],"author":"We Love Cycling Spain","twitter_card":"summary_large_image","twitter_title":"Dieta flexible - Como mantener tu peso ciclista en pretemporada","twitter_description":"Dieta flexible - Como mantener tu peso ciclista en pretemporada. Consejos para darse algunos caprichos en la dieta ciclista y no engordar.","twitter_misc":{"Written by":"Jiri Kaloc","Est. reading time":"5"},"schema":{"@context":"https:\/\/schema.org","@graph":[{"@type":"WebPage","@id":"https:\/\/www.welovecycling.com\/es\/2020\/10\/14\/dieta-flexible-mantener-peso-ciclista\/","url":"https:\/\/www.welovecycling.com\/es\/2020\/10\/14\/dieta-flexible-mantener-peso-ciclista\/","name":"Dieta flexible - Como mantener tu peso ciclista en pretemporada","isPartOf":{"@id":"https:\/\/www.welovecycling.com\/es\/#website"},"primaryImageOfPage":{"@id":"https:\/\/www.welovecycling.com\/es\/2020\/10\/14\/dieta-flexible-mantener-peso-ciclista\/#primaryimage"},"image":{"@id":"https:\/\/www.welovecycling.com\/es\/2020\/10\/14\/dieta-flexible-mantener-peso-ciclista\/#primaryimage"},"thumbnailUrl":"https:\/\/d2p6e6u75xmxt8.cloudfront.net\/6\/2020\/10\/cyclist-profimedia-0482760525-CVR.jpg","datePublished":"2020-10-14T08:51:17+00:00","dateModified":"2020-10-19T18:30:53+00:00","author":{"@id":"https:\/\/www.welovecycling.com\/es\/#\/schema\/person\/deb61715b5812698ee79fb96f343ccd4"},"description":"Dieta flexible - Como mantener tu peso ciclista en pretemporada. Consejos para darse algunos caprichos en la dieta ciclista y no engordar.","breadcrumb":{"@id":"https:\/\/www.welovecycling.com\/es\/2020\/10\/14\/dieta-flexible-mantener-peso-ciclista\/#breadcrumb"},"inLanguage":"es-ES","potentialAction":[{"@type":"ReadAction","target":["https:\/\/www.welovecycling.com\/es\/2020\/10\/14\/dieta-flexible-mantener-peso-ciclista\/"]}]},{"@type":"ImageObject","inLanguage":"es-ES","@id":"https:\/\/www.welovecycling.com\/es\/2020\/10\/14\/dieta-flexible-mantener-peso-ciclista\/#primaryimage","url":"https:\/\/d2p6e6u75xmxt8.cloudfront.net\/6\/2020\/10\/cyclist-profimedia-0482760525-CVR.jpg","contentUrl":"https:\/\/d2p6e6u75xmxt8.cloudfront.net\/6\/2020\/10\/cyclist-profimedia-0482760525-CVR.jpg","width":1366,"height":600,"caption":"Cycling"},{"@type":"BreadcrumbList","@id":"https:\/\/www.welovecycling.com\/es\/2020\/10\/14\/dieta-flexible-mantener-peso-ciclista\/#breadcrumb","itemListElement":[{"@type":"ListItem","position":1,"name":"Home","item":"https:\/\/www.welovecycling.com\/es\/"},{"@type":"ListItem","position":2,"name":"Dieta flexible &#8211; Como mantener tu peso ciclista en pretemporada"}]},{"@type":"WebSite","@id":"https:\/\/www.welovecycling.com\/es\/#website","url":"https:\/\/www.welovecycling.com\/es\/","name":"\u0160koda We Love Cycling - Spain","description":"\u0160koda WeLoveCycling Spain","potentialAction":[{"@type":"SearchAction","target":{"@type":"EntryPoint","urlTemplate":"https:\/\/www.welovecycling.com\/es\/?s={search_term_string}"},"query-input":{"@type":"PropertyValueSpecification","valueRequired":true,"valueName":"search_term_string"}}],"inLanguage":"es-ES"},{"@type":"Person","@id":"https:\/\/www.welovecycling.com\/es\/#\/schema\/person\/deb61715b5812698ee79fb96f343ccd4","name":"We Love Cycling Spain","image":{"@type":"ImageObject","inLanguage":"es-ES","@id":"https:\/\/www.welovecycling.com\/es\/#\/schema\/person\/image\/","url":"https:\/\/secure.gravatar.com\/avatar\/c824b04e6df0e37a03219d0b6481672889df542894588964102459e46513159c?s=96&d=mm&r=g","contentUrl":"https:\/\/secure.gravatar.com\/avatar\/c824b04e6df0e37a03219d0b6481672889df542894588964102459e46513159c?s=96&d=mm&r=g","caption":"We Love Cycling Spain"},"url":"https:\/\/www.welovecycling.com\/es\/author\/amunoz\/"}]}},"_links":{"self":[{"href":"https:\/\/www.welovecycling.com\/es\/wp-json\/wp\/v2\/posts\/6760","targetHints":{"allow":["GET"]}}],"collection":[{"href":"https:\/\/www.welovecycling.com\/es\/wp-json\/wp\/v2\/posts"}],"about":[{"href":"https:\/\/www.welovecycling.com\/es\/wp-json\/wp\/v2\/types\/post"}],"author":[{"embeddable":true,"href":"https:\/\/www.welovecycling.com\/es\/wp-json\/wp\/v2\/users\/29"}],"replies":[{"embeddable":true,"href":"https:\/\/www.welovecycling.com\/es\/wp-json\/wp\/v2\/comments?post=6760"}],"version-history":[{"count":2,"href":"https:\/\/www.welovecycling.com\/es\/wp-json\/wp\/v2\/posts\/6760\/revisions"}],"predecessor-version":[{"id":6766,"href":"https:\/\/www.welovecycling.com\/es\/wp-json\/wp\/v2\/posts\/6760\/revisions\/6766"}],"wp:featuredmedia":[{"embeddable":true,"href":"https:\/\/www.welovecycling.com\/es\/wp-json\/wp\/v2\/media\/6764"}],"wp:attachment":[{"href":"https:\/\/www.welovecycling.com\/es\/wp-json\/wp\/v2\/media?parent=6760"}],"wp:term":[{"taxonomy":"category","embeddable":true,"href":"https:\/\/www.welovecycling.com\/es\/wp-json\/wp\/v2\/categories?post=6760"},{"taxonomy":"post_tag","embeddable":true,"href":"https:\/\/www.welovecycling.com\/es\/wp-json\/wp\/v2\/tags?post=6760"},{"taxonomy":"global-categories","embeddable":true,"href":"https:\/\/www.welovecycling.com\/es\/wp-json\/wp\/v2\/global-categories?post=6760"}],"curies":[{"name":"wp","href":"https:\/\/api.w.org\/{rel}","templated":true}]}}