{"id":6737,"date":"2020-10-12T18:35:36","date_gmt":"2020-10-12T16:35:36","guid":{"rendered":"https:\/\/www.welovecycling.com\/es\/?p=6737"},"modified":"2020-10-13T18:00:29","modified_gmt":"2020-10-13T16:00:29","slug":"las-etapas-de-montana-de-la-vuelta-2020","status":"publish","type":"post","link":"https:\/\/www.welovecycling.com\/es\/2020\/10\/12\/las-etapas-de-montana-de-la-vuelta-2020\/","title":{"rendered":"Las etapas de monta\u00f1a de La Vuelta 2020"},"content":{"rendered":"<p><strong>Las etapas de monta\u00f1a volver\u00e1n a ser la clave para conocer el nombre del ganador de La Vuelta 2020. Ser\u00e1 en la versi\u00f3n m\u00e1s reducida y tard\u00eda en el calendario de su historia. Tendr\u00e1 solo 18 etapas (despu\u00e9s de cancelar las tres que se deb\u00edan disputar en Holanda) y empezar\u00e1 un martes 20 de octubre en Ir\u00fan. Adem\u00e1s evitar\u00e1 Portugal, previsto en la presentaci\u00f3n de finales de 2019. As\u00ed nos queda una edici\u00f3n con m\u00e1s emoci\u00f3n y casi sin etapas etapas de transici\u00f3n.<\/strong><br \/>\n<!--more--><br \/>\nLa Vuelta 2020 solo tiene un <a href=\"https:\/\/www.lavuelta.es\/es\/etapa-13\" target=\"_blank\" rel=\"noopener noreferrer\">d\u00eda de contrarreloj<\/a> y, como en el Tour, es un trazado mixto. 31,9 kil\u00f3metros llanos desde Muros hasta el inicio del Mirador de \u00c9zaro, y los 1,9 de dura subida al muro gallego. Ser\u00e1 en la tercera semana, el martes 3 de noviembre. A su alrededor hasta siete llegadas en alto y otras seis de media monta\u00f1a, lo que dejan solo cuatro jornadas para velocistas. Una Vuelta para no despegarse del televisor.<\/p>\n<p>Las <strong>18 etapas (que acabar\u00e1n sobre las 17:00 cada d\u00eda) tienen una media de 160 kil\u00f3metros<\/strong>, lo que se suele traducir en cuatro horas de esfuerzo para los ciclistas. Solo hay<strong> dos que superan los 200 kil\u00f3metros<\/strong> y coinciden con las que la organizaci\u00f3n tuvo que reprogramar para no atravesar Portugal. Ambas por territorio gallego y zamorano. Los 204 kil\u00f3metros de Lugo a Orense, etapa 14\u00aa el mi\u00e9rcoles 4 de noviembre y los 237 de Mos a Puebla de Sanabria al d\u00eda siguiente.<\/p>\n<figure id=\"attachment_6755\" aria-describedby=\"caption-attachment-6755\" style=\"width: 1024px\" class=\"wp-caption aligncenter\"><a href=\"https:\/\/d2p6e6u75xmxt8.cloudfront.net\/6\/2020\/10\/WhatsApp-Image-2019-09-06-at-19.48.34-2.jpeg\"><img loading=\"lazy\" decoding=\"async\" class=\"wp-image-6755 size-large\" src=\"https:\/\/d2p6e6u75xmxt8.cloudfront.net\/6\/2020\/10\/WhatsApp-Image-2019-09-06-at-19.48.34-2-1024x599.jpeg\" alt=\"\" width=\"1024\" height=\"599\" srcset=\"https:\/\/d2p6e6u75xmxt8.cloudfront.net\/6\/2020\/10\/WhatsApp-Image-2019-09-06-at-19.48.34-2-1024x599.jpeg 1024w, https:\/\/d2p6e6u75xmxt8.cloudfront.net\/6\/2020\/10\/WhatsApp-Image-2019-09-06-at-19.48.34-2-300x176.jpeg 300w, https:\/\/d2p6e6u75xmxt8.cloudfront.net\/6\/2020\/10\/WhatsApp-Image-2019-09-06-at-19.48.34-2-768x449.jpeg 768w, https:\/\/d2p6e6u75xmxt8.cloudfront.net\/6\/2020\/10\/WhatsApp-Image-2019-09-06-at-19.48.34-2.jpeg 1200w\" sizes=\"auto, (max-width: 1024px) 100vw, 1024px\" \/><\/a><figcaption id=\"caption-attachment-6755\" class=\"wp-caption-text\">Foto @ciclored<\/figcaption><\/figure>\n<p>&nbsp;<\/p>\n<p>Comienza con tres etapas de media monta\u00f1a, el martes 20 de octubre con final en la subida a <strong>Arrate,<\/strong> al d\u00eda siguiente acaba en Lekumberri justo despu\u00e9s de bajar el duro <strong>San Miguel de Aralar<\/strong> y el jueves 22 de octubre afronta la in\u00e9dita<strong> Laguna Negra de Vinuesa<\/strong>. El siguiente bloque de monta\u00f1a viene en el fin de semana en <strong>Pirineos<\/strong> despu\u00e9s de la etapa de transici\u00f3n con final en Ejea de los Caballeros. El s\u00e1bado 24 de octubre etapa de media monta\u00f1a con final en Sabi\u00f1\u00e1nigo y el domingo primera etapa reina de <strong>La Vuelta, Portalet, Aubisque, Soulor y Tourmalet<\/strong>.<\/p>\n<p>Descansa el Vitoria para afrontar la segunda semana que empieza el martes 27 de octubre con la etapa del doble paso por <strong>Ordu\u00f1a<\/strong> y final en Valdegov\u00eda y la llegada en alto in\u00e9dita al duro <strong>Moncalvillo riojano<\/strong>. Dos jornadas de transici\u00f3n y viento entre Castrillo del Val y Aguilar de Campo y Castro Urdiales y Suances. Y para el fin de semana las dos jornadas de <strong>monta\u00f1a asturiana<\/strong>. El s\u00e1bado 31 de octubre cuatro puertos de primera, Colladona, Cobertoria, San Lorenzo y final en La <strong>Farrapona<\/strong>. Y el domingo 1 de noviembre el <strong>Angliru<\/strong> despu\u00e9s de pasar Padr\u00fan, San Emiliano, la Mozqueta y el Cordal.<\/p>\n<p>Para la tercera semana quedar\u00e1 la crono de <strong>\u00c9zaro<\/strong>, tres etapas seguidas de <strong>media monta\u00f1a<\/strong> con finales en Orense, Puebla de Sanabria y Ciudad Rodrigo y el s<strong>\u00e1bado 7 de noviembre la etapa decisiva con la subida a La Covatilla<\/strong> antes de llegar el domingo 8 a Madrid.<\/p>\n<div class=\"embed-controller-wrapper\">\n<div class=\"embed-wrapper\"><iframe title=\"La Vuelta 20 - Qu\u00e9date en casa\" width=\"500\" height=\"281\" data-src=\"https:\/\/www.youtube.com\/embed\/wYSwZtea1Os?feature=oembed\" frameborder=\"0\" allow=\"accelerometer; autoplay; clipboard-write; encrypted-media; gyroscope; picture-in-picture; web-share\" referrerpolicy=\"strict-origin-when-cross-origin\" allowfullscreen><\/iframe><\/div>\n<\/div>\n<p>Pero la gran novedad de este 2020 es que La Vuelta <strong>ha limitado la presencia de p\u00fablico en las cunetas. Habr\u00e1 restricciones en las zonas de salida y de meta<\/strong> de cada una de las etapas y los aficionados no podr\u00e1n acceder al parking de equipos. Tambi\u00e9n estar\u00e1 <strong>restringido el acceso a estos puertos, Arrate, Laguna Negra, Tourmalet, Ordu\u00f1a, Moncalvillo, Farrapona, Angliru, Mirador de \u00c9zaro y La Covatilla.<\/strong><\/p>\n<h2><strong><br \/>\nEtapas 1\u00aa, 2\u00aa y 3\u00aa. Arrate, San Miguel de Aralar y Laguna Negra<\/strong><\/h2>\n<p>Los favoritos empezar\u00e1n a jugarse la carrera con tres etapas peligrosas. Ya el <a href=\"https:\/\/www.lavuelta.es\/es\/etapa-1\" target=\"_blank\" rel=\"noopener noreferrer\">primer d\u00eda<\/a> tienen delante de s\u00ed una etapa t\u00edpica de la Itzulia, con terreno quebrado, sin descanso y tres puertos de tercera, Udana, Kanpazar y Elgeta antes de afrontar desde Eibar la subida a Arrate por su versi\u00f3n m\u00e1s cl\u00e1sica. Son 5,5 kil\u00f3metros a una media del 7,3% y con un tramo central de tres kil\u00f3metros al 10%. Desde la cima, dos kil\u00f3metros hasta la meta en el Santuario. <strong>Eso s\u00ed, en este 2020 sin p\u00fablico.<\/strong><\/p>\n<p><img loading=\"lazy\" decoding=\"async\" class=\"alignnone size-extra-large\" src=\"https:\/\/img.aso.fr\/core_app\/img-cycling-vue-jpg\/1\/7087\/0:0,1500:560-960-0-70\/47a22\" width=\"960\" height=\"358\" \/><br \/>\nPara la segunda etapa La Vuelta cambia de estrategia.\u00a0 La etapa navarra tiene 151 kil\u00f3metros entre Pamplona y Lekumberri hay 151 kil\u00f3metros y en la primera parte de la jornada se superar\u00e1n dos terceras, Guirguillano y Urbasa. La clave estar\u00e1 en la dur\u00edsima ascensi\u00f3n a <a href=\"https:\/\/www.lavuelta.es\/es\/etapa-2\" target=\"_blank\" rel=\"noopener noreferrer\"><strong>San Miguel de Aralar<\/strong><\/a>, que ya se subi\u00f3 en 2014 con victoria de Fabio Aru seguido por Valverde, Purito, Contador y Froome (los nombres ya revelan la dificultad). Son 9,5 kil\u00f3metros al 7,5% de media y tramos de hasta el 15% mezclados con alg\u00fan descansillo. Desde la cima hay 25 kil\u00f3metros de descenso hasta la meta de Lekumberri.<\/p>\n<p><img loading=\"lazy\" decoding=\"async\" class=\"alignnone size-extra-large\" src=\"https:\/\/img.aso.fr\/core_app\/img-cycling-vue-jpg\/2\/7088\/0:0,1500:904-960-0-70\/5ab67\" width=\"960\" height=\"579\" \/><br \/>\nPara el tercer d\u00eda, jueves 22 de octubre, otro formato de etapa. Esta vez salida en Lodosa (La Rioja) y ochenta kil\u00f3metros en continuo ascenso hasta el para subir a los 1457 metros del Alto de Oncala y salvar el desnivel con la meseta norte. El final en la in\u00e9dita ascensi\u00f3n a la <a href=\"https:\/\/www.lavuelta.es\/es\/etapa-3\" target=\"_blank\" rel=\"noopener noreferrer\">Laguna Negra de Vinuesa<\/a> tiene 8,5 kil\u00f3metros al 5,8% de media, aunque lo m\u00e1s duro es el kil\u00f3metro final con una media del 10%.<\/p>\n<p><img loading=\"lazy\" decoding=\"async\" class=\"alignnone size-extra-large\" src=\"https:\/\/img.aso.fr\/core_app\/img-cycling-vue-jpg\/3\/7089\/0:0,1500:759-960-0-70\/94384\" width=\"960\" height=\"486\" \/><\/p>\n<h2><strong>Etapas 5\u00aa y 6\u00aa. Pirineos<\/strong><\/h2>\n<p>El primer fin de semana de La Vuelta vistan los Pirineos. Dos jornadas previstas inicialmente para finales de agosto y que ahora en octubre tendr\u00e1n que pelear, casi seguro, con el fr\u00edo e incluso la nieve de la cordillera.<\/p>\n<p>La del s<a href=\"https:\/\/www.lavuelta.es\/es\/etapa-6\" target=\"_blank\" rel=\"noopener noreferrer\">\u00e1bado 24 de octubre es una jornada peligrosa<\/a>. Los 110 kil\u00f3metros iniciales entre Huesca y Escalona son pr\u00e1cticamente llanos, pero en los 75 siguientes no hay ni un cent\u00edmetro plano y acumula casi 2.000 metros de desnivel. Subidas al Alto de Viu y de Fanlo y ascensi\u00f3n al Alto de Petralba (conocido por los cicloturistas por ser el \u00faltimo de la Treparriscos) para acabar en Sabi\u00f1\u00e1nigo.<\/p>\n<p><img loading=\"lazy\" decoding=\"async\" class=\"alignnone size-extra-large\" src=\"https:\/\/img.aso.fr\/core_app\/img-cycling-vue-jpg\/5\/7091\/0:0,1500:673-960-0-70\/0ce26\" width=\"960\" height=\"431\" \/><br \/>\nEl domingo 25 de octubre La Vuelta afronta una etapa so\u00f1ada por muchos y que marcar\u00e1 la carrera. <a href=\"https:\/\/www.lavuelta.es\/es\/etapa-6\">3.800 metros de desnivel en solo 136 kil\u00f3metros<\/a>. Ser\u00e1 un d\u00eda de rodillos en la salida porque desde Biescas empieza el Portalet con sus 26 kil\u00f3metros al 5%. Descenso hasta Laruns para afrontar el Aubisque, 16 kil\u00f3metros al 7,1% de media, el repecho del Soulor y bajar hasta Argeles para remontar el valle hacia Luz Saint Sauveur y subir el Tourmalet por la vertiente de Bareges (la misma que en el Tour 2019), que se resume en 19 kil\u00f3metros al 7,4%<br \/>\n<img loading=\"lazy\" decoding=\"async\" class=\"alignnone size-extra-large\" src=\"https:\/\/img.aso.fr\/core_app\/img-cycling-vue-jpg\/6\/7093\/0:0,1500:1068-960-0-70\/c0732\" width=\"960\" height=\"684\" \/><\/p>\n<h2><strong>Etapas 7\u00aa y 8\u00aa. Ordu\u00f1a y Moncalvillo<\/strong><\/h2>\n<p>Tras la intensa primera semana y el d\u00eda de descanso en Vitoria, La Vuelta retorna con una etapa peligrosa. <a href=\"https:\/\/www.lavuelta.es\/es\/etapa-7\" target=\"_blank\" rel=\"noopener noreferrer\">Est\u00e1 dise\u00f1ada por Joseba Beloki, lo que asegura diversi\u00f3n para el aficionado, aunque se tendr\u00e1 que ver desde casa por las restricciones para el p\u00fablico en la subida<\/a>. No es la m\u00e1s dura de la carrera pero incluye una doble ascensi\u00f3n al Puerto de Ordu\u00f1a, la \u00faltima con la cima a solo 20 kil\u00f3metros del final en Villanueva de Valdegov\u00eda. Ordu\u00f1a, que est\u00e1 &#8216;olvidado&#8217; desde los tiempos de Eddy Merckx, son 7,7 kil\u00f3metros al 7,7% de media muy constantes pero con alguna pared al 14%<\/p>\n<p><img loading=\"lazy\" decoding=\"async\" class=\"alignnone size-extra-large\" src=\"https:\/\/img.aso.fr\/core_app\/img-cycling-vue-jpg\/7\/7092\/0:0,1500:673-960-0-70\/2138e\" width=\"960\" height=\"431\" \/><br \/>\nLa octava etapa recorre La Rioja para terminar en <a href=\"https:\/\/www.lavuelta.es\/es\/etapa-8\">el Alto de Moncalvillo<\/a>. Se sale de Logro\u00f1o y el Puerto de la Rasa (2\u00aa) a mitad de camino servir\u00e1 para comprobar las sensaciones antes de arrancar el in\u00e9dito Moncalvillo. Tiene 8,3 kil\u00f3metros al 9,2% de media, aunque el kil\u00f3metro inicial y el \u00faltimo solo son al 6%, lo que dejan un tramo central que casi nunca baja del 10 y el 11%, una aut\u00e9ntica pared.<\/p>\n<p><img loading=\"lazy\" decoding=\"async\" class=\"alignnone size-extra-large\" src=\"https:\/\/img.aso.fr\/core_app\/img-cycling-vue-jpg\/8\/7094\/0:0,1500:764-960-0-70\/bc640\" width=\"960\" height=\"489\" \/><\/p>\n<h2><strong>Etapas 11\u00aa y 12\u00aa. La Farrapona y Angliru<\/strong><\/h2>\n<p>La monta\u00f1a asturiana va a volver a ser decisiva en La Vuelta con dos etapas con puertos encadenados pero que se afrontar\u00e1n de forma muy diferente.<\/p>\n<p>El s\u00e1bado <a href=\"https:\/\/www.lavuelta.es\/es\/etapa-11\">31 de octubre es la jornada con m\u00e1s metros de desnivel de la carrera<\/a>. El libro de ruta marca 4.864 metros de ascensi\u00f3n para los 170 kil\u00f3metros que hay entre Villaviciosa y La Farrapona. De salida el Alto de La Campa (3\u00aa) que servir\u00e1 para hacer la escapada. Despu\u00e9s tres primeras, La Colladona, <strong>La Cobertoria<\/strong> desde su vertiente de Pola de Lena, con casi 10 kil\u00f3metros al 9% de media, <strong>San Lorenzo<\/strong> por la cara de Teverga, con otros 10 kil\u00f3metros de ascensi\u00f3n (los \u00faltimos 5 siempre por encima del 10%) y final en<strong> La Farrapona<\/strong> con 16 kil\u00f3metros al 6,8%, pero que tiene los cuatro \u00faltimos a m\u00e1s del 10% de media.<\/p>\n<p><img loading=\"lazy\" decoding=\"async\" class=\"alignnone size-extra-large\" src=\"https:\/\/img.aso.fr\/core_app\/img-cycling-vue-jpg\/11\/7097\/0:0,1500:789-960-0-70\/f21d9\" width=\"960\" height=\"505\" \/><br \/>\nEl domingo 1 de noviembre espera el<a href=\"https:\/\/www.lavuelta.es\/es\/etapa-12\"> Angliru<\/a> en una etapa corta, 110 kil\u00f3metros, pero en la que se ascienden 3.000 metros de desnivel. De salida el Alto del Padr\u00fan y el Alto de San Emiliano antes de subir a La Mozqueta, 6,6 kil\u00f3metros al 8,4% y el Cordal 5,4 kil\u00f3metros al 9,3% de media y que tiene uno de los descensos m\u00e1s peligrosos de la carrera. Todo como aperitivo al ya conocido Angliru, con sus 5 kil\u00f3metros &#8216;asequibles&#8217; hasta Viapar\u00e1, y el infierno de los 5,5 kil\u00f3metros siguientes donde las rampas del 9% suponen un descansillo entre las paredes de la Cue\u00f1a Les Cabres (hasta el 23%) o el Aviru (hasta el 20%).<\/p>\n<p><img loading=\"lazy\" decoding=\"async\" class=\"alignnone size-extra-large\" src=\"https:\/\/img.aso.fr\/core_app\/img-cycling-vue-jpg\/12\/7098\/0:0,1500:994-960-0-70\/cfcde\" width=\"960\" height=\"636\" \/><\/p>\n<h2><strong>Etapas 17\u00aa. La Covatilla<\/strong><\/h2>\n<p>La \u00faltima etapa de monta\u00f1a de esta <a href=\"https:\/\/www.lavuelta.es\/es\/etapa-17\" target=\"_blank\" rel=\"noopener noreferrer\">Vuelta 2020 tiene 4.000 metros de desnivel y 178 kil\u00f3metros de terreno<\/a> quebrado antes del final en La Covatilla. De salida se asciende el Portillo de Las Batuecas para hacer la fuga y despu\u00e9s tres terceras San Miguel de Valero, Alto de Crist\u00f3bal y Alto de Pe\u00f1acaballera y un segunda, el in\u00e9dito Alto de la Garganta (10 kil\u00f3metros al 6%) antes de afrontar La Covatilla con 11 kil\u00f3metros a una media del 7%, pero con una pared central de tres kil\u00f3metros al 11,5%.<\/p>\n<p><img loading=\"lazy\" decoding=\"async\" class=\"alignnone size-extra-large\" src=\"https:\/\/img.aso.fr\/core_app\/img-cycling-vue-jpg\/17\/7103\/0:0,1500:871-960-0-70\/21d66\" width=\"960\" height=\"557\" \/><\/p>\n","protected":false},"excerpt":{"rendered":"<p>Las etapas de monta\u00f1a volver\u00e1n a ser la clave para conocer el nombre del ganador de La Vuelta 2020. Ser\u00e1 [&hellip;]<\/p>\n","protected":false},"author":29,"featured_media":6739,"comment_status":"open","ping_status":"open","sticky":false,"template":"","format":"standard","meta":{"footnotes":""},"categories":[7],"tags":[1835,1832,1833,1363,1831,44,1834,1836],"global-categories":[1164],"class_list":["post-6737","post","type-post","status-publish","format-standard","has-post-thumbnail","hentry","category-carretera","tag-angliru-la-vuelta","tag-etapas-clave-la-vuelta-2020","tag-etapas-interesantes-la-vuelta-2020","tag-etapas-la-vuelta-2020","tag-etapas-montana-la-vuelta","tag-la-vuelta","tag-recorrido-vuelta-2020","tag-tourmalet-la-vuelta","global-categories-cycling"],"yoast_head":"<!-- This site is optimized with the Yoast SEO Premium plugin v25.3 (Yoast SEO v25.9) - https:\/\/yoast.com\/wordpress\/plugins\/seo\/ -->\n<title>Las etapas de monta\u00f1a de La Vuelta 2020 - \u0160koda We Love Cycling - Spain<\/title>\n<meta name=\"description\" content=\"Las etapas de monta\u00f1a de La Vuelta 2020. Las etapas clave que van a decidir La Vuelta 2020. Angliru, Tourmalet, La Farrapona y La Covatilla.\" \/>\n<meta name=\"robots\" content=\"index, follow, max-snippet:-1, max-image-preview:large, max-video-preview:-1\" \/>\n<link rel=\"canonical\" href=\"https:\/\/www.welovecycling.com\/es\/2020\/10\/12\/las-etapas-de-montana-de-la-vuelta-2020\/\" \/>\n<meta property=\"og:locale\" content=\"es_ES\" \/>\n<meta property=\"og:type\" content=\"article\" \/>\n<meta property=\"og:title\" content=\"Las etapas de monta\u00f1a de La Vuelta 2020\" \/>\n<meta property=\"og:description\" content=\"Las etapas de monta\u00f1a de La Vuelta 2020. Las etapas clave que van a decidir La Vuelta 2020. Angliru, Tourmalet, La Farrapona y La Covatilla.\" \/>\n<meta property=\"og:url\" content=\"https:\/\/www.welovecycling.com\/es\/2020\/10\/12\/las-etapas-de-montana-de-la-vuelta-2020\/\" \/>\n<meta property=\"og:site_name\" content=\"\u0160koda We Love Cycling - Spain\" \/>\n<meta property=\"article:published_time\" content=\"2020-10-12T16:35:36+00:00\" \/>\n<meta property=\"article:modified_time\" content=\"2020-10-13T16:00:29+00:00\" \/>\n<meta property=\"og:image\" content=\"https:\/\/d2p6e6u75xmxt8.cloudfront.net\/6\/2020\/10\/VUELTA-360.JPG.jpg\" \/>\n\t<meta property=\"og:image:width\" content=\"1200\" \/>\n\t<meta property=\"og:image:height\" content=\"674\" \/>\n\t<meta property=\"og:image:type\" content=\"image\/jpeg\" \/>\n<meta name=\"author\" content=\"We Love Cycling Spain\" \/>\n<meta name=\"twitter:card\" content=\"summary_large_image\" \/>\n<meta name=\"twitter:title\" content=\"Las etapas de monta\u00f1a de La Vuelta 2020\" \/>\n<meta name=\"twitter:description\" content=\"Las etapas de monta\u00f1a de La Vuelta 2020. Las etapas clave que van a decidir La Vuelta 2020. Angliru, Tourmalet, La Farrapona y La Covatilla.\" \/>\n<meta name=\"twitter:label1\" content=\"Written by\" \/>\n\t<meta name=\"twitter:data1\" content=\"Luis Ortega @ciclored\" \/>\n\t<meta name=\"twitter:label2\" content=\"Est. reading time\" \/>\n\t<meta name=\"twitter:data2\" content=\"8 minutes\" \/>\n<script type=\"application\/ld+json\" class=\"yoast-schema-graph\">{\"@context\":\"https:\/\/schema.org\",\"@graph\":[{\"@type\":\"WebPage\",\"@id\":\"https:\/\/www.welovecycling.com\/es\/2020\/10\/12\/las-etapas-de-montana-de-la-vuelta-2020\/\",\"url\":\"https:\/\/www.welovecycling.com\/es\/2020\/10\/12\/las-etapas-de-montana-de-la-vuelta-2020\/\",\"name\":\"Las etapas de monta\u00f1a de La Vuelta 2020 - \u0160koda We Love Cycling - Spain\",\"isPartOf\":{\"@id\":\"https:\/\/www.welovecycling.com\/es\/#website\"},\"primaryImageOfPage\":{\"@id\":\"https:\/\/www.welovecycling.com\/es\/2020\/10\/12\/las-etapas-de-montana-de-la-vuelta-2020\/#primaryimage\"},\"image\":{\"@id\":\"https:\/\/www.welovecycling.com\/es\/2020\/10\/12\/las-etapas-de-montana-de-la-vuelta-2020\/#primaryimage\"},\"thumbnailUrl\":\"https:\/\/d2p6e6u75xmxt8.cloudfront.net\/6\/2020\/10\/VUELTA-360.JPG.jpg\",\"datePublished\":\"2020-10-12T16:35:36+00:00\",\"dateModified\":\"2020-10-13T16:00:29+00:00\",\"author\":{\"@id\":\"https:\/\/www.welovecycling.com\/es\/#\/schema\/person\/deb61715b5812698ee79fb96f343ccd4\"},\"description\":\"Las etapas de monta\u00f1a de La Vuelta 2020. Las etapas clave que van a decidir La Vuelta 2020. Angliru, Tourmalet, La Farrapona y La Covatilla.\",\"breadcrumb\":{\"@id\":\"https:\/\/www.welovecycling.com\/es\/2020\/10\/12\/las-etapas-de-montana-de-la-vuelta-2020\/#breadcrumb\"},\"inLanguage\":\"es-ES\",\"potentialAction\":[{\"@type\":\"ReadAction\",\"target\":[\"https:\/\/www.welovecycling.com\/es\/2020\/10\/12\/las-etapas-de-montana-de-la-vuelta-2020\/\"]}]},{\"@type\":\"ImageObject\",\"inLanguage\":\"es-ES\",\"@id\":\"https:\/\/www.welovecycling.com\/es\/2020\/10\/12\/las-etapas-de-montana-de-la-vuelta-2020\/#primaryimage\",\"url\":\"https:\/\/d2p6e6u75xmxt8.cloudfront.net\/6\/2020\/10\/VUELTA-360.JPG.jpg\",\"contentUrl\":\"https:\/\/d2p6e6u75xmxt8.cloudfront.net\/6\/2020\/10\/VUELTA-360.JPG.jpg\",\"width\":1200,\"height\":674},{\"@type\":\"BreadcrumbList\",\"@id\":\"https:\/\/www.welovecycling.com\/es\/2020\/10\/12\/las-etapas-de-montana-de-la-vuelta-2020\/#breadcrumb\",\"itemListElement\":[{\"@type\":\"ListItem\",\"position\":1,\"name\":\"Home\",\"item\":\"https:\/\/www.welovecycling.com\/es\/\"},{\"@type\":\"ListItem\",\"position\":2,\"name\":\"Las etapas de monta\u00f1a de La Vuelta 2020\"}]},{\"@type\":\"WebSite\",\"@id\":\"https:\/\/www.welovecycling.com\/es\/#website\",\"url\":\"https:\/\/www.welovecycling.com\/es\/\",\"name\":\"\u0160koda We Love Cycling - Spain\",\"description\":\"\u0160koda WeLoveCycling Spain\",\"potentialAction\":[{\"@type\":\"SearchAction\",\"target\":{\"@type\":\"EntryPoint\",\"urlTemplate\":\"https:\/\/www.welovecycling.com\/es\/?s={search_term_string}\"},\"query-input\":{\"@type\":\"PropertyValueSpecification\",\"valueRequired\":true,\"valueName\":\"search_term_string\"}}],\"inLanguage\":\"es-ES\"},{\"@type\":\"Person\",\"@id\":\"https:\/\/www.welovecycling.com\/es\/#\/schema\/person\/deb61715b5812698ee79fb96f343ccd4\",\"name\":\"We Love Cycling Spain\",\"image\":{\"@type\":\"ImageObject\",\"inLanguage\":\"es-ES\",\"@id\":\"https:\/\/www.welovecycling.com\/es\/#\/schema\/person\/image\/\",\"url\":\"https:\/\/secure.gravatar.com\/avatar\/c824b04e6df0e37a03219d0b6481672889df542894588964102459e46513159c?s=96&d=mm&r=g\",\"contentUrl\":\"https:\/\/secure.gravatar.com\/avatar\/c824b04e6df0e37a03219d0b6481672889df542894588964102459e46513159c?s=96&d=mm&r=g\",\"caption\":\"We Love Cycling Spain\"},\"url\":\"https:\/\/www.welovecycling.com\/es\/author\/amunoz\/\"}]}<\/script>\n<!-- \/ Yoast SEO Premium plugin. -->","yoast_head_json":{"title":"Las etapas de monta\u00f1a de La Vuelta 2020 - \u0160koda We Love Cycling - Spain","description":"Las etapas de monta\u00f1a de La Vuelta 2020. Las etapas clave que van a decidir La Vuelta 2020. Angliru, Tourmalet, La Farrapona y La Covatilla.","robots":{"index":"index","follow":"follow","max-snippet":"max-snippet:-1","max-image-preview":"max-image-preview:large","max-video-preview":"max-video-preview:-1"},"canonical":"https:\/\/www.welovecycling.com\/es\/2020\/10\/12\/las-etapas-de-montana-de-la-vuelta-2020\/","og_locale":"es_ES","og_type":"article","og_title":"Las etapas de monta\u00f1a de La Vuelta 2020","og_description":"Las etapas de monta\u00f1a de La Vuelta 2020. Las etapas clave que van a decidir La Vuelta 2020. Angliru, Tourmalet, La Farrapona y La Covatilla.","og_url":"https:\/\/www.welovecycling.com\/es\/2020\/10\/12\/las-etapas-de-montana-de-la-vuelta-2020\/","og_site_name":"\u0160koda We Love Cycling - Spain","article_published_time":"2020-10-12T16:35:36+00:00","article_modified_time":"2020-10-13T16:00:29+00:00","og_image":[{"width":1200,"height":674,"url":"https:\/\/d2p6e6u75xmxt8.cloudfront.net\/6\/2020\/10\/VUELTA-360.JPG.jpg","type":"image\/jpeg"}],"author":"We Love Cycling Spain","twitter_card":"summary_large_image","twitter_title":"Las etapas de monta\u00f1a de La Vuelta 2020","twitter_description":"Las etapas de monta\u00f1a de La Vuelta 2020. Las etapas clave que van a decidir La Vuelta 2020. Angliru, Tourmalet, La Farrapona y La Covatilla.","twitter_misc":{"Written by":"Luis Ortega @ciclored","Est. reading time":"8 minutes"},"schema":{"@context":"https:\/\/schema.org","@graph":[{"@type":"WebPage","@id":"https:\/\/www.welovecycling.com\/es\/2020\/10\/12\/las-etapas-de-montana-de-la-vuelta-2020\/","url":"https:\/\/www.welovecycling.com\/es\/2020\/10\/12\/las-etapas-de-montana-de-la-vuelta-2020\/","name":"Las etapas de monta\u00f1a de La Vuelta 2020 - \u0160koda We Love Cycling - Spain","isPartOf":{"@id":"https:\/\/www.welovecycling.com\/es\/#website"},"primaryImageOfPage":{"@id":"https:\/\/www.welovecycling.com\/es\/2020\/10\/12\/las-etapas-de-montana-de-la-vuelta-2020\/#primaryimage"},"image":{"@id":"https:\/\/www.welovecycling.com\/es\/2020\/10\/12\/las-etapas-de-montana-de-la-vuelta-2020\/#primaryimage"},"thumbnailUrl":"https:\/\/d2p6e6u75xmxt8.cloudfront.net\/6\/2020\/10\/VUELTA-360.JPG.jpg","datePublished":"2020-10-12T16:35:36+00:00","dateModified":"2020-10-13T16:00:29+00:00","author":{"@id":"https:\/\/www.welovecycling.com\/es\/#\/schema\/person\/deb61715b5812698ee79fb96f343ccd4"},"description":"Las etapas de monta\u00f1a de La Vuelta 2020. Las etapas clave que van a decidir La Vuelta 2020. Angliru, Tourmalet, La Farrapona y La Covatilla.","breadcrumb":{"@id":"https:\/\/www.welovecycling.com\/es\/2020\/10\/12\/las-etapas-de-montana-de-la-vuelta-2020\/#breadcrumb"},"inLanguage":"es-ES","potentialAction":[{"@type":"ReadAction","target":["https:\/\/www.welovecycling.com\/es\/2020\/10\/12\/las-etapas-de-montana-de-la-vuelta-2020\/"]}]},{"@type":"ImageObject","inLanguage":"es-ES","@id":"https:\/\/www.welovecycling.com\/es\/2020\/10\/12\/las-etapas-de-montana-de-la-vuelta-2020\/#primaryimage","url":"https:\/\/d2p6e6u75xmxt8.cloudfront.net\/6\/2020\/10\/VUELTA-360.JPG.jpg","contentUrl":"https:\/\/d2p6e6u75xmxt8.cloudfront.net\/6\/2020\/10\/VUELTA-360.JPG.jpg","width":1200,"height":674},{"@type":"BreadcrumbList","@id":"https:\/\/www.welovecycling.com\/es\/2020\/10\/12\/las-etapas-de-montana-de-la-vuelta-2020\/#breadcrumb","itemListElement":[{"@type":"ListItem","position":1,"name":"Home","item":"https:\/\/www.welovecycling.com\/es\/"},{"@type":"ListItem","position":2,"name":"Las etapas de monta\u00f1a de La Vuelta 2020"}]},{"@type":"WebSite","@id":"https:\/\/www.welovecycling.com\/es\/#website","url":"https:\/\/www.welovecycling.com\/es\/","name":"\u0160koda We Love Cycling - Spain","description":"\u0160koda WeLoveCycling Spain","potentialAction":[{"@type":"SearchAction","target":{"@type":"EntryPoint","urlTemplate":"https:\/\/www.welovecycling.com\/es\/?s={search_term_string}"},"query-input":{"@type":"PropertyValueSpecification","valueRequired":true,"valueName":"search_term_string"}}],"inLanguage":"es-ES"},{"@type":"Person","@id":"https:\/\/www.welovecycling.com\/es\/#\/schema\/person\/deb61715b5812698ee79fb96f343ccd4","name":"We Love Cycling Spain","image":{"@type":"ImageObject","inLanguage":"es-ES","@id":"https:\/\/www.welovecycling.com\/es\/#\/schema\/person\/image\/","url":"https:\/\/secure.gravatar.com\/avatar\/c824b04e6df0e37a03219d0b6481672889df542894588964102459e46513159c?s=96&d=mm&r=g","contentUrl":"https:\/\/secure.gravatar.com\/avatar\/c824b04e6df0e37a03219d0b6481672889df542894588964102459e46513159c?s=96&d=mm&r=g","caption":"We Love Cycling Spain"},"url":"https:\/\/www.welovecycling.com\/es\/author\/amunoz\/"}]}},"_links":{"self":[{"href":"https:\/\/www.welovecycling.com\/es\/wp-json\/wp\/v2\/posts\/6737","targetHints":{"allow":["GET"]}}],"collection":[{"href":"https:\/\/www.welovecycling.com\/es\/wp-json\/wp\/v2\/posts"}],"about":[{"href":"https:\/\/www.welovecycling.com\/es\/wp-json\/wp\/v2\/types\/post"}],"author":[{"embeddable":true,"href":"https:\/\/www.welovecycling.com\/es\/wp-json\/wp\/v2\/users\/29"}],"replies":[{"embeddable":true,"href":"https:\/\/www.welovecycling.com\/es\/wp-json\/wp\/v2\/comments?post=6737"}],"version-history":[{"count":2,"href":"https:\/\/www.welovecycling.com\/es\/wp-json\/wp\/v2\/posts\/6737\/revisions"}],"predecessor-version":[{"id":6757,"href":"https:\/\/www.welovecycling.com\/es\/wp-json\/wp\/v2\/posts\/6737\/revisions\/6757"}],"wp:featuredmedia":[{"embeddable":true,"href":"https:\/\/www.welovecycling.com\/es\/wp-json\/wp\/v2\/media\/6739"}],"wp:attachment":[{"href":"https:\/\/www.welovecycling.com\/es\/wp-json\/wp\/v2\/media?parent=6737"}],"wp:term":[{"taxonomy":"category","embeddable":true,"href":"https:\/\/www.welovecycling.com\/es\/wp-json\/wp\/v2\/categories?post=6737"},{"taxonomy":"post_tag","embeddable":true,"href":"https:\/\/www.welovecycling.com\/es\/wp-json\/wp\/v2\/tags?post=6737"},{"taxonomy":"global-categories","embeddable":true,"href":"https:\/\/www.welovecycling.com\/es\/wp-json\/wp\/v2\/global-categories?post=6737"}],"curies":[{"name":"wp","href":"https:\/\/api.w.org\/{rel}","templated":true}]}}