{"id":6732,"date":"2020-10-07T11:57:55","date_gmt":"2020-10-07T09:57:55","guid":{"rendered":"https:\/\/www.welovecycling.com\/es\/?p=6732"},"modified":"2020-10-14T10:20:51","modified_gmt":"2020-10-14T08:20:51","slug":"mantener-peso-ciclista-temporada-baja","status":"publish","type":"post","link":"https:\/\/www.welovecycling.com\/es\/2020\/10\/07\/mantener-peso-ciclista-temporada-baja\/","title":{"rendered":"C\u00f3mo mantener tu peso ciclista en temporada baja"},"content":{"rendered":"<p><strong>Llegar a tu peso \u00f3ptimo en la bicicleta puede ser muy dif\u00edcil. Puedes necesitar unos meses o incluso toda la temporada para perder el peso suficiente. Pero entonces llegan octubre y la temporada baja y tu peso se dispara de nuevo. Sucede muy a menudo. Esta serie tratar\u00e1 sobre consejos y h\u00e1bitos que te ayudar\u00e1n a mantener ese peso \u00f3ptimo durante todo el a\u00f1o.<\/strong><\/p>\n<p><!--more--><\/p>\n<p>Mantener el mismo peso suena muy f\u00e1cil comparado con tratar de perder peso. S\u00f3lo tienes que hacer lo que has hecho hasta ahora y no deber\u00eda ser un problema, \u00bfverdad? Desafortunadamente, no es tan simple. Las investigaciones demuestran que mantener el peso en el ciclismo puede ser incluso m\u00e1s dif\u00edcil que bajarlo. Eso puede deberse a que lo bueno para perder peso no siempre es bueno para mantenerlo.<\/p>\n<figure id=\"attachment_6733\" aria-describedby=\"caption-attachment-6733\" style=\"width: 1024px\" class=\"wp-caption alignnone\"><a href=\"https:\/\/d2p6e6u75xmxt8.cloudfront.net\/2\/2020\/10\/profimedia-0561521733.jpg\"><img loading=\"lazy\" decoding=\"async\" class=\"wp-image-6733 size-large\" src=\"https:\/\/d2p6e6u75xmxt8.cloudfront.net\/6\/2020\/10\/profimedia-0561521733-1024x683.jpg\" alt=\"Bicycle Handlebars\" width=\"1024\" height=\"683\" srcset=\"https:\/\/d2p6e6u75xmxt8.cloudfront.net\/6\/2020\/10\/profimedia-0561521733-1024x683.jpg 1024w, https:\/\/d2p6e6u75xmxt8.cloudfront.net\/6\/2020\/10\/profimedia-0561521733-300x200.jpg 300w, https:\/\/d2p6e6u75xmxt8.cloudfront.net\/6\/2020\/10\/profimedia-0561521733-768x512.jpg 768w, https:\/\/d2p6e6u75xmxt8.cloudfront.net\/6\/2020\/10\/profimedia-0561521733-1536x1024.jpg 1536w, https:\/\/d2p6e6u75xmxt8.cloudfront.net\/6\/2020\/10\/profimedia-0561521733-272x182.jpg 272w, https:\/\/d2p6e6u75xmxt8.cloudfront.net\/6\/2020\/10\/profimedia-0561521733.jpg 1800w\" sizes=\"auto, (max-width: 1024px) 100vw, 1024px\" \/><\/a><figcaption id=\"caption-attachment-6733\" class=\"wp-caption-text\">\u00bfPuedes mantener tu peso? \u00a9 Profimedia<\/figcaption><\/figure>\n<h2><strong><br \/>\nLas reglas para mantener el peso son diferentes<\/strong><\/h2>\n<p>Digamos que seguiste un estricto plan de dieta, seguiste la ingesta adecuada de alimentos, evitaste los donuts y te pesaste regularmente. Todo con un objetivo en mente &#8211; alcanzar ese peso \u00f3ptimo. Estas son t\u00e9cnicas muy efectivas que ayudan a la p\u00e9rdida de peso. Pero ahora que has alcanzado tu peso ideal, ya no tienes un objetivo claro y probablemente no quieras vivir con estas restricciones por el resto de su vida. Las reglas de control de peso cambian de nuevo.<\/p>\n<h2><strong>Ajusta tus nuevos h\u00e1bitos<\/strong><\/h2>\n<p>Para tener \u00e9xito en la p\u00e9rdida de peso, ten\u00edas que aplicar muchos conceptos nuevos. Sabes c\u00f3mo crear nuevos h\u00e1bitos de nutrici\u00f3n, ejercicio y estilo de vida. Sabes c\u00f3mo prevenir los atracones. Sabes c\u00f3mo cumplir con un plan. Hiciste todo esto mientras viv\u00edas en el mundo real lleno de estr\u00e9s, distracciones y alimentos s\u00faper atractivos. Esto deber\u00eda darte la confianza de que puedes hacerlo. Te llevar\u00e1 un tiempo aprender un nuevo conjunto de h\u00e1bitos, pero estos le servir\u00e1n por mucho tiempo.<\/p>\n<figure id=\"attachment_6734\" aria-describedby=\"caption-attachment-6734\" style=\"width: 1024px\" class=\"wp-caption alignnone\"><a href=\"https:\/\/d2p6e6u75xmxt8.cloudfront.net\/2\/2019\/01\/piles-of-junk-food-profimedia-0404933048.jpg\"><img loading=\"lazy\" decoding=\"async\" class=\"wp-image-6734 size-large\" src=\"https:\/\/d2p6e6u75xmxt8.cloudfront.net\/6\/2020\/10\/piles-of-junk-food-profimedia-0404933048-1024x683.jpg\" alt=\"\" width=\"1024\" height=\"683\" srcset=\"https:\/\/d2p6e6u75xmxt8.cloudfront.net\/6\/2020\/10\/piles-of-junk-food-profimedia-0404933048-1024x683.jpg 1024w, https:\/\/d2p6e6u75xmxt8.cloudfront.net\/6\/2020\/10\/piles-of-junk-food-profimedia-0404933048-300x200.jpg 300w, https:\/\/d2p6e6u75xmxt8.cloudfront.net\/6\/2020\/10\/piles-of-junk-food-profimedia-0404933048-768x512.jpg 768w, https:\/\/d2p6e6u75xmxt8.cloudfront.net\/6\/2020\/10\/piles-of-junk-food-profimedia-0404933048-272x182.jpg 272w, https:\/\/d2p6e6u75xmxt8.cloudfront.net\/6\/2020\/10\/piles-of-junk-food-profimedia-0404933048.jpg 1250w\" sizes=\"auto, (max-width: 1024px) 100vw, 1024px\" \/><\/a><figcaption id=\"caption-attachment-6734\" class=\"wp-caption-text\">Est\u00e1s acostumbrado a evitar todos estos alimentos. \u00a9 Profimedia<\/figcaption><\/figure>\n<h2><strong><br \/>\nTres cambios clave<\/strong><\/h2>\n<p>En el resto de esta serie, repasaremos tres conceptos principales que desarrollastes a trav\u00e9s de la p\u00e9rdida de peso. Te mostraremos c\u00f3mo ajustarlas para que tambi\u00e9n te sirvan para la fase de mantenimiento de peso.<\/p>\n<p>La primera es la<strong> flexibilidad de la dieta<\/strong>. Trabajaste muy duro para decir no a la comida basura para evitar comer en exceso y permanecer en d\u00e9ficit. Ahora que est\u00e1s en tu peso \u00f3ptimo, debes aprender a encontrar un equilibrio entre estar demasiado restringido y fuera de control.<\/p>\n<figure id=\"attachment_6038\" aria-describedby=\"caption-attachment-6038\" style=\"width: 1024px\" class=\"wp-caption alignnone\"><a href=\"https:\/\/d2p6e6u75xmxt8.cloudfront.net\/2\/2020\/03\/Friends-Cycling-Training-profimedia-0281706709.jpg\"><img loading=\"lazy\" decoding=\"async\" class=\"size-large wp-image-6038\" src=\"https:\/\/d2p6e6u75xmxt8.cloudfront.net\/6\/2020\/03\/Friends-Cycling-Training-profimedia-0281706709-1024x681.jpg\" alt=\"\" width=\"1024\" height=\"681\" srcset=\"https:\/\/d2p6e6u75xmxt8.cloudfront.net\/6\/2020\/03\/Friends-Cycling-Training-profimedia-0281706709-1024x681.jpg 1024w, https:\/\/d2p6e6u75xmxt8.cloudfront.net\/6\/2020\/03\/Friends-Cycling-Training-profimedia-0281706709-300x199.jpg 300w, https:\/\/d2p6e6u75xmxt8.cloudfront.net\/6\/2020\/03\/Friends-Cycling-Training-profimedia-0281706709-768x511.jpg 768w, https:\/\/d2p6e6u75xmxt8.cloudfront.net\/6\/2020\/03\/Friends-Cycling-Training-profimedia-0281706709-272x182.jpg 272w, https:\/\/d2p6e6u75xmxt8.cloudfront.net\/6\/2020\/03\/Friends-Cycling-Training-profimedia-0281706709.jpg 1250w\" sizes=\"auto, (max-width: 1024px) 100vw, 1024px\" \/><\/a><figcaption id=\"caption-attachment-6038\" class=\"wp-caption-text\">Encontrar un t\u00e9rmino medio es crucial. \u00a9 Profimedia<\/figcaption><\/figure>\n<p>&nbsp;<\/p>\n<p>La segunda es la <strong>sostenibilidad del estilo de vida<\/strong>. Creaste un mont\u00f3n de nuevos h\u00e1bitos, tal vez empezaste a trabajar en un gimnasio para quemar m\u00e1s calor\u00edas. Ahora es el momento de dar una nueva mirada a tu estilo de vida y ver c\u00f3mo hacerlo agradable a largo plazo.<\/p>\n<p>El tercero es la <strong>motivaci\u00f3n<\/strong>. Tener un n\u00famero claro que quieres ver en una escala es un poderoso motivador. Ahora que ya no tienes eso, tienes que mirar de cerca tu profunda motivaci\u00f3n. Saber por qu\u00e9 est\u00e1s haciendo todo esto es esencial.<\/p>\n","protected":false},"excerpt":{"rendered":"<p>Llegar a tu peso \u00f3ptimo en la bicicleta puede ser muy dif\u00edcil. Puedes necesitar unos meses o incluso toda la [&hellip;]<\/p>\n","protected":false},"author":29,"featured_media":5574,"comment_status":"open","ping_status":"open","sticky":false,"template":"","format":"standard","meta":{"footnotes":""},"categories":[7,8,9],"tags":[1823,1825,1824,1826,297],"global-categories":[],"class_list":["post-6732","post","type-post","status-publish","format-standard","has-post-thumbnail","hentry","category-carretera","category-life-style","category-mtb-aventura","tag-mantener-peso-ciclista","tag-no-engordar-descanso-ciclista","tag-no-engordar-en-temporada-baja","tag-peso-ciclismo","tag-peso-ciclista"],"yoast_head":"<!-- This site is optimized with the Yoast SEO Premium plugin v25.3 (Yoast SEO v25.9) - https:\/\/yoast.com\/wordpress\/plugins\/seo\/ -->\n<title>C\u00f3mo mantener tu peso ciclista en temporada baja<\/title>\n<meta name=\"description\" content=\"C\u00f3mo mantener tu peso ciclista en temporada baja. Consejos y motivaciones para no engordar durante oto\u00f1o, la temporada baja de ciclismo.\" \/>\n<meta name=\"robots\" content=\"index, follow, max-snippet:-1, max-image-preview:large, max-video-preview:-1\" \/>\n<link rel=\"canonical\" href=\"https:\/\/www.welovecycling.com\/es\/2020\/10\/07\/mantener-peso-ciclista-temporada-baja\/\" \/>\n<meta property=\"og:locale\" content=\"es_ES\" \/>\n<meta property=\"og:type\" content=\"article\" \/>\n<meta property=\"og:title\" content=\"C\u00f3mo mantener tu peso ciclista en temporada baja\" \/>\n<meta property=\"og:description\" content=\"C\u00f3mo mantener tu peso ciclista en temporada baja. Consejos y motivaciones para no engordar durante oto\u00f1o, la temporada baja de ciclismo.\" \/>\n<meta property=\"og:url\" content=\"https:\/\/www.welovecycling.com\/es\/2020\/10\/07\/mantener-peso-ciclista-temporada-baja\/\" \/>\n<meta property=\"og:site_name\" content=\"\u0160koda We Love Cycling - Spain\" \/>\n<meta property=\"article:published_time\" content=\"2020-10-07T09:57:55+00:00\" \/>\n<meta property=\"article:modified_time\" content=\"2020-10-14T08:20:51+00:00\" \/>\n<meta property=\"og:image\" content=\"https:\/\/d2p6e6u75xmxt8.cloudfront.net\/6\/2019\/10\/Cycling-Training-CVR-profimedia-0374728878.jpg\" \/>\n\t<meta property=\"og:image:width\" content=\"1366\" \/>\n\t<meta property=\"og:image:height\" content=\"600\" \/>\n\t<meta property=\"og:image:type\" content=\"image\/jpeg\" \/>\n<meta name=\"author\" content=\"We Love Cycling Spain\" \/>\n<meta name=\"twitter:card\" content=\"summary_large_image\" \/>\n<meta name=\"twitter:title\" content=\"C\u00f3mo mantener tu peso ciclista en temporada baja\" \/>\n<meta name=\"twitter:description\" content=\"C\u00f3mo mantener tu peso ciclista en temporada baja. Consejos y motivaciones para no engordar durante oto\u00f1o, la temporada baja de ciclismo.\" \/>\n<meta name=\"twitter:label1\" content=\"Written by\" \/>\n\t<meta name=\"twitter:data1\" content=\"Jiri Kaloc\" \/>\n\t<meta name=\"twitter:label2\" content=\"Est. reading time\" \/>\n\t<meta name=\"twitter:data2\" content=\"5\" \/>\n<script type=\"application\/ld+json\" class=\"yoast-schema-graph\">{\"@context\":\"https:\/\/schema.org\",\"@graph\":[{\"@type\":\"WebPage\",\"@id\":\"https:\/\/www.welovecycling.com\/es\/2020\/10\/07\/mantener-peso-ciclista-temporada-baja\/\",\"url\":\"https:\/\/www.welovecycling.com\/es\/2020\/10\/07\/mantener-peso-ciclista-temporada-baja\/\",\"name\":\"C\u00f3mo mantener tu peso ciclista en temporada baja\",\"isPartOf\":{\"@id\":\"https:\/\/www.welovecycling.com\/es\/#website\"},\"primaryImageOfPage\":{\"@id\":\"https:\/\/www.welovecycling.com\/es\/2020\/10\/07\/mantener-peso-ciclista-temporada-baja\/#primaryimage\"},\"image\":{\"@id\":\"https:\/\/www.welovecycling.com\/es\/2020\/10\/07\/mantener-peso-ciclista-temporada-baja\/#primaryimage\"},\"thumbnailUrl\":\"https:\/\/d2p6e6u75xmxt8.cloudfront.net\/6\/2019\/10\/Cycling-Training-CVR-profimedia-0374728878.jpg\",\"datePublished\":\"2020-10-07T09:57:55+00:00\",\"dateModified\":\"2020-10-14T08:20:51+00:00\",\"author\":{\"@id\":\"https:\/\/www.welovecycling.com\/es\/#\/schema\/person\/deb61715b5812698ee79fb96f343ccd4\"},\"description\":\"C\u00f3mo mantener tu peso ciclista en temporada baja. Consejos y motivaciones para no engordar durante oto\u00f1o, la temporada baja de ciclismo.\",\"breadcrumb\":{\"@id\":\"https:\/\/www.welovecycling.com\/es\/2020\/10\/07\/mantener-peso-ciclista-temporada-baja\/#breadcrumb\"},\"inLanguage\":\"es-ES\",\"potentialAction\":[{\"@type\":\"ReadAction\",\"target\":[\"https:\/\/www.welovecycling.com\/es\/2020\/10\/07\/mantener-peso-ciclista-temporada-baja\/\"]}]},{\"@type\":\"ImageObject\",\"inLanguage\":\"es-ES\",\"@id\":\"https:\/\/www.welovecycling.com\/es\/2020\/10\/07\/mantener-peso-ciclista-temporada-baja\/#primaryimage\",\"url\":\"https:\/\/d2p6e6u75xmxt8.cloudfront.net\/6\/2019\/10\/Cycling-Training-CVR-profimedia-0374728878.jpg\",\"contentUrl\":\"https:\/\/d2p6e6u75xmxt8.cloudfront.net\/6\/2019\/10\/Cycling-Training-CVR-profimedia-0374728878.jpg\",\"width\":1366,\"height\":600},{\"@type\":\"BreadcrumbList\",\"@id\":\"https:\/\/www.welovecycling.com\/es\/2020\/10\/07\/mantener-peso-ciclista-temporada-baja\/#breadcrumb\",\"itemListElement\":[{\"@type\":\"ListItem\",\"position\":1,\"name\":\"Home\",\"item\":\"https:\/\/www.welovecycling.com\/es\/\"},{\"@type\":\"ListItem\",\"position\":2,\"name\":\"C\u00f3mo mantener tu peso ciclista en temporada baja\"}]},{\"@type\":\"WebSite\",\"@id\":\"https:\/\/www.welovecycling.com\/es\/#website\",\"url\":\"https:\/\/www.welovecycling.com\/es\/\",\"name\":\"\u0160koda We Love Cycling - Spain\",\"description\":\"\u0160koda WeLoveCycling Spain\",\"potentialAction\":[{\"@type\":\"SearchAction\",\"target\":{\"@type\":\"EntryPoint\",\"urlTemplate\":\"https:\/\/www.welovecycling.com\/es\/?s={search_term_string}\"},\"query-input\":{\"@type\":\"PropertyValueSpecification\",\"valueRequired\":true,\"valueName\":\"search_term_string\"}}],\"inLanguage\":\"es-ES\"},{\"@type\":\"Person\",\"@id\":\"https:\/\/www.welovecycling.com\/es\/#\/schema\/person\/deb61715b5812698ee79fb96f343ccd4\",\"name\":\"We Love Cycling Spain\",\"image\":{\"@type\":\"ImageObject\",\"inLanguage\":\"es-ES\",\"@id\":\"https:\/\/www.welovecycling.com\/es\/#\/schema\/person\/image\/\",\"url\":\"https:\/\/secure.gravatar.com\/avatar\/c824b04e6df0e37a03219d0b6481672889df542894588964102459e46513159c?s=96&d=mm&r=g\",\"contentUrl\":\"https:\/\/secure.gravatar.com\/avatar\/c824b04e6df0e37a03219d0b6481672889df542894588964102459e46513159c?s=96&d=mm&r=g\",\"caption\":\"We Love Cycling Spain\"},\"url\":\"https:\/\/www.welovecycling.com\/es\/author\/amunoz\/\"}]}<\/script>\n<!-- \/ Yoast SEO Premium plugin. -->","yoast_head_json":{"title":"C\u00f3mo mantener tu peso ciclista en temporada baja","description":"C\u00f3mo mantener tu peso ciclista en temporada baja. Consejos y motivaciones para no engordar durante oto\u00f1o, la temporada baja de ciclismo.","robots":{"index":"index","follow":"follow","max-snippet":"max-snippet:-1","max-image-preview":"max-image-preview:large","max-video-preview":"max-video-preview:-1"},"canonical":"https:\/\/www.welovecycling.com\/es\/2020\/10\/07\/mantener-peso-ciclista-temporada-baja\/","og_locale":"es_ES","og_type":"article","og_title":"C\u00f3mo mantener tu peso ciclista en temporada baja","og_description":"C\u00f3mo mantener tu peso ciclista en temporada baja. Consejos y motivaciones para no engordar durante oto\u00f1o, la temporada baja de ciclismo.","og_url":"https:\/\/www.welovecycling.com\/es\/2020\/10\/07\/mantener-peso-ciclista-temporada-baja\/","og_site_name":"\u0160koda We Love Cycling - Spain","article_published_time":"2020-10-07T09:57:55+00:00","article_modified_time":"2020-10-14T08:20:51+00:00","og_image":[{"width":1366,"height":600,"url":"https:\/\/d2p6e6u75xmxt8.cloudfront.net\/6\/2019\/10\/Cycling-Training-CVR-profimedia-0374728878.jpg","type":"image\/jpeg"}],"author":"We Love Cycling Spain","twitter_card":"summary_large_image","twitter_title":"C\u00f3mo mantener tu peso ciclista en temporada baja","twitter_description":"C\u00f3mo mantener tu peso ciclista en temporada baja. Consejos y motivaciones para no engordar durante oto\u00f1o, la temporada baja de ciclismo.","twitter_misc":{"Written by":"Jiri Kaloc","Est. reading time":"5"},"schema":{"@context":"https:\/\/schema.org","@graph":[{"@type":"WebPage","@id":"https:\/\/www.welovecycling.com\/es\/2020\/10\/07\/mantener-peso-ciclista-temporada-baja\/","url":"https:\/\/www.welovecycling.com\/es\/2020\/10\/07\/mantener-peso-ciclista-temporada-baja\/","name":"C\u00f3mo mantener tu peso ciclista en temporada baja","isPartOf":{"@id":"https:\/\/www.welovecycling.com\/es\/#website"},"primaryImageOfPage":{"@id":"https:\/\/www.welovecycling.com\/es\/2020\/10\/07\/mantener-peso-ciclista-temporada-baja\/#primaryimage"},"image":{"@id":"https:\/\/www.welovecycling.com\/es\/2020\/10\/07\/mantener-peso-ciclista-temporada-baja\/#primaryimage"},"thumbnailUrl":"https:\/\/d2p6e6u75xmxt8.cloudfront.net\/6\/2019\/10\/Cycling-Training-CVR-profimedia-0374728878.jpg","datePublished":"2020-10-07T09:57:55+00:00","dateModified":"2020-10-14T08:20:51+00:00","author":{"@id":"https:\/\/www.welovecycling.com\/es\/#\/schema\/person\/deb61715b5812698ee79fb96f343ccd4"},"description":"C\u00f3mo mantener tu peso ciclista en temporada baja. Consejos y motivaciones para no engordar durante oto\u00f1o, la temporada baja de ciclismo.","breadcrumb":{"@id":"https:\/\/www.welovecycling.com\/es\/2020\/10\/07\/mantener-peso-ciclista-temporada-baja\/#breadcrumb"},"inLanguage":"es-ES","potentialAction":[{"@type":"ReadAction","target":["https:\/\/www.welovecycling.com\/es\/2020\/10\/07\/mantener-peso-ciclista-temporada-baja\/"]}]},{"@type":"ImageObject","inLanguage":"es-ES","@id":"https:\/\/www.welovecycling.com\/es\/2020\/10\/07\/mantener-peso-ciclista-temporada-baja\/#primaryimage","url":"https:\/\/d2p6e6u75xmxt8.cloudfront.net\/6\/2019\/10\/Cycling-Training-CVR-profimedia-0374728878.jpg","contentUrl":"https:\/\/d2p6e6u75xmxt8.cloudfront.net\/6\/2019\/10\/Cycling-Training-CVR-profimedia-0374728878.jpg","width":1366,"height":600},{"@type":"BreadcrumbList","@id":"https:\/\/www.welovecycling.com\/es\/2020\/10\/07\/mantener-peso-ciclista-temporada-baja\/#breadcrumb","itemListElement":[{"@type":"ListItem","position":1,"name":"Home","item":"https:\/\/www.welovecycling.com\/es\/"},{"@type":"ListItem","position":2,"name":"C\u00f3mo mantener tu peso ciclista en temporada baja"}]},{"@type":"WebSite","@id":"https:\/\/www.welovecycling.com\/es\/#website","url":"https:\/\/www.welovecycling.com\/es\/","name":"\u0160koda We Love Cycling - Spain","description":"\u0160koda WeLoveCycling Spain","potentialAction":[{"@type":"SearchAction","target":{"@type":"EntryPoint","urlTemplate":"https:\/\/www.welovecycling.com\/es\/?s={search_term_string}"},"query-input":{"@type":"PropertyValueSpecification","valueRequired":true,"valueName":"search_term_string"}}],"inLanguage":"es-ES"},{"@type":"Person","@id":"https:\/\/www.welovecycling.com\/es\/#\/schema\/person\/deb61715b5812698ee79fb96f343ccd4","name":"We Love Cycling Spain","image":{"@type":"ImageObject","inLanguage":"es-ES","@id":"https:\/\/www.welovecycling.com\/es\/#\/schema\/person\/image\/","url":"https:\/\/secure.gravatar.com\/avatar\/c824b04e6df0e37a03219d0b6481672889df542894588964102459e46513159c?s=96&d=mm&r=g","contentUrl":"https:\/\/secure.gravatar.com\/avatar\/c824b04e6df0e37a03219d0b6481672889df542894588964102459e46513159c?s=96&d=mm&r=g","caption":"We Love Cycling Spain"},"url":"https:\/\/www.welovecycling.com\/es\/author\/amunoz\/"}]}},"_links":{"self":[{"href":"https:\/\/www.welovecycling.com\/es\/wp-json\/wp\/v2\/posts\/6732","targetHints":{"allow":["GET"]}}],"collection":[{"href":"https:\/\/www.welovecycling.com\/es\/wp-json\/wp\/v2\/posts"}],"about":[{"href":"https:\/\/www.welovecycling.com\/es\/wp-json\/wp\/v2\/types\/post"}],"author":[{"embeddable":true,"href":"https:\/\/www.welovecycling.com\/es\/wp-json\/wp\/v2\/users\/29"}],"replies":[{"embeddable":true,"href":"https:\/\/www.welovecycling.com\/es\/wp-json\/wp\/v2\/comments?post=6732"}],"version-history":[{"count":2,"href":"https:\/\/www.welovecycling.com\/es\/wp-json\/wp\/v2\/posts\/6732\/revisions"}],"predecessor-version":[{"id":6765,"href":"https:\/\/www.welovecycling.com\/es\/wp-json\/wp\/v2\/posts\/6732\/revisions\/6765"}],"wp:featuredmedia":[{"embeddable":true,"href":"https:\/\/www.welovecycling.com\/es\/wp-json\/wp\/v2\/media\/5574"}],"wp:attachment":[{"href":"https:\/\/www.welovecycling.com\/es\/wp-json\/wp\/v2\/media?parent=6732"}],"wp:term":[{"taxonomy":"category","embeddable":true,"href":"https:\/\/www.welovecycling.com\/es\/wp-json\/wp\/v2\/categories?post=6732"},{"taxonomy":"post_tag","embeddable":true,"href":"https:\/\/www.welovecycling.com\/es\/wp-json\/wp\/v2\/tags?post=6732"},{"taxonomy":"global-categories","embeddable":true,"href":"https:\/\/www.welovecycling.com\/es\/wp-json\/wp\/v2\/global-categories?post=6732"}],"curies":[{"name":"wp","href":"https:\/\/api.w.org\/{rel}","templated":true}]}}