{"id":6720,"date":"2020-10-05T16:00:15","date_gmt":"2020-10-05T14:00:15","guid":{"rendered":"https:\/\/www.welovecycling.com\/es\/?p=6720"},"modified":"2020-10-05T20:27:33","modified_gmt":"2020-10-05T18:27:33","slug":"titan-desert-2020-dunas-colinas-y-epica-en-almeria","status":"publish","type":"post","link":"https:\/\/www.welovecycling.com\/es\/2020\/10\/05\/titan-desert-2020-dunas-colinas-y-epica-en-almeria\/","title":{"rendered":"Titan Desert 2020. Dunas, colinas y \u00e9pica en Almer\u00eda"},"content":{"rendered":"<p><strong>La Titan Desert 2020 cambia de escenario. Del desierto marroqu\u00ed previsto para abril de 2020 al desierto de Almer\u00eda en noviembre, del 2 al 6. Nuevos recorridos m\u00e1s vers\u00e1tiles, con dunas, piedras, monta\u00f1a, descensos y con la misma \u00e9pica y pasi\u00f3n del resto de las ediciones de la Titan. Eso s\u00ed, adaptada a las circunstancias actuales.<\/strong><\/p>\n<p><!--more--><\/p>\n<p><span style=\"color: #000000;\">Que en 2020 se pueda celebrar la <a href=\"https:\/\/www.titandesert.com\/es\" target=\"_blank\" rel=\"noopener noreferrer\">Titan Desert<\/a> es una de las grandes noticias para los bikers. Con Marruecos cerrado por las restricciones Covid 19, la provincia de Almer\u00eda ten\u00eda todos los alicientes para albergar el recorrido de este a\u00f1o. Para el que no lo conozca tiene desde las playas y las dunas de la costa, al desierto de Tabernas, los paisajes k\u00e1rsticos de Sorbas, la sierra de la Alhamilla con picos de 2.000 metros de altitud. En total cinco etapas, del 2 al 6 de noviembre, con m\u00e1s de 400 kil\u00f3metros y 7.000 metros de desnivel positivo.<\/span><\/p>\n<div class=\"embed-controller-wrapper\">\n<div class=\"embed-wrapper\"><iframe title=\"\u0160KODA TITAN DESERT ALMERIA 2020 | TEASER\" width=\"500\" height=\"281\" data-src=\"https:\/\/www.youtube.com\/embed\/Sey6vyJgx7w?feature=oembed\" frameborder=\"0\" allow=\"accelerometer; autoplay; clipboard-write; encrypted-media; gyroscope; picture-in-picture; web-share\" referrerpolicy=\"strict-origin-when-cross-origin\" allowfullscreen><\/iframe><\/div>\n<\/div>\n<p>Y al igual que en las ediciones anteriores<strong> \u0160koda<\/strong> tomar\u00e1 parte como uno de los principales patrocinadores de la prueba y con un equipo formado por los bikers que han superado nuestros Campus de Entrenamiento. El objetivo, contribuir en los posible a que 2020 no se acabe sin disfrutar de una experiencia \u00fanica.<\/p>\n<h4>ETAPAS<\/h4>\n<p>Se podr\u00e1n revisar el d\u00eda anterior, el 1 de noviembre, pero por las zonas por donde transcurren aseguran paisajes diferentes, terrenos variados y sobre todo sorpresas que puede introducir la organizaci\u00f3n.<\/p>\n<p><strong>&#8211; 2 de noviembre Etapa 1.<\/strong> Almer\u00eda (El Toyo) \u2013 Almer\u00eda (El Toyo). 104 kil\u00f3metros<br \/>\nEtapa en bucle alrededor del Parque Natural del Cabo de Gata<\/p>\n<p><strong>&#8211; 3 de noviembre Etapa 2.<\/strong> Almer\u00eda (El Toyo) \u2013 Tabernas. 63 km<br \/>\nEtapa de monta\u00f1a en un recorrido lineal alrededor de la Sierra de la Alhamilla, con un paso intermedio por la localidad de N\u00edjar.<\/p>\n<p><strong>&#8211; 4 de noviembre Etapa 3<\/strong>: Tabernas &#8211; Tabernas. 89 km<br \/>\nEtapa en bucle dentro del Paraje Natural del Desierto de Tabernas<\/p>\n<p><strong>&#8211; 5 de noviembre Etapa 4<\/strong>. Tabernas &#8211; Tabernas. 95 km<br \/>\nEtapa en bucle, por zonas de ramblas hasta el Paraje Natural Karst en Yesos de Sorbas<\/p>\n<p><strong>&#8211; 6 de noviembre Etapa 5<\/strong>: Tabernas \u2013 Almer\u00eda (El Toyo). 56 km<br \/>\nEtapa en l\u00ednea que atraviesa el Campo de Maniobras de la Base de la Legi\u00f3n en Viator, con llegada al Palacio de Deportes de El Toyo \u2013 Retamar.<\/p>\n<div class=\"embed-controller-wrapper\">\n<div class=\"embed-wrapper\"><iframe title=\"TITAN DESERT ALMER\u00cdA 2020 | Presentaci\u00f3n en directo\" width=\"500\" height=\"281\" data-src=\"https:\/\/www.youtube.com\/embed\/DgHfiY-vWzk?feature=oembed\" frameborder=\"0\" allow=\"accelerometer; autoplay; clipboard-write; encrypted-media; gyroscope; picture-in-picture; web-share\" referrerpolicy=\"strict-origin-when-cross-origin\" allowfullscreen><\/iframe><\/div>\n<\/div>\n<h4>NOVEDADES<\/h4>\n<p>Una de los grandes cambios a los que se enfrentar\u00e1n los bikers ser\u00e1 la <strong>temperatura.<\/strong> En noviembre en Almer\u00eda hace un temperatura m\u00e1xima de 20\/25 grados, por lo que no se llegar\u00e1n a los 40 del desierto marroqu\u00ed en abril o mayo. Esto, que en principio es una ventaja porque ayuda a gestionar mejor los recursos h\u00eddricos, tambi\u00e9n incluye un problema nuevo, la amplitud t\u00e9rmica. A primeras horas del d\u00eda, la salida es a las 08.00, la temperatura, sobre todo en las etapas del desierto puede quedarse en 6\/7 grados y luego subir a 20 a mediod\u00eda, o quedarse de nuevo en 7\/8 en las partes m\u00e1s altas de la Sierra de Alhamilla.<\/p>\n<p>Como en todos los eventos de los \u00faltimos meses, la Titan Desert ha implementado un <a href=\"https:\/\/netstorage.lequipe.fr\/ASO\/motorSports_ttd\/protocolo-covid-esp.pdf\" target=\"_blank\" rel=\"noopener noreferrer\">protocolo anti Covid 19<\/a> muy similar al ya utilizado en el Tour de Francia 2020 y que tuvo excelentes resultados para la carrera. Adem\u00e1s de las obligaciones habituales de higiene y limpieza, distancia de seguridad y uso de mascarillas fuera de la competici\u00f3n, para la <strong>Titan 2020 se han establecido diferentes cajones de salida y la utilizaci\u00f3n de mascarillas en los primeros kil\u00f3metros de carrera<\/strong> y hasta que se estire el pelot\u00f3n. El desarrollo de la competici\u00f3n ser\u00e1 el \u00fanico momento en el que no ser\u00e1 obligatorio que los bikers lleven mascarilla.<\/p>\n<h4>INSCRIPCIONES<\/h4>\n<p><a href=\"https:\/\/www.titandesert.com\/es\/almeria-2020-participar\" target=\"_blank\" rel=\"noopener noreferrer\">Hasta el 19 de octubre abiertas en la p\u00e1gina web de la Titan Desert<\/a>. Todas las inscripciones incluyen cinco noches con pensi\u00f3n completa del 1 al 6 de noviembre en los alojamientos oficiales de la organizaci\u00f3n (Hoteles y Campamento), transporte de la bicicleta v\u00eda terrestre desde Barcelona hasta Almer\u00eda (Ida\/regreso), seguro de asistencia en viaje, servicio m\u00e9dico y de enfermer\u00eda, cronometraje, cesi\u00f3n de dispositivo de geolocalizaci\u00f3n, avituallamientos l\u00edquidos en carrera, transporte de maletas entre hotel -campamento, 6 botellas de agua de 1,5 litros fuera de carrera (del 2 al 6 de noviembre) y 1,5 litros de agua obligatorios por etapa en la salida.<\/p>\n","protected":false},"excerpt":{"rendered":"<p>La Titan Desert 2020 cambia de escenario. Del desierto marroqu\u00ed previsto para abril de 2020 al desierto de Almer\u00eda en [&hellip;]<\/p>\n","protected":false},"author":29,"featured_media":4675,"comment_status":"open","ping_status":"open","sticky":false,"template":"","format":"standard","meta":{"footnotes":""},"categories":[9],"tags":[1821,1822,1820,1818,1817,1819],"global-categories":[1164],"class_list":["post-6720","post","type-post","status-publish","format-standard","has-post-thumbnail","hentry","category-mtb-aventura","tag-etapas-titan-desert","tag-etapas-titan-desert-2020","tag-inscribirme-titan-desert","tag-novedades-titan-desert-2020","tag-titan-desert-2020","tag-titan-desert-almeria","global-categories-cycling"],"yoast_head":"<!-- This site is optimized with the Yoast SEO Premium plugin v25.3 (Yoast SEO v25.9) - https:\/\/yoast.com\/wordpress\/plugins\/seo\/ -->\n<title>Titan Desert 2020. Dunas, colinas y \u00e9pica en Almer\u00eda - \u0160koda We Love Cycling - Spain<\/title>\n<meta name=\"description\" content=\"Titan Desert 2020. Dunas, colinas y \u00e9pica en Almer\u00eda. Las etapas de la Titan Desert 2020 en Almer\u00eda. Del 2 al 6 de noviembre.\" \/>\n<meta name=\"robots\" content=\"index, follow, max-snippet:-1, max-image-preview:large, max-video-preview:-1\" \/>\n<link rel=\"canonical\" href=\"https:\/\/www.welovecycling.com\/es\/2020\/10\/05\/titan-desert-2020-dunas-colinas-y-epica-en-almeria\/\" \/>\n<meta property=\"og:locale\" content=\"es_ES\" \/>\n<meta property=\"og:type\" content=\"article\" \/>\n<meta property=\"og:title\" content=\"Titan Desert 2020. Dunas, colinas y \u00e9pica en Almer\u00eda\" \/>\n<meta property=\"og:description\" content=\"Titan Desert 2020. Dunas, colinas y \u00e9pica en Almer\u00eda. Las etapas de la Titan Desert 2020 en Almer\u00eda. Del 2 al 6 de noviembre.\" \/>\n<meta property=\"og:url\" content=\"https:\/\/www.welovecycling.com\/es\/2020\/10\/05\/titan-desert-2020-dunas-colinas-y-epica-en-almeria\/\" \/>\n<meta property=\"og:site_name\" content=\"\u0160koda We Love Cycling - Spain\" \/>\n<meta property=\"article:published_time\" content=\"2020-10-05T14:00:15+00:00\" \/>\n<meta property=\"article:modified_time\" content=\"2020-10-05T18:27:33+00:00\" \/>\n<meta property=\"og:image\" content=\"https:\/\/d2p6e6u75xmxt8.cloudfront.net\/6\/2019\/05\/Filip-Adel-Titan-Desert.jpg\" \/>\n\t<meta property=\"og:image:width\" content=\"1680\" \/>\n\t<meta property=\"og:image:height\" content=\"1120\" \/>\n\t<meta property=\"og:image:type\" content=\"image\/jpeg\" \/>\n<meta name=\"author\" content=\"We Love Cycling Spain\" \/>\n<meta name=\"twitter:card\" content=\"summary_large_image\" \/>\n<meta name=\"twitter:title\" content=\"Titan Desert 2020. Dunas, colinas y \u00e9pica en Almer\u00eda\" \/>\n<meta name=\"twitter:description\" content=\"Titan Desert 2020. Dunas, colinas y \u00e9pica en Almer\u00eda. Las etapas de la Titan Desert 2020 en Almer\u00eda. Del 2 al 6 de noviembre.\" \/>\n<meta name=\"twitter:label1\" content=\"Written by\" \/>\n\t<meta name=\"twitter:data1\" content=\"Luis Ortega @ciclored\" \/>\n\t<meta name=\"twitter:label2\" content=\"Est. reading time\" \/>\n\t<meta name=\"twitter:data2\" content=\"4 minutes\" \/>\n<script type=\"application\/ld+json\" class=\"yoast-schema-graph\">{\"@context\":\"https:\/\/schema.org\",\"@graph\":[{\"@type\":\"WebPage\",\"@id\":\"https:\/\/www.welovecycling.com\/es\/2020\/10\/05\/titan-desert-2020-dunas-colinas-y-epica-en-almeria\/\",\"url\":\"https:\/\/www.welovecycling.com\/es\/2020\/10\/05\/titan-desert-2020-dunas-colinas-y-epica-en-almeria\/\",\"name\":\"Titan Desert 2020. Dunas, colinas y \u00e9pica en Almer\u00eda - \u0160koda We Love Cycling - Spain\",\"isPartOf\":{\"@id\":\"https:\/\/www.welovecycling.com\/es\/#website\"},\"primaryImageOfPage\":{\"@id\":\"https:\/\/www.welovecycling.com\/es\/2020\/10\/05\/titan-desert-2020-dunas-colinas-y-epica-en-almeria\/#primaryimage\"},\"image\":{\"@id\":\"https:\/\/www.welovecycling.com\/es\/2020\/10\/05\/titan-desert-2020-dunas-colinas-y-epica-en-almeria\/#primaryimage\"},\"thumbnailUrl\":\"https:\/\/d2p6e6u75xmxt8.cloudfront.net\/6\/2019\/05\/Filip-Adel-Titan-Desert.jpg\",\"datePublished\":\"2020-10-05T14:00:15+00:00\",\"dateModified\":\"2020-10-05T18:27:33+00:00\",\"author\":{\"@id\":\"https:\/\/www.welovecycling.com\/es\/#\/schema\/person\/deb61715b5812698ee79fb96f343ccd4\"},\"description\":\"Titan Desert 2020. Dunas, colinas y \u00e9pica en Almer\u00eda. Las etapas de la Titan Desert 2020 en Almer\u00eda. Del 2 al 6 de noviembre.\",\"breadcrumb\":{\"@id\":\"https:\/\/www.welovecycling.com\/es\/2020\/10\/05\/titan-desert-2020-dunas-colinas-y-epica-en-almeria\/#breadcrumb\"},\"inLanguage\":\"es-ES\",\"potentialAction\":[{\"@type\":\"ReadAction\",\"target\":[\"https:\/\/www.welovecycling.com\/es\/2020\/10\/05\/titan-desert-2020-dunas-colinas-y-epica-en-almeria\/\"]}]},{\"@type\":\"ImageObject\",\"inLanguage\":\"es-ES\",\"@id\":\"https:\/\/www.welovecycling.com\/es\/2020\/10\/05\/titan-desert-2020-dunas-colinas-y-epica-en-almeria\/#primaryimage\",\"url\":\"https:\/\/d2p6e6u75xmxt8.cloudfront.net\/6\/2019\/05\/Filip-Adel-Titan-Desert.jpg\",\"contentUrl\":\"https:\/\/d2p6e6u75xmxt8.cloudfront.net\/6\/2019\/05\/Filip-Adel-Titan-Desert.jpg\",\"width\":1680,\"height\":1120},{\"@type\":\"BreadcrumbList\",\"@id\":\"https:\/\/www.welovecycling.com\/es\/2020\/10\/05\/titan-desert-2020-dunas-colinas-y-epica-en-almeria\/#breadcrumb\",\"itemListElement\":[{\"@type\":\"ListItem\",\"position\":1,\"name\":\"Home\",\"item\":\"https:\/\/www.welovecycling.com\/es\/\"},{\"@type\":\"ListItem\",\"position\":2,\"name\":\"Titan Desert 2020. Dunas, colinas y \u00e9pica en Almer\u00eda\"}]},{\"@type\":\"WebSite\",\"@id\":\"https:\/\/www.welovecycling.com\/es\/#website\",\"url\":\"https:\/\/www.welovecycling.com\/es\/\",\"name\":\"\u0160koda We Love Cycling - Spain\",\"description\":\"\u0160koda WeLoveCycling Spain\",\"potentialAction\":[{\"@type\":\"SearchAction\",\"target\":{\"@type\":\"EntryPoint\",\"urlTemplate\":\"https:\/\/www.welovecycling.com\/es\/?s={search_term_string}\"},\"query-input\":{\"@type\":\"PropertyValueSpecification\",\"valueRequired\":true,\"valueName\":\"search_term_string\"}}],\"inLanguage\":\"es-ES\"},{\"@type\":\"Person\",\"@id\":\"https:\/\/www.welovecycling.com\/es\/#\/schema\/person\/deb61715b5812698ee79fb96f343ccd4\",\"name\":\"We Love Cycling Spain\",\"image\":{\"@type\":\"ImageObject\",\"inLanguage\":\"es-ES\",\"@id\":\"https:\/\/www.welovecycling.com\/es\/#\/schema\/person\/image\/\",\"url\":\"https:\/\/secure.gravatar.com\/avatar\/c824b04e6df0e37a03219d0b6481672889df542894588964102459e46513159c?s=96&d=mm&r=g\",\"contentUrl\":\"https:\/\/secure.gravatar.com\/avatar\/c824b04e6df0e37a03219d0b6481672889df542894588964102459e46513159c?s=96&d=mm&r=g\",\"caption\":\"We Love Cycling Spain\"},\"url\":\"https:\/\/www.welovecycling.com\/es\/author\/amunoz\/\"}]}<\/script>\n<!-- \/ Yoast SEO Premium plugin. -->","yoast_head_json":{"title":"Titan Desert 2020. Dunas, colinas y \u00e9pica en Almer\u00eda - \u0160koda We Love Cycling - Spain","description":"Titan Desert 2020. Dunas, colinas y \u00e9pica en Almer\u00eda. Las etapas de la Titan Desert 2020 en Almer\u00eda. Del 2 al 6 de noviembre.","robots":{"index":"index","follow":"follow","max-snippet":"max-snippet:-1","max-image-preview":"max-image-preview:large","max-video-preview":"max-video-preview:-1"},"canonical":"https:\/\/www.welovecycling.com\/es\/2020\/10\/05\/titan-desert-2020-dunas-colinas-y-epica-en-almeria\/","og_locale":"es_ES","og_type":"article","og_title":"Titan Desert 2020. Dunas, colinas y \u00e9pica en Almer\u00eda","og_description":"Titan Desert 2020. Dunas, colinas y \u00e9pica en Almer\u00eda. Las etapas de la Titan Desert 2020 en Almer\u00eda. Del 2 al 6 de noviembre.","og_url":"https:\/\/www.welovecycling.com\/es\/2020\/10\/05\/titan-desert-2020-dunas-colinas-y-epica-en-almeria\/","og_site_name":"\u0160koda We Love Cycling - Spain","article_published_time":"2020-10-05T14:00:15+00:00","article_modified_time":"2020-10-05T18:27:33+00:00","og_image":[{"width":1680,"height":1120,"url":"https:\/\/d2p6e6u75xmxt8.cloudfront.net\/6\/2019\/05\/Filip-Adel-Titan-Desert.jpg","type":"image\/jpeg"}],"author":"We Love Cycling Spain","twitter_card":"summary_large_image","twitter_title":"Titan Desert 2020. Dunas, colinas y \u00e9pica en Almer\u00eda","twitter_description":"Titan Desert 2020. Dunas, colinas y \u00e9pica en Almer\u00eda. Las etapas de la Titan Desert 2020 en Almer\u00eda. Del 2 al 6 de noviembre.","twitter_misc":{"Written by":"Luis Ortega @ciclored","Est. reading time":"4 minutes"},"schema":{"@context":"https:\/\/schema.org","@graph":[{"@type":"WebPage","@id":"https:\/\/www.welovecycling.com\/es\/2020\/10\/05\/titan-desert-2020-dunas-colinas-y-epica-en-almeria\/","url":"https:\/\/www.welovecycling.com\/es\/2020\/10\/05\/titan-desert-2020-dunas-colinas-y-epica-en-almeria\/","name":"Titan Desert 2020. Dunas, colinas y \u00e9pica en Almer\u00eda - \u0160koda We Love Cycling - Spain","isPartOf":{"@id":"https:\/\/www.welovecycling.com\/es\/#website"},"primaryImageOfPage":{"@id":"https:\/\/www.welovecycling.com\/es\/2020\/10\/05\/titan-desert-2020-dunas-colinas-y-epica-en-almeria\/#primaryimage"},"image":{"@id":"https:\/\/www.welovecycling.com\/es\/2020\/10\/05\/titan-desert-2020-dunas-colinas-y-epica-en-almeria\/#primaryimage"},"thumbnailUrl":"https:\/\/d2p6e6u75xmxt8.cloudfront.net\/6\/2019\/05\/Filip-Adel-Titan-Desert.jpg","datePublished":"2020-10-05T14:00:15+00:00","dateModified":"2020-10-05T18:27:33+00:00","author":{"@id":"https:\/\/www.welovecycling.com\/es\/#\/schema\/person\/deb61715b5812698ee79fb96f343ccd4"},"description":"Titan Desert 2020. Dunas, colinas y \u00e9pica en Almer\u00eda. Las etapas de la Titan Desert 2020 en Almer\u00eda. Del 2 al 6 de noviembre.","breadcrumb":{"@id":"https:\/\/www.welovecycling.com\/es\/2020\/10\/05\/titan-desert-2020-dunas-colinas-y-epica-en-almeria\/#breadcrumb"},"inLanguage":"es-ES","potentialAction":[{"@type":"ReadAction","target":["https:\/\/www.welovecycling.com\/es\/2020\/10\/05\/titan-desert-2020-dunas-colinas-y-epica-en-almeria\/"]}]},{"@type":"ImageObject","inLanguage":"es-ES","@id":"https:\/\/www.welovecycling.com\/es\/2020\/10\/05\/titan-desert-2020-dunas-colinas-y-epica-en-almeria\/#primaryimage","url":"https:\/\/d2p6e6u75xmxt8.cloudfront.net\/6\/2019\/05\/Filip-Adel-Titan-Desert.jpg","contentUrl":"https:\/\/d2p6e6u75xmxt8.cloudfront.net\/6\/2019\/05\/Filip-Adel-Titan-Desert.jpg","width":1680,"height":1120},{"@type":"BreadcrumbList","@id":"https:\/\/www.welovecycling.com\/es\/2020\/10\/05\/titan-desert-2020-dunas-colinas-y-epica-en-almeria\/#breadcrumb","itemListElement":[{"@type":"ListItem","position":1,"name":"Home","item":"https:\/\/www.welovecycling.com\/es\/"},{"@type":"ListItem","position":2,"name":"Titan Desert 2020. Dunas, colinas y \u00e9pica en Almer\u00eda"}]},{"@type":"WebSite","@id":"https:\/\/www.welovecycling.com\/es\/#website","url":"https:\/\/www.welovecycling.com\/es\/","name":"\u0160koda We Love Cycling - Spain","description":"\u0160koda WeLoveCycling Spain","potentialAction":[{"@type":"SearchAction","target":{"@type":"EntryPoint","urlTemplate":"https:\/\/www.welovecycling.com\/es\/?s={search_term_string}"},"query-input":{"@type":"PropertyValueSpecification","valueRequired":true,"valueName":"search_term_string"}}],"inLanguage":"es-ES"},{"@type":"Person","@id":"https:\/\/www.welovecycling.com\/es\/#\/schema\/person\/deb61715b5812698ee79fb96f343ccd4","name":"We Love Cycling Spain","image":{"@type":"ImageObject","inLanguage":"es-ES","@id":"https:\/\/www.welovecycling.com\/es\/#\/schema\/person\/image\/","url":"https:\/\/secure.gravatar.com\/avatar\/c824b04e6df0e37a03219d0b6481672889df542894588964102459e46513159c?s=96&d=mm&r=g","contentUrl":"https:\/\/secure.gravatar.com\/avatar\/c824b04e6df0e37a03219d0b6481672889df542894588964102459e46513159c?s=96&d=mm&r=g","caption":"We Love Cycling Spain"},"url":"https:\/\/www.welovecycling.com\/es\/author\/amunoz\/"}]}},"_links":{"self":[{"href":"https:\/\/www.welovecycling.com\/es\/wp-json\/wp\/v2\/posts\/6720","targetHints":{"allow":["GET"]}}],"collection":[{"href":"https:\/\/www.welovecycling.com\/es\/wp-json\/wp\/v2\/posts"}],"about":[{"href":"https:\/\/www.welovecycling.com\/es\/wp-json\/wp\/v2\/types\/post"}],"author":[{"embeddable":true,"href":"https:\/\/www.welovecycling.com\/es\/wp-json\/wp\/v2\/users\/29"}],"replies":[{"embeddable":true,"href":"https:\/\/www.welovecycling.com\/es\/wp-json\/wp\/v2\/comments?post=6720"}],"version-history":[{"count":2,"href":"https:\/\/www.welovecycling.com\/es\/wp-json\/wp\/v2\/posts\/6720\/revisions"}],"predecessor-version":[{"id":6730,"href":"https:\/\/www.welovecycling.com\/es\/wp-json\/wp\/v2\/posts\/6720\/revisions\/6730"}],"wp:featuredmedia":[{"embeddable":true,"href":"https:\/\/www.welovecycling.com\/es\/wp-json\/wp\/v2\/media\/4675"}],"wp:attachment":[{"href":"https:\/\/www.welovecycling.com\/es\/wp-json\/wp\/v2\/media?parent=6720"}],"wp:term":[{"taxonomy":"category","embeddable":true,"href":"https:\/\/www.welovecycling.com\/es\/wp-json\/wp\/v2\/categories?post=6720"},{"taxonomy":"post_tag","embeddable":true,"href":"https:\/\/www.welovecycling.com\/es\/wp-json\/wp\/v2\/tags?post=6720"},{"taxonomy":"global-categories","embeddable":true,"href":"https:\/\/www.welovecycling.com\/es\/wp-json\/wp\/v2\/global-categories?post=6720"}],"curies":[{"name":"wp","href":"https:\/\/api.w.org\/{rel}","templated":true}]}}