{"id":6713,"date":"2020-10-04T21:45:39","date_gmt":"2020-10-04T19:45:39","guid":{"rendered":"https:\/\/www.welovecycling.com\/es\/?p=6713"},"modified":"2020-10-04T21:46:23","modified_gmt":"2020-10-04T19:46:23","slug":"definir-objetivos-ciclistas","status":"publish","type":"post","link":"https:\/\/www.welovecycling.com\/es\/2020\/10\/04\/definir-objetivos-ciclistas\/","title":{"rendered":"La importancia de definir objetivos ciclistas a corto y largo plazo"},"content":{"rendered":"<p><strong>Despu\u00e9s de este extra\u00f1o verano ha llegado el oto\u00f1o y con \u00e9l el desaf\u00edo de encontrar otra temporada de incertidumbre. En muchos lugares, las hojas ya se est\u00e1n volviendo amarillas, hay un pronunciado fr\u00edo en el aire, y el sol es lento para mostrarse por la ma\u00f1ana y r\u00e1pido para desaparecer al atardecer. Tanto si te gusta como si no el oto\u00f1o, puede ser que esta sea la \u00e9poca del a\u00f1o en que tu motivaci\u00f3n para andar en bicicleta disminuye. Aunque es una reacci\u00f3n natural al cambio de condiciones, hay algunas t\u00e9cnicas que puedes usar para entrar en los meses m\u00e1s fr\u00edos con m\u00e1s motivaci\u00f3n.<\/strong><\/p>\n<p><!--more--><\/p>\n<p>Cuando empiezas a sentir que las cosas se ponen dif\u00edciles, es importante tener una base en la que apoyarse para mantenerte pensando en positivo y sinti\u00e9ndote motivado para seguir adelante, tanto en el futuro inmediato como a largo plazo. Echemos un vistazo a por qu\u00e9 es importante tener objetivos ciclistas tanto a corto como a largo plazo y c\u00f3mo establecerlos de forma efectiva.<\/p>\n<figure id=\"attachment_6714\" aria-describedby=\"caption-attachment-6714\" style=\"width: 1000px\" class=\"wp-caption alignnone\"><a href=\"https:\/\/d2p6e6u75xmxt8.cloudfront.net\/6\/2020\/10\/woman-cycling-profimedia-0478908897.jpg\"><img loading=\"lazy\" decoding=\"async\" class=\"wp-image-6714 size-full\" src=\"https:\/\/d2p6e6u75xmxt8.cloudfront.net\/6\/2020\/10\/woman-cycling-profimedia-0478908897.jpg\" alt=\"Cycling short-term goals\" width=\"1000\" height=\"667\" srcset=\"https:\/\/d2p6e6u75xmxt8.cloudfront.net\/6\/2020\/10\/woman-cycling-profimedia-0478908897.jpg 1000w, https:\/\/d2p6e6u75xmxt8.cloudfront.net\/6\/2020\/10\/woman-cycling-profimedia-0478908897-300x200.jpg 300w, https:\/\/d2p6e6u75xmxt8.cloudfront.net\/6\/2020\/10\/woman-cycling-profimedia-0478908897-768x512.jpg 768w, https:\/\/d2p6e6u75xmxt8.cloudfront.net\/6\/2020\/10\/woman-cycling-profimedia-0478908897-272x182.jpg 272w\" sizes=\"auto, (max-width: 1000px) 100vw, 1000px\" \/><\/a><figcaption id=\"caption-attachment-6714\" class=\"wp-caption-text\">Tanto los objetivos a largo como a corto plazo son igualmente importantes.. \u00a9 Profimedia<\/figcaption><\/figure>\n<h2><strong><br \/>\nAlivias la ansiedad mientras aumentas la concentraci\u00f3n y la motivaci\u00f3n<\/strong><\/h2>\n<p>Independientemente del papel que la bicicleta juega en tu vida, establecer incluso objetivos modestos puede ayudar a a\u00f1adir un nivel adicional de placer y satisfacci\u00f3n a una actividad que ya disfrutas. Cuando tienes una idea clara de lo que est\u00e1s trabajando, autom\u00e1ticamente te beneficias del sentido de prop\u00f3sito que viene con ello. Se te saca del mar inexplorado y se te dirige de nuevo a su curso.<\/p>\n<p>Si no te has dado la oportunidad de sentarte a pensar en tus objetivos, \u00a1es hora de hacerlo! Escr\u00edbelos en papel y no tengas miedo de so\u00f1ar en grande. La belleza de establecer objetivos tanto a corto como a largo plazo es que te permite tener algo que esperar en un futuro pr\u00f3ximo (cumplir un objetivo menos ambicioso) y algo en lo que concentrarte cuando est\u00e1s perdiendo de vista el panorama general (lograr un hito significativo en el camino). Al delinear lo que se quiere lograr, es mejor comenzar a expandirse y luego concentrarse en los pasos m\u00e1s peque\u00f1os que hay que dar para llegar all\u00ed. Esto te ayudar\u00e1 a ver las cosas como una progresi\u00f3n general y ver c\u00f3mo un paso del proceso se relaciona con el siguiente.<\/p>\n<figure id=\"attachment_6715\" aria-describedby=\"caption-attachment-6715\" style=\"width: 1024px\" class=\"wp-caption alignnone\"><a href=\"https:\/\/d2p6e6u75xmxt8.cloudfront.net\/2\/2020\/10\/profimedia-0280778218.jpg\"><img loading=\"lazy\" decoding=\"async\" class=\"wp-image-6715 size-large\" src=\"https:\/\/d2p6e6u75xmxt8.cloudfront.net\/6\/2020\/10\/profimedia-0280778218-1024x682.jpg\" alt=\"Cycling goals\" width=\"1024\" height=\"682\" srcset=\"https:\/\/d2p6e6u75xmxt8.cloudfront.net\/6\/2020\/10\/profimedia-0280778218-1024x682.jpg 1024w, https:\/\/d2p6e6u75xmxt8.cloudfront.net\/6\/2020\/10\/profimedia-0280778218-300x200.jpg 300w, https:\/\/d2p6e6u75xmxt8.cloudfront.net\/6\/2020\/10\/profimedia-0280778218-768x512.jpg 768w, https:\/\/d2p6e6u75xmxt8.cloudfront.net\/6\/2020\/10\/profimedia-0280778218-272x182.jpg 272w, https:\/\/d2p6e6u75xmxt8.cloudfront.net\/6\/2020\/10\/profimedia-0280778218.jpg 1250w\" sizes=\"auto, (max-width: 1024px) 100vw, 1024px\" \/><\/a><figcaption id=\"caption-attachment-6715\" class=\"wp-caption-text\">Los objetivos modestos tambi\u00e9n te ayudan. \u00a9 Profimedia<\/figcaption><\/figure>\n<h2><strong><br \/>\nITe permite evaluar tus fortalezas y debilidades<\/strong><\/h2>\n<p>Cuando se cae en una rutina c\u00f3moda puede ser f\u00e1cil perder de vista d\u00f3nde est\u00e1n tus fortalezas naturales y d\u00f3nde tienes que poner m\u00e1s esfuerzo para mejorar. Al comprometerte con ciertos objetivos, autom\u00e1ticamente se da una estructura que puede proporcionar informaci\u00f3n sobre si est\u00e1s o no en el camino correcto. Puede que tengas una gran capacidad de resistencia pero esperas tener un buen rendimiento en una prueba de contrarreloj y, por lo tanto, necesitas centrarte en la velocidad. Tambi\u00e9n podr\u00eda ser al rev\u00e9s. Sea cual sea el caso, prestar atenci\u00f3n te ayudar\u00e1 a identificar las oportunidades de crecimiento y a hacer el mejor uso de tu tiempo.<\/p>\n<p>Puede que te des cuenta de que te gustar\u00eda mejorar tu escalada y por lo tanto es hora de ir a hacer puertos. O tal vez aprender\u00e1s que para alcanzar tus metas de sprint, necesitas esforzarte m\u00e1s all\u00e1 de tu 80% de frecuencia card\u00edaca m\u00e1xima habitual. Entonces podr\u00e1s desarrollar el tipo de plan de entrenamiento aer\u00f3bico que te ayudar\u00e1 a mejorar este aspecto de tu fisiolog\u00eda. Invirtiendo un poco de tiempo en el desarrollo de un enfoque espec\u00edfico, descubrir\u00e1s lo que significa trabajar m\u00e1s inteligentemente, no necesariamente m\u00e1s duro.<\/p>\n<figure id=\"attachment_6716\" aria-describedby=\"caption-attachment-6716\" style=\"width: 1024px\" class=\"wp-caption alignnone\"><a href=\"https:\/\/d2p6e6u75xmxt8.cloudfront.net\/2\/2020\/10\/mountain-bike-profimedia-0418857935.jpg\"><img loading=\"lazy\" decoding=\"async\" class=\"wp-image-6716 size-large\" src=\"https:\/\/d2p6e6u75xmxt8.cloudfront.net\/6\/2020\/10\/mountain-bike-profimedia-0418857935-1024x682.jpg\" alt=\"Training plan\" width=\"1024\" height=\"682\" srcset=\"https:\/\/d2p6e6u75xmxt8.cloudfront.net\/6\/2020\/10\/mountain-bike-profimedia-0418857935-1024x682.jpg 1024w, https:\/\/d2p6e6u75xmxt8.cloudfront.net\/6\/2020\/10\/mountain-bike-profimedia-0418857935-300x200.jpg 300w, https:\/\/d2p6e6u75xmxt8.cloudfront.net\/6\/2020\/10\/mountain-bike-profimedia-0418857935-768x512.jpg 768w, https:\/\/d2p6e6u75xmxt8.cloudfront.net\/6\/2020\/10\/mountain-bike-profimedia-0418857935-272x182.jpg 272w, https:\/\/d2p6e6u75xmxt8.cloudfront.net\/6\/2020\/10\/mountain-bike-profimedia-0418857935.jpg 1250w\" sizes=\"auto, (max-width: 1024px) 100vw, 1024px\" \/><\/a><figcaption id=\"caption-attachment-6716\" class=\"wp-caption-text\">Ya sea que est\u00e9s buscando mejorar sprint o una escalada, un entrenamiento dirigido es el camino a seguir. \u00a9 Profimedia<\/figcaption><\/figure>\n<h2><strong><br \/>\nExpande tus horizontes<\/strong><\/h2>\n<p>El desarrollo de objetivos a corto y largo plazo permite alcanzar un equilibrio entre la estrategia y la t\u00e1ctica. En resumen, la estrategia se centra en el destino al que quieres llegar, y las t\u00e1cticas describen las acciones espec\u00edficas que vas a tomar en el camino. En cuanto tengas un camino trazado con los recursos espec\u00edficos y las mejores pr\u00e1cticas para guiarte a lo largo del viaje, estar\u00e1s mejor equipado para cumplir tu plan y mantener un alto nivel de motivaci\u00f3n a lo largo del tiempo.<\/p>\n<p>Recuerda que aunque tus metas ciclistas deben ser realistas, no deben imponer limitaciones. Siempre debes centrarte en definir los m\u00ednimos, no los m\u00e1ximos. Cuando formules tus objetivos, usa un lenguaje como &#8220;por lo menos&#8221;, &#8220;m\u00e1s de&#8221; o &#8220;tan r\u00e1pido como&#8221;. Piensa en cada entrenamiento como una oportunidad de acercarte un paso m\u00e1s a donde quieres estar. Con este enfoque, no se sabe hasta d\u00f3nde llegar\u00e1s.<\/p>\n","protected":false},"excerpt":{"rendered":"<p>Despu\u00e9s de este extra\u00f1o verano ha llegado el oto\u00f1o y con \u00e9l el desaf\u00edo de encontrar otra temporada de incertidumbre. [&hellip;]<\/p>\n","protected":false},"author":29,"featured_media":6718,"comment_status":"open","ping_status":"open","sticky":false,"template":"","format":"standard","meta":{"footnotes":""},"categories":[7,8,9,6],"tags":[1816,227,1815,651],"global-categories":[],"class_list":["post-6713","post","type-post","status-publish","format-standard","has-post-thumbnail","hentry","category-carretera","category-life-style","category-mtb-aventura","category-urban","tag-definir-objetivos-ciclistas","tag-entrenamiento-ciclista","tag-objetivos-ciclistas","tag-psicologia-ciclista"],"yoast_head":"<!-- This site is optimized with the Yoast SEO Premium plugin v25.3 (Yoast SEO v25.9) - https:\/\/yoast.com\/wordpress\/plugins\/seo\/ -->\n<title>La importancia de definir objetivos ciclistas a corto y largo plazo<\/title>\n<meta name=\"description\" content=\"La importancia de definir objetivos ciclistas a corto y largo plazo. Como hacer que el oto\u00f1o no sea un freno para tu temporada ciclista.\" \/>\n<meta name=\"robots\" content=\"index, follow, max-snippet:-1, max-image-preview:large, max-video-preview:-1\" \/>\n<link rel=\"canonical\" href=\"https:\/\/www.welovecycling.com\/es\/2020\/10\/04\/definir-objetivos-ciclistas\/\" \/>\n<meta property=\"og:locale\" content=\"es_ES\" \/>\n<meta property=\"og:type\" content=\"article\" \/>\n<meta property=\"og:title\" content=\"La importancia de definir objetivos ciclistas a corto y largo plazo\" \/>\n<meta property=\"og:description\" content=\"La importancia de definir objetivos ciclistas a corto y largo plazo. Como hacer que el oto\u00f1o no sea un freno para tu temporada ciclista.\" \/>\n<meta property=\"og:url\" content=\"https:\/\/www.welovecycling.com\/es\/2020\/10\/04\/definir-objetivos-ciclistas\/\" \/>\n<meta property=\"og:site_name\" content=\"\u0160koda We Love Cycling - Spain\" \/>\n<meta property=\"article:published_time\" content=\"2020-10-04T19:45:39+00:00\" \/>\n<meta property=\"article:modified_time\" content=\"2020-10-04T19:46:23+00:00\" \/>\n<meta property=\"og:image\" content=\"https:\/\/d2p6e6u75xmxt8.cloudfront.net\/6\/2020\/10\/Cycle-Superhighway-Denmark-cvr.jpg\" \/>\n\t<meta property=\"og:image:width\" content=\"1366\" \/>\n\t<meta property=\"og:image:height\" content=\"600\" \/>\n\t<meta property=\"og:image:type\" content=\"image\/jpeg\" \/>\n<meta name=\"author\" content=\"We Love Cycling Spain\" \/>\n<meta name=\"twitter:card\" content=\"summary_large_image\" \/>\n<meta name=\"twitter:title\" content=\"La importancia de definir objetivos ciclistas a corto y largo plazo\" \/>\n<meta name=\"twitter:description\" content=\"La importancia de definir objetivos ciclistas a corto y largo plazo. Como hacer que el oto\u00f1o no sea un freno para tu temporada ciclista.\" \/>\n<meta name=\"twitter:label1\" content=\"Written by\" \/>\n\t<meta name=\"twitter:data1\" content=\"Megan Flottorp\" \/>\n\t<meta name=\"twitter:label2\" content=\"Est. reading time\" \/>\n\t<meta name=\"twitter:data2\" content=\"6\" \/>\n<script type=\"application\/ld+json\" class=\"yoast-schema-graph\">{\"@context\":\"https:\/\/schema.org\",\"@graph\":[{\"@type\":\"WebPage\",\"@id\":\"https:\/\/www.welovecycling.com\/es\/2020\/10\/04\/definir-objetivos-ciclistas\/\",\"url\":\"https:\/\/www.welovecycling.com\/es\/2020\/10\/04\/definir-objetivos-ciclistas\/\",\"name\":\"La importancia de definir objetivos ciclistas a corto y largo plazo\",\"isPartOf\":{\"@id\":\"https:\/\/www.welovecycling.com\/es\/#website\"},\"primaryImageOfPage\":{\"@id\":\"https:\/\/www.welovecycling.com\/es\/2020\/10\/04\/definir-objetivos-ciclistas\/#primaryimage\"},\"image\":{\"@id\":\"https:\/\/www.welovecycling.com\/es\/2020\/10\/04\/definir-objetivos-ciclistas\/#primaryimage\"},\"thumbnailUrl\":\"https:\/\/d2p6e6u75xmxt8.cloudfront.net\/6\/2020\/10\/Cycle-Superhighway-Denmark-cvr.jpg\",\"datePublished\":\"2020-10-04T19:45:39+00:00\",\"dateModified\":\"2020-10-04T19:46:23+00:00\",\"author\":{\"@id\":\"https:\/\/www.welovecycling.com\/es\/#\/schema\/person\/deb61715b5812698ee79fb96f343ccd4\"},\"description\":\"La importancia de definir objetivos ciclistas a corto y largo plazo. Como hacer que el oto\u00f1o no sea un freno para tu temporada ciclista.\",\"breadcrumb\":{\"@id\":\"https:\/\/www.welovecycling.com\/es\/2020\/10\/04\/definir-objetivos-ciclistas\/#breadcrumb\"},\"inLanguage\":\"es-ES\",\"potentialAction\":[{\"@type\":\"ReadAction\",\"target\":[\"https:\/\/www.welovecycling.com\/es\/2020\/10\/04\/definir-objetivos-ciclistas\/\"]}]},{\"@type\":\"ImageObject\",\"inLanguage\":\"es-ES\",\"@id\":\"https:\/\/www.welovecycling.com\/es\/2020\/10\/04\/definir-objetivos-ciclistas\/#primaryimage\",\"url\":\"https:\/\/d2p6e6u75xmxt8.cloudfront.net\/6\/2020\/10\/Cycle-Superhighway-Denmark-cvr.jpg\",\"contentUrl\":\"https:\/\/d2p6e6u75xmxt8.cloudfront.net\/6\/2020\/10\/Cycle-Superhighway-Denmark-cvr.jpg\",\"width\":1366,\"height\":600,\"caption\":\"Cycling Goals\"},{\"@type\":\"BreadcrumbList\",\"@id\":\"https:\/\/www.welovecycling.com\/es\/2020\/10\/04\/definir-objetivos-ciclistas\/#breadcrumb\",\"itemListElement\":[{\"@type\":\"ListItem\",\"position\":1,\"name\":\"Home\",\"item\":\"https:\/\/www.welovecycling.com\/es\/\"},{\"@type\":\"ListItem\",\"position\":2,\"name\":\"La importancia de definir objetivos ciclistas a corto y largo plazo\"}]},{\"@type\":\"WebSite\",\"@id\":\"https:\/\/www.welovecycling.com\/es\/#website\",\"url\":\"https:\/\/www.welovecycling.com\/es\/\",\"name\":\"\u0160koda We Love Cycling - Spain\",\"description\":\"\u0160koda WeLoveCycling Spain\",\"potentialAction\":[{\"@type\":\"SearchAction\",\"target\":{\"@type\":\"EntryPoint\",\"urlTemplate\":\"https:\/\/www.welovecycling.com\/es\/?s={search_term_string}\"},\"query-input\":{\"@type\":\"PropertyValueSpecification\",\"valueRequired\":true,\"valueName\":\"search_term_string\"}}],\"inLanguage\":\"es-ES\"},{\"@type\":\"Person\",\"@id\":\"https:\/\/www.welovecycling.com\/es\/#\/schema\/person\/deb61715b5812698ee79fb96f343ccd4\",\"name\":\"We Love Cycling Spain\",\"image\":{\"@type\":\"ImageObject\",\"inLanguage\":\"es-ES\",\"@id\":\"https:\/\/www.welovecycling.com\/es\/#\/schema\/person\/image\/\",\"url\":\"https:\/\/secure.gravatar.com\/avatar\/c824b04e6df0e37a03219d0b6481672889df542894588964102459e46513159c?s=96&d=mm&r=g\",\"contentUrl\":\"https:\/\/secure.gravatar.com\/avatar\/c824b04e6df0e37a03219d0b6481672889df542894588964102459e46513159c?s=96&d=mm&r=g\",\"caption\":\"We Love Cycling Spain\"},\"url\":\"https:\/\/www.welovecycling.com\/es\/author\/amunoz\/\"}]}<\/script>\n<!-- \/ Yoast SEO Premium plugin. -->","yoast_head_json":{"title":"La importancia de definir objetivos ciclistas a corto y largo plazo","description":"La importancia de definir objetivos ciclistas a corto y largo plazo. Como hacer que el oto\u00f1o no sea un freno para tu temporada ciclista.","robots":{"index":"index","follow":"follow","max-snippet":"max-snippet:-1","max-image-preview":"max-image-preview:large","max-video-preview":"max-video-preview:-1"},"canonical":"https:\/\/www.welovecycling.com\/es\/2020\/10\/04\/definir-objetivos-ciclistas\/","og_locale":"es_ES","og_type":"article","og_title":"La importancia de definir objetivos ciclistas a corto y largo plazo","og_description":"La importancia de definir objetivos ciclistas a corto y largo plazo. Como hacer que el oto\u00f1o no sea un freno para tu temporada ciclista.","og_url":"https:\/\/www.welovecycling.com\/es\/2020\/10\/04\/definir-objetivos-ciclistas\/","og_site_name":"\u0160koda We Love Cycling - Spain","article_published_time":"2020-10-04T19:45:39+00:00","article_modified_time":"2020-10-04T19:46:23+00:00","og_image":[{"width":1366,"height":600,"url":"https:\/\/d2p6e6u75xmxt8.cloudfront.net\/6\/2020\/10\/Cycle-Superhighway-Denmark-cvr.jpg","type":"image\/jpeg"}],"author":"We Love Cycling Spain","twitter_card":"summary_large_image","twitter_title":"La importancia de definir objetivos ciclistas a corto y largo plazo","twitter_description":"La importancia de definir objetivos ciclistas a corto y largo plazo. Como hacer que el oto\u00f1o no sea un freno para tu temporada ciclista.","twitter_misc":{"Written by":"Megan Flottorp","Est. reading time":"6"},"schema":{"@context":"https:\/\/schema.org","@graph":[{"@type":"WebPage","@id":"https:\/\/www.welovecycling.com\/es\/2020\/10\/04\/definir-objetivos-ciclistas\/","url":"https:\/\/www.welovecycling.com\/es\/2020\/10\/04\/definir-objetivos-ciclistas\/","name":"La importancia de definir objetivos ciclistas a corto y largo plazo","isPartOf":{"@id":"https:\/\/www.welovecycling.com\/es\/#website"},"primaryImageOfPage":{"@id":"https:\/\/www.welovecycling.com\/es\/2020\/10\/04\/definir-objetivos-ciclistas\/#primaryimage"},"image":{"@id":"https:\/\/www.welovecycling.com\/es\/2020\/10\/04\/definir-objetivos-ciclistas\/#primaryimage"},"thumbnailUrl":"https:\/\/d2p6e6u75xmxt8.cloudfront.net\/6\/2020\/10\/Cycle-Superhighway-Denmark-cvr.jpg","datePublished":"2020-10-04T19:45:39+00:00","dateModified":"2020-10-04T19:46:23+00:00","author":{"@id":"https:\/\/www.welovecycling.com\/es\/#\/schema\/person\/deb61715b5812698ee79fb96f343ccd4"},"description":"La importancia de definir objetivos ciclistas a corto y largo plazo. Como hacer que el oto\u00f1o no sea un freno para tu temporada ciclista.","breadcrumb":{"@id":"https:\/\/www.welovecycling.com\/es\/2020\/10\/04\/definir-objetivos-ciclistas\/#breadcrumb"},"inLanguage":"es-ES","potentialAction":[{"@type":"ReadAction","target":["https:\/\/www.welovecycling.com\/es\/2020\/10\/04\/definir-objetivos-ciclistas\/"]}]},{"@type":"ImageObject","inLanguage":"es-ES","@id":"https:\/\/www.welovecycling.com\/es\/2020\/10\/04\/definir-objetivos-ciclistas\/#primaryimage","url":"https:\/\/d2p6e6u75xmxt8.cloudfront.net\/6\/2020\/10\/Cycle-Superhighway-Denmark-cvr.jpg","contentUrl":"https:\/\/d2p6e6u75xmxt8.cloudfront.net\/6\/2020\/10\/Cycle-Superhighway-Denmark-cvr.jpg","width":1366,"height":600,"caption":"Cycling Goals"},{"@type":"BreadcrumbList","@id":"https:\/\/www.welovecycling.com\/es\/2020\/10\/04\/definir-objetivos-ciclistas\/#breadcrumb","itemListElement":[{"@type":"ListItem","position":1,"name":"Home","item":"https:\/\/www.welovecycling.com\/es\/"},{"@type":"ListItem","position":2,"name":"La importancia de definir objetivos ciclistas a corto y largo plazo"}]},{"@type":"WebSite","@id":"https:\/\/www.welovecycling.com\/es\/#website","url":"https:\/\/www.welovecycling.com\/es\/","name":"\u0160koda We Love Cycling - Spain","description":"\u0160koda WeLoveCycling Spain","potentialAction":[{"@type":"SearchAction","target":{"@type":"EntryPoint","urlTemplate":"https:\/\/www.welovecycling.com\/es\/?s={search_term_string}"},"query-input":{"@type":"PropertyValueSpecification","valueRequired":true,"valueName":"search_term_string"}}],"inLanguage":"es-ES"},{"@type":"Person","@id":"https:\/\/www.welovecycling.com\/es\/#\/schema\/person\/deb61715b5812698ee79fb96f343ccd4","name":"We Love Cycling Spain","image":{"@type":"ImageObject","inLanguage":"es-ES","@id":"https:\/\/www.welovecycling.com\/es\/#\/schema\/person\/image\/","url":"https:\/\/secure.gravatar.com\/avatar\/c824b04e6df0e37a03219d0b6481672889df542894588964102459e46513159c?s=96&d=mm&r=g","contentUrl":"https:\/\/secure.gravatar.com\/avatar\/c824b04e6df0e37a03219d0b6481672889df542894588964102459e46513159c?s=96&d=mm&r=g","caption":"We Love Cycling Spain"},"url":"https:\/\/www.welovecycling.com\/es\/author\/amunoz\/"}]}},"_links":{"self":[{"href":"https:\/\/www.welovecycling.com\/es\/wp-json\/wp\/v2\/posts\/6713","targetHints":{"allow":["GET"]}}],"collection":[{"href":"https:\/\/www.welovecycling.com\/es\/wp-json\/wp\/v2\/posts"}],"about":[{"href":"https:\/\/www.welovecycling.com\/es\/wp-json\/wp\/v2\/types\/post"}],"author":[{"embeddable":true,"href":"https:\/\/www.welovecycling.com\/es\/wp-json\/wp\/v2\/users\/29"}],"replies":[{"embeddable":true,"href":"https:\/\/www.welovecycling.com\/es\/wp-json\/wp\/v2\/comments?post=6713"}],"version-history":[{"count":2,"href":"https:\/\/www.welovecycling.com\/es\/wp-json\/wp\/v2\/posts\/6713\/revisions"}],"predecessor-version":[{"id":6719,"href":"https:\/\/www.welovecycling.com\/es\/wp-json\/wp\/v2\/posts\/6713\/revisions\/6719"}],"wp:featuredmedia":[{"embeddable":true,"href":"https:\/\/www.welovecycling.com\/es\/wp-json\/wp\/v2\/media\/6718"}],"wp:attachment":[{"href":"https:\/\/www.welovecycling.com\/es\/wp-json\/wp\/v2\/media?parent=6713"}],"wp:term":[{"taxonomy":"category","embeddable":true,"href":"https:\/\/www.welovecycling.com\/es\/wp-json\/wp\/v2\/categories?post=6713"},{"taxonomy":"post_tag","embeddable":true,"href":"https:\/\/www.welovecycling.com\/es\/wp-json\/wp\/v2\/tags?post=6713"},{"taxonomy":"global-categories","embeddable":true,"href":"https:\/\/www.welovecycling.com\/es\/wp-json\/wp\/v2\/global-categories?post=6713"}],"curies":[{"name":"wp","href":"https:\/\/api.w.org\/{rel}","templated":true}]}}