{"id":6679,"date":"2020-09-18T12:58:08","date_gmt":"2020-09-18T10:58:08","guid":{"rendered":"https:\/\/www.welovecycling.com\/es\/?p=6679"},"modified":"2020-09-18T12:58:08","modified_gmt":"2020-09-18T10:58:08","slug":"tour-1964-anquetil-poulidor","status":"publish","type":"post","link":"https:\/\/www.welovecycling.com\/es\/2020\/09\/18\/tour-1964-anquetil-poulidor\/","title":{"rendered":"La batalla del Tour de 1964. Anquetil contra Poulidor"},"content":{"rendered":"<p><strong>No puede haber una batalla legendaria sin dos rivales con igualdad de fuerzas. El Tour de 1964 tuvo a Raymond Poulidor y Jacques Anquetil. Ambos ten\u00edan las habilidades para ganar el Tour pero no pod\u00edan ser m\u00e1s diferentes. Revisemos una de sus batallas m\u00e1s memorables.<\/strong><\/p>\n<p><!--more--><\/p>\n<p>Jacques Anquetil es una leyenda del ciclismo. Fue la primera persona en ganar el Tour cinco veces. En 1961, gan\u00f3 el maillot amarillo en la primera etapa y lo conserv\u00f3 hasta la \u00faltima. Fue una fuerza dominante en su \u00e9poca. Era el hombre a vencer en 1964. Su rival, Raymond Poulidor, se cri\u00f3 en una granja y ten\u00eda un enorme talento natural. En 1959, fue fichado por Mercier, el mismo equipo donde Anquetil comenz\u00f3. Despu\u00e9s de dos buenas actuaciones en el Tour y un triunfo en la Vuelta, estaba listo para desafiar a Anquetil por el t\u00edtulo en 1964.<\/p>\n<figure id=\"attachment_6680\" aria-describedby=\"caption-attachment-6680\" style=\"width: 1019px\" class=\"wp-caption alignnone\"><a href=\"https:\/\/d2p6e6u75xmxt8.cloudfront.net\/2\/2020\/09\/profimedia-0068093164.jpg\"><img loading=\"lazy\" decoding=\"async\" class=\"wp-image-6680 size-large\" src=\"https:\/\/d2p6e6u75xmxt8.cloudfront.net\/6\/2020\/09\/profimedia-0068093164-1019x1024.jpg\" alt=\"Jacques Anquetil\" width=\"1019\" height=\"1024\" srcset=\"https:\/\/d2p6e6u75xmxt8.cloudfront.net\/6\/2020\/09\/profimedia-0068093164-1019x1024.jpg 1019w, https:\/\/d2p6e6u75xmxt8.cloudfront.net\/6\/2020\/09\/profimedia-0068093164-300x300.jpg 300w, https:\/\/d2p6e6u75xmxt8.cloudfront.net\/6\/2020\/09\/profimedia-0068093164-150x150.jpg 150w, https:\/\/d2p6e6u75xmxt8.cloudfront.net\/6\/2020\/09\/profimedia-0068093164-768x772.jpg 768w, https:\/\/d2p6e6u75xmxt8.cloudfront.net\/6\/2020\/09\/profimedia-0068093164.jpg 1244w\" sizes=\"auto, (max-width: 1019px) 100vw, 1019px\" \/><\/a><figcaption id=\"caption-attachment-6680\" class=\"wp-caption-text\">Anquetil a rueda de Bahamontes. \u00a9 Profimedia<\/figcaption><\/figure>\n<p>&nbsp;<\/p>\n<p>Poulidor tambi\u00e9n ten\u00eda a los fans franceses de su lado. Era el polo opuesto de Jacques. <strong>Anquetil era el arist\u00f3crata<\/strong> ciclista con sus p\u00f3mulos altos, su cabello rubio y liso, su piel p\u00e1lida y suave, su acento del norte de Francia y su elegante estilo ciclista. <strong>Poulidor era un hombre del pueblo<\/strong>, hablaba despacio con acento franc\u00e9s medio, ten\u00eda la piel arrugada y bronceada por el sol, y parec\u00eda un bulldog pedaleando en la bicicleta.<\/p>\n<p>Su enfrentamiento m\u00e1s dram\u00e1tico fue durante la etapa 20 de aquel <strong>Tour del 64.<\/strong> Anquetil ten\u00eda el maillot amarillo pero Poulidor s\u00f3lo iba a la zaga por 56 segundos. El plan de Poulidor era atacar durante la subida al Puy de D\u00f4me y tomar la delantera en la general.<\/p>\n<p>La escena estaba preparada. Estuvieron subiendo durante 10 kil\u00f3metros por un camino empinado hasta el famoso cr\u00e1ter del <a href=\"https:\/\/www.welovecycling.com\/wide\/2017\/11\/01\/gallery-racing-roots-old-tour-de-france\/\" target=\"_blank\" rel=\"noopener noreferrer\">Puy de D\u00f4me<\/a>. Uno al lado del otro, hombro con hombro, codo con codo, estaban unidos por el dolor y el empuje. Pod\u00edan o\u00edrse jadeando a pesar de que medio mill\u00f3n de fans los animaban. Era una vista para contemplar, una intensa lucha. Poulidor era el favorito porque era el mejor escalador pero Anquetil estaba usando su mejor arma, la estrategia. Estaba tomando el carril interior, m\u00e1s cerca de la monta\u00f1a. <strong>Tres veces fingi\u00f3 que no pod\u00eda igualar el ritmo. Tres veces Poulidor intent\u00f3 soltarlo sin \u00e9xito, agot\u00e1ndose<\/strong>. Cuando Poulidor intent\u00f3 atacar de nuevo, Anquetil se agarr\u00f3 a al maillot amarillo sabiendo que no pod\u00eda responder con otro ataque con sus piernas. Anquetil perdi\u00f3 la batalla moral pero se las arregl\u00f3 para mantenerse en la pelea.<\/p>\n<figure id=\"attachment_6681\" aria-describedby=\"caption-attachment-6681\" style=\"width: 1024px\" class=\"wp-caption alignnone\"><a href=\"https:\/\/d2p6e6u75xmxt8.cloudfront.net\/2\/2020\/09\/profimedia-0068092118.jpg\"><img loading=\"lazy\" decoding=\"async\" class=\"wp-image-6681 size-large\" src=\"https:\/\/d2p6e6u75xmxt8.cloudfront.net\/6\/2020\/09\/profimedia-0068092118-1024x798.jpg\" alt=\"Raymond Poulidor\" width=\"1024\" height=\"798\" srcset=\"https:\/\/d2p6e6u75xmxt8.cloudfront.net\/6\/2020\/09\/profimedia-0068092118-1024x798.jpg 1024w, https:\/\/d2p6e6u75xmxt8.cloudfront.net\/6\/2020\/09\/profimedia-0068092118-300x234.jpg 300w, https:\/\/d2p6e6u75xmxt8.cloudfront.net\/6\/2020\/09\/profimedia-0068092118-768x598.jpg 768w, https:\/\/d2p6e6u75xmxt8.cloudfront.net\/6\/2020\/09\/profimedia-0068092118.jpg 1250w\" sizes=\"auto, (max-width: 1024px) 100vw, 1024px\" \/><\/a><figcaption id=\"caption-attachment-6681\" class=\"wp-caption-text\">Poulidor y Federico\u00a0 Mart\u00edn Bahamont\u00e8s. \u00a9 Profimedia<\/figcaption><\/figure>\n<p>&#8220;Yo iba m\u00e1s despacio, \u00e9l iba m\u00e1s despacio. Yo atacaba, \u00e9l respond\u00eda. Fue incre\u00edble. Nunca sent\u00ed tanto sufrimiento en una bicicleta&#8221;, admiti\u00f3 Poulidor al relatar los hechos.<\/p>\n<p>Poulidor consigui\u00f3 dejar atr\u00e1s a su rival unos 500 metros antes de la cima. Anquetil perd\u00eda terreno r\u00e1pidamente pero esperaba que no lo suficiente. Poulidor no pudo robar los 56 segundos que necesitaba en ese momento, \u00bfverdad?<\/p>\n<p>Poulidor gan\u00f3 la etapa. Anquetil termin\u00f3 despu\u00e9s de \u00e9l y casi se desplom\u00f3 en el coche de su equipo. No pudo recuperar el aliento. Su piel se volvi\u00f3 p\u00farpura y luego blanca, pero a\u00fan as\u00ed sigui\u00f3 contando.<\/p>\n<p>&#8220;\u00bfCu\u00e1ntos?&#8221; pregunt\u00f3.<\/p>\n<p><strong>&#8220;Mantuviste 14 segundos&#8221;, escuch\u00f3 en respuesta<\/strong>.<\/p>\n<p>&#8220;Es m\u00e1s de lo que necesitaba&#8221;, jade\u00f3 aliviado.<\/p>\n<p>La etapa final fue una contrarreloj en la que Anquetil era el favorito porque era su disciplina. Poulidor corri\u00f3 muy r\u00e1pido y se aferr\u00f3 al mejor tiempo del d\u00eda antes de que fuera el turno de Anquetil. Poulidor fue m\u00e1s r\u00e1pido en la primera mitad\u00a0 por 5 segundos. Eso le dio la esperanza de que podr\u00eda haber hecho lo suficiente. Anquetil fue mucho m\u00e1s r\u00e1pido en la segunda mitad y gan\u00f3 la contrarreloj y todo el Tour por 55 segundos. En ese momento era el margen m\u00e1s peque\u00f1o de la historia.<\/p>\n<figure id=\"attachment_6682\" aria-describedby=\"caption-attachment-6682\" style=\"width: 1024px\" class=\"wp-caption alignnone\"><a href=\"https:\/\/d2p6e6u75xmxt8.cloudfront.net\/2\/2020\/09\/profimedia-0068096148.jpg\"><img loading=\"lazy\" decoding=\"async\" class=\"wp-image-6682 size-large\" src=\"https:\/\/d2p6e6u75xmxt8.cloudfront.net\/6\/2020\/09\/profimedia-0068096148-1024x693.jpg\" alt=\"1964 Tour\" width=\"1024\" height=\"693\" srcset=\"https:\/\/d2p6e6u75xmxt8.cloudfront.net\/6\/2020\/09\/profimedia-0068096148-1024x693.jpg 1024w, https:\/\/d2p6e6u75xmxt8.cloudfront.net\/6\/2020\/09\/profimedia-0068096148-300x203.jpg 300w, https:\/\/d2p6e6u75xmxt8.cloudfront.net\/6\/2020\/09\/profimedia-0068096148-768x520.jpg 768w, https:\/\/d2p6e6u75xmxt8.cloudfront.net\/6\/2020\/09\/profimedia-0068096148.jpg 1250w\" sizes=\"auto, (max-width: 1024px) 100vw, 1024px\" \/><\/a><figcaption id=\"caption-attachment-6682\" class=\"wp-caption-text\">Anquetil y Poulidor en la vuelta por el Parque de los Pr\u00edncipes de Paris. \u00a9 Profimedia<\/figcaption><\/figure>\n<p><strong>Los fans en Par\u00eds no estaban felices de que su favorito Poulidor hab\u00eda perdido<\/strong> y no vitorearon al campe\u00f3n. Eso es lo que Anquetil tuvo que enfrentar. Poulidor fue siempre el favorito de los fans, pero Jacques Anquetil consigui\u00f3 el importante quinto t\u00edtulo. Para nosotros, una batalla para el recuerdo.<\/p>\n","protected":false},"excerpt":{"rendered":"<p>No puede haber una batalla legendaria sin dos rivales con igualdad de fuerzas. El Tour de 1964 tuvo a Raymond [&hellip;]<\/p>\n","protected":false},"author":29,"featured_media":6684,"comment_status":"open","ping_status":"open","sticky":false,"template":"","format":"standard","meta":{"footnotes":""},"categories":[7],"tags":[1800,1802,1804,1803,1805,1801,1799],"global-categories":[],"class_list":["post-6679","post","type-post","status-publish","format-standard","has-post-thumbnail","hentry","category-carretera","tag-anquetil","tag-anquetil-contra-poulidor","tag-batallas-epicas-del-tour","tag-etapas-epicas-del-tour","tag-mejores-etapas-del-tour","tag-poulidor","tag-tour-1964"],"yoast_head":"<!-- This site is optimized with the Yoast SEO Premium plugin v25.3 (Yoast SEO v25.9) - https:\/\/yoast.com\/wordpress\/plugins\/seo\/ -->\n<title>La batalla del Tour de 1964. Anquetil contra Poulidor<\/title>\n<meta name=\"description\" content=\"La batalla del Tour de 1964. Anquetil contra Poulidor. La etapa del Puy de Dome marc\u00f3 el Tour m\u00e1s igualado hasta ese a\u00f1o.\" \/>\n<meta name=\"robots\" content=\"index, follow, max-snippet:-1, max-image-preview:large, max-video-preview:-1\" \/>\n<link rel=\"canonical\" href=\"https:\/\/www.welovecycling.com\/es\/2020\/09\/18\/tour-1964-anquetil-poulidor\/\" \/>\n<meta property=\"og:locale\" content=\"es_ES\" \/>\n<meta property=\"og:type\" content=\"article\" \/>\n<meta property=\"og:title\" content=\"La batalla del Tour de 1964. Anquetil contra Poulidor\" \/>\n<meta property=\"og:description\" content=\"La batalla del Tour de 1964. Anquetil contra Poulidor. La etapa del Puy de Dome marc\u00f3 el Tour m\u00e1s igualado hasta ese a\u00f1o.\" \/>\n<meta property=\"og:url\" content=\"https:\/\/www.welovecycling.com\/es\/2020\/09\/18\/tour-1964-anquetil-poulidor\/\" \/>\n<meta property=\"og:site_name\" content=\"\u0160koda We Love Cycling - Spain\" \/>\n<meta property=\"article:published_time\" content=\"2020-09-18T10:58:08+00:00\" \/>\n<meta property=\"og:image\" content=\"https:\/\/d2p6e6u75xmxt8.cloudfront.net\/6\/2020\/09\/anquetil-poulidor-profimedia-0289505694-CVR.jpg\" \/>\n\t<meta property=\"og:image:width\" content=\"1366\" \/>\n\t<meta property=\"og:image:height\" content=\"600\" \/>\n\t<meta property=\"og:image:type\" content=\"image\/jpeg\" \/>\n<meta name=\"author\" content=\"We Love Cycling Spain\" \/>\n<meta name=\"twitter:card\" content=\"summary_large_image\" \/>\n<meta name=\"twitter:title\" content=\"La batalla del Tour de 1964. Anquetil contra Poulidor\" \/>\n<meta name=\"twitter:description\" content=\"La batalla del Tour de 1964. Anquetil contra Poulidor. La etapa del Puy de Dome marc\u00f3 el Tour m\u00e1s igualado hasta ese a\u00f1o.\" \/>\n<meta name=\"twitter:label1\" content=\"Written by\" \/>\n\t<meta name=\"twitter:data1\" content=\"Jiri Kaloc\" \/>\n\t<meta name=\"twitter:label2\" content=\"Est. reading time\" \/>\n\t<meta name=\"twitter:data2\" content=\"5\" \/>\n<script type=\"application\/ld+json\" class=\"yoast-schema-graph\">{\"@context\":\"https:\/\/schema.org\",\"@graph\":[{\"@type\":\"WebPage\",\"@id\":\"https:\/\/www.welovecycling.com\/es\/2020\/09\/18\/tour-1964-anquetil-poulidor\/\",\"url\":\"https:\/\/www.welovecycling.com\/es\/2020\/09\/18\/tour-1964-anquetil-poulidor\/\",\"name\":\"La batalla del Tour de 1964. Anquetil contra Poulidor\",\"isPartOf\":{\"@id\":\"https:\/\/www.welovecycling.com\/es\/#website\"},\"primaryImageOfPage\":{\"@id\":\"https:\/\/www.welovecycling.com\/es\/2020\/09\/18\/tour-1964-anquetil-poulidor\/#primaryimage\"},\"image\":{\"@id\":\"https:\/\/www.welovecycling.com\/es\/2020\/09\/18\/tour-1964-anquetil-poulidor\/#primaryimage\"},\"thumbnailUrl\":\"https:\/\/d2p6e6u75xmxt8.cloudfront.net\/6\/2020\/09\/anquetil-poulidor-profimedia-0289505694-CVR.jpg\",\"datePublished\":\"2020-09-18T10:58:08+00:00\",\"author\":{\"@id\":\"https:\/\/www.welovecycling.com\/es\/#\/schema\/person\/deb61715b5812698ee79fb96f343ccd4\"},\"description\":\"La batalla del Tour de 1964. Anquetil contra Poulidor. La etapa del Puy de Dome marc\u00f3 el Tour m\u00e1s igualado hasta ese a\u00f1o.\",\"breadcrumb\":{\"@id\":\"https:\/\/www.welovecycling.com\/es\/2020\/09\/18\/tour-1964-anquetil-poulidor\/#breadcrumb\"},\"inLanguage\":\"es-ES\",\"potentialAction\":[{\"@type\":\"ReadAction\",\"target\":[\"https:\/\/www.welovecycling.com\/es\/2020\/09\/18\/tour-1964-anquetil-poulidor\/\"]}]},{\"@type\":\"ImageObject\",\"inLanguage\":\"es-ES\",\"@id\":\"https:\/\/www.welovecycling.com\/es\/2020\/09\/18\/tour-1964-anquetil-poulidor\/#primaryimage\",\"url\":\"https:\/\/d2p6e6u75xmxt8.cloudfront.net\/6\/2020\/09\/anquetil-poulidor-profimedia-0289505694-CVR.jpg\",\"contentUrl\":\"https:\/\/d2p6e6u75xmxt8.cloudfront.net\/6\/2020\/09\/anquetil-poulidor-profimedia-0289505694-CVR.jpg\",\"width\":1366,\"height\":600,\"caption\":\"1964 Tour\"},{\"@type\":\"BreadcrumbList\",\"@id\":\"https:\/\/www.welovecycling.com\/es\/2020\/09\/18\/tour-1964-anquetil-poulidor\/#breadcrumb\",\"itemListElement\":[{\"@type\":\"ListItem\",\"position\":1,\"name\":\"Home\",\"item\":\"https:\/\/www.welovecycling.com\/es\/\"},{\"@type\":\"ListItem\",\"position\":2,\"name\":\"La batalla del Tour de 1964. Anquetil contra Poulidor\"}]},{\"@type\":\"WebSite\",\"@id\":\"https:\/\/www.welovecycling.com\/es\/#website\",\"url\":\"https:\/\/www.welovecycling.com\/es\/\",\"name\":\"\u0160koda We Love Cycling - Spain\",\"description\":\"\u0160koda WeLoveCycling Spain\",\"potentialAction\":[{\"@type\":\"SearchAction\",\"target\":{\"@type\":\"EntryPoint\",\"urlTemplate\":\"https:\/\/www.welovecycling.com\/es\/?s={search_term_string}\"},\"query-input\":{\"@type\":\"PropertyValueSpecification\",\"valueRequired\":true,\"valueName\":\"search_term_string\"}}],\"inLanguage\":\"es-ES\"},{\"@type\":\"Person\",\"@id\":\"https:\/\/www.welovecycling.com\/es\/#\/schema\/person\/deb61715b5812698ee79fb96f343ccd4\",\"name\":\"We Love Cycling Spain\",\"image\":{\"@type\":\"ImageObject\",\"inLanguage\":\"es-ES\",\"@id\":\"https:\/\/www.welovecycling.com\/es\/#\/schema\/person\/image\/\",\"url\":\"https:\/\/secure.gravatar.com\/avatar\/c824b04e6df0e37a03219d0b6481672889df542894588964102459e46513159c?s=96&d=mm&r=g\",\"contentUrl\":\"https:\/\/secure.gravatar.com\/avatar\/c824b04e6df0e37a03219d0b6481672889df542894588964102459e46513159c?s=96&d=mm&r=g\",\"caption\":\"We Love Cycling Spain\"},\"url\":\"https:\/\/www.welovecycling.com\/es\/author\/amunoz\/\"}]}<\/script>\n<!-- \/ Yoast SEO Premium plugin. -->","yoast_head_json":{"title":"La batalla del Tour de 1964. Anquetil contra Poulidor","description":"La batalla del Tour de 1964. Anquetil contra Poulidor. La etapa del Puy de Dome marc\u00f3 el Tour m\u00e1s igualado hasta ese a\u00f1o.","robots":{"index":"index","follow":"follow","max-snippet":"max-snippet:-1","max-image-preview":"max-image-preview:large","max-video-preview":"max-video-preview:-1"},"canonical":"https:\/\/www.welovecycling.com\/es\/2020\/09\/18\/tour-1964-anquetil-poulidor\/","og_locale":"es_ES","og_type":"article","og_title":"La batalla del Tour de 1964. Anquetil contra Poulidor","og_description":"La batalla del Tour de 1964. Anquetil contra Poulidor. La etapa del Puy de Dome marc\u00f3 el Tour m\u00e1s igualado hasta ese a\u00f1o.","og_url":"https:\/\/www.welovecycling.com\/es\/2020\/09\/18\/tour-1964-anquetil-poulidor\/","og_site_name":"\u0160koda We Love Cycling - Spain","article_published_time":"2020-09-18T10:58:08+00:00","og_image":[{"width":1366,"height":600,"url":"https:\/\/d2p6e6u75xmxt8.cloudfront.net\/6\/2020\/09\/anquetil-poulidor-profimedia-0289505694-CVR.jpg","type":"image\/jpeg"}],"author":"We Love Cycling Spain","twitter_card":"summary_large_image","twitter_title":"La batalla del Tour de 1964. Anquetil contra Poulidor","twitter_description":"La batalla del Tour de 1964. Anquetil contra Poulidor. La etapa del Puy de Dome marc\u00f3 el Tour m\u00e1s igualado hasta ese a\u00f1o.","twitter_misc":{"Written by":"Jiri Kaloc","Est. reading time":"5"},"schema":{"@context":"https:\/\/schema.org","@graph":[{"@type":"WebPage","@id":"https:\/\/www.welovecycling.com\/es\/2020\/09\/18\/tour-1964-anquetil-poulidor\/","url":"https:\/\/www.welovecycling.com\/es\/2020\/09\/18\/tour-1964-anquetil-poulidor\/","name":"La batalla del Tour de 1964. Anquetil contra Poulidor","isPartOf":{"@id":"https:\/\/www.welovecycling.com\/es\/#website"},"primaryImageOfPage":{"@id":"https:\/\/www.welovecycling.com\/es\/2020\/09\/18\/tour-1964-anquetil-poulidor\/#primaryimage"},"image":{"@id":"https:\/\/www.welovecycling.com\/es\/2020\/09\/18\/tour-1964-anquetil-poulidor\/#primaryimage"},"thumbnailUrl":"https:\/\/d2p6e6u75xmxt8.cloudfront.net\/6\/2020\/09\/anquetil-poulidor-profimedia-0289505694-CVR.jpg","datePublished":"2020-09-18T10:58:08+00:00","author":{"@id":"https:\/\/www.welovecycling.com\/es\/#\/schema\/person\/deb61715b5812698ee79fb96f343ccd4"},"description":"La batalla del Tour de 1964. Anquetil contra Poulidor. La etapa del Puy de Dome marc\u00f3 el Tour m\u00e1s igualado hasta ese a\u00f1o.","breadcrumb":{"@id":"https:\/\/www.welovecycling.com\/es\/2020\/09\/18\/tour-1964-anquetil-poulidor\/#breadcrumb"},"inLanguage":"es-ES","potentialAction":[{"@type":"ReadAction","target":["https:\/\/www.welovecycling.com\/es\/2020\/09\/18\/tour-1964-anquetil-poulidor\/"]}]},{"@type":"ImageObject","inLanguage":"es-ES","@id":"https:\/\/www.welovecycling.com\/es\/2020\/09\/18\/tour-1964-anquetil-poulidor\/#primaryimage","url":"https:\/\/d2p6e6u75xmxt8.cloudfront.net\/6\/2020\/09\/anquetil-poulidor-profimedia-0289505694-CVR.jpg","contentUrl":"https:\/\/d2p6e6u75xmxt8.cloudfront.net\/6\/2020\/09\/anquetil-poulidor-profimedia-0289505694-CVR.jpg","width":1366,"height":600,"caption":"1964 Tour"},{"@type":"BreadcrumbList","@id":"https:\/\/www.welovecycling.com\/es\/2020\/09\/18\/tour-1964-anquetil-poulidor\/#breadcrumb","itemListElement":[{"@type":"ListItem","position":1,"name":"Home","item":"https:\/\/www.welovecycling.com\/es\/"},{"@type":"ListItem","position":2,"name":"La batalla del Tour de 1964. Anquetil contra Poulidor"}]},{"@type":"WebSite","@id":"https:\/\/www.welovecycling.com\/es\/#website","url":"https:\/\/www.welovecycling.com\/es\/","name":"\u0160koda We Love Cycling - Spain","description":"\u0160koda WeLoveCycling Spain","potentialAction":[{"@type":"SearchAction","target":{"@type":"EntryPoint","urlTemplate":"https:\/\/www.welovecycling.com\/es\/?s={search_term_string}"},"query-input":{"@type":"PropertyValueSpecification","valueRequired":true,"valueName":"search_term_string"}}],"inLanguage":"es-ES"},{"@type":"Person","@id":"https:\/\/www.welovecycling.com\/es\/#\/schema\/person\/deb61715b5812698ee79fb96f343ccd4","name":"We Love Cycling Spain","image":{"@type":"ImageObject","inLanguage":"es-ES","@id":"https:\/\/www.welovecycling.com\/es\/#\/schema\/person\/image\/","url":"https:\/\/secure.gravatar.com\/avatar\/c824b04e6df0e37a03219d0b6481672889df542894588964102459e46513159c?s=96&d=mm&r=g","contentUrl":"https:\/\/secure.gravatar.com\/avatar\/c824b04e6df0e37a03219d0b6481672889df542894588964102459e46513159c?s=96&d=mm&r=g","caption":"We Love Cycling Spain"},"url":"https:\/\/www.welovecycling.com\/es\/author\/amunoz\/"}]}},"_links":{"self":[{"href":"https:\/\/www.welovecycling.com\/es\/wp-json\/wp\/v2\/posts\/6679","targetHints":{"allow":["GET"]}}],"collection":[{"href":"https:\/\/www.welovecycling.com\/es\/wp-json\/wp\/v2\/posts"}],"about":[{"href":"https:\/\/www.welovecycling.com\/es\/wp-json\/wp\/v2\/types\/post"}],"author":[{"embeddable":true,"href":"https:\/\/www.welovecycling.com\/es\/wp-json\/wp\/v2\/users\/29"}],"replies":[{"embeddable":true,"href":"https:\/\/www.welovecycling.com\/es\/wp-json\/wp\/v2\/comments?post=6679"}],"version-history":[{"count":2,"href":"https:\/\/www.welovecycling.com\/es\/wp-json\/wp\/v2\/posts\/6679\/revisions"}],"predecessor-version":[{"id":6685,"href":"https:\/\/www.welovecycling.com\/es\/wp-json\/wp\/v2\/posts\/6679\/revisions\/6685"}],"wp:featuredmedia":[{"embeddable":true,"href":"https:\/\/www.welovecycling.com\/es\/wp-json\/wp\/v2\/media\/6684"}],"wp:attachment":[{"href":"https:\/\/www.welovecycling.com\/es\/wp-json\/wp\/v2\/media?parent=6679"}],"wp:term":[{"taxonomy":"category","embeddable":true,"href":"https:\/\/www.welovecycling.com\/es\/wp-json\/wp\/v2\/categories?post=6679"},{"taxonomy":"post_tag","embeddable":true,"href":"https:\/\/www.welovecycling.com\/es\/wp-json\/wp\/v2\/tags?post=6679"},{"taxonomy":"global-categories","embeddable":true,"href":"https:\/\/www.welovecycling.com\/es\/wp-json\/wp\/v2\/global-categories?post=6679"}],"curies":[{"name":"wp","href":"https:\/\/api.w.org\/{rel}","templated":true}]}}