{"id":6660,"date":"2020-09-14T12:06:10","date_gmt":"2020-09-14T10:06:10","guid":{"rendered":"https:\/\/www.welovecycling.com\/es\/?p=6660"},"modified":"2020-09-14T12:22:54","modified_gmt":"2020-09-14T10:22:54","slug":"alpes-tour-de-francia","status":"publish","type":"post","link":"https:\/\/www.welovecycling.com\/es\/2020\/09\/14\/alpes-tour-de-francia\/","title":{"rendered":"Los Alpes m\u00e1s innovadores del Tour de Francia"},"content":{"rendered":"<p><strong>La organizaci\u00f3n del Tour no suele ser la m\u00e1s innovadora en cuanto a recorridos y nuevos puertos de monta\u00f1a. La carrera francesa vive de sus mitos y en Alpes se llaman, Galibier, Croix de Fer, Alpe d\u00b4Huez o Izoard. Pues bien, en este 2020 hay tres etapas en los Alpes y una en los pre Alpes y no se sube ninguno de ellos. El puerto m\u00e1s alto es un in\u00e9dito Col de la Loze. ASO se ha lanzado a buscar nuevas cimas, aunque siempre lo hace con pruebas previas.<\/strong><!--more--><\/p>\n<p>Para descubrir nuevos puertos para e<strong>l Tour de Francia ya no se utiliza el m\u00e9todo antiguo<\/strong>. Aquel en el que Steines se iba a Tourmalet a principios del siglo XX cuando estaba cubierto por la nieve y le dec\u00eda por tel\u00e9grafo a Henri Desgranges que s\u00ed, que era ciclable y que por all\u00ed pod\u00eda pasar la carrera meses despu\u00e9s.<\/p>\n<p>Ahora la organizaci\u00f3n tiene en cuenta otros aspectos. Para que sea puerto de paso algunos menos, sobre todo que tenga un descenso con una carretera con firme aceptable, pero si la monta\u00f1a en cuesti\u00f3n debe ser final de etapa, todo se complica. Lo primero, que <strong>haya espacio suficiente en la cima para albergar una meta del Tour de Francia, medios audiovisuales incluidos, por lo que tienen que subir al menos dos o tres camiones.<\/strong> No olvidemos que el Tour es importante porque todo el mundo lo puede ver por los medios de comunicaci\u00f3n. Sin cobertura medi\u00e1tica, no hay Tour. Tambi\u00e9n que en los alrededores tambi\u00e9n se puede aparcar toda la caravana de veh\u00edculos del Tour. Adem\u00e1s de que se pueda hacer una evacuaci\u00f3n r\u00e1pida y que haya suficiente cantidad de camas de hotel en 50 kil\u00f3metros a la redonda.<\/p>\n<figure style=\"width: 1000px\" class=\"wp-caption alignnone\"><img loading=\"lazy\" decoding=\"async\" class=\"size-extra-large\" src=\"https:\/\/img.aso.fr\/core_app\/img-cycling-tdf-jpg\/paysage-2\/22798\/0:0,1200:800-1000-0-70\/f0aaa\" width=\"1000\" height=\"667\" \/><figcaption class=\"wp-caption-text\">Foto. ASO<\/figcaption><\/figure>\n<p>Todo eso reduce la n\u00f3mina de posibles nuevos &#8216;puertos&#8217; con opciones de albergar una meta del Tour. En los \u00faltimos a\u00f1os el &#8216;gran&#8217; descubrimiento ha sido el <strong><a href=\"https:\/\/www.colduportet.fr\/es\/el-col-du-portet\" target=\"_blank\" rel=\"noopener noreferrer\">Col du Portet<\/a>, en Pirineos.<\/strong> Realmente no era todo nuevo, sino que parte de la ascensi\u00f3n coincid\u00eda con el inicio de Pla de Adet y en la zona donde se bifurcaba la carretera estaba montado casi toda la infraestructura del Tour.<\/p>\n<h3><strong>GRAND COLOMBIERE Y COL DE PORTE<\/strong><\/h3>\n<p>Para la primera llegada de <strong>Alpes del Tour<\/strong>, en la ya lejana primera semana, la carrera eligi\u00f3 Orcieres Merlette. Una estaci\u00f3n de esqu\u00ed que ya hab\u00eda sido final en los a\u00f1os ochenta. El domingo 13 de septiembre se lleg\u00f3 a<strong> Grand Colombiere,<\/strong> que no es Alpes, sino el Jura. El Tour ya hab\u00eda &#8216;probado&#8217; la subida como puerto de paso en tres ocasiones y el tramo final de la etapa, los \u00faltimos 90 kil\u00f3metros, fueron id\u00e9nticos a los que se hab\u00edan hecho un mes antes en el Tour de L&#8217;Ain, que ejerci\u00f3 como ensayo general de lo que iba a ser la etapa 15\u00aa. Y el resultado deportivo tambi\u00e9n fue similar, con exhibici\u00f3n de <strong>Jumbo Visma y Primoz Roglic.<br \/>\n<\/strong><\/p>\n<figure style=\"width: 1000px\" class=\"wp-caption alignnone\"><img loading=\"lazy\" decoding=\"async\" class=\"size-extra-large\" src=\"https:\/\/img.aso.fr\/core_app\/img-cycling-tdf-jpg\/paysage\/23588\/0:0,1200:800-1000-0-70\/a77a2\" width=\"1000\" height=\"667\" \/><figcaption class=\"wp-caption-text\">Foto ASO<\/figcaption><\/figure>\n<p>&nbsp;<\/p>\n<p>El<strong> martes 15 de septiembre el Tour vuelve a jugar en los Pre Alpes.<\/strong> Las carreteras de los alrededores de Grenoble y el macizo de La Chartreuse. Se sube el <strong>Col de Porte<\/strong>, al que el Tour no iba desde 1998 cuando pas\u00f3 por alli en cabeza Stephen Heulot. El ensayo general fue en la segunda etapa de la Dauphin\u00e9 hace justo un mes, aunque ascendieron por una vertiente diferente a la del Tour.<\/p>\n<h3><strong>COL DE LA LOZE Y COL DE LA MADELEINE<\/strong><\/h3>\n<p>Para el d\u00eda siguiente, mi\u00e9rcoles 16 de septiembre, el Tour ha buscado &#8216;su Col de Portet&#8217; de 2020 y se llama <a href=\"https:\/\/www.letour.fr\/es\/etapa-17\" target=\"_blank\" rel=\"noopener noreferrer\">Col de la Loze<\/a>. Est\u00e1 situado muy cerca de otras ascensiones, <strong>Val Thorens, Courchevel, La Plagne o Les Arcs<\/strong>, todo estaciones de esqu\u00ed y sin carretera de salida, por lo que siempre han sido final de etapa.\u00a0 El <strong>Col de la Loze<\/strong> es la continuaci\u00f3n de la carretera que llega a la estaci\u00f3n de esqu\u00ed de <strong>M\u00e9ribel les Allues de Moutiers<\/strong> (1750 metros de altitud), que ya hab\u00eda sido final de etapa en 1973, con victoria de Thevenet (ahora imagen del Tour en el podio) y liderato de Luis Oca\u00f1a. El nuevo asfaltado permite alargar la subida <strong>10 kil\u00f3metros m\u00e1s y llegar hasta los 2304 metros de altitud y &#8216;crea&#8217; un puerto de 21 km al 7,8% de media pero con los \u00faltimos cinco por encima del 10% y con rampas de hasta el 24%<\/strong>. Con tanta altitud parec\u00eda el puerto destinado a que Egan Bernal o Nairo Quintana buscasen el amarillo, pero ahora mismo lo tienen bastante complicado.<\/p>\n<p><img loading=\"lazy\" decoding=\"async\" class=\"alignnone size-extra-large\" src=\"https:\/\/img.aso.fr\/core_app\/img-cycling-tdf-jpg\/col-2-17\/20920\/0:0,1812:2205-960-0-70\/01edf\" width=\"960\" height=\"1168\" \/>Pero no crean que el Tour de Francia no ha hecho pruebas antes y que todo fue fruto de un descubrimiento tard\u00edo. En<strong> 2019 el Tour del Porvenir, carrera sub-23 que tambi\u00e9n organiza ASO, ya &#8216;prob\u00f3&#8217; el puerto en su octava etapa<\/strong>. Fue un 23 de agosto y gan\u00f3 el australiano <a href=\"https:\/\/www.procyclingstats.com\/race\/tour-de-l-avenir\/2019\/stage-8\" target=\"_blank\" rel=\"noopener noreferrer\">Alexander Evans<\/a>. Eso s\u00ed, la etapa fue &#8216;simplemente&#8217; la ascensi\u00f3n al Col de La Loze. 23 kil\u00f3metros y 1.700 metros de desnivel. Entonces los \u00faltimos kil\u00f3metros de subida estaban todav\u00eda sin asfaltar. Para 202o solo<strong><a href=\"https:\/\/www.procyclingstats.com\/rider\/harold-tejada\"> Harold Tejada<\/a>,<\/strong> el colombiano del Astan\u00e1, conoce la ascensi\u00f3n en competici\u00f3n, ya que tambi\u00e9n disput\u00f3 el Tour del Porvenir 2019.<\/p>\n<p>Sin embargo, no <strong>crean que el Col de la Loze &#8216;pillar\u00e1&#8217;<\/strong> por sorpresa a los favoritos del Tour. La mayor\u00eda lo visitaron en julio o durante el periodo entre Dauphin\u00e9 y el inicio de la carrera en Niza. Tampoco la &#8216;nueva&#8217; ascensi\u00f3n a La Madeleine, que precede al Col de la Loze.<\/p>\n<div class=\"embed-controller-wrapper\">\n<blockquote class=\"twitter-tweet\" data-width=\"500\" data-dnt=\"true\">\n<p lang=\"fr\" dir=\"ltr\">Encore une belle journ\u00e9e \u00e0 bien travailler. Un sacr\u00e9 final au sommet du Col de la Loze \ud83e\udd24 <a href=\"https:\/\/t.co\/aXRSG4TgfV\">pic.twitter.com\/aXRSG4TgfV<\/a><\/p>\n<p>&mdash; Julian Alaphilippe Officiel (@alafpolak1) <a href=\"https:\/\/twitter.com\/alafpolak1\/status\/1275835962556321794?ref_src=twsrc%5Etfw\">June 24, 2020<\/a><\/p><\/blockquote>\n<p><script async data-src=\"https:\/\/platform.twitter.com\/widgets.js\" charset=\"utf-8\"><\/script><\/div>\n<p>El Tour ha pasado m\u00e1s de 25 veces por la <strong>cima de La Madeleine<\/strong>, tanto por la vertiente norte, desde La Lechere, como la sur, desde La Chambre, pero nunca por el recorrido que lo har\u00e1 en este 2020. Es cierto que se inicia muy cerca de La Chambre, en <strong>Notre Dame du Cruet y que comparte con la esta ascensi\u00f3n los 5,5 kil\u00f3metros finales, desde la estaci\u00f3n de esqu\u00ed de Sain Francoise Longchamps<\/strong>. Lo que cambia son los 12 kil\u00f3metros iniciales por Montgellafrey, que se resumen a un media del 8,6%. Vamos, que no tiene nada que envidiar a la carretera m\u00e1s conocida.\u00a0 Para probarlos, ASO utiliz\u00f3 la tercera etapa de la Dauphine 2020.<\/p>\n<h3><strong>PLATEAU DES GLIERES<\/strong><\/h3>\n<p>Otra de las innovaciones que introduce el Tour en 2020 es un tramo plano de tierra (sterrato para los italianos), justo despu\u00e9s de acabar un puerto y a poco m\u00e1s de 30 kil\u00f3metros de meta. Algo que ya viene probando la carrera desde 2019, cuando la etapa de la <strong>Planche des Belles Filles<\/strong> acab\u00f3 con un kil\u00f3metro final de tierra al 15%. Para este 2020 el sterrato llega como continuaci\u00f3n de la dura ascensi\u00f3n al <strong>Plateau des Glieres en la etapa 18\u00aa del jueves 17 de septiembre<\/strong>, es decir, la \u00faltima de monta\u00f1a en l\u00ednea.<\/p>\n<p><img loading=\"lazy\" decoding=\"async\" class=\"alignnone size-extra-large\" src=\"https:\/\/img.aso.fr\/core_app\/img-cycling-tdf-jpg\/col-5-18\/20921\/0:0,788:1182-960-0-70\/cf671\" width=\"960\" height=\"1440\" \/><\/p>\n<p>Antes habr\u00e1n subido tres cimas habituales del Tour. Cormet de Roselend, Col de Saises y Col de Aravis, por lo que el Plateau des Glieres ser\u00e1 decisivo, ya que desde su cima hay solo 30 a meta. Eso s\u00ed, es duro de verdad. Tiene 6 kil\u00f3metros al 11,6% de media. Es decir, dos m\u00e1s que Marie Blanque con la misma dureza. Al ser tan decisivo no es la primera vez que se sube en el Tour, ya se prob\u00f3 en 2018 m\u00e1s lejos de meta&#8230;. y antes el <strong>banco de pruebas<\/strong> hab\u00eda sido el<a href=\"https:\/\/www.procyclingstats.com\/race\/tour-de-l-avenir\/2013\/stage-7\" target=\"_blank\" rel=\"noopener noreferrer\"> Tour del Porvenir de 2013. Entonces el Plateau des Glieres<\/a> fue el final de la \u00faltima etapa y all\u00ed gan\u00f3 Julien Alaphilippe seguido de Mohoric, Adam Yates, Skujins y Konrad. Todos bien conocidos en este 2020.<\/p>\n","protected":false},"excerpt":{"rendered":"<p>La organizaci\u00f3n del Tour no suele ser la m\u00e1s innovadora en cuanto a recorridos y nuevos puertos de monta\u00f1a. La [&hellip;]<\/p>\n","protected":false},"author":29,"featured_media":6663,"comment_status":"open","ping_status":"open","sticky":false,"template":"","format":"standard","meta":{"footnotes":""},"categories":[7],"tags":[1788,1790,1792,1128,1789,1791,1793,1795,1794],"global-categories":[1164],"class_list":["post-6660","post","type-post","status-publish","format-standard","has-post-thumbnail","hentry","category-carretera","tag-alpes-tour-de-francia","tag-col-de-la-loze","tag-col-de-la-madeleine","tag-egan-bernal","tag-etapa-alpes-tour-de-francia","tag-etapas-decisivas-tour-de-francia","tag-plateau-des-glieres","tag-pogacar-tour-de-francia","tag-roglic-tour-de-francia","global-categories-cycling"],"yoast_head":"<!-- This site is optimized with the Yoast SEO Premium plugin v25.3 (Yoast SEO v25.9) - https:\/\/yoast.com\/wordpress\/plugins\/seo\/ -->\n<title>Los Alpes m\u00e1s innovadores del Tour de Francia - \u0160koda We Love Cycling - Spain<\/title>\n<meta name=\"description\" content=\"Los Alpes m\u00e1s innovadores del Tour de Francia 2020. Las etapas decisivas del Tour en Alpes. La novedad del Col de la Loze y qu\u00e9 criterios sigue el Tour.\" \/>\n<meta name=\"robots\" content=\"index, follow, max-snippet:-1, max-image-preview:large, max-video-preview:-1\" \/>\n<link rel=\"canonical\" href=\"https:\/\/www.welovecycling.com\/es\/2020\/09\/14\/alpes-tour-de-francia\/\" \/>\n<meta property=\"og:locale\" content=\"es_ES\" \/>\n<meta property=\"og:type\" content=\"article\" \/>\n<meta property=\"og:title\" content=\"Los Alpes m\u00e1s innovadores del Tour de Francia 2020\" \/>\n<meta property=\"og:description\" content=\"Los Alpes m\u00e1s innovadores del Tour de Francia 2020. Las etapas decisivas del Tour en Alpes. La novedad del Col de la Loze y qu\u00e9 criterios sigue el Tour.\" \/>\n<meta property=\"og:url\" content=\"https:\/\/www.welovecycling.com\/es\/2020\/09\/14\/alpes-tour-de-francia\/\" \/>\n<meta property=\"og:site_name\" content=\"\u0160koda We Love Cycling - Spain\" \/>\n<meta property=\"article:published_time\" content=\"2020-09-14T10:06:10+00:00\" \/>\n<meta property=\"article:modified_time\" content=\"2020-09-14T10:22:54+00:00\" \/>\n<meta property=\"og:image\" content=\"https:\/\/d2p6e6u75xmxt8.cloudfront.net\/6\/2020\/09\/Tour-2020-Alpes.jpg\" \/>\n\t<meta property=\"og:image:width\" content=\"1000\" \/>\n\t<meta property=\"og:image:height\" content=\"667\" \/>\n\t<meta property=\"og:image:type\" content=\"image\/jpeg\" \/>\n<meta name=\"author\" content=\"We Love Cycling Spain\" \/>\n<meta name=\"twitter:card\" content=\"summary_large_image\" \/>\n<meta name=\"twitter:title\" content=\"Los Alpes m\u00e1s innovadores del Tour de Francia 2020\" \/>\n<meta name=\"twitter:description\" content=\"Los Alpes m\u00e1s innovadores del Tour de Francia 2020. Las etapas decisivas del Tour en Alpes. La novedad del Col de la Loze y qu\u00e9 criterios sigue el Tour.\" \/>\n<meta name=\"twitter:label1\" content=\"Written by\" \/>\n\t<meta name=\"twitter:data1\" content=\"Luis Ortega @ciclored\" \/>\n\t<meta name=\"twitter:label2\" content=\"Est. reading time\" \/>\n\t<meta name=\"twitter:data2\" content=\"7 minutes\" \/>\n<script type=\"application\/ld+json\" class=\"yoast-schema-graph\">{\"@context\":\"https:\/\/schema.org\",\"@graph\":[{\"@type\":\"WebPage\",\"@id\":\"https:\/\/www.welovecycling.com\/es\/2020\/09\/14\/alpes-tour-de-francia\/\",\"url\":\"https:\/\/www.welovecycling.com\/es\/2020\/09\/14\/alpes-tour-de-francia\/\",\"name\":\"Los Alpes m\u00e1s innovadores del Tour de Francia - \u0160koda We Love Cycling - Spain\",\"isPartOf\":{\"@id\":\"https:\/\/www.welovecycling.com\/es\/#website\"},\"primaryImageOfPage\":{\"@id\":\"https:\/\/www.welovecycling.com\/es\/2020\/09\/14\/alpes-tour-de-francia\/#primaryimage\"},\"image\":{\"@id\":\"https:\/\/www.welovecycling.com\/es\/2020\/09\/14\/alpes-tour-de-francia\/#primaryimage\"},\"thumbnailUrl\":\"https:\/\/d2p6e6u75xmxt8.cloudfront.net\/6\/2020\/09\/Tour-2020-Alpes.jpg\",\"datePublished\":\"2020-09-14T10:06:10+00:00\",\"dateModified\":\"2020-09-14T10:22:54+00:00\",\"author\":{\"@id\":\"https:\/\/www.welovecycling.com\/es\/#\/schema\/person\/deb61715b5812698ee79fb96f343ccd4\"},\"description\":\"Los Alpes m\u00e1s innovadores del Tour de Francia 2020. Las etapas decisivas del Tour en Alpes. La novedad del Col de la Loze y qu\u00e9 criterios sigue el Tour.\",\"breadcrumb\":{\"@id\":\"https:\/\/www.welovecycling.com\/es\/2020\/09\/14\/alpes-tour-de-francia\/#breadcrumb\"},\"inLanguage\":\"es-ES\",\"potentialAction\":[{\"@type\":\"ReadAction\",\"target\":[\"https:\/\/www.welovecycling.com\/es\/2020\/09\/14\/alpes-tour-de-francia\/\"]}]},{\"@type\":\"ImageObject\",\"inLanguage\":\"es-ES\",\"@id\":\"https:\/\/www.welovecycling.com\/es\/2020\/09\/14\/alpes-tour-de-francia\/#primaryimage\",\"url\":\"https:\/\/d2p6e6u75xmxt8.cloudfront.net\/6\/2020\/09\/Tour-2020-Alpes.jpg\",\"contentUrl\":\"https:\/\/d2p6e6u75xmxt8.cloudfront.net\/6\/2020\/09\/Tour-2020-Alpes.jpg\",\"width\":1000,\"height\":667},{\"@type\":\"BreadcrumbList\",\"@id\":\"https:\/\/www.welovecycling.com\/es\/2020\/09\/14\/alpes-tour-de-francia\/#breadcrumb\",\"itemListElement\":[{\"@type\":\"ListItem\",\"position\":1,\"name\":\"Home\",\"item\":\"https:\/\/www.welovecycling.com\/es\/\"},{\"@type\":\"ListItem\",\"position\":2,\"name\":\"Los Alpes m\u00e1s innovadores del Tour de Francia\"}]},{\"@type\":\"WebSite\",\"@id\":\"https:\/\/www.welovecycling.com\/es\/#website\",\"url\":\"https:\/\/www.welovecycling.com\/es\/\",\"name\":\"\u0160koda We Love Cycling - Spain\",\"description\":\"\u0160koda WeLoveCycling Spain\",\"potentialAction\":[{\"@type\":\"SearchAction\",\"target\":{\"@type\":\"EntryPoint\",\"urlTemplate\":\"https:\/\/www.welovecycling.com\/es\/?s={search_term_string}\"},\"query-input\":{\"@type\":\"PropertyValueSpecification\",\"valueRequired\":true,\"valueName\":\"search_term_string\"}}],\"inLanguage\":\"es-ES\"},{\"@type\":\"Person\",\"@id\":\"https:\/\/www.welovecycling.com\/es\/#\/schema\/person\/deb61715b5812698ee79fb96f343ccd4\",\"name\":\"We Love Cycling Spain\",\"image\":{\"@type\":\"ImageObject\",\"inLanguage\":\"es-ES\",\"@id\":\"https:\/\/www.welovecycling.com\/es\/#\/schema\/person\/image\/\",\"url\":\"https:\/\/secure.gravatar.com\/avatar\/c824b04e6df0e37a03219d0b6481672889df542894588964102459e46513159c?s=96&d=mm&r=g\",\"contentUrl\":\"https:\/\/secure.gravatar.com\/avatar\/c824b04e6df0e37a03219d0b6481672889df542894588964102459e46513159c?s=96&d=mm&r=g\",\"caption\":\"We Love Cycling Spain\"},\"url\":\"https:\/\/www.welovecycling.com\/es\/author\/amunoz\/\"}]}<\/script>\n<!-- \/ Yoast SEO Premium plugin. -->","yoast_head_json":{"title":"Los Alpes m\u00e1s innovadores del Tour de Francia - \u0160koda We Love Cycling - Spain","description":"Los Alpes m\u00e1s innovadores del Tour de Francia 2020. Las etapas decisivas del Tour en Alpes. La novedad del Col de la Loze y qu\u00e9 criterios sigue el Tour.","robots":{"index":"index","follow":"follow","max-snippet":"max-snippet:-1","max-image-preview":"max-image-preview:large","max-video-preview":"max-video-preview:-1"},"canonical":"https:\/\/www.welovecycling.com\/es\/2020\/09\/14\/alpes-tour-de-francia\/","og_locale":"es_ES","og_type":"article","og_title":"Los Alpes m\u00e1s innovadores del Tour de Francia 2020","og_description":"Los Alpes m\u00e1s innovadores del Tour de Francia 2020. Las etapas decisivas del Tour en Alpes. La novedad del Col de la Loze y qu\u00e9 criterios sigue el Tour.","og_url":"https:\/\/www.welovecycling.com\/es\/2020\/09\/14\/alpes-tour-de-francia\/","og_site_name":"\u0160koda We Love Cycling - Spain","article_published_time":"2020-09-14T10:06:10+00:00","article_modified_time":"2020-09-14T10:22:54+00:00","og_image":[{"width":1000,"height":667,"url":"https:\/\/d2p6e6u75xmxt8.cloudfront.net\/6\/2020\/09\/Tour-2020-Alpes.jpg","type":"image\/jpeg"}],"author":"We Love Cycling Spain","twitter_card":"summary_large_image","twitter_title":"Los Alpes m\u00e1s innovadores del Tour de Francia 2020","twitter_description":"Los Alpes m\u00e1s innovadores del Tour de Francia 2020. Las etapas decisivas del Tour en Alpes. La novedad del Col de la Loze y qu\u00e9 criterios sigue el Tour.","twitter_misc":{"Written by":"Luis Ortega @ciclored","Est. reading time":"7 minutes"},"schema":{"@context":"https:\/\/schema.org","@graph":[{"@type":"WebPage","@id":"https:\/\/www.welovecycling.com\/es\/2020\/09\/14\/alpes-tour-de-francia\/","url":"https:\/\/www.welovecycling.com\/es\/2020\/09\/14\/alpes-tour-de-francia\/","name":"Los Alpes m\u00e1s innovadores del Tour de Francia - \u0160koda We Love Cycling - Spain","isPartOf":{"@id":"https:\/\/www.welovecycling.com\/es\/#website"},"primaryImageOfPage":{"@id":"https:\/\/www.welovecycling.com\/es\/2020\/09\/14\/alpes-tour-de-francia\/#primaryimage"},"image":{"@id":"https:\/\/www.welovecycling.com\/es\/2020\/09\/14\/alpes-tour-de-francia\/#primaryimage"},"thumbnailUrl":"https:\/\/d2p6e6u75xmxt8.cloudfront.net\/6\/2020\/09\/Tour-2020-Alpes.jpg","datePublished":"2020-09-14T10:06:10+00:00","dateModified":"2020-09-14T10:22:54+00:00","author":{"@id":"https:\/\/www.welovecycling.com\/es\/#\/schema\/person\/deb61715b5812698ee79fb96f343ccd4"},"description":"Los Alpes m\u00e1s innovadores del Tour de Francia 2020. Las etapas decisivas del Tour en Alpes. La novedad del Col de la Loze y qu\u00e9 criterios sigue el Tour.","breadcrumb":{"@id":"https:\/\/www.welovecycling.com\/es\/2020\/09\/14\/alpes-tour-de-francia\/#breadcrumb"},"inLanguage":"es-ES","potentialAction":[{"@type":"ReadAction","target":["https:\/\/www.welovecycling.com\/es\/2020\/09\/14\/alpes-tour-de-francia\/"]}]},{"@type":"ImageObject","inLanguage":"es-ES","@id":"https:\/\/www.welovecycling.com\/es\/2020\/09\/14\/alpes-tour-de-francia\/#primaryimage","url":"https:\/\/d2p6e6u75xmxt8.cloudfront.net\/6\/2020\/09\/Tour-2020-Alpes.jpg","contentUrl":"https:\/\/d2p6e6u75xmxt8.cloudfront.net\/6\/2020\/09\/Tour-2020-Alpes.jpg","width":1000,"height":667},{"@type":"BreadcrumbList","@id":"https:\/\/www.welovecycling.com\/es\/2020\/09\/14\/alpes-tour-de-francia\/#breadcrumb","itemListElement":[{"@type":"ListItem","position":1,"name":"Home","item":"https:\/\/www.welovecycling.com\/es\/"},{"@type":"ListItem","position":2,"name":"Los Alpes m\u00e1s innovadores del Tour de Francia"}]},{"@type":"WebSite","@id":"https:\/\/www.welovecycling.com\/es\/#website","url":"https:\/\/www.welovecycling.com\/es\/","name":"\u0160koda We Love Cycling - Spain","description":"\u0160koda WeLoveCycling Spain","potentialAction":[{"@type":"SearchAction","target":{"@type":"EntryPoint","urlTemplate":"https:\/\/www.welovecycling.com\/es\/?s={search_term_string}"},"query-input":{"@type":"PropertyValueSpecification","valueRequired":true,"valueName":"search_term_string"}}],"inLanguage":"es-ES"},{"@type":"Person","@id":"https:\/\/www.welovecycling.com\/es\/#\/schema\/person\/deb61715b5812698ee79fb96f343ccd4","name":"We Love Cycling Spain","image":{"@type":"ImageObject","inLanguage":"es-ES","@id":"https:\/\/www.welovecycling.com\/es\/#\/schema\/person\/image\/","url":"https:\/\/secure.gravatar.com\/avatar\/c824b04e6df0e37a03219d0b6481672889df542894588964102459e46513159c?s=96&d=mm&r=g","contentUrl":"https:\/\/secure.gravatar.com\/avatar\/c824b04e6df0e37a03219d0b6481672889df542894588964102459e46513159c?s=96&d=mm&r=g","caption":"We Love Cycling Spain"},"url":"https:\/\/www.welovecycling.com\/es\/author\/amunoz\/"}]}},"_links":{"self":[{"href":"https:\/\/www.welovecycling.com\/es\/wp-json\/wp\/v2\/posts\/6660","targetHints":{"allow":["GET"]}}],"collection":[{"href":"https:\/\/www.welovecycling.com\/es\/wp-json\/wp\/v2\/posts"}],"about":[{"href":"https:\/\/www.welovecycling.com\/es\/wp-json\/wp\/v2\/types\/post"}],"author":[{"embeddable":true,"href":"https:\/\/www.welovecycling.com\/es\/wp-json\/wp\/v2\/users\/29"}],"replies":[{"embeddable":true,"href":"https:\/\/www.welovecycling.com\/es\/wp-json\/wp\/v2\/comments?post=6660"}],"version-history":[{"count":2,"href":"https:\/\/www.welovecycling.com\/es\/wp-json\/wp\/v2\/posts\/6660\/revisions"}],"predecessor-version":[{"id":6666,"href":"https:\/\/www.welovecycling.com\/es\/wp-json\/wp\/v2\/posts\/6660\/revisions\/6666"}],"wp:featuredmedia":[{"embeddable":true,"href":"https:\/\/www.welovecycling.com\/es\/wp-json\/wp\/v2\/media\/6663"}],"wp:attachment":[{"href":"https:\/\/www.welovecycling.com\/es\/wp-json\/wp\/v2\/media?parent=6660"}],"wp:term":[{"taxonomy":"category","embeddable":true,"href":"https:\/\/www.welovecycling.com\/es\/wp-json\/wp\/v2\/categories?post=6660"},{"taxonomy":"post_tag","embeddable":true,"href":"https:\/\/www.welovecycling.com\/es\/wp-json\/wp\/v2\/tags?post=6660"},{"taxonomy":"global-categories","embeddable":true,"href":"https:\/\/www.welovecycling.com\/es\/wp-json\/wp\/v2\/global-categories?post=6660"}],"curies":[{"name":"wp","href":"https:\/\/api.w.org\/{rel}","templated":true}]}}