{"id":6642,"date":"2020-09-10T11:18:07","date_gmt":"2020-09-10T09:18:07","guid":{"rendered":"https:\/\/www.welovecycling.com\/es\/?p=6642"},"modified":"2020-09-10T11:18:07","modified_gmt":"2020-09-10T09:18:07","slug":"coches-neutros-mavic-tour","status":"publish","type":"post","link":"https:\/\/www.welovecycling.com\/es\/2020\/09\/10\/coches-neutros-mavic-tour\/","title":{"rendered":"Los coches neutros de Mavic para &#8216;salvar&#8217; ciclistas en el Tour"},"content":{"rendered":"<p><strong>Cuando alguien ve el Tour de Francia, puede que no entienda por qu\u00e9 est\u00e1n los \u0160koda SUPERB amarillos de Mavic en el pelot\u00f3n. Despu\u00e9s de todo, los equipos tienen sus propios veh\u00edculos de apoyo. Entonces, \u00bfcu\u00e1nta acci\u00f3n puede tener un coche de apoyo neutral? Bueno, por decirlo simplemente, mucha. Hay 8 ciclistas en cada equipo, pero cada equipo s\u00f3lo tiene dos coches de apoyo en carrera, m\u00e1s varios repartidos por el recorrido. Por lo tanto, la mayor\u00eda de las veces, los propios mec\u00e1nicos de los equipos est\u00e1n demasiado lejos. Y entonces depende de los \u0160koda SUPERB de Mavic para darles apoyo. Como as\u00ed ha sido durante mucho tiempo<\/strong><br \/>\n<!--more--><\/p>\n<p>Mavic es una empresa francesa de ciclismo con una gran reputaci\u00f3n. Son famosos por sus ruedas y a lo largo de los a\u00f1os comenzaron a hacer sus propios neum\u00e1ticos, ropa, zapatos, cascos y accesorios. Sin embargo, sus coches amarillos neutros SUPERB son lo que mejor conocen los aficionados. Mavic invent\u00f3 los coches de servicio neutrales en 1973. Y desde 1985 tambi\u00e9n aparecen en eventos de aficionados. As\u00ed que tienen mucha experiencia. Y se refleja en su preparaci\u00f3n.<\/p>\n<p>https:\/\/www.instagram.com\/p\/CEb9p93hPWg\/<\/p>\n<p>Los tres coches neutros de Mavic se suelen distribuir las tareas. Uno suele seguir a la fuga, otro a los ciclistas del pelot\u00f3n y otro se queda en la parte de atr\u00e1s. Cada uno tiene seis bicicletas en el techo y varios pedales para adaptarse a cualquier corredor del pelot\u00f3n. Llevan ruedas en la parte trasera del coche que se cambian cada d\u00eda seg\u00fan la etapa y la elecci\u00f3n que los equipos hayan hecho ese d\u00eda. Junto con la caja de herramientas completa, incluso llevan una selecci\u00f3n de zapatillas. Porque nunca se sabe. En el coche con ellos hay una lista de todos los ciclistas y su equipo. As\u00ed que una vez que ven a un profesional a un lado de la carretera, saben qu\u00e9 repuestos coger.<\/p>\n<p>Mavic\u00a0 tiene la experiencia que los profesionales necesitan. Y los coches amarillos <strong>\u0160koda SUPERB <\/strong>han estado all\u00ed m\u00e1s de una vez para salvar el d\u00eda a m\u00e1s de uno.<\/p>\n<p>https:\/\/www.instagram.com\/p\/CEj2RKyBBON\/<\/p>\n<p>En el Tour 2010, Jens Voigt choc\u00f3 su bicicleta tan fuerte que el cuadro se rompi\u00f3 en dos partes. No le pas\u00f3 nada, pero se qued\u00f3 sin bicicleta en el descenso del Col de Peyresourde. Sin coches de equipo a la vista, parec\u00eda que la etapa se hab\u00eda esfumado para el alem\u00e1n. Voigt estaba a punto de abandonar hasta que apareci\u00f3 el . Entonces apareci\u00f3 <strong>\u0160koda SUPERB de Mavic<\/strong>. Los t\u00e9cnicos de Mavic le ofrecieron una de sus bicis amarillas y Voigt termin\u00f3 la etapa.<\/p>\n<p>Jens Voigt es un tipo divertido, y los medios de comunicaci\u00f3n se hicieron eco de que acabase la etapa en una &#8216;bicicleta de ni\u00f1o&#8217;. La realidad es que Mavic lleva la mayor gama de bicicletas posible para adaptarse a tantos ciclistas como sea posible, aunque a veces es casi imposible. Dumoulin, que es de los m\u00e1s altos del pelot\u00f3n, todav\u00eda mide casi 10 cent\u00edmetros menos que Voigt.<\/p>\n<h2><strong>Ayudando a Froome y Ur\u00e1n<\/strong><\/h2>\n<p>En 2016 <strong>Chris Froome<\/strong> est\u00e1 en problemas. Despu\u00e9s de un ataque en la legendaria subida al Monte Ventoux, Froome, Richie Porte y Bauke Mollema se chocaron con la parte trasera de una moto de televisi\u00f3n. Los rivales los pasaron volando en cuesti\u00f3n de segundos. Mollema se levant\u00f3 r\u00e1pidamente y sigui\u00f3 adelante. Sin embargo, la bicicleta de Chris Froome estaba rota. Siendo el caballero que es, no la tir\u00f3, sino que la coloc\u00f3 suavemente contra el quitamiedos. Y luego corri\u00f3 hacia ella. El coche de Team Sky se bloque\u00f3 en el caos, pero el <strong>SUPERB de Mavic<\/strong> estaba all\u00ed para ayudar. Froome agarr\u00f3 una de las bicis amarillas y se fue. Desafortunadamente, no era de su talla y finalmente la cambi\u00f3 por una del coche del equipo. Luego se las arregl\u00f3 para cruzar la l\u00ednea de meta, sacudiendo la cabeza con incredulidad. El cuatro veces ganador del Tour inicialmente baj\u00f3 en la general hasta el sexto lugar. Sin embargo, los jueces revisaron los resultados y dieron a Froome y Porte el mismo tiempo de llegada que Mollema, lo que signific\u00f3 que Froome se qued\u00f3 el amarillo.<\/p>\n<figure id=\"attachment_6645\" aria-describedby=\"caption-attachment-6645\" style=\"width: 1120px\" class=\"wp-caption alignnone\"><img loading=\"lazy\" decoding=\"async\" class=\"size-full wp-image-6645\" src=\"https:\/\/d2p6e6u75xmxt8.cloudfront.net\/6\/2020\/09\/profimedia-0294142667-1.JPG.jpg\" alt=\"Chris Froome\" width=\"1120\" height=\"653\" srcset=\"https:\/\/d2p6e6u75xmxt8.cloudfront.net\/6\/2020\/09\/profimedia-0294142667-1.JPG.jpg 1120w, https:\/\/d2p6e6u75xmxt8.cloudfront.net\/6\/2020\/09\/profimedia-0294142667-1.JPG-300x175.jpg 300w, https:\/\/d2p6e6u75xmxt8.cloudfront.net\/6\/2020\/09\/profimedia-0294142667-1.JPG-1024x597.jpg 1024w, https:\/\/d2p6e6u75xmxt8.cloudfront.net\/6\/2020\/09\/profimedia-0294142667-1.JPG-768x448.jpg 768w\" sizes=\"auto, (max-width: 1120px) 100vw, 1120px\" \/><figcaption id=\"caption-attachment-6645\" class=\"wp-caption-text\">Chris Froome corriendo despu\u00e9s de la ca\u00edda de 2016. \u00a9 Profimedia<\/figcaption><\/figure>\n<p>En 2017 fue Rigoberto Ur\u00e1n quien necesit\u00f3 ayuda. \u00c9l estaba bien clasificado en la general cuando ocurri\u00f3 un accidente en el descenso del Mont du Chat. Se da\u00f1\u00f3 la patilla del cambio y lo dej\u00f3 con una sola marcha. Al estar en la fuga, sus coches de equipo estaban lejos As\u00ed que se puso al lado del amarillo <strong>SUPERB de Mavic<\/strong> El t\u00e9cnico de Mavic se asom\u00f3 a la ventana y ajust\u00f3 el desviador, haciendo saltar la cadena sobre los 11 pi\u00f1ones. Esto le dio a Ur\u00e1n la posibilidad de elegir entre un desarrollo alto 53\/11 y uno mediano 39\/11 &#8211; suficiente para que no s\u00f3lo se mantuviera en la carrera, sino que terminara por delante de Froome, venciendo a Barguil y Fuglsang en un sprint final.<\/p>\n<p>Aunque esperamos que nadie necesite ayuda seria de los coches neutros de Mavic este a\u00f1o, es bueno saber que los <strong>\u0160koda SUPERB amarillos<\/strong> est\u00e1n ah\u00ed.<\/p>\n","protected":false},"excerpt":{"rendered":"<p>Cuando alguien ve el Tour de Francia, puede que no entienda por qu\u00e9 est\u00e1n los \u0160koda SUPERB amarillos de Mavic [&hellip;]<\/p>\n","protected":false},"author":29,"featured_media":6647,"comment_status":"open","ping_status":"open","sticky":false,"template":"","format":"standard","meta":{"footnotes":""},"categories":[7],"tags":[1777,1774,1775,1776],"global-categories":[1173],"class_list":["post-6642","post","type-post","status-publish","format-standard","has-post-thumbnail","hentry","category-carretera","tag-coche-amarillo-tour","tag-coches-neutros-mavic","tag-coches-tour","tag-coches-tour-skoda","global-categories-superb"],"yoast_head":"<!-- This site is optimized with the Yoast SEO Premium plugin v25.3 (Yoast SEO v25.9) - https:\/\/yoast.com\/wordpress\/plugins\/seo\/ -->\n<title>Los coches neutros de Mavic para &#039;salvar&#039; ciclistas en el Tour<\/title>\n<meta name=\"description\" content=\"Los coches neutros de Mavic para &#039;salvar&#039; ciclistas en el Tour. La funci\u00f3n de los SKODA Superb que llevan los mec\u00e1nicos de Mavic.\" \/>\n<meta name=\"robots\" content=\"index, follow, max-snippet:-1, max-image-preview:large, max-video-preview:-1\" \/>\n<link rel=\"canonical\" href=\"https:\/\/www.welovecycling.com\/es\/2020\/09\/10\/coches-neutros-mavic-tour\/\" \/>\n<meta property=\"og:locale\" content=\"es_ES\" \/>\n<meta property=\"og:type\" content=\"article\" \/>\n<meta property=\"og:title\" content=\"Los coches neutros de Mavic para &#039;salvar&#039; ciclistas en el Tour\" \/>\n<meta property=\"og:description\" content=\"Los coches neutros de Mavic para &#039;salvar&#039; ciclistas en el Tour. La funci\u00f3n de los SKODA Superb que llevan los mec\u00e1nicos de Mavic.\" \/>\n<meta property=\"og:url\" content=\"https:\/\/www.welovecycling.com\/es\/2020\/09\/10\/coches-neutros-mavic-tour\/\" \/>\n<meta property=\"og:site_name\" content=\"\u0160koda We Love Cycling - Spain\" \/>\n<meta property=\"article:published_time\" content=\"2020-09-10T09:18:07+00:00\" \/>\n<meta property=\"og:image\" content=\"https:\/\/d2p6e6u75xmxt8.cloudfront.net\/6\/2020\/09\/mavic-profimedia-0556534210-CVR.jpg\" \/>\n\t<meta property=\"og:image:width\" content=\"1366\" \/>\n\t<meta property=\"og:image:height\" content=\"600\" \/>\n\t<meta property=\"og:image:type\" content=\"image\/jpeg\" \/>\n<meta name=\"author\" content=\"We Love Cycling Spain\" \/>\n<meta name=\"twitter:card\" content=\"summary_large_image\" \/>\n<meta name=\"twitter:title\" content=\"Los coches neutros de Mavic para &#039;salvar&#039; ciclistas en el Tour\" \/>\n<meta name=\"twitter:description\" content=\"Los coches neutros de Mavic para &#039;salvar&#039; ciclistas en el Tour. La funci\u00f3n de los SKODA Superb que llevan los mec\u00e1nicos de Mavic.\" \/>\n<meta name=\"twitter:label1\" content=\"Written by\" \/>\n\t<meta name=\"twitter:data1\" content=\"We Love Cycling\" \/>\n\t<meta name=\"twitter:label2\" content=\"Est. reading time\" \/>\n\t<meta name=\"twitter:data2\" content=\"5\" \/>\n<script type=\"application\/ld+json\" class=\"yoast-schema-graph\">{\"@context\":\"https:\/\/schema.org\",\"@graph\":[{\"@type\":\"WebPage\",\"@id\":\"https:\/\/www.welovecycling.com\/es\/2020\/09\/10\/coches-neutros-mavic-tour\/\",\"url\":\"https:\/\/www.welovecycling.com\/es\/2020\/09\/10\/coches-neutros-mavic-tour\/\",\"name\":\"Los coches neutros de Mavic para 'salvar' ciclistas en el Tour\",\"isPartOf\":{\"@id\":\"https:\/\/www.welovecycling.com\/es\/#website\"},\"primaryImageOfPage\":{\"@id\":\"https:\/\/www.welovecycling.com\/es\/2020\/09\/10\/coches-neutros-mavic-tour\/#primaryimage\"},\"image\":{\"@id\":\"https:\/\/www.welovecycling.com\/es\/2020\/09\/10\/coches-neutros-mavic-tour\/#primaryimage\"},\"thumbnailUrl\":\"https:\/\/d2p6e6u75xmxt8.cloudfront.net\/6\/2020\/09\/mavic-profimedia-0556534210-CVR.jpg\",\"datePublished\":\"2020-09-10T09:18:07+00:00\",\"author\":{\"@id\":\"https:\/\/www.welovecycling.com\/es\/#\/schema\/person\/deb61715b5812698ee79fb96f343ccd4\"},\"description\":\"Los coches neutros de Mavic para 'salvar' ciclistas en el Tour. La funci\u00f3n de los SKODA Superb que llevan los mec\u00e1nicos de Mavic.\",\"breadcrumb\":{\"@id\":\"https:\/\/www.welovecycling.com\/es\/2020\/09\/10\/coches-neutros-mavic-tour\/#breadcrumb\"},\"inLanguage\":\"es-ES\",\"potentialAction\":[{\"@type\":\"ReadAction\",\"target\":[\"https:\/\/www.welovecycling.com\/es\/2020\/09\/10\/coches-neutros-mavic-tour\/\"]}]},{\"@type\":\"ImageObject\",\"inLanguage\":\"es-ES\",\"@id\":\"https:\/\/www.welovecycling.com\/es\/2020\/09\/10\/coches-neutros-mavic-tour\/#primaryimage\",\"url\":\"https:\/\/d2p6e6u75xmxt8.cloudfront.net\/6\/2020\/09\/mavic-profimedia-0556534210-CVR.jpg\",\"contentUrl\":\"https:\/\/d2p6e6u75xmxt8.cloudfront.net\/6\/2020\/09\/mavic-profimedia-0556534210-CVR.jpg\",\"width\":1366,\"height\":600,\"caption\":\"Neutral Car\"},{\"@type\":\"BreadcrumbList\",\"@id\":\"https:\/\/www.welovecycling.com\/es\/2020\/09\/10\/coches-neutros-mavic-tour\/#breadcrumb\",\"itemListElement\":[{\"@type\":\"ListItem\",\"position\":1,\"name\":\"Home\",\"item\":\"https:\/\/www.welovecycling.com\/es\/\"},{\"@type\":\"ListItem\",\"position\":2,\"name\":\"Los coches neutros de Mavic para &#8216;salvar&#8217; ciclistas en el Tour\"}]},{\"@type\":\"WebSite\",\"@id\":\"https:\/\/www.welovecycling.com\/es\/#website\",\"url\":\"https:\/\/www.welovecycling.com\/es\/\",\"name\":\"\u0160koda We Love Cycling - Spain\",\"description\":\"\u0160koda WeLoveCycling Spain\",\"potentialAction\":[{\"@type\":\"SearchAction\",\"target\":{\"@type\":\"EntryPoint\",\"urlTemplate\":\"https:\/\/www.welovecycling.com\/es\/?s={search_term_string}\"},\"query-input\":{\"@type\":\"PropertyValueSpecification\",\"valueRequired\":true,\"valueName\":\"search_term_string\"}}],\"inLanguage\":\"es-ES\"},{\"@type\":\"Person\",\"@id\":\"https:\/\/www.welovecycling.com\/es\/#\/schema\/person\/deb61715b5812698ee79fb96f343ccd4\",\"name\":\"We Love Cycling Spain\",\"image\":{\"@type\":\"ImageObject\",\"inLanguage\":\"es-ES\",\"@id\":\"https:\/\/www.welovecycling.com\/es\/#\/schema\/person\/image\/\",\"url\":\"https:\/\/secure.gravatar.com\/avatar\/c824b04e6df0e37a03219d0b6481672889df542894588964102459e46513159c?s=96&d=mm&r=g\",\"contentUrl\":\"https:\/\/secure.gravatar.com\/avatar\/c824b04e6df0e37a03219d0b6481672889df542894588964102459e46513159c?s=96&d=mm&r=g\",\"caption\":\"We Love Cycling Spain\"},\"url\":\"https:\/\/www.welovecycling.com\/es\/author\/amunoz\/\"}]}<\/script>\n<!-- \/ Yoast SEO Premium plugin. -->","yoast_head_json":{"title":"Los coches neutros de Mavic para 'salvar' ciclistas en el Tour","description":"Los coches neutros de Mavic para 'salvar' ciclistas en el Tour. La funci\u00f3n de los SKODA Superb que llevan los mec\u00e1nicos de Mavic.","robots":{"index":"index","follow":"follow","max-snippet":"max-snippet:-1","max-image-preview":"max-image-preview:large","max-video-preview":"max-video-preview:-1"},"canonical":"https:\/\/www.welovecycling.com\/es\/2020\/09\/10\/coches-neutros-mavic-tour\/","og_locale":"es_ES","og_type":"article","og_title":"Los coches neutros de Mavic para 'salvar' ciclistas en el Tour","og_description":"Los coches neutros de Mavic para 'salvar' ciclistas en el Tour. La funci\u00f3n de los SKODA Superb que llevan los mec\u00e1nicos de Mavic.","og_url":"https:\/\/www.welovecycling.com\/es\/2020\/09\/10\/coches-neutros-mavic-tour\/","og_site_name":"\u0160koda We Love Cycling - Spain","article_published_time":"2020-09-10T09:18:07+00:00","og_image":[{"width":1366,"height":600,"url":"https:\/\/d2p6e6u75xmxt8.cloudfront.net\/6\/2020\/09\/mavic-profimedia-0556534210-CVR.jpg","type":"image\/jpeg"}],"author":"We Love Cycling Spain","twitter_card":"summary_large_image","twitter_title":"Los coches neutros de Mavic para 'salvar' ciclistas en el Tour","twitter_description":"Los coches neutros de Mavic para 'salvar' ciclistas en el Tour. La funci\u00f3n de los SKODA Superb que llevan los mec\u00e1nicos de Mavic.","twitter_misc":{"Written by":"We Love Cycling","Est. reading time":"5"},"schema":{"@context":"https:\/\/schema.org","@graph":[{"@type":"WebPage","@id":"https:\/\/www.welovecycling.com\/es\/2020\/09\/10\/coches-neutros-mavic-tour\/","url":"https:\/\/www.welovecycling.com\/es\/2020\/09\/10\/coches-neutros-mavic-tour\/","name":"Los coches neutros de Mavic para 'salvar' ciclistas en el Tour","isPartOf":{"@id":"https:\/\/www.welovecycling.com\/es\/#website"},"primaryImageOfPage":{"@id":"https:\/\/www.welovecycling.com\/es\/2020\/09\/10\/coches-neutros-mavic-tour\/#primaryimage"},"image":{"@id":"https:\/\/www.welovecycling.com\/es\/2020\/09\/10\/coches-neutros-mavic-tour\/#primaryimage"},"thumbnailUrl":"https:\/\/d2p6e6u75xmxt8.cloudfront.net\/6\/2020\/09\/mavic-profimedia-0556534210-CVR.jpg","datePublished":"2020-09-10T09:18:07+00:00","author":{"@id":"https:\/\/www.welovecycling.com\/es\/#\/schema\/person\/deb61715b5812698ee79fb96f343ccd4"},"description":"Los coches neutros de Mavic para 'salvar' ciclistas en el Tour. La funci\u00f3n de los SKODA Superb que llevan los mec\u00e1nicos de Mavic.","breadcrumb":{"@id":"https:\/\/www.welovecycling.com\/es\/2020\/09\/10\/coches-neutros-mavic-tour\/#breadcrumb"},"inLanguage":"es-ES","potentialAction":[{"@type":"ReadAction","target":["https:\/\/www.welovecycling.com\/es\/2020\/09\/10\/coches-neutros-mavic-tour\/"]}]},{"@type":"ImageObject","inLanguage":"es-ES","@id":"https:\/\/www.welovecycling.com\/es\/2020\/09\/10\/coches-neutros-mavic-tour\/#primaryimage","url":"https:\/\/d2p6e6u75xmxt8.cloudfront.net\/6\/2020\/09\/mavic-profimedia-0556534210-CVR.jpg","contentUrl":"https:\/\/d2p6e6u75xmxt8.cloudfront.net\/6\/2020\/09\/mavic-profimedia-0556534210-CVR.jpg","width":1366,"height":600,"caption":"Neutral Car"},{"@type":"BreadcrumbList","@id":"https:\/\/www.welovecycling.com\/es\/2020\/09\/10\/coches-neutros-mavic-tour\/#breadcrumb","itemListElement":[{"@type":"ListItem","position":1,"name":"Home","item":"https:\/\/www.welovecycling.com\/es\/"},{"@type":"ListItem","position":2,"name":"Los coches neutros de Mavic para &#8216;salvar&#8217; ciclistas en el Tour"}]},{"@type":"WebSite","@id":"https:\/\/www.welovecycling.com\/es\/#website","url":"https:\/\/www.welovecycling.com\/es\/","name":"\u0160koda We Love Cycling - Spain","description":"\u0160koda WeLoveCycling Spain","potentialAction":[{"@type":"SearchAction","target":{"@type":"EntryPoint","urlTemplate":"https:\/\/www.welovecycling.com\/es\/?s={search_term_string}"},"query-input":{"@type":"PropertyValueSpecification","valueRequired":true,"valueName":"search_term_string"}}],"inLanguage":"es-ES"},{"@type":"Person","@id":"https:\/\/www.welovecycling.com\/es\/#\/schema\/person\/deb61715b5812698ee79fb96f343ccd4","name":"We Love Cycling Spain","image":{"@type":"ImageObject","inLanguage":"es-ES","@id":"https:\/\/www.welovecycling.com\/es\/#\/schema\/person\/image\/","url":"https:\/\/secure.gravatar.com\/avatar\/c824b04e6df0e37a03219d0b6481672889df542894588964102459e46513159c?s=96&d=mm&r=g","contentUrl":"https:\/\/secure.gravatar.com\/avatar\/c824b04e6df0e37a03219d0b6481672889df542894588964102459e46513159c?s=96&d=mm&r=g","caption":"We Love Cycling Spain"},"url":"https:\/\/www.welovecycling.com\/es\/author\/amunoz\/"}]}},"_links":{"self":[{"href":"https:\/\/www.welovecycling.com\/es\/wp-json\/wp\/v2\/posts\/6642","targetHints":{"allow":["GET"]}}],"collection":[{"href":"https:\/\/www.welovecycling.com\/es\/wp-json\/wp\/v2\/posts"}],"about":[{"href":"https:\/\/www.welovecycling.com\/es\/wp-json\/wp\/v2\/types\/post"}],"author":[{"embeddable":true,"href":"https:\/\/www.welovecycling.com\/es\/wp-json\/wp\/v2\/users\/29"}],"replies":[{"embeddable":true,"href":"https:\/\/www.welovecycling.com\/es\/wp-json\/wp\/v2\/comments?post=6642"}],"version-history":[{"count":2,"href":"https:\/\/www.welovecycling.com\/es\/wp-json\/wp\/v2\/posts\/6642\/revisions"}],"predecessor-version":[{"id":6648,"href":"https:\/\/www.welovecycling.com\/es\/wp-json\/wp\/v2\/posts\/6642\/revisions\/6648"}],"wp:featuredmedia":[{"embeddable":true,"href":"https:\/\/www.welovecycling.com\/es\/wp-json\/wp\/v2\/media\/6647"}],"wp:attachment":[{"href":"https:\/\/www.welovecycling.com\/es\/wp-json\/wp\/v2\/media?parent=6642"}],"wp:term":[{"taxonomy":"category","embeddable":true,"href":"https:\/\/www.welovecycling.com\/es\/wp-json\/wp\/v2\/categories?post=6642"},{"taxonomy":"post_tag","embeddable":true,"href":"https:\/\/www.welovecycling.com\/es\/wp-json\/wp\/v2\/tags?post=6642"},{"taxonomy":"global-categories","embeddable":true,"href":"https:\/\/www.welovecycling.com\/es\/wp-json\/wp\/v2\/global-categories?post=6642"}],"curies":[{"name":"wp","href":"https:\/\/api.w.org\/{rel}","templated":true}]}}