{"id":6626,"date":"2020-09-03T21:11:04","date_gmt":"2020-09-03T19:11:04","guid":{"rendered":"https:\/\/www.welovecycling.com\/es\/?p=6626"},"modified":"2020-09-03T21:11:04","modified_gmt":"2020-09-03T19:11:04","slug":"tour-pirineos-1910","status":"publish","type":"post","link":"https:\/\/www.welovecycling.com\/es\/2020\/09\/03\/tour-pirineos-1910\/","title":{"rendered":"La historia de por qu\u00e9 el Tour cruz\u00f3 los Pirineos en 1910"},"content":{"rendered":"<p><strong>Los comienzos del Tour de Francia fueron salvajes. Cada a\u00f1o se le daba una vuelta de tuerca y los corredores ten\u00edan que enfrentarse a desaf\u00edos cada vez m\u00e1s locos. En 1910, los organizadores decidieron que los ciclistas deb\u00edan cruzar las monta\u00f1as de los Pirineos. \u00bfPor qu\u00e9 se decidieron teniendo en cuenta que no hab\u00eda buenas carreteras y muchos osos?<\/strong><br \/>\n<!--more--><\/p>\n<p><strong>Alphonse Steines<\/strong>, que ayudaba a <strong>Henri Desgrange<\/strong> a organizar el <strong>Tour de 1910<\/strong>, se le meti\u00f3 en la cabeza que cruzar los <strong>Pirineos har\u00eda que el Tour fuera m\u00e1s grande<\/strong> que nunca. Tuvo que mentir y poner su propia vida en riesgo para hacerlo realidad, pero lo hizo. As\u00ed es como ocurri\u00f3:<\/p>\n<p>&#8220;S\u00e9 c\u00f3mo hacer el Tour a\u00fan m\u00e1s grande&#8221;, comenz\u00f3 Steines.<br \/>\n\u00bf&#8221;M\u00e1s grande&#8221;? \u00bfNo es lo suficientemente grande como est\u00e1?&#8221; responde Desgrange.<br \/>\n&#8220;No. Tenemos que cruzar todas las fronteras.&#8221;<br \/>\n\u00bf&#8221;Fronteras&#8221;? \u00bfNo recuerdas que tu idea de ir a Alsacia fue un completo desastre? El gobierno alem\u00e1n dej\u00f3 claro que no podemos volver a hacerlo. Fue un error dejar Francia&#8221;.<br \/>\n&#8220;No estoy de acuerdo. Todos nuestros vecinos quieren que los visitemos. \u00bfQu\u00e9 tal a Espa\u00f1a?&#8221;<br \/>\n&#8220;\u00a1Tendr\u00edamos que cruzar los Pirineos!&#8221;<br \/>\n&#8220;Exactamente&#8221;. Creo que eso es precisamente lo que debemos hacer. Cruzar los Pirineos.&#8221;<br \/>\n<strong>&#8220;\u00bfQu\u00e9? \u00a1Debes estar bromeando! Nuestros ciclistas ser\u00e1n comidos por los osos. Se perder\u00e1n. Morir\u00e1n de agotamiento.&#8221;<\/strong><\/p>\n<figure id=\"attachment_6627\" aria-describedby=\"caption-attachment-6627\" style=\"width: 1024px\" class=\"wp-caption alignnone\"><a href=\"https:\/\/d2p6e6u75xmxt8.cloudfront.net\/2\/2020\/09\/profimedia-0067944227.jpg\"><img loading=\"lazy\" decoding=\"async\" class=\"wp-image-6627 size-large\" src=\"https:\/\/d2p6e6u75xmxt8.cloudfront.net\/6\/2020\/09\/profimedia-0067944227-1024x700.jpg\" alt=\"Tour de France Mountain Stage\" width=\"1024\" height=\"700\" srcset=\"https:\/\/d2p6e6u75xmxt8.cloudfront.net\/6\/2020\/09\/profimedia-0067944227-1024x700.jpg 1024w, https:\/\/d2p6e6u75xmxt8.cloudfront.net\/6\/2020\/09\/profimedia-0067944227-300x205.jpg 300w, https:\/\/d2p6e6u75xmxt8.cloudfront.net\/6\/2020\/09\/profimedia-0067944227-768x525.jpg 768w, https:\/\/d2p6e6u75xmxt8.cloudfront.net\/6\/2020\/09\/profimedia-0067944227.jpg 1250w\" sizes=\"auto, (max-width: 1024px) 100vw, 1024px\" \/><\/a><figcaption id=\"caption-attachment-6627\" class=\"wp-caption-text\">Tour de France 1910. Pirineos. \u00a9 Profimedia<\/figcaption><\/figure>\n<p>&nbsp;<\/p>\n<p>Steines iba absolutamente en serio. Fue tan persistente que Desgrange finalmente accedi\u00f3 y se sentaron con un mapa para discutir la ruta. Steines quer\u00eda comenzar en Perpignan y luego subir por cuatro pasos: Peyresourde, Aspin, Tourmalet y Aubisque.<\/p>\n<p>&#8220;\u00bfC\u00f3mo puedes pensar que esto podr\u00eda ser un gran \u00e9xito? Est\u00e1 planeando enviar a nuestros ciclistas por encima de los<strong> 2.000 metros de altura. \u00bfEstos lugares son inaccesibles? No hay carreteras por ah\u00ed&#8221;, respondi\u00f3 Desgrange<\/strong>.<br \/>\n&#8220;Yo los conozco&#8221;, dijo Steines.<br \/>\n&#8220;\u00a1Usted mismo cruzar\u00e1 esos pasos entonces!&#8221; orden\u00f3 Desgrange.<\/p>\n<p><strong>Steines viaj\u00f3 a los Pirineos al final del invierno<\/strong> y se dio cuenta de lo mal que est\u00e1 la situaci\u00f3n. Realmente no hay ning\u00fan camino utilizable para el paso de Aubisque. Convence a un ingeniero local para que construya un camino de tierra all\u00ed y se va a Tourmalet. Est\u00e1 completamente cubierto de nieve, as\u00ed que decide volver un mes antes del comienzo del Tour. Contrata a un conductor local en la ciudad de Pau y se pone en marcha para la subida de 19 km.<\/p>\n<p><strong>&#8220;\u00bfHay un camino hasta el Tourmalet?&#8221; pregunta Steines.<\/strong><br \/>\n<strong>&#8220;\u00bfUna carretera? No&#8221;, decepciona al conductor. &#8220;Pero hay un camino rocoso para las mulas&#8221;, a\u00f1ade.<\/strong><\/p>\n<figure id=\"attachment_6628\" aria-describedby=\"caption-attachment-6628\" style=\"width: 1024px\" class=\"wp-caption alignnone\"><a href=\"https:\/\/d2p6e6u75xmxt8.cloudfront.net\/2\/2020\/09\/sheep-3689344_1280.jpg\"><img loading=\"lazy\" decoding=\"async\" class=\"wp-image-6628 size-large\" src=\"https:\/\/d2p6e6u75xmxt8.cloudfront.net\/6\/2020\/09\/sheep-3689344_1280-1024x682.jpg\" alt=\"Tourmalet\" width=\"1024\" height=\"682\" srcset=\"https:\/\/d2p6e6u75xmxt8.cloudfront.net\/6\/2020\/09\/sheep-3689344_1280-1024x682.jpg 1024w, https:\/\/d2p6e6u75xmxt8.cloudfront.net\/6\/2020\/09\/sheep-3689344_1280-300x200.jpg 300w, https:\/\/d2p6e6u75xmxt8.cloudfront.net\/6\/2020\/09\/sheep-3689344_1280-768x512.jpg 768w, https:\/\/d2p6e6u75xmxt8.cloudfront.net\/6\/2020\/09\/sheep-3689344_1280-272x182.jpg 272w, https:\/\/d2p6e6u75xmxt8.cloudfront.net\/6\/2020\/09\/sheep-3689344_1280.jpg 1280w\" sizes=\"auto, (max-width: 1024px) 100vw, 1024px\" \/><\/a><figcaption id=\"caption-attachment-6628\" class=\"wp-caption-text\">\u00bfUna carretera en el Tourmalet en 1910?<\/figcaption><\/figure>\n<p>&nbsp;<\/p>\n<p>Steines sonr\u00ede, sin saber lo que le espera. <strong>Tres kil\u00f3metros antes de la cumbre, el coche se queda atascado en la nieve<\/strong>. El conductor camina con Steines durante otro medio kil\u00f3metro y luego dice que no puede ir m\u00e1s lejos.<\/p>\n<p>&#8220;\u00a1Son casi las seis, el sol se est\u00e1 ocultando y los osos vienen aqu\u00ed desde Espa\u00f1a cuando hay nieve!&#8221;<br \/>\n&#8220;Esp\u00e9rame al otro lado de la monta\u00f1a en Bareges entonces&#8221;, responde Steines.<\/p>\n<p>Est\u00e1 a 12 kil\u00f3metros de distancia, pero Steines est\u00e1 decidido. Sigue caminando en la nieve con sus zapatos bajos hacia el pico nevado. De repente, oye las voces de los chicos que est\u00e1n pastoreando ovejas.<\/p>\n<p><strong>Los llama: &#8220;\u00bfConoces bien a Tourmalet?&#8221;<\/strong><br \/>\n&#8220;S\u00ed&#8221;<br \/>\n&#8220;\u00bfPuedes guiarme?&#8221;<\/p>\n<p>Se arrastran durante los dos kil\u00f3metros restantes a trav\u00e9s de la nieve durante 2 horas y media para llegar a la cima. Es tarde y est\u00e1 muy oscuro. No hay estrellas y la luna se esconde detr\u00e1s de las nubes. El chico que estaba ayudando tiene que volver a casa ahora y Steines est\u00e1 solo otra vez. Descansa en la cima por un momento pero r\u00e1pidamente se da cuenta de que podr\u00eda morir congelado si deja de moverse. Comienza el descenso pero pierde el equilibrio en el camino y rueda colina abajo en la nieve. Termina en un arroyo de la monta\u00f1a. <strong>Mojado e hipot\u00e9rmico, encuentra un lado del camino. Est\u00e1 exhausto y no puede continuar. Despu\u00e9s de un tiempo, vuelve a o\u00edr una voz.<\/strong><\/p>\n<p>&#8220;\u00bfQui\u00e9n est\u00e1 ah\u00ed?&#8221;, pregunta el desconocido.<br \/>\nSteines se queda callado por miedo, pensando que podr\u00eda ser un contrabandista el que lo encontr\u00f3. Pero luego deja de pensar que podr\u00eda ser su \u00fanica oportunidad de ser salvado: <strong>&#8220;Soy un vagabundo perdido. Acabo de cruzar el Tourmalet&#8221;.<\/strong><br \/>\n&#8220;Ah, usted debe ser Steines. Te est\u00e1bamos esperando. Recibimos una llamada. Los equipos de rescate de la monta\u00f1a te est\u00e1n buscando por todas partes.&#8221;<br \/>\n<strong>Cuando Steines se pone a salvo, env\u00eda un hist\u00f3rico y poco veraz telegrama a Desgranges: &#8220;Acabo de cruzar el Tourmalet STOP Muy buena carretera STOP Totalmente aceptable STOP&#8221;.<\/strong><\/p>\n<figure id=\"attachment_6629\" aria-describedby=\"caption-attachment-6629\" style=\"width: 1024px\" class=\"wp-caption alignnone\"><a href=\"https:\/\/d2p6e6u75xmxt8.cloudfront.net\/2\/2020\/09\/Plaque_Alphonse_Steines_Weimerskirch.jpg\"><img loading=\"lazy\" decoding=\"async\" class=\"wp-image-6629 size-large\" src=\"https:\/\/d2p6e6u75xmxt8.cloudfront.net\/6\/2020\/09\/Plaque_Alphonse_Steines_Weimerskirch-1024x750.jpg\" alt=\"Alphonse Steines Tour\" width=\"1024\" height=\"750\" srcset=\"https:\/\/d2p6e6u75xmxt8.cloudfront.net\/6\/2020\/09\/Plaque_Alphonse_Steines_Weimerskirch-1024x750.jpg 1024w, https:\/\/d2p6e6u75xmxt8.cloudfront.net\/6\/2020\/09\/Plaque_Alphonse_Steines_Weimerskirch-300x220.jpg 300w, https:\/\/d2p6e6u75xmxt8.cloudfront.net\/6\/2020\/09\/Plaque_Alphonse_Steines_Weimerskirch-768x563.jpg 768w, https:\/\/d2p6e6u75xmxt8.cloudfront.net\/6\/2020\/09\/Plaque_Alphonse_Steines_Weimerskirch-1536x1125.jpg 1536w, https:\/\/d2p6e6u75xmxt8.cloudfront.net\/6\/2020\/09\/Plaque_Alphonse_Steines_Weimerskirch.jpg 1600w\" sizes=\"auto, (max-width: 1024px) 100vw, 1024px\" \/><\/a><figcaption id=\"caption-attachment-6629\" class=\"wp-caption-text\">La placa a Alphonse Steines en Luxemburgo. \u00a9 Wikimedia Commons<\/figcaption><\/figure>\n<p>Un mes despu\u00e9s, dos etapas de los Pirineos forman parte del Tour de Francia por primera vez. La segunda sigue siendo una de las m\u00e1s duras de la historia, con 326 kil\u00f3metros y atravesando Peyresourde, Aspin, Tourmalet y Aubisque. El ganador de esa etapa, Octave Lapize, dijo esto a los organizadores cuando lleg\u00f3 al cuarto puerto de monta\u00f1a despu\u00e9s de unas 15 horas de ciclismo:<\/p>\n<p><strong>&#8220;\u00a1Asesinos! \u00a1Todos ustedes son asesinos!&#8221;<\/strong> Pero las monta\u00f1as no lo mataron y se las arregl\u00f3 para ganar todo el Tour ese a\u00f1o. Los Pirineos fueron un gran \u00e9xito como Steines so\u00f1\u00f3. Ser\u00eda dif\u00edcil imaginar el Tour sin lugares como el Tourmalet hoy en d\u00eda.<\/p>\n","protected":false},"excerpt":{"rendered":"<p>Los comienzos del Tour de Francia fueron salvajes. Cada a\u00f1o se le daba una vuelta de tuerca y los corredores [&hellip;]<\/p>\n","protected":false},"author":29,"featured_media":6631,"comment_status":"open","ping_status":"open","sticky":false,"template":"","format":"standard","meta":{"footnotes":""},"categories":[7],"tags":[1773,1771,1772,1770,1769],"global-categories":[],"class_list":["post-6626","post","type-post","status-publish","format-standard","has-post-thumbnail","hentry","category-carretera","tag-historia-tour-tourmalet","tag-historia-tour-tourmalt","tag-historia-tourmalet","tag-primera-etapa-tour-pirineos","tag-tour-1910"],"yoast_head":"<!-- This site is optimized with the Yoast SEO Premium plugin v25.3 (Yoast SEO v25.9) - https:\/\/yoast.com\/wordpress\/plugins\/seo\/ -->\n<title>La historia de por qu\u00e9 el Tour cruz\u00f3 los Pirineos en 1910<\/title>\n<meta name=\"description\" content=\"La historia de por qu\u00e9 el Tour cruz\u00f3 los Pirineos en 1910. As\u00ed fue la historia de c\u00f3mo se dise\u00f1\u00f3 la primera etapa del Tour en Pirineos.\" \/>\n<meta name=\"robots\" content=\"index, follow, max-snippet:-1, max-image-preview:large, max-video-preview:-1\" \/>\n<link rel=\"canonical\" href=\"https:\/\/www.welovecycling.com\/es\/2020\/09\/03\/tour-pirineos-1910\/\" \/>\n<meta property=\"og:locale\" content=\"es_ES\" \/>\n<meta property=\"og:type\" content=\"article\" \/>\n<meta property=\"og:title\" content=\"La historia de por qu\u00e9 el Tour cruz\u00f3 los Pirineos en 1910\" \/>\n<meta property=\"og:description\" content=\"La historia de por qu\u00e9 el Tour cruz\u00f3 los Pirineos en 1910. As\u00ed fue la historia de c\u00f3mo se dise\u00f1\u00f3 la primera etapa del Tour en Pirineos.\" \/>\n<meta property=\"og:url\" content=\"https:\/\/www.welovecycling.com\/es\/2020\/09\/03\/tour-pirineos-1910\/\" \/>\n<meta property=\"og:site_name\" content=\"\u0160koda We Love Cycling - Spain\" \/>\n<meta property=\"article:published_time\" content=\"2020-09-03T19:11:04+00:00\" \/>\n<meta property=\"og:image\" content=\"https:\/\/d2p6e6u75xmxt8.cloudfront.net\/6\/2020\/09\/tourmalet-pixabay-CVR.jpg\" \/>\n\t<meta property=\"og:image:width\" content=\"1366\" \/>\n\t<meta property=\"og:image:height\" content=\"600\" \/>\n\t<meta property=\"og:image:type\" content=\"image\/jpeg\" \/>\n<meta name=\"author\" content=\"We Love Cycling Spain\" \/>\n<meta name=\"twitter:card\" content=\"summary_large_image\" \/>\n<meta name=\"twitter:title\" content=\"La historia de por qu\u00e9 el Tour cruz\u00f3 los Pirineos en 1910\" \/>\n<meta name=\"twitter:description\" content=\"La historia de por qu\u00e9 el Tour cruz\u00f3 los Pirineos en 1910. As\u00ed fue la historia de c\u00f3mo se dise\u00f1\u00f3 la primera etapa del Tour en Pirineos.\" \/>\n<meta name=\"twitter:label1\" content=\"Written by\" \/>\n\t<meta name=\"twitter:data1\" content=\"Jiri Kaloc\" \/>\n\t<meta name=\"twitter:label2\" content=\"Est. reading time\" \/>\n\t<meta name=\"twitter:data2\" content=\"4\" \/>\n<script type=\"application\/ld+json\" class=\"yoast-schema-graph\">{\"@context\":\"https:\/\/schema.org\",\"@graph\":[{\"@type\":\"WebPage\",\"@id\":\"https:\/\/www.welovecycling.com\/es\/2020\/09\/03\/tour-pirineos-1910\/\",\"url\":\"https:\/\/www.welovecycling.com\/es\/2020\/09\/03\/tour-pirineos-1910\/\",\"name\":\"La historia de por qu\u00e9 el Tour cruz\u00f3 los Pirineos en 1910\",\"isPartOf\":{\"@id\":\"https:\/\/www.welovecycling.com\/es\/#website\"},\"primaryImageOfPage\":{\"@id\":\"https:\/\/www.welovecycling.com\/es\/2020\/09\/03\/tour-pirineos-1910\/#primaryimage\"},\"image\":{\"@id\":\"https:\/\/www.welovecycling.com\/es\/2020\/09\/03\/tour-pirineos-1910\/#primaryimage\"},\"thumbnailUrl\":\"https:\/\/d2p6e6u75xmxt8.cloudfront.net\/6\/2020\/09\/tourmalet-pixabay-CVR.jpg\",\"datePublished\":\"2020-09-03T19:11:04+00:00\",\"author\":{\"@id\":\"https:\/\/www.welovecycling.com\/es\/#\/schema\/person\/deb61715b5812698ee79fb96f343ccd4\"},\"description\":\"La historia de por qu\u00e9 el Tour cruz\u00f3 los Pirineos en 1910. As\u00ed fue la historia de c\u00f3mo se dise\u00f1\u00f3 la primera etapa del Tour en Pirineos.\",\"breadcrumb\":{\"@id\":\"https:\/\/www.welovecycling.com\/es\/2020\/09\/03\/tour-pirineos-1910\/#breadcrumb\"},\"inLanguage\":\"es-ES\",\"potentialAction\":[{\"@type\":\"ReadAction\",\"target\":[\"https:\/\/www.welovecycling.com\/es\/2020\/09\/03\/tour-pirineos-1910\/\"]}]},{\"@type\":\"ImageObject\",\"inLanguage\":\"es-ES\",\"@id\":\"https:\/\/www.welovecycling.com\/es\/2020\/09\/03\/tour-pirineos-1910\/#primaryimage\",\"url\":\"https:\/\/d2p6e6u75xmxt8.cloudfront.net\/6\/2020\/09\/tourmalet-pixabay-CVR.jpg\",\"contentUrl\":\"https:\/\/d2p6e6u75xmxt8.cloudfront.net\/6\/2020\/09\/tourmalet-pixabay-CVR.jpg\",\"width\":1366,\"height\":600,\"caption\":\"Tourmalet\"},{\"@type\":\"BreadcrumbList\",\"@id\":\"https:\/\/www.welovecycling.com\/es\/2020\/09\/03\/tour-pirineos-1910\/#breadcrumb\",\"itemListElement\":[{\"@type\":\"ListItem\",\"position\":1,\"name\":\"Home\",\"item\":\"https:\/\/www.welovecycling.com\/es\/\"},{\"@type\":\"ListItem\",\"position\":2,\"name\":\"La historia de por qu\u00e9 el Tour cruz\u00f3 los Pirineos en 1910\"}]},{\"@type\":\"WebSite\",\"@id\":\"https:\/\/www.welovecycling.com\/es\/#website\",\"url\":\"https:\/\/www.welovecycling.com\/es\/\",\"name\":\"\u0160koda We Love Cycling - Spain\",\"description\":\"\u0160koda WeLoveCycling Spain\",\"potentialAction\":[{\"@type\":\"SearchAction\",\"target\":{\"@type\":\"EntryPoint\",\"urlTemplate\":\"https:\/\/www.welovecycling.com\/es\/?s={search_term_string}\"},\"query-input\":{\"@type\":\"PropertyValueSpecification\",\"valueRequired\":true,\"valueName\":\"search_term_string\"}}],\"inLanguage\":\"es-ES\"},{\"@type\":\"Person\",\"@id\":\"https:\/\/www.welovecycling.com\/es\/#\/schema\/person\/deb61715b5812698ee79fb96f343ccd4\",\"name\":\"We Love Cycling Spain\",\"image\":{\"@type\":\"ImageObject\",\"inLanguage\":\"es-ES\",\"@id\":\"https:\/\/www.welovecycling.com\/es\/#\/schema\/person\/image\/\",\"url\":\"https:\/\/secure.gravatar.com\/avatar\/c824b04e6df0e37a03219d0b6481672889df542894588964102459e46513159c?s=96&d=mm&r=g\",\"contentUrl\":\"https:\/\/secure.gravatar.com\/avatar\/c824b04e6df0e37a03219d0b6481672889df542894588964102459e46513159c?s=96&d=mm&r=g\",\"caption\":\"We Love Cycling Spain\"},\"url\":\"https:\/\/www.welovecycling.com\/es\/author\/amunoz\/\"}]}<\/script>\n<!-- \/ Yoast SEO Premium plugin. -->","yoast_head_json":{"title":"La historia de por qu\u00e9 el Tour cruz\u00f3 los Pirineos en 1910","description":"La historia de por qu\u00e9 el Tour cruz\u00f3 los Pirineos en 1910. As\u00ed fue la historia de c\u00f3mo se dise\u00f1\u00f3 la primera etapa del Tour en Pirineos.","robots":{"index":"index","follow":"follow","max-snippet":"max-snippet:-1","max-image-preview":"max-image-preview:large","max-video-preview":"max-video-preview:-1"},"canonical":"https:\/\/www.welovecycling.com\/es\/2020\/09\/03\/tour-pirineos-1910\/","og_locale":"es_ES","og_type":"article","og_title":"La historia de por qu\u00e9 el Tour cruz\u00f3 los Pirineos en 1910","og_description":"La historia de por qu\u00e9 el Tour cruz\u00f3 los Pirineos en 1910. As\u00ed fue la historia de c\u00f3mo se dise\u00f1\u00f3 la primera etapa del Tour en Pirineos.","og_url":"https:\/\/www.welovecycling.com\/es\/2020\/09\/03\/tour-pirineos-1910\/","og_site_name":"\u0160koda We Love Cycling - Spain","article_published_time":"2020-09-03T19:11:04+00:00","og_image":[{"width":1366,"height":600,"url":"https:\/\/d2p6e6u75xmxt8.cloudfront.net\/6\/2020\/09\/tourmalet-pixabay-CVR.jpg","type":"image\/jpeg"}],"author":"We Love Cycling Spain","twitter_card":"summary_large_image","twitter_title":"La historia de por qu\u00e9 el Tour cruz\u00f3 los Pirineos en 1910","twitter_description":"La historia de por qu\u00e9 el Tour cruz\u00f3 los Pirineos en 1910. As\u00ed fue la historia de c\u00f3mo se dise\u00f1\u00f3 la primera etapa del Tour en Pirineos.","twitter_misc":{"Written by":"Jiri Kaloc","Est. reading time":"4"},"schema":{"@context":"https:\/\/schema.org","@graph":[{"@type":"WebPage","@id":"https:\/\/www.welovecycling.com\/es\/2020\/09\/03\/tour-pirineos-1910\/","url":"https:\/\/www.welovecycling.com\/es\/2020\/09\/03\/tour-pirineos-1910\/","name":"La historia de por qu\u00e9 el Tour cruz\u00f3 los Pirineos en 1910","isPartOf":{"@id":"https:\/\/www.welovecycling.com\/es\/#website"},"primaryImageOfPage":{"@id":"https:\/\/www.welovecycling.com\/es\/2020\/09\/03\/tour-pirineos-1910\/#primaryimage"},"image":{"@id":"https:\/\/www.welovecycling.com\/es\/2020\/09\/03\/tour-pirineos-1910\/#primaryimage"},"thumbnailUrl":"https:\/\/d2p6e6u75xmxt8.cloudfront.net\/6\/2020\/09\/tourmalet-pixabay-CVR.jpg","datePublished":"2020-09-03T19:11:04+00:00","author":{"@id":"https:\/\/www.welovecycling.com\/es\/#\/schema\/person\/deb61715b5812698ee79fb96f343ccd4"},"description":"La historia de por qu\u00e9 el Tour cruz\u00f3 los Pirineos en 1910. As\u00ed fue la historia de c\u00f3mo se dise\u00f1\u00f3 la primera etapa del Tour en Pirineos.","breadcrumb":{"@id":"https:\/\/www.welovecycling.com\/es\/2020\/09\/03\/tour-pirineos-1910\/#breadcrumb"},"inLanguage":"es-ES","potentialAction":[{"@type":"ReadAction","target":["https:\/\/www.welovecycling.com\/es\/2020\/09\/03\/tour-pirineos-1910\/"]}]},{"@type":"ImageObject","inLanguage":"es-ES","@id":"https:\/\/www.welovecycling.com\/es\/2020\/09\/03\/tour-pirineos-1910\/#primaryimage","url":"https:\/\/d2p6e6u75xmxt8.cloudfront.net\/6\/2020\/09\/tourmalet-pixabay-CVR.jpg","contentUrl":"https:\/\/d2p6e6u75xmxt8.cloudfront.net\/6\/2020\/09\/tourmalet-pixabay-CVR.jpg","width":1366,"height":600,"caption":"Tourmalet"},{"@type":"BreadcrumbList","@id":"https:\/\/www.welovecycling.com\/es\/2020\/09\/03\/tour-pirineos-1910\/#breadcrumb","itemListElement":[{"@type":"ListItem","position":1,"name":"Home","item":"https:\/\/www.welovecycling.com\/es\/"},{"@type":"ListItem","position":2,"name":"La historia de por qu\u00e9 el Tour cruz\u00f3 los Pirineos en 1910"}]},{"@type":"WebSite","@id":"https:\/\/www.welovecycling.com\/es\/#website","url":"https:\/\/www.welovecycling.com\/es\/","name":"\u0160koda We Love Cycling - Spain","description":"\u0160koda WeLoveCycling Spain","potentialAction":[{"@type":"SearchAction","target":{"@type":"EntryPoint","urlTemplate":"https:\/\/www.welovecycling.com\/es\/?s={search_term_string}"},"query-input":{"@type":"PropertyValueSpecification","valueRequired":true,"valueName":"search_term_string"}}],"inLanguage":"es-ES"},{"@type":"Person","@id":"https:\/\/www.welovecycling.com\/es\/#\/schema\/person\/deb61715b5812698ee79fb96f343ccd4","name":"We Love Cycling Spain","image":{"@type":"ImageObject","inLanguage":"es-ES","@id":"https:\/\/www.welovecycling.com\/es\/#\/schema\/person\/image\/","url":"https:\/\/secure.gravatar.com\/avatar\/c824b04e6df0e37a03219d0b6481672889df542894588964102459e46513159c?s=96&d=mm&r=g","contentUrl":"https:\/\/secure.gravatar.com\/avatar\/c824b04e6df0e37a03219d0b6481672889df542894588964102459e46513159c?s=96&d=mm&r=g","caption":"We Love Cycling Spain"},"url":"https:\/\/www.welovecycling.com\/es\/author\/amunoz\/"}]}},"_links":{"self":[{"href":"https:\/\/www.welovecycling.com\/es\/wp-json\/wp\/v2\/posts\/6626","targetHints":{"allow":["GET"]}}],"collection":[{"href":"https:\/\/www.welovecycling.com\/es\/wp-json\/wp\/v2\/posts"}],"about":[{"href":"https:\/\/www.welovecycling.com\/es\/wp-json\/wp\/v2\/types\/post"}],"author":[{"embeddable":true,"href":"https:\/\/www.welovecycling.com\/es\/wp-json\/wp\/v2\/users\/29"}],"replies":[{"embeddable":true,"href":"https:\/\/www.welovecycling.com\/es\/wp-json\/wp\/v2\/comments?post=6626"}],"version-history":[{"count":2,"href":"https:\/\/www.welovecycling.com\/es\/wp-json\/wp\/v2\/posts\/6626\/revisions"}],"predecessor-version":[{"id":6633,"href":"https:\/\/www.welovecycling.com\/es\/wp-json\/wp\/v2\/posts\/6626\/revisions\/6633"}],"wp:featuredmedia":[{"embeddable":true,"href":"https:\/\/www.welovecycling.com\/es\/wp-json\/wp\/v2\/media\/6631"}],"wp:attachment":[{"href":"https:\/\/www.welovecycling.com\/es\/wp-json\/wp\/v2\/media?parent=6626"}],"wp:term":[{"taxonomy":"category","embeddable":true,"href":"https:\/\/www.welovecycling.com\/es\/wp-json\/wp\/v2\/categories?post=6626"},{"taxonomy":"post_tag","embeddable":true,"href":"https:\/\/www.welovecycling.com\/es\/wp-json\/wp\/v2\/tags?post=6626"},{"taxonomy":"global-categories","embeddable":true,"href":"https:\/\/www.welovecycling.com\/es\/wp-json\/wp\/v2\/global-categories?post=6626"}],"curies":[{"name":"wp","href":"https:\/\/api.w.org\/{rel}","templated":true}]}}