{"id":6581,"date":"2020-09-01T14:55:30","date_gmt":"2020-09-01T12:55:30","guid":{"rendered":"https:\/\/www.welovecycling.com\/es\/?p=6581"},"modified":"2020-09-01T14:55:30","modified_gmt":"2020-09-01T12:55:30","slug":"la-nutricion-en-el-tour-de-francia-etapas-llanas","status":"publish","type":"post","link":"https:\/\/www.welovecycling.com\/es\/2020\/09\/01\/la-nutricion-en-el-tour-de-francia-etapas-llanas\/","title":{"rendered":"La nutrici\u00f3n en el Tour de Francia &#8211; Etapas llanas"},"content":{"rendered":"<p><strong>Los ciclistas del Tour son famosos por la extrema cantidad de comida que tienen que consumir para aguantar durante 21 d\u00edas. Pero no es tan simple como tratar de comer tanto como sea posible. Su dieta cambia cada d\u00eda y uno de los grandes factores es el tipo de etapa que toca da jornada. Echemos un vistazo a la nutrici\u00f3n del Tour de Francia y qu\u00e9 ajustes est\u00e1n haciendo para las etapas planas.<\/strong><!--more--><\/p>\n<p>Todos los corredores tienen que caminar por una fina l\u00ednea entre la p\u00e9rdida y la ganancia de peso a lo largo del Tour, mientras que, al mismo tiempo, deben tener la suficiente energ\u00eda para poder ir r\u00e1pido. Y cualquier error puede costarles una etapa o incluso todo el Tour. Una etapa llana suele significar menos calor\u00edas quemadas y eso debe reflejarse en la dieta de los corredores. As\u00ed es como podr\u00eda ser el plan de alimentaci\u00f3n de una etapa plana.<\/p>\n<figure id=\"attachment_6582\" aria-describedby=\"caption-attachment-6582\" style=\"width: 1024px\" class=\"wp-caption alignnone\"><a href=\"https:\/\/d2p6e6u75xmxt8.cloudfront.net\/2\/2020\/08\/profimedia-0555608740.jpg\"><img loading=\"lazy\" decoding=\"async\" class=\"wp-image-6582 size-large\" src=\"https:\/\/d2p6e6u75xmxt8.cloudfront.net\/6\/2020\/09\/profimedia-0555608740-1024x668.jpg\" alt=\"Primoz Roglic Tour de France\" width=\"1024\" height=\"668\" srcset=\"https:\/\/d2p6e6u75xmxt8.cloudfront.net\/6\/2020\/09\/profimedia-0555608740-1024x668.jpg 1024w, https:\/\/d2p6e6u75xmxt8.cloudfront.net\/6\/2020\/09\/profimedia-0555608740-300x196.jpg 300w, https:\/\/d2p6e6u75xmxt8.cloudfront.net\/6\/2020\/09\/profimedia-0555608740-768x501.jpg 768w, https:\/\/d2p6e6u75xmxt8.cloudfront.net\/6\/2020\/09\/profimedia-0555608740.jpg 1250w\" sizes=\"auto, (max-width: 1024px) 100vw, 1024px\" \/><\/a><figcaption id=\"caption-attachment-6582\" class=\"wp-caption-text\">Primoz Roglic se refresca en la etapa 3 del Tour 2020. \u00a9 Profimedia<\/figcaption><\/figure>\n<h2><strong><br \/>\nEl d\u00eda antes<\/strong><\/h2>\n<p>Como siempre, la buena nutrici\u00f3n de la carrera comienza el d\u00eda anterior. Con una etapa plana sencilla, los ciclistas pueden empezar a ajustar su ingesta en la cena. Pueden consumir menos carbohidratos de lo habitual y concentrarse m\u00e1s en las verduras. La cena del d\u00eda anterior a una etapa plana puede consistir en una ensalada de verduras, carbohidratos integrales como la quinoa, arroz, patatas o pasta integral, un trozo de carne y alg\u00fan postre m\u00e1s ligero en forma de fruta. El objetivo podr\u00eda ser menos de 1 g de carbohidratos por 1 kg de peso corporal.<\/p>\n<h2><strong>Desayuno<\/strong><\/h2>\n<p>La base de cada desayuno suele ser muy similar. Una tortilla, arroz, zumo de fruta y caf\u00e9. Esto suele ser todo para una etapa plana, sin segundas porciones, sin pasteles extra. El objetivo ser\u00e1 probablemente alrededor de 1 g de carbohidratos por 1 kg de peso corporal.<\/p>\n<h2><strong>En la bici<\/strong><\/h2>\n<p>El n\u00famero de geles energ\u00e9ticos, s\u00e1ndwiches o pasteles de arroz que se consumen en la bicicleta depender\u00e1 mucho de las especificaciones de un determinado escenario plano, de las t\u00e1cticas del equipo y de las necesidades individuales. En general, un relativamente conservador 50-60 g de carbohidratos por hora de ciclismo deber\u00eda ser suficiente.<\/p>\n<figure id=\"attachment_6583\" aria-describedby=\"caption-attachment-6583\" style=\"width: 1024px\" class=\"wp-caption alignnone\"><a href=\"https:\/\/d2p6e6u75xmxt8.cloudfront.net\/2\/2020\/08\/profimedia-0379515236.jpg\"><img loading=\"lazy\" decoding=\"async\" class=\"size-large wp-image-6583\" src=\"https:\/\/d2p6e6u75xmxt8.cloudfront.net\/6\/2020\/09\/profimedia-0379515236-1024x682.jpg\" alt=\"Tour de France Food\" width=\"1024\" height=\"682\" srcset=\"https:\/\/d2p6e6u75xmxt8.cloudfront.net\/6\/2020\/09\/profimedia-0379515236-1024x682.jpg 1024w, https:\/\/d2p6e6u75xmxt8.cloudfront.net\/6\/2020\/09\/profimedia-0379515236-300x200.jpg 300w, https:\/\/d2p6e6u75xmxt8.cloudfront.net\/6\/2020\/09\/profimedia-0379515236-768x512.jpg 768w, https:\/\/d2p6e6u75xmxt8.cloudfront.net\/6\/2020\/09\/profimedia-0379515236-272x182.jpg 272w, https:\/\/d2p6e6u75xmxt8.cloudfront.net\/6\/2020\/09\/profimedia-0379515236.jpg 1250w\" sizes=\"auto, (max-width: 1024px) 100vw, 1024px\" \/><\/a><figcaption id=\"caption-attachment-6583\" class=\"wp-caption-text\">Bauke Mollema como un sandwich en la etapa 17 del Tour 2018\u00a9 Profimedia<\/figcaption><\/figure>\n<h2><strong><br \/>\nRecuperaci\u00f3n<\/strong><\/h2>\n<p>Tan pronto como los corredores terminen la etapa plana, comenzar\u00e1n su nutrici\u00f3n de recuperaci\u00f3n. Esto normalmente consiste en una bebida de recuperaci\u00f3n, una merienda y aperitivos adicionales. Una bebida de recuperaci\u00f3n de tama\u00f1o medio y un pollo con arroz ser\u00e1n probablemente la elecci\u00f3n m\u00e1s com\u00fan aqu\u00ed. El objetivo ser\u00e1 de nuevo menos de 1 g de carbohidratos por 1 kg de peso corporal.<\/p>\n<h2><strong>Cena<\/strong><\/h2>\n<p>La cena depende mucho de qu\u00e9 etapa espera al d\u00eda siguiente. Si hay otra etapa plana, podr\u00eda ser similar a la de anoche. Si es una etapa de monta\u00f1a dura la que espera, entonces la ingesta de carbohidratos se incrementar\u00e1 mucho. En general, un d\u00eda de etapa plana ligera puede terminar con tan s\u00f3lo 5 g de carbohidratos por 1 kg de peso corporal.<\/p>\n<p>La pr\u00f3xima vez, veremos lo diferente que puede ser un d\u00eda de comida para las etapas de monta\u00f1a dura.<\/p>\n","protected":false},"excerpt":{"rendered":"<p>Los ciclistas del Tour son famosos por la extrema cantidad de comida que tienen que consumir para aguantar durante 21 [&hellip;]<\/p>\n","protected":false},"author":29,"featured_media":6585,"comment_status":"open","ping_status":"open","sticky":false,"template":"","format":"standard","meta":{"footnotes":""},"categories":[7],"tags":[1746,940,1745,1743,1742,1744],"global-categories":[],"class_list":["post-6581","post","type-post","status-publish","format-standard","has-post-thumbnail","hentry","category-carretera","tag-alimentacion-ciclista-tour","tag-ciclismo-y-nutricion","tag-comida-ciclista-tour","tag-nutricion-etapa-llana-tour","tag-nutricion-tour-de-francia","tag-que-come-un-ciclista-en-el-tour"],"yoast_head":"<!-- This site is optimized with the Yoast SEO Premium plugin v25.3 (Yoast SEO v25.9) - https:\/\/yoast.com\/wordpress\/plugins\/seo\/ -->\n<title>Tour de France Nutrition \u2013 Flat Stages - \u0160koda We Love Cycling - Spain<\/title>\n<meta name=\"description\" content=\"La nutrici\u00f3n en el Tour de Francia - Etapas llanas. Qu\u00e9 comen los ciclistas del Tour para afrontar una etapa llana. De la cena a la etapa.\" \/>\n<meta name=\"robots\" content=\"index, follow, max-snippet:-1, max-image-preview:large, max-video-preview:-1\" \/>\n<link rel=\"canonical\" href=\"https:\/\/www.welovecycling.com\/es\/2020\/09\/01\/la-nutricion-en-el-tour-de-francia-etapas-llanas\/\" \/>\n<meta property=\"og:locale\" content=\"es_ES\" \/>\n<meta property=\"og:type\" content=\"article\" \/>\n<meta property=\"og:title\" content=\"La nutrici\u00f3n en el Tour de Francia - Etapas llanas\" \/>\n<meta property=\"og:description\" content=\"La nutrici\u00f3n en el Tour de Francia - Etapas llanas. Qu\u00e9 comen los ciclistas del Tour para afrontar una etapa llana. De la cena a la etapa.\" \/>\n<meta property=\"og:url\" content=\"https:\/\/www.welovecycling.com\/es\/2020\/09\/01\/la-nutricion-en-el-tour-de-francia-etapas-llanas\/\" \/>\n<meta property=\"og:site_name\" content=\"\u0160koda We Love Cycling - Spain\" \/>\n<meta property=\"article:published_time\" content=\"2020-09-01T12:55:30+00:00\" \/>\n<meta property=\"og:image\" content=\"https:\/\/d2p6e6u75xmxt8.cloudfront.net\/6\/2020\/09\/Tour-de-France-CVR-profimedia-0461255532.jpg\" \/>\n\t<meta property=\"og:image:width\" content=\"1366\" \/>\n\t<meta property=\"og:image:height\" content=\"600\" \/>\n\t<meta property=\"og:image:type\" content=\"image\/jpeg\" \/>\n<meta name=\"author\" content=\"We Love Cycling Spain\" \/>\n<meta name=\"twitter:card\" content=\"summary_large_image\" \/>\n<meta name=\"twitter:title\" content=\"La nutrici\u00f3n en el Tour de Francia - Etapas llanas\" \/>\n<meta name=\"twitter:description\" content=\"La nutrici\u00f3n en el Tour de Francia - Etapas llanas. Qu\u00e9 comen los ciclistas del Tour para afrontar una etapa llana. De la cena a la etapa.\" \/>\n<meta name=\"twitter:label1\" content=\"Written by\" \/>\n\t<meta name=\"twitter:data1\" content=\"Jiri Kaloc\" \/>\n\t<meta name=\"twitter:label2\" content=\"Est. reading time\" \/>\n\t<meta name=\"twitter:data2\" content=\"5\" \/>\n<script type=\"application\/ld+json\" class=\"yoast-schema-graph\">{\"@context\":\"https:\/\/schema.org\",\"@graph\":[{\"@type\":\"WebPage\",\"@id\":\"https:\/\/www.welovecycling.com\/es\/2020\/09\/01\/la-nutricion-en-el-tour-de-francia-etapas-llanas\/\",\"url\":\"https:\/\/www.welovecycling.com\/es\/2020\/09\/01\/la-nutricion-en-el-tour-de-francia-etapas-llanas\/\",\"name\":\"Tour de France Nutrition \u2013 Flat Stages - \u0160koda We Love Cycling - Spain\",\"isPartOf\":{\"@id\":\"https:\/\/www.welovecycling.com\/es\/#website\"},\"primaryImageOfPage\":{\"@id\":\"https:\/\/www.welovecycling.com\/es\/2020\/09\/01\/la-nutricion-en-el-tour-de-francia-etapas-llanas\/#primaryimage\"},\"image\":{\"@id\":\"https:\/\/www.welovecycling.com\/es\/2020\/09\/01\/la-nutricion-en-el-tour-de-francia-etapas-llanas\/#primaryimage\"},\"thumbnailUrl\":\"https:\/\/d2p6e6u75xmxt8.cloudfront.net\/6\/2020\/09\/Tour-de-France-CVR-profimedia-0461255532.jpg\",\"datePublished\":\"2020-09-01T12:55:30+00:00\",\"author\":{\"@id\":\"https:\/\/www.welovecycling.com\/es\/#\/schema\/person\/deb61715b5812698ee79fb96f343ccd4\"},\"description\":\"La nutrici\u00f3n en el Tour de Francia - Etapas llanas. Qu\u00e9 comen los ciclistas del Tour para afrontar una etapa llana. De la cena a la etapa.\",\"breadcrumb\":{\"@id\":\"https:\/\/www.welovecycling.com\/es\/2020\/09\/01\/la-nutricion-en-el-tour-de-francia-etapas-llanas\/#breadcrumb\"},\"inLanguage\":\"es-ES\",\"potentialAction\":[{\"@type\":\"ReadAction\",\"target\":[\"https:\/\/www.welovecycling.com\/es\/2020\/09\/01\/la-nutricion-en-el-tour-de-francia-etapas-llanas\/\"]}]},{\"@type\":\"ImageObject\",\"inLanguage\":\"es-ES\",\"@id\":\"https:\/\/www.welovecycling.com\/es\/2020\/09\/01\/la-nutricion-en-el-tour-de-francia-etapas-llanas\/#primaryimage\",\"url\":\"https:\/\/d2p6e6u75xmxt8.cloudfront.net\/6\/2020\/09\/Tour-de-France-CVR-profimedia-0461255532.jpg\",\"contentUrl\":\"https:\/\/d2p6e6u75xmxt8.cloudfront.net\/6\/2020\/09\/Tour-de-France-CVR-profimedia-0461255532.jpg\",\"width\":1366,\"height\":600,\"caption\":\"Tour de France\"},{\"@type\":\"BreadcrumbList\",\"@id\":\"https:\/\/www.welovecycling.com\/es\/2020\/09\/01\/la-nutricion-en-el-tour-de-francia-etapas-llanas\/#breadcrumb\",\"itemListElement\":[{\"@type\":\"ListItem\",\"position\":1,\"name\":\"Home\",\"item\":\"https:\/\/www.welovecycling.com\/es\/\"},{\"@type\":\"ListItem\",\"position\":2,\"name\":\"La nutrici\u00f3n en el Tour de Francia &#8211; Etapas llanas\"}]},{\"@type\":\"WebSite\",\"@id\":\"https:\/\/www.welovecycling.com\/es\/#website\",\"url\":\"https:\/\/www.welovecycling.com\/es\/\",\"name\":\"\u0160koda We Love Cycling - Spain\",\"description\":\"\u0160koda WeLoveCycling Spain\",\"potentialAction\":[{\"@type\":\"SearchAction\",\"target\":{\"@type\":\"EntryPoint\",\"urlTemplate\":\"https:\/\/www.welovecycling.com\/es\/?s={search_term_string}\"},\"query-input\":{\"@type\":\"PropertyValueSpecification\",\"valueRequired\":true,\"valueName\":\"search_term_string\"}}],\"inLanguage\":\"es-ES\"},{\"@type\":\"Person\",\"@id\":\"https:\/\/www.welovecycling.com\/es\/#\/schema\/person\/deb61715b5812698ee79fb96f343ccd4\",\"name\":\"We Love Cycling Spain\",\"image\":{\"@type\":\"ImageObject\",\"inLanguage\":\"es-ES\",\"@id\":\"https:\/\/www.welovecycling.com\/es\/#\/schema\/person\/image\/\",\"url\":\"https:\/\/secure.gravatar.com\/avatar\/c824b04e6df0e37a03219d0b6481672889df542894588964102459e46513159c?s=96&d=mm&r=g\",\"contentUrl\":\"https:\/\/secure.gravatar.com\/avatar\/c824b04e6df0e37a03219d0b6481672889df542894588964102459e46513159c?s=96&d=mm&r=g\",\"caption\":\"We Love Cycling Spain\"},\"url\":\"https:\/\/www.welovecycling.com\/es\/author\/amunoz\/\"}]}<\/script>\n<!-- \/ Yoast SEO Premium plugin. -->","yoast_head_json":{"title":"Tour de France Nutrition \u2013 Flat Stages - \u0160koda We Love Cycling - Spain","description":"La nutrici\u00f3n en el Tour de Francia - Etapas llanas. Qu\u00e9 comen los ciclistas del Tour para afrontar una etapa llana. De la cena a la etapa.","robots":{"index":"index","follow":"follow","max-snippet":"max-snippet:-1","max-image-preview":"max-image-preview:large","max-video-preview":"max-video-preview:-1"},"canonical":"https:\/\/www.welovecycling.com\/es\/2020\/09\/01\/la-nutricion-en-el-tour-de-francia-etapas-llanas\/","og_locale":"es_ES","og_type":"article","og_title":"La nutrici\u00f3n en el Tour de Francia - Etapas llanas","og_description":"La nutrici\u00f3n en el Tour de Francia - Etapas llanas. Qu\u00e9 comen los ciclistas del Tour para afrontar una etapa llana. De la cena a la etapa.","og_url":"https:\/\/www.welovecycling.com\/es\/2020\/09\/01\/la-nutricion-en-el-tour-de-francia-etapas-llanas\/","og_site_name":"\u0160koda We Love Cycling - Spain","article_published_time":"2020-09-01T12:55:30+00:00","og_image":[{"width":1366,"height":600,"url":"https:\/\/d2p6e6u75xmxt8.cloudfront.net\/6\/2020\/09\/Tour-de-France-CVR-profimedia-0461255532.jpg","type":"image\/jpeg"}],"author":"We Love Cycling Spain","twitter_card":"summary_large_image","twitter_title":"La nutrici\u00f3n en el Tour de Francia - Etapas llanas","twitter_description":"La nutrici\u00f3n en el Tour de Francia - Etapas llanas. Qu\u00e9 comen los ciclistas del Tour para afrontar una etapa llana. De la cena a la etapa.","twitter_misc":{"Written by":"Jiri Kaloc","Est. reading time":"5"},"schema":{"@context":"https:\/\/schema.org","@graph":[{"@type":"WebPage","@id":"https:\/\/www.welovecycling.com\/es\/2020\/09\/01\/la-nutricion-en-el-tour-de-francia-etapas-llanas\/","url":"https:\/\/www.welovecycling.com\/es\/2020\/09\/01\/la-nutricion-en-el-tour-de-francia-etapas-llanas\/","name":"Tour de France Nutrition \u2013 Flat Stages - \u0160koda We Love Cycling - Spain","isPartOf":{"@id":"https:\/\/www.welovecycling.com\/es\/#website"},"primaryImageOfPage":{"@id":"https:\/\/www.welovecycling.com\/es\/2020\/09\/01\/la-nutricion-en-el-tour-de-francia-etapas-llanas\/#primaryimage"},"image":{"@id":"https:\/\/www.welovecycling.com\/es\/2020\/09\/01\/la-nutricion-en-el-tour-de-francia-etapas-llanas\/#primaryimage"},"thumbnailUrl":"https:\/\/d2p6e6u75xmxt8.cloudfront.net\/6\/2020\/09\/Tour-de-France-CVR-profimedia-0461255532.jpg","datePublished":"2020-09-01T12:55:30+00:00","author":{"@id":"https:\/\/www.welovecycling.com\/es\/#\/schema\/person\/deb61715b5812698ee79fb96f343ccd4"},"description":"La nutrici\u00f3n en el Tour de Francia - Etapas llanas. Qu\u00e9 comen los ciclistas del Tour para afrontar una etapa llana. De la cena a la etapa.","breadcrumb":{"@id":"https:\/\/www.welovecycling.com\/es\/2020\/09\/01\/la-nutricion-en-el-tour-de-francia-etapas-llanas\/#breadcrumb"},"inLanguage":"es-ES","potentialAction":[{"@type":"ReadAction","target":["https:\/\/www.welovecycling.com\/es\/2020\/09\/01\/la-nutricion-en-el-tour-de-francia-etapas-llanas\/"]}]},{"@type":"ImageObject","inLanguage":"es-ES","@id":"https:\/\/www.welovecycling.com\/es\/2020\/09\/01\/la-nutricion-en-el-tour-de-francia-etapas-llanas\/#primaryimage","url":"https:\/\/d2p6e6u75xmxt8.cloudfront.net\/6\/2020\/09\/Tour-de-France-CVR-profimedia-0461255532.jpg","contentUrl":"https:\/\/d2p6e6u75xmxt8.cloudfront.net\/6\/2020\/09\/Tour-de-France-CVR-profimedia-0461255532.jpg","width":1366,"height":600,"caption":"Tour de France"},{"@type":"BreadcrumbList","@id":"https:\/\/www.welovecycling.com\/es\/2020\/09\/01\/la-nutricion-en-el-tour-de-francia-etapas-llanas\/#breadcrumb","itemListElement":[{"@type":"ListItem","position":1,"name":"Home","item":"https:\/\/www.welovecycling.com\/es\/"},{"@type":"ListItem","position":2,"name":"La nutrici\u00f3n en el Tour de Francia &#8211; Etapas llanas"}]},{"@type":"WebSite","@id":"https:\/\/www.welovecycling.com\/es\/#website","url":"https:\/\/www.welovecycling.com\/es\/","name":"\u0160koda We Love Cycling - Spain","description":"\u0160koda WeLoveCycling Spain","potentialAction":[{"@type":"SearchAction","target":{"@type":"EntryPoint","urlTemplate":"https:\/\/www.welovecycling.com\/es\/?s={search_term_string}"},"query-input":{"@type":"PropertyValueSpecification","valueRequired":true,"valueName":"search_term_string"}}],"inLanguage":"es-ES"},{"@type":"Person","@id":"https:\/\/www.welovecycling.com\/es\/#\/schema\/person\/deb61715b5812698ee79fb96f343ccd4","name":"We Love Cycling Spain","image":{"@type":"ImageObject","inLanguage":"es-ES","@id":"https:\/\/www.welovecycling.com\/es\/#\/schema\/person\/image\/","url":"https:\/\/secure.gravatar.com\/avatar\/c824b04e6df0e37a03219d0b6481672889df542894588964102459e46513159c?s=96&d=mm&r=g","contentUrl":"https:\/\/secure.gravatar.com\/avatar\/c824b04e6df0e37a03219d0b6481672889df542894588964102459e46513159c?s=96&d=mm&r=g","caption":"We Love Cycling Spain"},"url":"https:\/\/www.welovecycling.com\/es\/author\/amunoz\/"}]}},"_links":{"self":[{"href":"https:\/\/www.welovecycling.com\/es\/wp-json\/wp\/v2\/posts\/6581","targetHints":{"allow":["GET"]}}],"collection":[{"href":"https:\/\/www.welovecycling.com\/es\/wp-json\/wp\/v2\/posts"}],"about":[{"href":"https:\/\/www.welovecycling.com\/es\/wp-json\/wp\/v2\/types\/post"}],"author":[{"embeddable":true,"href":"https:\/\/www.welovecycling.com\/es\/wp-json\/wp\/v2\/users\/29"}],"replies":[{"embeddable":true,"href":"https:\/\/www.welovecycling.com\/es\/wp-json\/wp\/v2\/comments?post=6581"}],"version-history":[{"count":2,"href":"https:\/\/www.welovecycling.com\/es\/wp-json\/wp\/v2\/posts\/6581\/revisions"}],"predecessor-version":[{"id":6586,"href":"https:\/\/www.welovecycling.com\/es\/wp-json\/wp\/v2\/posts\/6581\/revisions\/6586"}],"wp:featuredmedia":[{"embeddable":true,"href":"https:\/\/www.welovecycling.com\/es\/wp-json\/wp\/v2\/media\/6585"}],"wp:attachment":[{"href":"https:\/\/www.welovecycling.com\/es\/wp-json\/wp\/v2\/media?parent=6581"}],"wp:term":[{"taxonomy":"category","embeddable":true,"href":"https:\/\/www.welovecycling.com\/es\/wp-json\/wp\/v2\/categories?post=6581"},{"taxonomy":"post_tag","embeddable":true,"href":"https:\/\/www.welovecycling.com\/es\/wp-json\/wp\/v2\/tags?post=6581"},{"taxonomy":"global-categories","embeddable":true,"href":"https:\/\/www.welovecycling.com\/es\/wp-json\/wp\/v2\/global-categories?post=6581"}],"curies":[{"name":"wp","href":"https:\/\/api.w.org\/{rel}","templated":true}]}}