{"id":6513,"date":"2020-08-25T13:23:44","date_gmt":"2020-08-25T11:23:44","guid":{"rendered":"https:\/\/www.welovecycling.com\/es\/?p=6513"},"modified":"2020-08-28T10:05:08","modified_gmt":"2020-08-28T08:05:08","slug":"favoritos-tour-francia-2020","status":"publish","type":"post","link":"https:\/\/www.welovecycling.com\/es\/2020\/08\/25\/favoritos-tour-francia-2020\/","title":{"rendered":"Favoritos para el Tour de Francia 2020. Bernal, Roglic, Dumoulin, Quintana, Landa&#8230;"},"content":{"rendered":"<p><strong>No hay duda de que va a ser el Tour m\u00e1s diferente de los \u00faltimos a\u00f1os. No solo porque el Tour de Francia va a estar condicionado por toda la pandemia del coronavirus, sino porque todos los favoritos llegan con alguna duda sobre su rendimiento o su estado f\u00edsico. Y es que en estos \u00faltimos 15 d\u00edas el que no ha besado el suelo&#8230; ha sufrido alguna p\u00e1jara.<\/strong><!--more--><\/p>\n<p>En el ya lejano mes de octubre, cuando sali\u00f3 el recorrido del Tour 2020, parec\u00eda claro que iba a ser una lucha entre dos grandes bloques formados por un tridente m\u00e1gico cada uno. El Ineos-Grenadier de Egan Bernal arropado por Geraint Thomas y Froome y el Jumbo Visma de Roglic, Dumoulin y Kruijswijk. Pues de los seis previstos, solo tres estar\u00e1n en la salida de Niza. <strong>Egan Bernal, Primoz Roglic y Tom Dumoulin.<\/strong> El bajo rendimiento de Thomas y Froome les ha llevado al Giro y La Vuelta respectivamente y Kruijswijk sufri\u00f3 una ca\u00edda en el \u00faltimo Dauphin\u00e9 que le ha dejado fuera.<\/p>\n<figure style=\"width: 1000px\" class=\"wp-caption alignnone\"><img loading=\"lazy\" decoding=\"async\" class=\"size-extra-large\" src=\"https:\/\/img.aso.fr\/core_app\/img-cycling-cdd-jpg\/roglic\/3200\/0:0,1200:831-1000-0-70\/8dd3b\" width=\"1000\" height=\"693\" \/><figcaption class=\"wp-caption-text\">Foto. ASO<\/figcaption><\/figure>\n<p>Lo que si parece claro es que este <strong>Tour 2020 est\u00e1 dise\u00f1ado para que un ciclista con buen rendimiento en la monta\u00f1a sea el ganador<\/strong>. No hay ninguna contrarreloj llana y la \u00fanica prueba contra el crono es el pen\u00faltimo d\u00eda y es una cronoescalada con final en la Planche des Belles Files. Lo dem\u00e1s, pelea contra los desniveles de todas las cadenas monta\u00f1osas francesas y las emboscadas que se puedan preparar los d\u00edas de viento.<\/p>\n<h2><strong>Egan Bernal, con todos los galones<\/strong><\/h2>\n<p>La trayectoria del vigente ganador del Tour de Francia estaba siendo impoluta hasta que se cruz\u00f3 con el Jumbo Visma de <strong>Roglic en el Tour de l&#8217;Ain y la Dauphin\u00e9<\/strong>. En ning\u00fan momento ha podido con el esloveno en la alta monta\u00f1a, que adem\u00e1s es su terreno, incluso ha dado muestras de debilidad en la Dauphin\u00e9. Por eso y por una lesi\u00f3n de espalda el colombiano dej\u00f3 la carrera francesa a falta de dos etapas, lo que gener\u00f3 m\u00e1s dudas todav\u00eda.<\/p>\n<figure style=\"width: 1000px\" class=\"wp-caption alignnone\"><img loading=\"lazy\" decoding=\"async\" class=\"size-extra-large\" src=\"https:\/\/img.aso.fr\/core_app\/img-cycling-cdd-jpg\/bernal2\/3326\/0:0,1200:800-1000-0-70\/ca694\" width=\"1000\" height=\"667\" \/><figcaption class=\"wp-caption-text\">Foto. ASO<\/figcaption><\/figure>\n<p>Ya recuperado, el <strong>Team Ineos Grenadier<\/strong> anunci\u00f3 su ocho para el Tour con todos los galones para el colombiano. Los ingleses dejaron fuera de la lista a Geraint Thomas y Froome, los \u00fanicos que pod\u00edan pelear por el papel de l\u00edder y provocar tensiones en el seno interno del equipo. Ineos ha apostado todo a Bernal y le ha puesto a Carapaz, Sivakov, Amador, Castroviejo, Rowe, Van Varley Kwiato para arroparle.<\/p>\n<p>El recorrido se ajusta a la perfecci\u00f3n al colombiano, que siempre ha demostrado sus cualidades en la monta\u00f1a. Y seguro que tendr\u00e1 marcada con una equis la jornada que acaba en el Col de la Loze a m\u00e1s de 2.000 metros de altitud. Incluso la cronoescalada del \u00faltimo d\u00eda no le deber\u00eda suponer demasiados problemas.<\/p>\n<h2><strong>El Jumbo Visma de Roglic y Dumoulin<\/strong><\/h2>\n<p>Los holandeses son los grandes aspirantes al Tour. A priori su l\u00edder ser\u00e1 <strong>Primoz Roglic<\/strong>, que en este 2020 ha ganado todo lo que ha corrido a excepci\u00f3n de Dauphin\u00e9, en la que se retir\u00f3 por precauci\u00f3n el \u00faltimo d\u00eda despu\u00e9s de una ca\u00edda en la jornada anterior y cuando era virtual ganador. \u00c9l mismo ha alimentado las dudas comentando por redes sociales que no se encuentra recuperado, incluso su esposa duda de que pueda tomar la salida en el Tour. Por ese resquicio se cuela la opci\u00f3n de Tom Dumoulin, que comenz\u00f3 el Tour de L&#8217;Ain y Dauphin\u00e9 como gregario de lujo de Roglic, pero que ha ido demostrando que est\u00e1 recuperando su mejor nivel, el que le llev\u00f3 el 2018 a hacer podio en Giro y Tour.<\/p>\n<figure style=\"width: 1000px\" class=\"wp-caption alignnone\"><img loading=\"lazy\" decoding=\"async\" class=\"size-extra-large\" src=\"https:\/\/img.aso.fr\/core_app\/img-cycling-cdd-jpg\/vainqueur-etape\/3278\/0:0,1200:800-1000-0-70\/301ff\" width=\"1000\" height=\"667\" \/><figcaption class=\"wp-caption-text\">Foto. ASO<\/figcaption><\/figure>\n<p>El Jumbo Visma va a poder jugar con esta dualidad de l\u00edderes, <strong>Roglic y Dumoulin<\/strong>, que adem\u00e1s tienen caracter\u00edsticas muy similares. Ambos grandes contrarrelojistas y que pasan sin problema la alta monta\u00f1a, incluso son capaces de sacar diferencias en grandes puertos.<\/p>\n<p>A su lado tienen el que hasta ahora ha sido el mejor equipo de la temporada, con Sepp Kuss a un nivel alt\u00edsimo en los puertos, adem\u00e1s de Van Aert (Strade Bianche, Mil\u00e1n Sanremo y etapa en Dauphine), Tony Martin, Gesink, George Bennet (Milan Tur\u00edn) y Amund Grondahl Jansen, que sustituye al lesionado Kruijswijk.<\/p>\n<h2><strong>La opci\u00f3n de Buchmann<\/strong><\/h2>\n<p>El siguiente favorito en el escalaf\u00f3n es Emanuel Buchmann. No s\u00f3lo porque en el Tour 2019 acab\u00f3 en cuarta posici\u00f3n, sino porque en la \u00faltima Dauphin\u00e9 demostr\u00f3 ser el \u00fanico de los favoritos en pelear de t\u00fa a t\u00fa frente a Jumbo e Ineos cuando ambos se pusieron &#8216;a tope&#8217; en la monta\u00f1a. Pero el alem\u00e1n tambi\u00e9n se tuvo que marchar a casa en la fat\u00eddica cuarta etapa de Dauphin\u00e9 despu\u00e9s de una ca\u00edda y aunque el Bora ya le ha incluido en el ocho del Tour, sigue habiendo dudas sobre su estado f\u00edsico.<\/p>\n<figure style=\"width: 1500px\" class=\"wp-caption alignnone\"><img loading=\"lazy\" decoding=\"async\" class=\"size-extra-large\" src=\"https:\/\/live.staticflickr.com\/65535\/50222600586_fe2d8776e6_o.jpg\" width=\"1500\" height=\"1000\" \/><figcaption class=\"wp-caption-text\">Foto: Bora<\/figcaption><\/figure>\n<p>Lo que s\u00ed tendr\u00e1 el alem\u00e1n a su lado es un buen bloque, con <strong>Lennard Kamna, <\/strong>que gan\u00f3 etapa en Dauphin\u00e9, \u00a0Felix Grossschartner, Lennard Kamna, Gregor Muhlberger, Lukas Postlberger y Maximilian Schachmann (recuperado de su lesi\u00f3n en Lombardia), aunque tendr\u00e1 que compartir galones y trabajadores para el sprint con<strong> Peter Sagan, <\/strong>que se trae como gregario particular a Daniel Oss<strong>.<\/strong><\/p>\n<h2><strong>Landa, Quintana, Pinot, Bardet&#8230; escaladores<\/strong><\/h2>\n<p>Un Tour sin contrarreloj plana es un incentivo para los escaladores puros, aquellos que saben que con otro formato de carrera tendr\u00edan muy complicado optar a la victoria. Si miramos el inicio de temporada, all\u00e1 por el lejano mes de febrero y marzo, podr\u00edamos considerar a <strong>Nairo Quintana<\/strong> como uno de los candidatos a ganar el Tour o al menos a estar en el podio. El colombiano arras\u00f3 en su debut con el Arkea, pero una ca\u00edda entrenando en Colombia ha mermado su rendimiento y en agosto no ha demostrado tener la chispa de antes, incluso acab\u00f3 retir\u00e1ndose en la \u00faltima etapa de Dauphin\u00e9.<\/p>\n<p><strong>Mikel Landa<\/strong> est\u00e1 ante su Tour perfecto. Monta\u00f1a y m\u00e1s monta\u00f1a. En el retorno de la competici\u00f3n estuvo delante en La Vuelta a Burgos. En Dauphin\u00e9 siempre anduvo entre los favoritos, incluso el \u00faltimo d\u00eda se meti\u00f3 en una escapada que le podr\u00eda haber dado la victoria. Problemas en la espalda le hicieron descolgarse y sembrar dudas.<\/p>\n<figure style=\"width: 1000px\" class=\"wp-caption alignnone\"><img loading=\"lazy\" decoding=\"async\" class=\"size-extra-large\" src=\"https:\/\/img.aso.fr\/core_app\/img-cycling-cdd-jpg\/pinot-2\/3366\/0:0,1200:801-1000-0-70\/db7c1\" width=\"1000\" height=\"668\" \/><figcaption class=\"wp-caption-text\">Foto ASO<\/figcaption><\/figure>\n<p>Entre los franceses el aspirante m\u00e1s claro parece <strong>Thibaut Pinot<\/strong>. En el Tour de 2019 demostr\u00f3 estar a la altura de Bernal hasta que se tuvo que marchar a casa por lesi\u00f3n. En Dauphine tuvo a un paso la victoria, pero se qued\u00f3 sin fuerzas y dej\u00f3 escapar a Daniel Felipe Mart\u00ednez. <strong>Bardet<\/strong> ya no parece el de a\u00f1os anteriores y en principio iba a descartar el Tour por el Giro, aunque la pandemia le hizo cambiar la planificaci\u00f3n. La estrella francesa de 2019, <strong>Julien Alaphilippe<\/strong> no est\u00e1 teniendo su mejor temporada. S\u00f3lo estuvo entre los mejores en Milan Sanremo (2\u00ba) y en Dauphin\u00e9 se descolg\u00f3 cada vez que hab\u00eda un puerto largo.<\/p>\n<h2><strong>Pogacar y Superman L\u00f3pez &#8230; debutantes<\/strong><\/h2>\n<p>Ser\u00eda una aut\u00e9ntica sorpresa que un debutante ganase el Tour. La carrera francesa necesita aprendizaje para poder rendir al 100%, pero esta edici\u00f3n con monta\u00f1a al inicio restar\u00e1 mucha tensi\u00f3n y peligros a la temida primera semana de Tour, por eso dos escaladores como <strong>Tadej Pogacar y Superm\u00e1n L\u00f3pez t<\/strong>endr\u00e1n opciones de brillar.<\/p>\n<p>El esloveno forma parte de la nueva generaci\u00f3n de ciclistas. Con solo 21 a\u00f1os ya ha sido tercero en La Vuelta a Espa\u00f1a y demostrando que llega en forma a la \u00faltima semana, que suele ser la clave. En este 2020 ya gan\u00f3 con &#8216;una pierna&#8217; la Vuelta a la Comunidad Valenciana y el UAE Tour y en Dauphin\u00e9, pese a fallar en la segunda etapa, acab\u00f3 remontando el \u00faltimo d\u00eda y acab\u00f3 cuarto. Adem\u00e1s en su equipo tiene como gregario de lujo a <strong>Fabio Aru.<\/strong><\/p>\n<p>&nbsp;<\/p>\n<figure style=\"width: 1000px\" class=\"wp-caption alignnone\"><img loading=\"lazy\" decoding=\"async\" class=\"size-extra-large\" src=\"https:\/\/img.aso.fr\/core_app\/img-cycling-cdd-jpg\/pogacar\/3538\/0:0,1200:799-1000-0-70\/70fc6\" width=\"1000\" height=\"666\" \/><figcaption class=\"wp-caption-text\">Tadej Pogacar. Foto ASO<\/figcaption><\/figure>\n<p><strong><br \/>\nSuperm\u00e1n L\u00f3pez <\/strong>encabeza un potente Astana en su primera pelea por el Tour. El colombiano ya ha brillado en la Vuelta y el Giro\u00b4y pese a que ya tiene 26 a\u00f1os no hab\u00eda debutado en el Tour. Escalador puro, esta edici\u00f3n le viene como anillo al dedo. Le ha costado coger la forma en agosto, pero acab\u00f3 Dauphin\u00e9 entre los mejores y atacando, su aut\u00e9ntica filosof\u00eda<strong>.<\/strong><\/p>\n<p>Pese a que no es debutante, ya corri\u00f3 en 2018, Daniel Felipe Mart\u00ednez nunca ha disputado una gran vuelta como l\u00edder. Nadie hac\u00eda prever que fuera a encabezar<strong> un Education First con Rigo Ur\u00e1n e Higuita, <\/strong>pero como ganador de Dauphin\u00e9 se lo ha ganado con creces. Aguanta en la alta monta\u00f1a y es buen contrarrelojista.<\/p>\n<p><strong>\u00a0<\/strong><\/p>\n","protected":false},"excerpt":{"rendered":"<p>No hay duda de que va a ser el Tour m\u00e1s diferente de los \u00faltimos a\u00f1os. No solo porque el [&hellip;]<\/p>\n","protected":false},"author":29,"featured_media":6516,"comment_status":"open","ping_status":"open","sticky":false,"template":"","format":"standard","meta":{"footnotes":""},"categories":[7],"tags":[1710,1712,1711,1707,1706,1709,1715,1713,1714,1708],"global-categories":[],"class_list":["post-6513","post","type-post","status-publish","format-standard","has-post-thumbnail","hentry","category-carretera","tag-bernal-tour-2020","tag-buchmann-tour-2020","tag-dumoulin-tour-2020","tag-favoritos-tour","tag-favoritos-tour-de-francia-2020","tag-landa-tour-2020","tag-pinot-tour-2020","tag-pogacar-tour-2020","tag-quintana-tour-2020","tag-roglic-tour-2020"],"yoast_head":"<!-- This site is optimized with the Yoast SEO Premium plugin v25.3 (Yoast SEO v25.9) - https:\/\/yoast.com\/wordpress\/plugins\/seo\/ -->\n<title>Favoritos para el Tour de Francia 2020. Bernal, Roglic, Dumoulin, Quintana, Landa... - \u0160koda We Love Cycling - Spain<\/title>\n<meta name=\"description\" content=\"Favoritos para el Tour de Francia 2020. Bernal, Roglic, Dumoulin, Quintana, Landa. Qui\u00e9n puede ganar el Tour de Francia 2020.\" \/>\n<meta name=\"robots\" content=\"index, follow, max-snippet:-1, max-image-preview:large, max-video-preview:-1\" \/>\n<link rel=\"canonical\" href=\"https:\/\/www.welovecycling.com\/es\/2020\/08\/25\/favoritos-tour-francia-2020\/\" \/>\n<meta property=\"og:locale\" content=\"es_ES\" \/>\n<meta property=\"og:type\" content=\"article\" \/>\n<meta property=\"og:title\" content=\"Favoritos para el Tour de Francia 2020. Bernal, Roglic, Dumoulin, Quintana, Landa.\" \/>\n<meta property=\"og:description\" content=\"Favoritos para el Tour de Francia 2020. Bernal, Roglic, Dumoulin, Quintana, Landa. Qui\u00e9n puede ganar el Tour de Francia 2020.\" \/>\n<meta property=\"og:url\" content=\"https:\/\/www.welovecycling.com\/es\/2020\/08\/25\/favoritos-tour-francia-2020\/\" \/>\n<meta property=\"og:site_name\" content=\"\u0160koda We Love Cycling - Spain\" \/>\n<meta property=\"article:published_time\" content=\"2020-08-25T11:23:44+00:00\" \/>\n<meta property=\"article:modified_time\" content=\"2020-08-28T08:05:08+00:00\" \/>\n<meta property=\"og:image\" content=\"https:\/\/d2p6e6u75xmxt8.cloudfront.net\/6\/2020\/08\/Bernal-y-Roglic.jpg\" \/>\n\t<meta property=\"og:image:width\" content=\"1000\" \/>\n\t<meta property=\"og:image:height\" content=\"667\" \/>\n\t<meta property=\"og:image:type\" content=\"image\/jpeg\" \/>\n<meta name=\"author\" content=\"We Love Cycling Spain\" \/>\n<meta name=\"twitter:card\" content=\"summary_large_image\" \/>\n<meta name=\"twitter:title\" content=\"Favoritos para el Tour de Francia 2020. Bernal, Roglic, Dumoulin, Quintana, Landa...\" \/>\n<meta name=\"twitter:description\" content=\"Favoritos para el Tour de Francia 2020. Bernal, Roglic, Dumoulin, Quintana, Landa. Qui\u00e9n puede ganar el Tour de Francia 2020.\" \/>\n<meta name=\"twitter:label1\" content=\"Written by\" \/>\n\t<meta name=\"twitter:data1\" content=\"Luis Ortega @ciclored\" \/>\n\t<meta name=\"twitter:label2\" content=\"Est. reading time\" \/>\n\t<meta name=\"twitter:data2\" content=\"8 minutes\" \/>\n<script type=\"application\/ld+json\" class=\"yoast-schema-graph\">{\"@context\":\"https:\/\/schema.org\",\"@graph\":[{\"@type\":\"WebPage\",\"@id\":\"https:\/\/www.welovecycling.com\/es\/2020\/08\/25\/favoritos-tour-francia-2020\/\",\"url\":\"https:\/\/www.welovecycling.com\/es\/2020\/08\/25\/favoritos-tour-francia-2020\/\",\"name\":\"Favoritos para el Tour de Francia 2020. Bernal, Roglic, Dumoulin, Quintana, Landa... - \u0160koda We Love Cycling - Spain\",\"isPartOf\":{\"@id\":\"https:\/\/www.welovecycling.com\/es\/#website\"},\"primaryImageOfPage\":{\"@id\":\"https:\/\/www.welovecycling.com\/es\/2020\/08\/25\/favoritos-tour-francia-2020\/#primaryimage\"},\"image\":{\"@id\":\"https:\/\/www.welovecycling.com\/es\/2020\/08\/25\/favoritos-tour-francia-2020\/#primaryimage\"},\"thumbnailUrl\":\"https:\/\/d2p6e6u75xmxt8.cloudfront.net\/6\/2020\/08\/Bernal-y-Roglic.jpg\",\"datePublished\":\"2020-08-25T11:23:44+00:00\",\"dateModified\":\"2020-08-28T08:05:08+00:00\",\"author\":{\"@id\":\"https:\/\/www.welovecycling.com\/es\/#\/schema\/person\/deb61715b5812698ee79fb96f343ccd4\"},\"description\":\"Favoritos para el Tour de Francia 2020. Bernal, Roglic, Dumoulin, Quintana, Landa. Qui\u00e9n puede ganar el Tour de Francia 2020.\",\"breadcrumb\":{\"@id\":\"https:\/\/www.welovecycling.com\/es\/2020\/08\/25\/favoritos-tour-francia-2020\/#breadcrumb\"},\"inLanguage\":\"es-ES\",\"potentialAction\":[{\"@type\":\"ReadAction\",\"target\":[\"https:\/\/www.welovecycling.com\/es\/2020\/08\/25\/favoritos-tour-francia-2020\/\"]}]},{\"@type\":\"ImageObject\",\"inLanguage\":\"es-ES\",\"@id\":\"https:\/\/www.welovecycling.com\/es\/2020\/08\/25\/favoritos-tour-francia-2020\/#primaryimage\",\"url\":\"https:\/\/d2p6e6u75xmxt8.cloudfront.net\/6\/2020\/08\/Bernal-y-Roglic.jpg\",\"contentUrl\":\"https:\/\/d2p6e6u75xmxt8.cloudfront.net\/6\/2020\/08\/Bernal-y-Roglic.jpg\",\"width\":1000,\"height\":667},{\"@type\":\"BreadcrumbList\",\"@id\":\"https:\/\/www.welovecycling.com\/es\/2020\/08\/25\/favoritos-tour-francia-2020\/#breadcrumb\",\"itemListElement\":[{\"@type\":\"ListItem\",\"position\":1,\"name\":\"Home\",\"item\":\"https:\/\/www.welovecycling.com\/es\/\"},{\"@type\":\"ListItem\",\"position\":2,\"name\":\"Favoritos para el Tour de Francia 2020. Bernal, Roglic, Dumoulin, Quintana, Landa&#8230;\"}]},{\"@type\":\"WebSite\",\"@id\":\"https:\/\/www.welovecycling.com\/es\/#website\",\"url\":\"https:\/\/www.welovecycling.com\/es\/\",\"name\":\"\u0160koda We Love Cycling - Spain\",\"description\":\"\u0160koda WeLoveCycling Spain\",\"potentialAction\":[{\"@type\":\"SearchAction\",\"target\":{\"@type\":\"EntryPoint\",\"urlTemplate\":\"https:\/\/www.welovecycling.com\/es\/?s={search_term_string}\"},\"query-input\":{\"@type\":\"PropertyValueSpecification\",\"valueRequired\":true,\"valueName\":\"search_term_string\"}}],\"inLanguage\":\"es-ES\"},{\"@type\":\"Person\",\"@id\":\"https:\/\/www.welovecycling.com\/es\/#\/schema\/person\/deb61715b5812698ee79fb96f343ccd4\",\"name\":\"We Love Cycling Spain\",\"image\":{\"@type\":\"ImageObject\",\"inLanguage\":\"es-ES\",\"@id\":\"https:\/\/www.welovecycling.com\/es\/#\/schema\/person\/image\/\",\"url\":\"https:\/\/secure.gravatar.com\/avatar\/c824b04e6df0e37a03219d0b6481672889df542894588964102459e46513159c?s=96&d=mm&r=g\",\"contentUrl\":\"https:\/\/secure.gravatar.com\/avatar\/c824b04e6df0e37a03219d0b6481672889df542894588964102459e46513159c?s=96&d=mm&r=g\",\"caption\":\"We Love Cycling Spain\"},\"url\":\"https:\/\/www.welovecycling.com\/es\/author\/amunoz\/\"}]}<\/script>\n<!-- \/ Yoast SEO Premium plugin. -->","yoast_head_json":{"title":"Favoritos para el Tour de Francia 2020. Bernal, Roglic, Dumoulin, Quintana, Landa... - \u0160koda We Love Cycling - Spain","description":"Favoritos para el Tour de Francia 2020. Bernal, Roglic, Dumoulin, Quintana, Landa. Qui\u00e9n puede ganar el Tour de Francia 2020.","robots":{"index":"index","follow":"follow","max-snippet":"max-snippet:-1","max-image-preview":"max-image-preview:large","max-video-preview":"max-video-preview:-1"},"canonical":"https:\/\/www.welovecycling.com\/es\/2020\/08\/25\/favoritos-tour-francia-2020\/","og_locale":"es_ES","og_type":"article","og_title":"Favoritos para el Tour de Francia 2020. Bernal, Roglic, Dumoulin, Quintana, Landa.","og_description":"Favoritos para el Tour de Francia 2020. Bernal, Roglic, Dumoulin, Quintana, Landa. Qui\u00e9n puede ganar el Tour de Francia 2020.","og_url":"https:\/\/www.welovecycling.com\/es\/2020\/08\/25\/favoritos-tour-francia-2020\/","og_site_name":"\u0160koda We Love Cycling - Spain","article_published_time":"2020-08-25T11:23:44+00:00","article_modified_time":"2020-08-28T08:05:08+00:00","og_image":[{"width":1000,"height":667,"url":"https:\/\/d2p6e6u75xmxt8.cloudfront.net\/6\/2020\/08\/Bernal-y-Roglic.jpg","type":"image\/jpeg"}],"author":"We Love Cycling Spain","twitter_card":"summary_large_image","twitter_title":"Favoritos para el Tour de Francia 2020. Bernal, Roglic, Dumoulin, Quintana, Landa...","twitter_description":"Favoritos para el Tour de Francia 2020. Bernal, Roglic, Dumoulin, Quintana, Landa. Qui\u00e9n puede ganar el Tour de Francia 2020.","twitter_misc":{"Written by":"Luis Ortega @ciclored","Est. reading time":"8 minutes"},"schema":{"@context":"https:\/\/schema.org","@graph":[{"@type":"WebPage","@id":"https:\/\/www.welovecycling.com\/es\/2020\/08\/25\/favoritos-tour-francia-2020\/","url":"https:\/\/www.welovecycling.com\/es\/2020\/08\/25\/favoritos-tour-francia-2020\/","name":"Favoritos para el Tour de Francia 2020. Bernal, Roglic, Dumoulin, Quintana, Landa... - \u0160koda We Love Cycling - Spain","isPartOf":{"@id":"https:\/\/www.welovecycling.com\/es\/#website"},"primaryImageOfPage":{"@id":"https:\/\/www.welovecycling.com\/es\/2020\/08\/25\/favoritos-tour-francia-2020\/#primaryimage"},"image":{"@id":"https:\/\/www.welovecycling.com\/es\/2020\/08\/25\/favoritos-tour-francia-2020\/#primaryimage"},"thumbnailUrl":"https:\/\/d2p6e6u75xmxt8.cloudfront.net\/6\/2020\/08\/Bernal-y-Roglic.jpg","datePublished":"2020-08-25T11:23:44+00:00","dateModified":"2020-08-28T08:05:08+00:00","author":{"@id":"https:\/\/www.welovecycling.com\/es\/#\/schema\/person\/deb61715b5812698ee79fb96f343ccd4"},"description":"Favoritos para el Tour de Francia 2020. Bernal, Roglic, Dumoulin, Quintana, Landa. Qui\u00e9n puede ganar el Tour de Francia 2020.","breadcrumb":{"@id":"https:\/\/www.welovecycling.com\/es\/2020\/08\/25\/favoritos-tour-francia-2020\/#breadcrumb"},"inLanguage":"es-ES","potentialAction":[{"@type":"ReadAction","target":["https:\/\/www.welovecycling.com\/es\/2020\/08\/25\/favoritos-tour-francia-2020\/"]}]},{"@type":"ImageObject","inLanguage":"es-ES","@id":"https:\/\/www.welovecycling.com\/es\/2020\/08\/25\/favoritos-tour-francia-2020\/#primaryimage","url":"https:\/\/d2p6e6u75xmxt8.cloudfront.net\/6\/2020\/08\/Bernal-y-Roglic.jpg","contentUrl":"https:\/\/d2p6e6u75xmxt8.cloudfront.net\/6\/2020\/08\/Bernal-y-Roglic.jpg","width":1000,"height":667},{"@type":"BreadcrumbList","@id":"https:\/\/www.welovecycling.com\/es\/2020\/08\/25\/favoritos-tour-francia-2020\/#breadcrumb","itemListElement":[{"@type":"ListItem","position":1,"name":"Home","item":"https:\/\/www.welovecycling.com\/es\/"},{"@type":"ListItem","position":2,"name":"Favoritos para el Tour de Francia 2020. Bernal, Roglic, Dumoulin, Quintana, Landa&#8230;"}]},{"@type":"WebSite","@id":"https:\/\/www.welovecycling.com\/es\/#website","url":"https:\/\/www.welovecycling.com\/es\/","name":"\u0160koda We Love Cycling - Spain","description":"\u0160koda WeLoveCycling Spain","potentialAction":[{"@type":"SearchAction","target":{"@type":"EntryPoint","urlTemplate":"https:\/\/www.welovecycling.com\/es\/?s={search_term_string}"},"query-input":{"@type":"PropertyValueSpecification","valueRequired":true,"valueName":"search_term_string"}}],"inLanguage":"es-ES"},{"@type":"Person","@id":"https:\/\/www.welovecycling.com\/es\/#\/schema\/person\/deb61715b5812698ee79fb96f343ccd4","name":"We Love Cycling Spain","image":{"@type":"ImageObject","inLanguage":"es-ES","@id":"https:\/\/www.welovecycling.com\/es\/#\/schema\/person\/image\/","url":"https:\/\/secure.gravatar.com\/avatar\/c824b04e6df0e37a03219d0b6481672889df542894588964102459e46513159c?s=96&d=mm&r=g","contentUrl":"https:\/\/secure.gravatar.com\/avatar\/c824b04e6df0e37a03219d0b6481672889df542894588964102459e46513159c?s=96&d=mm&r=g","caption":"We Love Cycling Spain"},"url":"https:\/\/www.welovecycling.com\/es\/author\/amunoz\/"}]}},"_links":{"self":[{"href":"https:\/\/www.welovecycling.com\/es\/wp-json\/wp\/v2\/posts\/6513","targetHints":{"allow":["GET"]}}],"collection":[{"href":"https:\/\/www.welovecycling.com\/es\/wp-json\/wp\/v2\/posts"}],"about":[{"href":"https:\/\/www.welovecycling.com\/es\/wp-json\/wp\/v2\/types\/post"}],"author":[{"embeddable":true,"href":"https:\/\/www.welovecycling.com\/es\/wp-json\/wp\/v2\/users\/29"}],"replies":[{"embeddable":true,"href":"https:\/\/www.welovecycling.com\/es\/wp-json\/wp\/v2\/comments?post=6513"}],"version-history":[{"count":2,"href":"https:\/\/www.welovecycling.com\/es\/wp-json\/wp\/v2\/posts\/6513\/revisions"}],"predecessor-version":[{"id":6535,"href":"https:\/\/www.welovecycling.com\/es\/wp-json\/wp\/v2\/posts\/6513\/revisions\/6535"}],"wp:featuredmedia":[{"embeddable":true,"href":"https:\/\/www.welovecycling.com\/es\/wp-json\/wp\/v2\/media\/6516"}],"wp:attachment":[{"href":"https:\/\/www.welovecycling.com\/es\/wp-json\/wp\/v2\/media?parent=6513"}],"wp:term":[{"taxonomy":"category","embeddable":true,"href":"https:\/\/www.welovecycling.com\/es\/wp-json\/wp\/v2\/categories?post=6513"},{"taxonomy":"post_tag","embeddable":true,"href":"https:\/\/www.welovecycling.com\/es\/wp-json\/wp\/v2\/tags?post=6513"},{"taxonomy":"global-categories","embeddable":true,"href":"https:\/\/www.welovecycling.com\/es\/wp-json\/wp\/v2\/global-categories?post=6513"}],"curies":[{"name":"wp","href":"https:\/\/api.w.org\/{rel}","templated":true}]}}