{"id":6511,"date":"2020-09-06T18:00:20","date_gmt":"2020-09-06T16:00:20","guid":{"rendered":"https:\/\/www.welovecycling.com\/es\/?p=6511"},"modified":"2020-09-04T18:00:39","modified_gmt":"2020-09-04T16:00:39","slug":"maillot-verde-skoda-tour-sagan","status":"publish","type":"post","link":"https:\/\/www.welovecycling.com\/es\/2020\/09\/06\/maillot-verde-skoda-tour-sagan\/","title":{"rendered":"El maillot verde \u0160koda del Tour y Peter Sagan"},"content":{"rendered":"<p><strong>Si buscas en la web a Peter Sagan sus resultados estar\u00e1n dominados por el color verde. La raz\u00f3n es obvia &#8211; Peter tiene el r\u00e9cord mundial de maillots verdes en el Tour de Francia. El maillot de &#8220;velocista&#8221; requiere un conjunto completo de habilidades, saber estar en carrera y ser vers\u00e1til para sumar puntos mas all\u00e1 de las llegadas masivas, as\u00ed que, \u00bfc\u00f3mo puede seguir ganando a\u00f1o tras a\u00f1o cuando los recorridos de las etapas cambian dr\u00e1sticamente? Empecemos desde el principio&#8230;<\/strong><!--more--><\/p>\n<p>Los maillots del Tour de Francia y sus antecedentes tiene su propia leyenda.\u00a0 El maillot verde goza de una atenci\u00f3n especial ya que cobr\u00f3 vida justo despu\u00e9s de su hermano &#8216;amarillo&#8217;, que el m\u00e1s buscado. Se podr\u00eda decir que el maillot verde es el resultado de los esfuerzos de los organizadores del Tour por hacer la carrera m\u00e1s justa e intrigante al mismo tiempo. Originalmente, el ganador del Tour era determinado por un sistema de tiempo, que m\u00e1s tarde cambi\u00f3 a un sistema de puntos que s\u00f3lo dur\u00f3 hasta 1912 y fue cambiado a un sistema de tiempo que a\u00fan se utiliza hoy en d\u00eda. Para reintroducir los puntos y a\u00f1adir un poco m\u00e1s de emoci\u00f3n al evento, los organizadores lo introdujeron como una clasificaci\u00f3n de puntos adicional en 1953, a\u00f1o que tambi\u00e9n marc\u00f3 el 50\u00ba aniversario del Tour.<\/p>\n<p><img loading=\"lazy\" decoding=\"async\" class=\"alignnone size-extra-large\" src=\"https:\/\/img.aso.fr\/core_app\/img-cycling-tdf-jpg\/sagan\/22947\/0:0,1200:800-1000-0-70\/6d8cf\" width=\"1000\" height=\"667\" \/><\/p>\n<h2><strong>\u00bfC\u00f3mo se gana el maillot verde?<\/strong><\/h2>\n<p>Como mencionamos antes, los puntos se ganan durante el sprint intermedio y en las llegadas de las etapas. El color verde fue finalmente elegido, curiosamente, porque el patrocinador original era un productor de cortac\u00e9sped. 1968 es el \u00fanico a\u00f1o en que la camiseta no era verde: se eligi\u00f3 el rojo para que coincidiera con un nuevo patrocinador. En cuanto al patrocinador de hoy, <strong>\u0160koda <\/strong>actualmente se adecua perfectamente. Originalmente un taller de bicicletas establecido en 1895, <strong>\u0160koda <\/strong>se convirti\u00f3 en el socio oficial del Tour de Francia y en el socio oficial de veh\u00edculos en 2004 y reforz\u00f3 a\u00fan m\u00e1s su compromiso con el ciclismo al patrocinar el maillot verde de &#8220;sprinter&#8221; de <strong>\u0160koda<\/strong> desde 2014.<\/p>\n<p>El mundo del ciclismo profesional es conocido por su pasi\u00f3n, talento, destreza f\u00edsica y resistencia, pero no muchos de los corredores de primera clase son conocidos fuera de sus trofeos y t\u00edtulos. A otro nivel est\u00e1 <strong>Peter Sagan<\/strong>, con su siempre presente media sonrisa y su naturaleza extrovertida. Adem\u00e1s de ser un prodigio del ciclismo, Peter es una especie de artista multidisciplinar, lanzando portadas musicales, v\u00eddeos educativos o la reciente invitaci\u00f3n al <strong>Giro de Italia donde no tuvo miedo de mostrar sus habilidades de acto<\/strong>r. Una r\u00e1pida b\u00fasqueda en YouTube te inundar\u00e1 de v\u00eddeos de Peter siendo &#8220;coronado&#8221; por el famoso Jersey Verde, los momentos de lucha del pelot\u00f3n, y sus peculiares trucos de l\u00ednea de meta.<\/p>\n<figure style=\"width: 1000px\" class=\"wp-caption alignnone\"><img loading=\"lazy\" decoding=\"async\" class=\"size-extra-large\" src=\"https:\/\/img.aso.fr\/core_app\/img-cycling-tdf-jpg\/sagan-2\/22941\/0:0,1200:799-1000-0-70\/e0d21\" width=\"1000\" height=\"666\" \/><figcaption class=\"wp-caption-text\">Foto. ASO<\/figcaption><\/figure>\n<p>Originalmente un competidor junior de ciclocross y de mtb hasta 2009, Sagan finalmente cambi\u00f3 por completo a la carretera y se convirti\u00f3 en la leyenda que conocemos hoy en d\u00eda. Es especialista en cl\u00e1sicas, con m\u00faltiples victorias de etapas, y tres t\u00edtulos mundiales y europeos en su haber. En cuanto al maillot verde del Tour de Francia, llamado oficialmente clasificaci\u00f3n por puntos, un corredor que lo desee debe ser vers\u00e1til, dispuesto a darlo todo y debe poseer un conjunto de habilidades espec\u00edficas, lo que b\u00e1sicamente describe a Peter. Ganar el maillot verde es una tarea dif\u00edcil y compleja que depende de muchos factores, pero la mec\u00e1nica de la misma es clara: <strong>los puntos se otorgan en las llegadas de cada etapa y por ganar sprints intermedios<\/strong>, siendo este \u00faltimo el aspecto en el que Sagan suele diferenciarse del resto. Se le conoce por acumular puntos en tramos planos de la etapa, llamados &#8220;sprints de <strong>\u0160koda<\/strong>&#8221;<\/p>\n<p>Sagan comenz\u00f3 su racha de victorias con el Maillot Verde en 2012. En 2018, despu\u00e9s de a\u00f1os de \u00e9xitos estelares, redonde\u00f3 sus d\u00edas en el Maillot Verde hasta cien. Y un a\u00f1o despu\u00e9s, <strong>Peter hizo historia al ganar la clasificaci\u00f3n por puntos del Tour de Francia por s\u00e9ptima vez, convirti\u00e9ndolo en un r\u00e9cord mundial<\/strong>. Ning\u00fan otro ciclista puede presumir de un resultado similar; el ciclista alem\u00e1n Erik Zabel es el m\u00e1s cercano con seis. Adem\u00e1s del Tour de Francia, Sagan tiene adem\u00e1s diecis\u00e9is victorias de etapa del Gran Tour.<\/p>\n<p>Este a\u00f1o Sagan tiene varios rivales en el Tour para luchar por el maillot verde. Van Aert, Sam Bennett, Alaphilippe&#8230; \u00bfCrees que podr\u00e1 aumentar su r\u00e9cord?<\/p>\n<figure id=\"attachment_6635\" aria-describedby=\"caption-attachment-6635\" style=\"width: 1024px\" class=\"wp-caption aligncenter\"><a href=\"https:\/\/d2p6e6u75xmxt8.cloudfront.net\/6\/2020\/09\/profimedia-0556013354.jpg\"><img loading=\"lazy\" decoding=\"async\" class=\"size-large wp-image-6635\" src=\"https:\/\/d2p6e6u75xmxt8.cloudfront.net\/6\/2020\/09\/profimedia-0556013354-1024x779.jpg\" alt=\"\" width=\"1024\" height=\"779\" srcset=\"https:\/\/d2p6e6u75xmxt8.cloudfront.net\/6\/2020\/09\/profimedia-0556013354-1024x779.jpg 1024w, https:\/\/d2p6e6u75xmxt8.cloudfront.net\/6\/2020\/09\/profimedia-0556013354-300x228.jpg 300w, https:\/\/d2p6e6u75xmxt8.cloudfront.net\/6\/2020\/09\/profimedia-0556013354-768x584.jpg 768w, https:\/\/d2p6e6u75xmxt8.cloudfront.net\/6\/2020\/09\/profimedia-0556013354.jpg 1250w\" sizes=\"auto, (max-width: 1024px) 100vw, 1024px\" \/><\/a><figcaption id=\"caption-attachment-6635\" class=\"wp-caption-text\">Sam Bennett (C)\u00a0 EPA-EFE\/<\/figcaption><\/figure>\n","protected":false},"excerpt":{"rendered":"<p>Si buscas en la web a Peter Sagan sus resultados estar\u00e1n dominados por el color verde. La raz\u00f3n es obvia [&hellip;]<\/p>\n","protected":false},"author":29,"featured_media":6638,"comment_status":"open","ping_status":"open","sticky":false,"template":"","format":"standard","meta":{"footnotes":""},"categories":[7],"tags":[1703,539,1705,1704],"global-categories":[1164],"class_list":["post-6511","post","type-post","status-publish","format-standard","has-post-thumbnail","hentry","category-carretera","tag-maillot-skoda-tour","tag-maillot-verde-tour","tag-maillot-verde-tour-de-francia","tag-peter-sagan-tour-de-francia","global-categories-cycling"],"yoast_head":"<!-- This site is optimized with the Yoast SEO Premium plugin v25.3 (Yoast SEO v25.9) - https:\/\/yoast.com\/wordpress\/plugins\/seo\/ -->\n<title>El maillot verde \u0160koda del Tour y Peter Sagan - \u0160koda We Love Cycling - Spain<\/title>\n<meta name=\"description\" content=\"El maillot verde \u0160koda del Tour y Peter Sagan. La historia del maillot de los sprinters del Tour y como Peter Sagan tiene el r\u00e9cord de triunfos.\" \/>\n<meta name=\"robots\" content=\"index, follow, max-snippet:-1, max-image-preview:large, max-video-preview:-1\" \/>\n<link rel=\"canonical\" href=\"https:\/\/www.welovecycling.com\/es\/2020\/09\/06\/maillot-verde-skoda-tour-sagan\/\" \/>\n<meta property=\"og:locale\" content=\"es_ES\" \/>\n<meta property=\"og:type\" content=\"article\" \/>\n<meta property=\"og:title\" content=\"El maillot verde \u0160koda del Tour y Peter Sagan\" \/>\n<meta property=\"og:description\" content=\"El maillot verde \u0160koda del Tour y Peter Sagan. La historia del maillot de los sprinters del Tour y como Peter Sagan tiene el r\u00e9cord de triunfos.\" \/>\n<meta property=\"og:url\" content=\"https:\/\/www.welovecycling.com\/es\/2020\/09\/06\/maillot-verde-skoda-tour-sagan\/\" \/>\n<meta property=\"og:site_name\" content=\"\u0160koda We Love Cycling - Spain\" \/>\n<meta property=\"article:published_time\" content=\"2020-09-06T16:00:20+00:00\" \/>\n<meta property=\"og:image\" content=\"https:\/\/d2p6e6u75xmxt8.cloudfront.net\/6\/2020\/09\/Sagan-2.jpg\" \/>\n\t<meta property=\"og:image:width\" content=\"1000\" \/>\n\t<meta property=\"og:image:height\" content=\"667\" \/>\n\t<meta property=\"og:image:type\" content=\"image\/jpeg\" \/>\n<meta name=\"author\" content=\"We Love Cycling Spain\" \/>\n<meta name=\"twitter:card\" content=\"summary_large_image\" \/>\n<meta name=\"twitter:title\" content=\"El maillot verde \u0160koda del Tour y Peter Sagan\" \/>\n<meta name=\"twitter:description\" content=\"El maillot verde \u0160koda del Tour y Peter Sagan. La historia del maillot de los sprinters del Tour y como Peter Sagan tiene el r\u00e9cord de triunfos.\" \/>\n<meta name=\"twitter:label1\" content=\"Written by\" \/>\n\t<meta name=\"twitter:data1\" content=\"We love cycling\" \/>\n\t<meta name=\"twitter:label2\" content=\"Est. reading time\" \/>\n\t<meta name=\"twitter:data2\" content=\"4 minutes\" \/>\n<script type=\"application\/ld+json\" class=\"yoast-schema-graph\">{\"@context\":\"https:\/\/schema.org\",\"@graph\":[{\"@type\":\"WebPage\",\"@id\":\"https:\/\/www.welovecycling.com\/es\/2020\/09\/06\/maillot-verde-skoda-tour-sagan\/\",\"url\":\"https:\/\/www.welovecycling.com\/es\/2020\/09\/06\/maillot-verde-skoda-tour-sagan\/\",\"name\":\"El maillot verde \u0160koda del Tour y Peter Sagan - \u0160koda We Love Cycling - Spain\",\"isPartOf\":{\"@id\":\"https:\/\/www.welovecycling.com\/es\/#website\"},\"primaryImageOfPage\":{\"@id\":\"https:\/\/www.welovecycling.com\/es\/2020\/09\/06\/maillot-verde-skoda-tour-sagan\/#primaryimage\"},\"image\":{\"@id\":\"https:\/\/www.welovecycling.com\/es\/2020\/09\/06\/maillot-verde-skoda-tour-sagan\/#primaryimage\"},\"thumbnailUrl\":\"https:\/\/d2p6e6u75xmxt8.cloudfront.net\/6\/2020\/09\/Sagan-2.jpg\",\"datePublished\":\"2020-09-06T16:00:20+00:00\",\"author\":{\"@id\":\"https:\/\/www.welovecycling.com\/es\/#\/schema\/person\/deb61715b5812698ee79fb96f343ccd4\"},\"description\":\"El maillot verde \u0160koda del Tour y Peter Sagan. La historia del maillot de los sprinters del Tour y como Peter Sagan tiene el r\u00e9cord de triunfos.\",\"breadcrumb\":{\"@id\":\"https:\/\/www.welovecycling.com\/es\/2020\/09\/06\/maillot-verde-skoda-tour-sagan\/#breadcrumb\"},\"inLanguage\":\"es-ES\",\"potentialAction\":[{\"@type\":\"ReadAction\",\"target\":[\"https:\/\/www.welovecycling.com\/es\/2020\/09\/06\/maillot-verde-skoda-tour-sagan\/\"]}]},{\"@type\":\"ImageObject\",\"inLanguage\":\"es-ES\",\"@id\":\"https:\/\/www.welovecycling.com\/es\/2020\/09\/06\/maillot-verde-skoda-tour-sagan\/#primaryimage\",\"url\":\"https:\/\/d2p6e6u75xmxt8.cloudfront.net\/6\/2020\/09\/Sagan-2.jpg\",\"contentUrl\":\"https:\/\/d2p6e6u75xmxt8.cloudfront.net\/6\/2020\/09\/Sagan-2.jpg\",\"width\":1000,\"height\":667},{\"@type\":\"BreadcrumbList\",\"@id\":\"https:\/\/www.welovecycling.com\/es\/2020\/09\/06\/maillot-verde-skoda-tour-sagan\/#breadcrumb\",\"itemListElement\":[{\"@type\":\"ListItem\",\"position\":1,\"name\":\"Home\",\"item\":\"https:\/\/www.welovecycling.com\/es\/\"},{\"@type\":\"ListItem\",\"position\":2,\"name\":\"El maillot verde \u0160koda del Tour y Peter Sagan\"}]},{\"@type\":\"WebSite\",\"@id\":\"https:\/\/www.welovecycling.com\/es\/#website\",\"url\":\"https:\/\/www.welovecycling.com\/es\/\",\"name\":\"\u0160koda We Love Cycling - Spain\",\"description\":\"\u0160koda WeLoveCycling Spain\",\"potentialAction\":[{\"@type\":\"SearchAction\",\"target\":{\"@type\":\"EntryPoint\",\"urlTemplate\":\"https:\/\/www.welovecycling.com\/es\/?s={search_term_string}\"},\"query-input\":{\"@type\":\"PropertyValueSpecification\",\"valueRequired\":true,\"valueName\":\"search_term_string\"}}],\"inLanguage\":\"es-ES\"},{\"@type\":\"Person\",\"@id\":\"https:\/\/www.welovecycling.com\/es\/#\/schema\/person\/deb61715b5812698ee79fb96f343ccd4\",\"name\":\"We Love Cycling Spain\",\"image\":{\"@type\":\"ImageObject\",\"inLanguage\":\"es-ES\",\"@id\":\"https:\/\/www.welovecycling.com\/es\/#\/schema\/person\/image\/\",\"url\":\"https:\/\/secure.gravatar.com\/avatar\/c824b04e6df0e37a03219d0b6481672889df542894588964102459e46513159c?s=96&d=mm&r=g\",\"contentUrl\":\"https:\/\/secure.gravatar.com\/avatar\/c824b04e6df0e37a03219d0b6481672889df542894588964102459e46513159c?s=96&d=mm&r=g\",\"caption\":\"We Love Cycling Spain\"},\"url\":\"https:\/\/www.welovecycling.com\/es\/author\/amunoz\/\"}]}<\/script>\n<!-- \/ Yoast SEO Premium plugin. -->","yoast_head_json":{"title":"El maillot verde \u0160koda del Tour y Peter Sagan - \u0160koda We Love Cycling - Spain","description":"El maillot verde \u0160koda del Tour y Peter Sagan. La historia del maillot de los sprinters del Tour y como Peter Sagan tiene el r\u00e9cord de triunfos.","robots":{"index":"index","follow":"follow","max-snippet":"max-snippet:-1","max-image-preview":"max-image-preview:large","max-video-preview":"max-video-preview:-1"},"canonical":"https:\/\/www.welovecycling.com\/es\/2020\/09\/06\/maillot-verde-skoda-tour-sagan\/","og_locale":"es_ES","og_type":"article","og_title":"El maillot verde \u0160koda del Tour y Peter Sagan","og_description":"El maillot verde \u0160koda del Tour y Peter Sagan. La historia del maillot de los sprinters del Tour y como Peter Sagan tiene el r\u00e9cord de triunfos.","og_url":"https:\/\/www.welovecycling.com\/es\/2020\/09\/06\/maillot-verde-skoda-tour-sagan\/","og_site_name":"\u0160koda We Love Cycling - Spain","article_published_time":"2020-09-06T16:00:20+00:00","og_image":[{"width":1000,"height":667,"url":"https:\/\/d2p6e6u75xmxt8.cloudfront.net\/6\/2020\/09\/Sagan-2.jpg","type":"image\/jpeg"}],"author":"We Love Cycling Spain","twitter_card":"summary_large_image","twitter_title":"El maillot verde \u0160koda del Tour y Peter Sagan","twitter_description":"El maillot verde \u0160koda del Tour y Peter Sagan. La historia del maillot de los sprinters del Tour y como Peter Sagan tiene el r\u00e9cord de triunfos.","twitter_misc":{"Written by":"We love cycling","Est. reading time":"4 minutes"},"schema":{"@context":"https:\/\/schema.org","@graph":[{"@type":"WebPage","@id":"https:\/\/www.welovecycling.com\/es\/2020\/09\/06\/maillot-verde-skoda-tour-sagan\/","url":"https:\/\/www.welovecycling.com\/es\/2020\/09\/06\/maillot-verde-skoda-tour-sagan\/","name":"El maillot verde \u0160koda del Tour y Peter Sagan - \u0160koda We Love Cycling - Spain","isPartOf":{"@id":"https:\/\/www.welovecycling.com\/es\/#website"},"primaryImageOfPage":{"@id":"https:\/\/www.welovecycling.com\/es\/2020\/09\/06\/maillot-verde-skoda-tour-sagan\/#primaryimage"},"image":{"@id":"https:\/\/www.welovecycling.com\/es\/2020\/09\/06\/maillot-verde-skoda-tour-sagan\/#primaryimage"},"thumbnailUrl":"https:\/\/d2p6e6u75xmxt8.cloudfront.net\/6\/2020\/09\/Sagan-2.jpg","datePublished":"2020-09-06T16:00:20+00:00","author":{"@id":"https:\/\/www.welovecycling.com\/es\/#\/schema\/person\/deb61715b5812698ee79fb96f343ccd4"},"description":"El maillot verde \u0160koda del Tour y Peter Sagan. La historia del maillot de los sprinters del Tour y como Peter Sagan tiene el r\u00e9cord de triunfos.","breadcrumb":{"@id":"https:\/\/www.welovecycling.com\/es\/2020\/09\/06\/maillot-verde-skoda-tour-sagan\/#breadcrumb"},"inLanguage":"es-ES","potentialAction":[{"@type":"ReadAction","target":["https:\/\/www.welovecycling.com\/es\/2020\/09\/06\/maillot-verde-skoda-tour-sagan\/"]}]},{"@type":"ImageObject","inLanguage":"es-ES","@id":"https:\/\/www.welovecycling.com\/es\/2020\/09\/06\/maillot-verde-skoda-tour-sagan\/#primaryimage","url":"https:\/\/d2p6e6u75xmxt8.cloudfront.net\/6\/2020\/09\/Sagan-2.jpg","contentUrl":"https:\/\/d2p6e6u75xmxt8.cloudfront.net\/6\/2020\/09\/Sagan-2.jpg","width":1000,"height":667},{"@type":"BreadcrumbList","@id":"https:\/\/www.welovecycling.com\/es\/2020\/09\/06\/maillot-verde-skoda-tour-sagan\/#breadcrumb","itemListElement":[{"@type":"ListItem","position":1,"name":"Home","item":"https:\/\/www.welovecycling.com\/es\/"},{"@type":"ListItem","position":2,"name":"El maillot verde \u0160koda del Tour y Peter Sagan"}]},{"@type":"WebSite","@id":"https:\/\/www.welovecycling.com\/es\/#website","url":"https:\/\/www.welovecycling.com\/es\/","name":"\u0160koda We Love Cycling - Spain","description":"\u0160koda WeLoveCycling Spain","potentialAction":[{"@type":"SearchAction","target":{"@type":"EntryPoint","urlTemplate":"https:\/\/www.welovecycling.com\/es\/?s={search_term_string}"},"query-input":{"@type":"PropertyValueSpecification","valueRequired":true,"valueName":"search_term_string"}}],"inLanguage":"es-ES"},{"@type":"Person","@id":"https:\/\/www.welovecycling.com\/es\/#\/schema\/person\/deb61715b5812698ee79fb96f343ccd4","name":"We Love Cycling Spain","image":{"@type":"ImageObject","inLanguage":"es-ES","@id":"https:\/\/www.welovecycling.com\/es\/#\/schema\/person\/image\/","url":"https:\/\/secure.gravatar.com\/avatar\/c824b04e6df0e37a03219d0b6481672889df542894588964102459e46513159c?s=96&d=mm&r=g","contentUrl":"https:\/\/secure.gravatar.com\/avatar\/c824b04e6df0e37a03219d0b6481672889df542894588964102459e46513159c?s=96&d=mm&r=g","caption":"We Love Cycling Spain"},"url":"https:\/\/www.welovecycling.com\/es\/author\/amunoz\/"}]}},"_links":{"self":[{"href":"https:\/\/www.welovecycling.com\/es\/wp-json\/wp\/v2\/posts\/6511","targetHints":{"allow":["GET"]}}],"collection":[{"href":"https:\/\/www.welovecycling.com\/es\/wp-json\/wp\/v2\/posts"}],"about":[{"href":"https:\/\/www.welovecycling.com\/es\/wp-json\/wp\/v2\/types\/post"}],"author":[{"embeddable":true,"href":"https:\/\/www.welovecycling.com\/es\/wp-json\/wp\/v2\/users\/29"}],"replies":[{"embeddable":true,"href":"https:\/\/www.welovecycling.com\/es\/wp-json\/wp\/v2\/comments?post=6511"}],"version-history":[{"count":2,"href":"https:\/\/www.welovecycling.com\/es\/wp-json\/wp\/v2\/posts\/6511\/revisions"}],"predecessor-version":[{"id":6641,"href":"https:\/\/www.welovecycling.com\/es\/wp-json\/wp\/v2\/posts\/6511\/revisions\/6641"}],"wp:featuredmedia":[{"embeddable":true,"href":"https:\/\/www.welovecycling.com\/es\/wp-json\/wp\/v2\/media\/6638"}],"wp:attachment":[{"href":"https:\/\/www.welovecycling.com\/es\/wp-json\/wp\/v2\/media?parent=6511"}],"wp:term":[{"taxonomy":"category","embeddable":true,"href":"https:\/\/www.welovecycling.com\/es\/wp-json\/wp\/v2\/categories?post=6511"},{"taxonomy":"post_tag","embeddable":true,"href":"https:\/\/www.welovecycling.com\/es\/wp-json\/wp\/v2\/tags?post=6511"},{"taxonomy":"global-categories","embeddable":true,"href":"https:\/\/www.welovecycling.com\/es\/wp-json\/wp\/v2\/global-categories?post=6511"}],"curies":[{"name":"wp","href":"https:\/\/api.w.org\/{rel}","templated":true}]}}