{"id":6509,"date":"2020-09-10T17:05:31","date_gmt":"2020-09-10T15:05:31","guid":{"rendered":"https:\/\/www.welovecycling.com\/es\/?p=6509"},"modified":"2020-09-10T17:05:31","modified_gmt":"2020-09-10T15:05:31","slug":"puntos-maillot-verde-tour","status":"publish","type":"post","link":"https:\/\/www.welovecycling.com\/es\/2020\/09\/10\/puntos-maillot-verde-tour\/","title":{"rendered":"Peleando por el maillot verde del Tour \u00bfDonde se suman los puntos?"},"content":{"rendered":"<p><strong>Para llevarse el maillot verde de los puntos que patrocina \u0160koda en el Tour hay que ser un tipo r\u00e1pido. Eso est\u00e1 m\u00e1s o menos claro, pero en los \u00faltimos a\u00f1os ha cambiado la forma de otorgar los puntos de una de las clasificaciones m\u00e1s importantes del Tour de Francia. Antes a ella pod\u00eda optar incluso alg\u00fan favorito a la general, ahora, es un territorio casi exclusivo para los velocistas.<\/strong><!--more--><\/p>\n<p>Para sumar puntos y ganar el maillot de la regularidad de <strong>\u0160koda<\/strong> tienes dos opciones en cada etapa. La primera y la m\u00e1s conocida es en meta. La organizaci\u00f3n otorga puntos a los 15 primeros ciclistas que traspasan la l\u00ednea de meta en cada una de las etapas, pero, ojo, no siempre es la misma puntuaci\u00f3n.<\/p>\n<p><img loading=\"lazy\" decoding=\"async\" class=\"alignnone size-extra-large\" src=\"https:\/\/img.aso.fr\/core_app\/img-cycling-tdf-jpg\/sagan\/23768\/0:0,1200:800-1000-0-70\/661ae\" width=\"1000\" height=\"667\" \/><\/p>\n<p>Desde 1953, en el que se instaur\u00f3 el sistema de puntos, las etapas se dividieron seg\u00fan diferentes criterios. A las m\u00e1s sencillas se les daba m\u00e1s puntuaci\u00f3n y a las de alta monta\u00f1a menos. La idea, que el ganador del maillot por puntos fuese el mejor velocista. Sin embargo en los \u00faltimos a\u00f1os ha aumentado la diferencia de puntos que se otorgan entre las etapas mas planas y las de m\u00e1s dificultad.<\/p>\n<p>Para este Tour, las etapas <strong>m\u00e1s planas y con previsible final al sprint est\u00e1n evaluadas como nivel 1 y 2<\/strong>. En ellas es donde m\u00e1s puntos pueden conseguir los 15 primeros. Desde <strong>50 el ganador<\/strong> hasta 2 puntos el que acaba el decimoquinto. Las etapas de nivel 3, de media monta\u00f1a, como la que acab\u00f3 en Orcieres Merlette, dan 30 puntos al primero. Las de nivel 4 y 5, consideradas como de alta monta\u00f1a, como todas las de Pirineos y Alpes, y la de nivel 6, la contrarreloj de Planche des Belles Filles, solo dan 20 puntos al ganador.<\/p>\n<h2><strong>Sprints intermedios, meta y puntos<\/strong><\/h2>\n<p>El otro cambio lleg\u00f3 con los <strong>sprints intermedios<\/strong>. Hace a\u00f1os solo daban un pu\u00f1ado de puntos, 6, 4 y 2 a los tres primeros, pero ahora mismo los sprints intermedios, que se sit\u00faan en cada una de las etapas, otorgan de 20 puntos al primero al 1 punto el decimoquinto, es decir, los mismo que las posiciones de las etapas de nivel 4, 5 y 6.<\/p>\n<p>Esta modificaci\u00f3n no solo ha cambiado la pelea por el maillot verde de <strong>\u0160koda <\/strong>sino que ha a\u00f1adido un punto m\u00e1s de inter\u00e9s a algunas etapas. Cuando se sit\u00faa el sprint al inicio de la jornada provoca que el pelot\u00f3n salga r\u00e1pido y los equipos de los velocistas quieran controlar la situaci\u00f3n para que sus corredores sumen puntos. Y cuando est\u00e1 en mitad del recorrido entran en juego las estrategias de mandar a alg\u00fan velocista metido en la fuga del d\u00eda, como ha hecho Peter Sagan en este Tour 2020.<\/p>\n<p><img loading=\"lazy\" decoding=\"async\" class=\"alignnone size-extra-large\" src=\"https:\/\/img.aso.fr\/core_app\/img-cycling-tdf-jpg\/podium-vert\/23476\/0:0,1200:800-1000-0-70\/f1230\" width=\"1000\" height=\"667\" \/><\/p>\n<p>Tambi\u00e9n provoca que, pese a que haya una fuga con cinco o seis ciclistas, los velocistas <strong>tambi\u00e9n sprinten para seguir sumando puntos<\/strong> e intentar sacar distancia con sus rivales. O que Bora trabaje en las etapas de media monta\u00f1a para que los velocistas puros pierdan posiciones y no puedan llegar en el grupo de Peter Sagan.<\/p>\n<p>Y luego, claro, tienen premios econ\u00f3micos. Los sprint intermedios dotan 1.500 euros al primero, 1.000 al segundo y 500 al tercero de cada uno de ellos y el portador del maillot verde de Skoda se embolsa cada d\u00eda 300 euros.<\/p>\n<p>En Par\u00eds, los 8 primeros de la regularidad se llevan desde los 25.000 euros del ganador a los 2.000 euros del octavo.<\/p>\n<h2><strong>Sagan, Bennett, Ewan&#8230;<\/strong><\/h2>\n<p>En los \u00faltimos ochos a\u00f1os el tradicional maillot verde ha sido Peter Sagan. Lo visti\u00f3 en todas las ediciones y en siete de ellas tambi\u00e9n el \u00faltimo d\u00eda en Par\u00eds, por lo que tiene el r\u00e9cord absoluto por los seis entorchados del<strong> Erik Zabel y los cuatro de Sean Kelly<\/strong>. Y, como curiosidad, la \u00fanica edici\u00f3n que no venci\u00f3 fue la de 2017, en la que fue expulsado despu\u00e9s de provocar una ca\u00edda en un sprint.<\/p>\n<figure style=\"width: 1000px\" class=\"wp-caption alignnone\"><img loading=\"lazy\" decoding=\"async\" class=\"size-extra-large\" src=\"https:\/\/img.aso.fr\/core_app\/img-cycling-tdf-jpg\/arrivee\/24006\/0:0,1200:799-1000-0-70\/e5d0c\" width=\"1000\" height=\"666\" \/><figcaption class=\"wp-caption-text\">Foto. ASO<\/figcaption><\/figure>\n<p>Pero en 2020 <strong>Peter Sagan<\/strong> est\u00e1 teniendo m\u00e1s problemas que nunca para llevar el maillot verde. Mediado el Tour el portador es <strong>Sam Bennett<\/strong>, el velocista del Deceuninck Quick Step, que adem\u00e1s ha ganado una etapa. Sagan todav\u00eda no lleva ninguna aunque suma puestos de honor en casi todas las llegadas el sprint. El rival de ambos es Caleb Ewan, que pese a llevar dos victorias de etapa no se suele meter en los sprints intermedios y por eso est\u00e1 lejos de ambos. Es lo mismo que sucede a <strong>Wout Van Aert<\/strong>, que trabaja para sus l\u00edderes de Jumbo Visma y ya se ha llevado dos victorias al sprint, aunque no suele buscar puntos en los sprints intermedios y marcha quinto.<\/p>\n","protected":false},"excerpt":{"rendered":"<p>Para llevarse el maillot verde de los puntos que patrocina \u0160koda en el Tour hay que ser un tipo r\u00e1pido. [&hellip;]<\/p>\n","protected":false},"author":29,"featured_media":6657,"comment_status":"open","ping_status":"open","sticky":false,"template":"","format":"standard","meta":{"footnotes":""},"categories":[7],"tags":[1787,1785,1783,1784,1782,1786],"global-categories":[1164],"class_list":["post-6509","post","type-post","status-publish","format-standard","has-post-thumbnail","hentry","category-carretera","tag-bennett-maillot-verde-tour","tag-como-se-da-el-maillot-verde-del-tour","tag-como-se-gana-el-maillot-verde-del-tour","tag-maillot-verde-regularidad","tag-maillot-verde-skoda","tag-sagan-maillot-verde-tour","global-categories-cycling"],"yoast_head":"<!-- This site is optimized with the Yoast SEO Premium plugin v25.3 (Yoast SEO v25.9) - https:\/\/yoast.com\/wordpress\/plugins\/seo\/ -->\n<title>Peleando por el maillot verde del Tour \u00bfDonde se suman los puntos? - \u0160koda We Love Cycling - Spain<\/title>\n<meta name=\"description\" content=\"Peleando por el maillot verde del Tour \u00bfDonde se suman los puntos? As\u00ed se decide la clasificaci\u00f3n del maillot verde de Skoda del Tour.\" \/>\n<meta name=\"robots\" content=\"index, follow, max-snippet:-1, max-image-preview:large, max-video-preview:-1\" \/>\n<link rel=\"canonical\" href=\"https:\/\/www.welovecycling.com\/es\/2020\/09\/10\/puntos-maillot-verde-tour\/\" \/>\n<meta property=\"og:locale\" content=\"es_ES\" \/>\n<meta property=\"og:type\" content=\"article\" \/>\n<meta property=\"og:title\" content=\"Peleando por el maillot verde del Tour \u00bfDonde se suman los puntos?\" \/>\n<meta property=\"og:description\" content=\"Peleando por el maillot verde del Tour \u00bfDonde se suman los puntos? As\u00ed se decide la clasificaci\u00f3n del maillot verde de Skoda del Tour.\" \/>\n<meta property=\"og:url\" content=\"https:\/\/www.welovecycling.com\/es\/2020\/09\/10\/puntos-maillot-verde-tour\/\" \/>\n<meta property=\"og:site_name\" content=\"\u0160koda We Love Cycling - Spain\" \/>\n<meta property=\"article:published_time\" content=\"2020-09-10T15:05:31+00:00\" \/>\n<meta property=\"og:image\" content=\"https:\/\/d2p6e6u75xmxt8.cloudfront.net\/6\/2020\/09\/sprint-meta-tour.jpg\" \/>\n\t<meta property=\"og:image:width\" content=\"1000\" \/>\n\t<meta property=\"og:image:height\" content=\"666\" \/>\n\t<meta property=\"og:image:type\" content=\"image\/jpeg\" \/>\n<meta name=\"author\" content=\"We Love Cycling Spain\" \/>\n<meta name=\"twitter:card\" content=\"summary_large_image\" \/>\n<meta name=\"twitter:title\" content=\"Peleando por el maillot verde del Tour \u00bfDonde se suman los puntos?\" \/>\n<meta name=\"twitter:description\" content=\"Peleando por el maillot verde del Tour \u00bfDonde se suman los puntos? As\u00ed se decide la clasificaci\u00f3n del maillot verde de Skoda del Tour.\" \/>\n<meta name=\"twitter:label1\" content=\"Written by\" \/>\n\t<meta name=\"twitter:data1\" content=\"Luis Ortega @ciclored\" \/>\n\t<meta name=\"twitter:label2\" content=\"Est. reading time\" \/>\n\t<meta name=\"twitter:data2\" content=\"4 minutes\" \/>\n<script type=\"application\/ld+json\" class=\"yoast-schema-graph\">{\"@context\":\"https:\/\/schema.org\",\"@graph\":[{\"@type\":\"WebPage\",\"@id\":\"https:\/\/www.welovecycling.com\/es\/2020\/09\/10\/puntos-maillot-verde-tour\/\",\"url\":\"https:\/\/www.welovecycling.com\/es\/2020\/09\/10\/puntos-maillot-verde-tour\/\",\"name\":\"Peleando por el maillot verde del Tour \u00bfDonde se suman los puntos? - \u0160koda We Love Cycling - Spain\",\"isPartOf\":{\"@id\":\"https:\/\/www.welovecycling.com\/es\/#website\"},\"primaryImageOfPage\":{\"@id\":\"https:\/\/www.welovecycling.com\/es\/2020\/09\/10\/puntos-maillot-verde-tour\/#primaryimage\"},\"image\":{\"@id\":\"https:\/\/www.welovecycling.com\/es\/2020\/09\/10\/puntos-maillot-verde-tour\/#primaryimage\"},\"thumbnailUrl\":\"https:\/\/d2p6e6u75xmxt8.cloudfront.net\/6\/2020\/09\/sprint-meta-tour.jpg\",\"datePublished\":\"2020-09-10T15:05:31+00:00\",\"author\":{\"@id\":\"https:\/\/www.welovecycling.com\/es\/#\/schema\/person\/deb61715b5812698ee79fb96f343ccd4\"},\"description\":\"Peleando por el maillot verde del Tour \u00bfDonde se suman los puntos? As\u00ed se decide la clasificaci\u00f3n del maillot verde de Skoda del Tour.\",\"breadcrumb\":{\"@id\":\"https:\/\/www.welovecycling.com\/es\/2020\/09\/10\/puntos-maillot-verde-tour\/#breadcrumb\"},\"inLanguage\":\"es-ES\",\"potentialAction\":[{\"@type\":\"ReadAction\",\"target\":[\"https:\/\/www.welovecycling.com\/es\/2020\/09\/10\/puntos-maillot-verde-tour\/\"]}]},{\"@type\":\"ImageObject\",\"inLanguage\":\"es-ES\",\"@id\":\"https:\/\/www.welovecycling.com\/es\/2020\/09\/10\/puntos-maillot-verde-tour\/#primaryimage\",\"url\":\"https:\/\/d2p6e6u75xmxt8.cloudfront.net\/6\/2020\/09\/sprint-meta-tour.jpg\",\"contentUrl\":\"https:\/\/d2p6e6u75xmxt8.cloudfront.net\/6\/2020\/09\/sprint-meta-tour.jpg\",\"width\":1000,\"height\":666},{\"@type\":\"BreadcrumbList\",\"@id\":\"https:\/\/www.welovecycling.com\/es\/2020\/09\/10\/puntos-maillot-verde-tour\/#breadcrumb\",\"itemListElement\":[{\"@type\":\"ListItem\",\"position\":1,\"name\":\"Home\",\"item\":\"https:\/\/www.welovecycling.com\/es\/\"},{\"@type\":\"ListItem\",\"position\":2,\"name\":\"Peleando por el maillot verde del Tour \u00bfDonde se suman los puntos?\"}]},{\"@type\":\"WebSite\",\"@id\":\"https:\/\/www.welovecycling.com\/es\/#website\",\"url\":\"https:\/\/www.welovecycling.com\/es\/\",\"name\":\"\u0160koda We Love Cycling - Spain\",\"description\":\"\u0160koda WeLoveCycling Spain\",\"potentialAction\":[{\"@type\":\"SearchAction\",\"target\":{\"@type\":\"EntryPoint\",\"urlTemplate\":\"https:\/\/www.welovecycling.com\/es\/?s={search_term_string}\"},\"query-input\":{\"@type\":\"PropertyValueSpecification\",\"valueRequired\":true,\"valueName\":\"search_term_string\"}}],\"inLanguage\":\"es-ES\"},{\"@type\":\"Person\",\"@id\":\"https:\/\/www.welovecycling.com\/es\/#\/schema\/person\/deb61715b5812698ee79fb96f343ccd4\",\"name\":\"We Love Cycling Spain\",\"image\":{\"@type\":\"ImageObject\",\"inLanguage\":\"es-ES\",\"@id\":\"https:\/\/www.welovecycling.com\/es\/#\/schema\/person\/image\/\",\"url\":\"https:\/\/secure.gravatar.com\/avatar\/c824b04e6df0e37a03219d0b6481672889df542894588964102459e46513159c?s=96&d=mm&r=g\",\"contentUrl\":\"https:\/\/secure.gravatar.com\/avatar\/c824b04e6df0e37a03219d0b6481672889df542894588964102459e46513159c?s=96&d=mm&r=g\",\"caption\":\"We Love Cycling Spain\"},\"url\":\"https:\/\/www.welovecycling.com\/es\/author\/amunoz\/\"}]}<\/script>\n<!-- \/ Yoast SEO Premium plugin. -->","yoast_head_json":{"title":"Peleando por el maillot verde del Tour \u00bfDonde se suman los puntos? - \u0160koda We Love Cycling - Spain","description":"Peleando por el maillot verde del Tour \u00bfDonde se suman los puntos? As\u00ed se decide la clasificaci\u00f3n del maillot verde de Skoda del Tour.","robots":{"index":"index","follow":"follow","max-snippet":"max-snippet:-1","max-image-preview":"max-image-preview:large","max-video-preview":"max-video-preview:-1"},"canonical":"https:\/\/www.welovecycling.com\/es\/2020\/09\/10\/puntos-maillot-verde-tour\/","og_locale":"es_ES","og_type":"article","og_title":"Peleando por el maillot verde del Tour \u00bfDonde se suman los puntos?","og_description":"Peleando por el maillot verde del Tour \u00bfDonde se suman los puntos? As\u00ed se decide la clasificaci\u00f3n del maillot verde de Skoda del Tour.","og_url":"https:\/\/www.welovecycling.com\/es\/2020\/09\/10\/puntos-maillot-verde-tour\/","og_site_name":"\u0160koda We Love Cycling - Spain","article_published_time":"2020-09-10T15:05:31+00:00","og_image":[{"width":1000,"height":666,"url":"https:\/\/d2p6e6u75xmxt8.cloudfront.net\/6\/2020\/09\/sprint-meta-tour.jpg","type":"image\/jpeg"}],"author":"We Love Cycling Spain","twitter_card":"summary_large_image","twitter_title":"Peleando por el maillot verde del Tour \u00bfDonde se suman los puntos?","twitter_description":"Peleando por el maillot verde del Tour \u00bfDonde se suman los puntos? As\u00ed se decide la clasificaci\u00f3n del maillot verde de Skoda del Tour.","twitter_misc":{"Written by":"Luis Ortega @ciclored","Est. reading time":"4 minutes"},"schema":{"@context":"https:\/\/schema.org","@graph":[{"@type":"WebPage","@id":"https:\/\/www.welovecycling.com\/es\/2020\/09\/10\/puntos-maillot-verde-tour\/","url":"https:\/\/www.welovecycling.com\/es\/2020\/09\/10\/puntos-maillot-verde-tour\/","name":"Peleando por el maillot verde del Tour \u00bfDonde se suman los puntos? - \u0160koda We Love Cycling - Spain","isPartOf":{"@id":"https:\/\/www.welovecycling.com\/es\/#website"},"primaryImageOfPage":{"@id":"https:\/\/www.welovecycling.com\/es\/2020\/09\/10\/puntos-maillot-verde-tour\/#primaryimage"},"image":{"@id":"https:\/\/www.welovecycling.com\/es\/2020\/09\/10\/puntos-maillot-verde-tour\/#primaryimage"},"thumbnailUrl":"https:\/\/d2p6e6u75xmxt8.cloudfront.net\/6\/2020\/09\/sprint-meta-tour.jpg","datePublished":"2020-09-10T15:05:31+00:00","author":{"@id":"https:\/\/www.welovecycling.com\/es\/#\/schema\/person\/deb61715b5812698ee79fb96f343ccd4"},"description":"Peleando por el maillot verde del Tour \u00bfDonde se suman los puntos? As\u00ed se decide la clasificaci\u00f3n del maillot verde de Skoda del Tour.","breadcrumb":{"@id":"https:\/\/www.welovecycling.com\/es\/2020\/09\/10\/puntos-maillot-verde-tour\/#breadcrumb"},"inLanguage":"es-ES","potentialAction":[{"@type":"ReadAction","target":["https:\/\/www.welovecycling.com\/es\/2020\/09\/10\/puntos-maillot-verde-tour\/"]}]},{"@type":"ImageObject","inLanguage":"es-ES","@id":"https:\/\/www.welovecycling.com\/es\/2020\/09\/10\/puntos-maillot-verde-tour\/#primaryimage","url":"https:\/\/d2p6e6u75xmxt8.cloudfront.net\/6\/2020\/09\/sprint-meta-tour.jpg","contentUrl":"https:\/\/d2p6e6u75xmxt8.cloudfront.net\/6\/2020\/09\/sprint-meta-tour.jpg","width":1000,"height":666},{"@type":"BreadcrumbList","@id":"https:\/\/www.welovecycling.com\/es\/2020\/09\/10\/puntos-maillot-verde-tour\/#breadcrumb","itemListElement":[{"@type":"ListItem","position":1,"name":"Home","item":"https:\/\/www.welovecycling.com\/es\/"},{"@type":"ListItem","position":2,"name":"Peleando por el maillot verde del Tour \u00bfDonde se suman los puntos?"}]},{"@type":"WebSite","@id":"https:\/\/www.welovecycling.com\/es\/#website","url":"https:\/\/www.welovecycling.com\/es\/","name":"\u0160koda We Love Cycling - Spain","description":"\u0160koda WeLoveCycling Spain","potentialAction":[{"@type":"SearchAction","target":{"@type":"EntryPoint","urlTemplate":"https:\/\/www.welovecycling.com\/es\/?s={search_term_string}"},"query-input":{"@type":"PropertyValueSpecification","valueRequired":true,"valueName":"search_term_string"}}],"inLanguage":"es-ES"},{"@type":"Person","@id":"https:\/\/www.welovecycling.com\/es\/#\/schema\/person\/deb61715b5812698ee79fb96f343ccd4","name":"We Love Cycling Spain","image":{"@type":"ImageObject","inLanguage":"es-ES","@id":"https:\/\/www.welovecycling.com\/es\/#\/schema\/person\/image\/","url":"https:\/\/secure.gravatar.com\/avatar\/c824b04e6df0e37a03219d0b6481672889df542894588964102459e46513159c?s=96&d=mm&r=g","contentUrl":"https:\/\/secure.gravatar.com\/avatar\/c824b04e6df0e37a03219d0b6481672889df542894588964102459e46513159c?s=96&d=mm&r=g","caption":"We Love Cycling Spain"},"url":"https:\/\/www.welovecycling.com\/es\/author\/amunoz\/"}]}},"_links":{"self":[{"href":"https:\/\/www.welovecycling.com\/es\/wp-json\/wp\/v2\/posts\/6509","targetHints":{"allow":["GET"]}}],"collection":[{"href":"https:\/\/www.welovecycling.com\/es\/wp-json\/wp\/v2\/posts"}],"about":[{"href":"https:\/\/www.welovecycling.com\/es\/wp-json\/wp\/v2\/types\/post"}],"author":[{"embeddable":true,"href":"https:\/\/www.welovecycling.com\/es\/wp-json\/wp\/v2\/users\/29"}],"replies":[{"embeddable":true,"href":"https:\/\/www.welovecycling.com\/es\/wp-json\/wp\/v2\/comments?post=6509"}],"version-history":[{"count":2,"href":"https:\/\/www.welovecycling.com\/es\/wp-json\/wp\/v2\/posts\/6509\/revisions"}],"predecessor-version":[{"id":6659,"href":"https:\/\/www.welovecycling.com\/es\/wp-json\/wp\/v2\/posts\/6509\/revisions\/6659"}],"wp:featuredmedia":[{"embeddable":true,"href":"https:\/\/www.welovecycling.com\/es\/wp-json\/wp\/v2\/media\/6657"}],"wp:attachment":[{"href":"https:\/\/www.welovecycling.com\/es\/wp-json\/wp\/v2\/media?parent=6509"}],"wp:term":[{"taxonomy":"category","embeddable":true,"href":"https:\/\/www.welovecycling.com\/es\/wp-json\/wp\/v2\/categories?post=6509"},{"taxonomy":"post_tag","embeddable":true,"href":"https:\/\/www.welovecycling.com\/es\/wp-json\/wp\/v2\/tags?post=6509"},{"taxonomy":"global-categories","embeddable":true,"href":"https:\/\/www.welovecycling.com\/es\/wp-json\/wp\/v2\/global-categories?post=6509"}],"curies":[{"name":"wp","href":"https:\/\/api.w.org\/{rel}","templated":true}]}}