{"id":6482,"date":"2020-08-10T17:50:21","date_gmt":"2020-08-10T15:50:21","guid":{"rendered":"https:\/\/www.welovecycling.com\/es\/?p=6482"},"modified":"2020-08-10T17:50:21","modified_gmt":"2020-08-10T15:50:21","slug":"puertos-cantabros-pas-ason","status":"publish","type":"post","link":"https:\/\/www.welovecycling.com\/es\/2020\/08\/10\/puertos-cantabros-pas-ason\/","title":{"rendered":"Los puertos de los valles c\u00e1ntabros del Pas y del As\u00f3n. Un pedacito de Alpes"},"content":{"rendered":"<p><strong>La Vuelta a Espa\u00f1a en los \u00faltimos a\u00f1os se ha &#8216;olvidado&#8217; de la monta\u00f1a Cantabria. A la sombra de los puertos de Asturias y Pirineos, solo Los Machucos han aparecido como final y sin grandes puertos previos. Otras veces, incluso, la carrera ha resuelto la etapa c\u00e1ntabra con perfiles m\u00e1s o menos llanos y finales en la capital o en la costa. Pero la zona de los Valles Pasiegos y del As\u00f3n tiene puertos para encadenar una etapa de alta monta\u00f1a. Hablamos del Portillo de Lunada, La S\u00eda, As\u00f3n, Estacas de Trueba, los propios Machucos, Caracol, La Bragu\u00eda, incluso finales en alto cercanos a la costa.<\/strong><!--more--><\/p>\n<p>La gran ventaja que tiene Cantabria es que casi todos los puertos pueden partir de nivel cero, casi a pie de costa y que los que acaban superando el desnivel con la submeseta norte, es decir, los que pasan a Burgos, finalizan a m\u00e1s de 1.200. Eso se traduce en puertos largos, sin grandes paredes, pero con paisajes de praderas verdes casi alpinas y vistas espectaculares.<\/p>\n<p>Desde la frontera con el Pa\u00eds Vasco y casi en paralelo, ascienden cuatro puertos muy similares. Los Tornos, El Portillo de La S\u00eda, el Portillo de Lunada y Estacas de Trueba.<\/p>\n<h2><strong>De Cantabria a Burgos<\/strong><\/h2>\n<p>El primero, el <strong>Puerto de Los Tornos,<\/strong> parte desde Ramales de La Victoria, el \u00faltimo pueblo antes del valle de Karrantza vizca\u00edno. En total son <a href=\"https:\/\/www.altimetrias.net\/aspbk\/verPuerto.mobi.asp?id=194\" target=\"_blank\" rel=\"noopener noreferrer\">18 kil\u00f3metros de ascensi\u00f3n al 4,45% de media<\/a>. Eso s\u00ed, los primeros diez son m\u00e1s suaves y los \u00faltimos ocho siempre van entre el 6 y el 8%, adem\u00e1s con curvas que aligeran algo la sensaci\u00f3n de desnivel. Su gran problema, que suele tener tr\u00e1fico de camiones.<\/p>\n<p><a href=\"https:\/\/d2p6e6u75xmxt8.cloudfront.net\/6\/2020\/08\/CANTABRIA-BIKE-TOUR-108.JPG.jpg\"><img loading=\"lazy\" decoding=\"async\" class=\"aligncenter size-large wp-image-6485\" src=\"https:\/\/d2p6e6u75xmxt8.cloudfront.net\/6\/2020\/08\/CANTABRIA-BIKE-TOUR-108.JPG-1024x503.jpg\" alt=\"\" width=\"1024\" height=\"503\" srcset=\"https:\/\/d2p6e6u75xmxt8.cloudfront.net\/6\/2020\/08\/CANTABRIA-BIKE-TOUR-108.JPG-1024x503.jpg 1024w, https:\/\/d2p6e6u75xmxt8.cloudfront.net\/6\/2020\/08\/CANTABRIA-BIKE-TOUR-108.JPG-300x147.jpg 300w, https:\/\/d2p6e6u75xmxt8.cloudfront.net\/6\/2020\/08\/CANTABRIA-BIKE-TOUR-108.JPG-768x377.jpg 768w, https:\/\/d2p6e6u75xmxt8.cloudfront.net\/6\/2020\/08\/CANTABRIA-BIKE-TOUR-108.JPG.jpg 1200w\" sizes=\"auto, (max-width: 1024px) 100vw, 1024px\" \/><\/a><\/p>\n<p>Desde Ramales tambi\u00e9n se puede subir el <strong>Portillo de la S\u00eda<\/strong>, que tiene dos v\u00edas de ascensi\u00f3n.<a href=\"https:\/\/www.altimetrias.net\/aspbk\/verPuerto.asp?id=183\" target=\"_blank\" rel=\"noopener noreferrer\"> Una por el Collado del As\u00f3n,<\/a> que implicar\u00e1 llanear 10 kil\u00f3metros hasta Arredondo. Desde all\u00ed salen 21 kil\u00f3metros al 5,5% pasando por el desfiladero del As\u00f3n. Los ocho kil\u00f3metros finales, desde el cruce de La G\u00e1ndara y que son adem\u00e1s los m\u00e1s duros, coinciden con la otra opci\u00f3n, la que parte directamente desde Ramales de La Victoria por <a href=\"https:\/\/www.altimetrias.net\/aspbk\/verPerfilusu.asp?id=1085\" target=\"_blank\" rel=\"noopener noreferrer\">La G\u00e1ndara<\/a> y que suma otros 21 kil\u00f3metros al 4,5% de media. Desde la cima se puede llegar al Pic\u00f3n Blanco por sterrato, pero eso ya es terreno burgal\u00e9s.<\/p>\n<p>Sin duda el puerto con m\u00e1s color alpino es el <strong>Portillo de Lunada<\/strong>. Parte desde <a href=\"https:\/\/www.altimetrias.net\/aspbk\/verPuerto.asp?id=180\" target=\"_blank\" rel=\"noopener noreferrer\">Li\u00e9rganes y durante 32 kil\u00f3metros asciende 1240 metros hasta los 1320<\/a> con los que pasa a la provincia de Burgos.\u00a0 Es cierto que el desnivel medio no llega al 5% y que el puerto se puede dividir en tres partes. Una inicial de 10 kil\u00f3metros muy suave. Otra posterior de seis kil\u00f3metros que alterna rampas al 10% y bajadas. Y la parte final, con 16 kil\u00f3metros constantes entre el 6 y el 7% y unas vistas espectaculares. Puerto Tour alpino.<\/p>\n<p><a href=\"https:\/\/d2p6e6u75xmxt8.cloudfront.net\/6\/2020\/08\/CANTABRIA-BIKE-TOUR-84.JPG.jpg\"><img loading=\"lazy\" decoding=\"async\" class=\"aligncenter size-large wp-image-6486\" src=\"https:\/\/d2p6e6u75xmxt8.cloudfront.net\/6\/2020\/08\/CANTABRIA-BIKE-TOUR-84.JPG-1024x678.jpg\" alt=\"\" width=\"1024\" height=\"678\" srcset=\"https:\/\/d2p6e6u75xmxt8.cloudfront.net\/6\/2020\/08\/CANTABRIA-BIKE-TOUR-84.JPG-1024x678.jpg 1024w, https:\/\/d2p6e6u75xmxt8.cloudfront.net\/6\/2020\/08\/CANTABRIA-BIKE-TOUR-84.JPG-300x199.jpg 300w, https:\/\/d2p6e6u75xmxt8.cloudfront.net\/6\/2020\/08\/CANTABRIA-BIKE-TOUR-84.JPG-768x509.jpg 768w, https:\/\/d2p6e6u75xmxt8.cloudfront.net\/6\/2020\/08\/CANTABRIA-BIKE-TOUR-84.JPG.jpg 1200w\" sizes=\"auto, (max-width: 1024px) 100vw, 1024px\" \/><\/a><\/p>\n<p>El cuarto puerto en l\u00ednea no le anda la zaga. <strong>Estacas de Trueba<\/strong> asciende hasta los <a href=\"https:\/\/www.altimetrias.net\/aspbk\/verPuerto.mobi.asp?id=196\" target=\"_blank\" rel=\"noopener noreferrer\">1166 metros y parte desde los 400<\/a> en los que est\u00e1 Vega del Pas. Un desnivel acumulado de 800 que se reparte en &#8216;solo&#8217; 14 kil\u00f3metros con una media muy constante del 5,5% y unas vistas de ensue\u00f1o.<\/p>\n<p>Sin salir del territorio que nos marcan estos cuatro puertos, nos encontramos otros cuatro que son de enlace entre ellos. Siempre en Cantabria y en los valles pasiegos.<\/p>\n<h2><strong>Los puertos de enlace<\/strong><\/h2>\n<p>Para enlazar La S\u00eda y La Lunada tenemos dos opciones. La habitual, que es ascender <a href=\"https:\/\/www.altimetrias.net\/aspbk\/verPuerto.mobi.asp?id=181\" target=\"_blank\" rel=\"noopener noreferrer\">Alisas,<\/a> una subida de poco m\u00e1s de ocho kil\u00f3metros por cualquiera de sus vertientes, Arredondo o La Cavada, y con un media del 6%. Y la versi\u00f3n m\u00e1s dura, los <strong>Machucos,<\/strong> que enlaza el inicio de La S\u00eda en Arredondo con la mitad de la subida de La Lunada en San Roque de Riomiera, y que se puede subir por ambas vertientes, aunque en la Vuelta solo se conozca la primera.<\/p>\n<p><a href=\"https:\/\/d2p6e6u75xmxt8.cloudfront.net\/6\/2020\/08\/CANTABRIA-BIKE-TOUR-149.JPG.jpg\"><img loading=\"lazy\" decoding=\"async\" class=\"aligncenter size-large wp-image-6487\" src=\"https:\/\/d2p6e6u75xmxt8.cloudfront.net\/6\/2020\/08\/CANTABRIA-BIKE-TOUR-149.JPG-1024x574.jpg\" alt=\"\" width=\"1024\" height=\"574\" srcset=\"https:\/\/d2p6e6u75xmxt8.cloudfront.net\/6\/2020\/08\/CANTABRIA-BIKE-TOUR-149.JPG-1024x574.jpg 1024w, https:\/\/d2p6e6u75xmxt8.cloudfront.net\/6\/2020\/08\/CANTABRIA-BIKE-TOUR-149.JPG-300x168.jpg 300w, https:\/\/d2p6e6u75xmxt8.cloudfront.net\/6\/2020\/08\/CANTABRIA-BIKE-TOUR-149.JPG-768x431.jpg 768w, https:\/\/d2p6e6u75xmxt8.cloudfront.net\/6\/2020\/08\/CANTABRIA-BIKE-TOUR-149.JPG.jpg 1200w\" sizes=\"auto, (max-width: 1024px) 100vw, 1024px\" \/><\/a><\/p>\n<p>Los<strong> Machucos<\/strong> son, sin duda, el puerto m\u00e1s duro de la zona. Conocido como el <a href=\"https:\/\/www.altimetrias.net\/aspbk\/verPuerto.mobi.asp?id=663\" target=\"_blank\" rel=\"noopener noreferrer\">Collado Espina desde Arredondo-Bustablado asciende 700 metros en casi nueve kil\u00f3metros<\/a>. Los n\u00fameros globales dan un 7,76% de media, pero es lo m\u00e1s enga\u00f1oso. En el interior de los Machucos se alternan rampas de 300 metros al 25% con falsos llanos y alguna bajada, lo que hace &#8216;mentir&#8217; al desnivel medio. Lo real es que en los primeros tres kil\u00f3metros tiene uno entero al 13% de media con rampas del 27% y que en la parte central hay otros dos al 11,3% de media.<\/p>\n<p>Para enlazar el Portillo de Lunada y Estacas de Trueba tenemos que ascender dos puertos. <strong>El Caracol<\/strong>, que por la vertiente de Lunada son solo cinco kil\u00f3metros al 6%, mientras que si lo subes desde Selaya, la vertiente m\u00e1s cercana a Estacas de Trueba, supone un <a href=\"https:\/\/www.altimetrias.net\/aspbk\/verPuerto.mobi.asp?id=520\" target=\"_blank\" rel=\"noopener noreferrer\">puerto de 10 kil\u00f3metros al 5,6% de media<\/a>. Y el otro es <a href=\"https:\/\/www.altimetrias.net\/aspbk\/verPuerto.mobi.asp?id=247\" target=\"_blank\" rel=\"noopener noreferrer\">La Bragu\u00eda,<\/a> que est\u00e1 encajonado entre el Caracol y Estacas de Trueba y es un puerto muy similar por ambas caras. Entre 7 y 8 kil\u00f3metros al 5,8% de media.<\/p>\n<h2><strong>Los puertos m\u00e1s cercanos al mar<\/strong><\/h2>\n<p>Pero no solo en el interior de la monta\u00f1a hay opciones. M\u00e1s cercanos a la costa de Laredo o Castro Urdiales.<br \/>\nPor ejemplo, entre Arredondo y la costa puedes enlazar dos puertos seguidos. La <a href=\"https:\/\/www.altimetrias.net\/aspbk\/verPerfilusu.asp?id=829\" target=\"_blank\" rel=\"noopener noreferrer\">Cruz de Usa\u00f1o<\/a> y F<a href=\"https:\/\/www.altimetrias.net\/aspbk\/verPuerto.mobi.asp?id=90\" target=\"_blank\" rel=\"noopener noreferrer\">uente de las Varas<\/a>. Y si quieres volver a la monta\u00f1a puedes ascender a <a href=\"https:\/\/www.altimetrias.net\/aspbk\/verPuerto.mobi.asp?id=533\" target=\"_blank\" rel=\"noopener noreferrer\">Campo Layal<\/a>, que por la vertiente que se desciende es el Santuario de la Bien Aparecida, que fue meta de La Vuelta en 2005. Al descender a Ampuero puede enganchar con otro puerto, el de <a href=\"https:\/\/www.altimetrias.net\/aspbk\/verPuerto.mobi.asp?id=354\" target=\"_blank\" rel=\"noopener noreferrer\">Hoyomenor<\/a>, que en su bajada te deja a pie de mar, entre Castro Urdiales y Laredo. Y si en vez de bajar te quieres dar algo m\u00e1s de &#8216;ca\u00f1a&#8217; puedes seguir hasta <a href=\"https:\/\/www.altimetrias.net\/aspbk\/verPuerto.mobi.asp?id=62\" target=\"_blank\" rel=\"noopener noreferrer\">Las Nieves<\/a>.\u00a0 Y para desde el mar, pues el <a href=\"https:\/\/www.altimetrias.net\/aspbk\/verPuerto.asp?id=130\" target=\"_blank\" rel=\"noopener noreferrer\">alto de Se\u00f1a,<\/a> que te devuelve a la monta\u00f1a.<\/p>\n<p>Y lo mejor, todos con subida y bajada por diferentes vertientes y la posibilidad de ir enganchando uno con otro. Ninguno de m\u00e1s de seis kil\u00f3metros y solo Las Nieves con alguna rampa imposible.<\/p>\n<p><a href=\"https:\/\/d2p6e6u75xmxt8.cloudfront.net\/6\/2020\/08\/CANTABRIA-BIKE-TOUR-265.JPG.jpg\"><img loading=\"lazy\" decoding=\"async\" class=\"aligncenter size-large wp-image-6488\" src=\"https:\/\/d2p6e6u75xmxt8.cloudfront.net\/6\/2020\/08\/CANTABRIA-BIKE-TOUR-265.JPG-1024x567.jpg\" alt=\"\" width=\"1024\" height=\"567\" srcset=\"https:\/\/d2p6e6u75xmxt8.cloudfront.net\/6\/2020\/08\/CANTABRIA-BIKE-TOUR-265.JPG-1024x567.jpg 1024w, https:\/\/d2p6e6u75xmxt8.cloudfront.net\/6\/2020\/08\/CANTABRIA-BIKE-TOUR-265.JPG-300x166.jpg 300w, https:\/\/d2p6e6u75xmxt8.cloudfront.net\/6\/2020\/08\/CANTABRIA-BIKE-TOUR-265.JPG-768x425.jpg 768w, https:\/\/d2p6e6u75xmxt8.cloudfront.net\/6\/2020\/08\/CANTABRIA-BIKE-TOUR-265.JPG.jpg 1200w\" sizes=\"auto, (max-width: 1024px) 100vw, 1024px\" \/><\/a><\/p>\n","protected":false},"excerpt":{"rendered":"<p>La Vuelta a Espa\u00f1a en los \u00faltimos a\u00f1os se ha &#8216;olvidado&#8217; de la monta\u00f1a Cantabria. A la sombra de los [&hellip;]<\/p>\n","protected":false},"author":29,"featured_media":6484,"comment_status":"open","ping_status":"open","sticky":false,"template":"","format":"standard","meta":{"footnotes":""},"categories":[7],"tags":[],"global-categories":[1164],"class_list":["post-6482","post","type-post","status-publish","format-standard","has-post-thumbnail","hentry","category-carretera","global-categories-cycling"],"yoast_head":"<!-- This site is optimized with the Yoast SEO Premium plugin v25.3 (Yoast SEO v25.9) - https:\/\/yoast.com\/wordpress\/plugins\/seo\/ -->\n<title>Los puertos de los valles c\u00e1ntabros del Pas y del As\u00f3n. Un pedacito de Alpes - \u0160koda We Love Cycling - Spain<\/title>\n<meta name=\"description\" content=\"Los puertos de los valles c\u00e1ntabros del Pas y del As\u00f3n. Un pedacito de Alpes. Ruta cicloturista por Lunada, La S\u00eda, As\u00f3n, Estacas de Trueba...\" \/>\n<meta name=\"robots\" content=\"index, follow, max-snippet:-1, max-image-preview:large, max-video-preview:-1\" \/>\n<link rel=\"canonical\" href=\"https:\/\/www.welovecycling.com\/es\/2020\/08\/10\/puertos-cantabros-pas-ason\/\" \/>\n<meta property=\"og:locale\" content=\"es_ES\" \/>\n<meta property=\"og:type\" content=\"article\" \/>\n<meta property=\"og:title\" content=\"Los puertos de los valles c\u00e1ntabros del Pas y del As\u00f3n\" \/>\n<meta property=\"og:description\" content=\"Los puertos de los valles c\u00e1ntabros del Pas y del As\u00f3n. Un pedacito de Alpes. Ruta cicloturista por Lunada, La S\u00eda, As\u00f3n, Estacas de Trueba...\" \/>\n<meta property=\"og:url\" content=\"https:\/\/www.welovecycling.com\/es\/2020\/08\/10\/puertos-cantabros-pas-ason\/\" \/>\n<meta property=\"og:site_name\" content=\"\u0160koda We Love Cycling - Spain\" \/>\n<meta property=\"article:published_time\" content=\"2020-08-10T15:50:21+00:00\" \/>\n<meta property=\"og:image\" content=\"https:\/\/d2p6e6u75xmxt8.cloudfront.net\/6\/2020\/08\/CANTABRIA-BIKE-TOUR-74.JPG.jpg\" \/>\n\t<meta property=\"og:image:width\" content=\"1200\" \/>\n\t<meta property=\"og:image:height\" content=\"723\" \/>\n\t<meta property=\"og:image:type\" content=\"image\/jpeg\" \/>\n<meta name=\"author\" content=\"We Love Cycling Spain\" \/>\n<meta name=\"twitter:card\" content=\"summary_large_image\" \/>\n<meta name=\"twitter:title\" content=\"Los puertos de los valles c\u00e1ntabros del Pas y del As\u00f3n\" \/>\n<meta name=\"twitter:description\" content=\"Los puertos de los valles c\u00e1ntabros del Pas y del As\u00f3n. Un pedacito de Alpes. Ruta cicloturista por Lunada, La S\u00eda, As\u00f3n, Estacas de Trueba...\" \/>\n<meta name=\"twitter:label1\" content=\"Written by\" \/>\n\t<meta name=\"twitter:data1\" content=\"Luis Ortega @Ciclored\" \/>\n\t<meta name=\"twitter:label2\" content=\"Est. reading time\" \/>\n\t<meta name=\"twitter:data2\" content=\"5 minutes\" \/>\n<script type=\"application\/ld+json\" class=\"yoast-schema-graph\">{\"@context\":\"https:\/\/schema.org\",\"@graph\":[{\"@type\":\"WebPage\",\"@id\":\"https:\/\/www.welovecycling.com\/es\/2020\/08\/10\/puertos-cantabros-pas-ason\/\",\"url\":\"https:\/\/www.welovecycling.com\/es\/2020\/08\/10\/puertos-cantabros-pas-ason\/\",\"name\":\"Los puertos de los valles c\u00e1ntabros del Pas y del As\u00f3n. Un pedacito de Alpes - \u0160koda We Love Cycling - Spain\",\"isPartOf\":{\"@id\":\"https:\/\/www.welovecycling.com\/es\/#website\"},\"primaryImageOfPage\":{\"@id\":\"https:\/\/www.welovecycling.com\/es\/2020\/08\/10\/puertos-cantabros-pas-ason\/#primaryimage\"},\"image\":{\"@id\":\"https:\/\/www.welovecycling.com\/es\/2020\/08\/10\/puertos-cantabros-pas-ason\/#primaryimage\"},\"thumbnailUrl\":\"https:\/\/d2p6e6u75xmxt8.cloudfront.net\/6\/2020\/08\/CANTABRIA-BIKE-TOUR-74.JPG.jpg\",\"datePublished\":\"2020-08-10T15:50:21+00:00\",\"author\":{\"@id\":\"https:\/\/www.welovecycling.com\/es\/#\/schema\/person\/deb61715b5812698ee79fb96f343ccd4\"},\"description\":\"Los puertos de los valles c\u00e1ntabros del Pas y del As\u00f3n. Un pedacito de Alpes. Ruta cicloturista por Lunada, La S\u00eda, As\u00f3n, Estacas de Trueba...\",\"breadcrumb\":{\"@id\":\"https:\/\/www.welovecycling.com\/es\/2020\/08\/10\/puertos-cantabros-pas-ason\/#breadcrumb\"},\"inLanguage\":\"es-ES\",\"potentialAction\":[{\"@type\":\"ReadAction\",\"target\":[\"https:\/\/www.welovecycling.com\/es\/2020\/08\/10\/puertos-cantabros-pas-ason\/\"]}]},{\"@type\":\"ImageObject\",\"inLanguage\":\"es-ES\",\"@id\":\"https:\/\/www.welovecycling.com\/es\/2020\/08\/10\/puertos-cantabros-pas-ason\/#primaryimage\",\"url\":\"https:\/\/d2p6e6u75xmxt8.cloudfront.net\/6\/2020\/08\/CANTABRIA-BIKE-TOUR-74.JPG.jpg\",\"contentUrl\":\"https:\/\/d2p6e6u75xmxt8.cloudfront.net\/6\/2020\/08\/CANTABRIA-BIKE-TOUR-74.JPG.jpg\",\"width\":1200,\"height\":723},{\"@type\":\"BreadcrumbList\",\"@id\":\"https:\/\/www.welovecycling.com\/es\/2020\/08\/10\/puertos-cantabros-pas-ason\/#breadcrumb\",\"itemListElement\":[{\"@type\":\"ListItem\",\"position\":1,\"name\":\"Home\",\"item\":\"https:\/\/www.welovecycling.com\/es\/\"},{\"@type\":\"ListItem\",\"position\":2,\"name\":\"Los puertos de los valles c\u00e1ntabros del Pas y del As\u00f3n. Un pedacito de Alpes\"}]},{\"@type\":\"WebSite\",\"@id\":\"https:\/\/www.welovecycling.com\/es\/#website\",\"url\":\"https:\/\/www.welovecycling.com\/es\/\",\"name\":\"\u0160koda We Love Cycling - Spain\",\"description\":\"\u0160koda WeLoveCycling Spain\",\"potentialAction\":[{\"@type\":\"SearchAction\",\"target\":{\"@type\":\"EntryPoint\",\"urlTemplate\":\"https:\/\/www.welovecycling.com\/es\/?s={search_term_string}\"},\"query-input\":{\"@type\":\"PropertyValueSpecification\",\"valueRequired\":true,\"valueName\":\"search_term_string\"}}],\"inLanguage\":\"es-ES\"},{\"@type\":\"Person\",\"@id\":\"https:\/\/www.welovecycling.com\/es\/#\/schema\/person\/deb61715b5812698ee79fb96f343ccd4\",\"name\":\"We Love Cycling Spain\",\"image\":{\"@type\":\"ImageObject\",\"inLanguage\":\"es-ES\",\"@id\":\"https:\/\/www.welovecycling.com\/es\/#\/schema\/person\/image\/\",\"url\":\"https:\/\/secure.gravatar.com\/avatar\/c824b04e6df0e37a03219d0b6481672889df542894588964102459e46513159c?s=96&d=mm&r=g\",\"contentUrl\":\"https:\/\/secure.gravatar.com\/avatar\/c824b04e6df0e37a03219d0b6481672889df542894588964102459e46513159c?s=96&d=mm&r=g\",\"caption\":\"We Love Cycling Spain\"},\"url\":\"https:\/\/www.welovecycling.com\/es\/author\/amunoz\/\"}]}<\/script>\n<!-- \/ Yoast SEO Premium plugin. -->","yoast_head_json":{"title":"Los puertos de los valles c\u00e1ntabros del Pas y del As\u00f3n. Un pedacito de Alpes - \u0160koda We Love Cycling - Spain","description":"Los puertos de los valles c\u00e1ntabros del Pas y del As\u00f3n. Un pedacito de Alpes. Ruta cicloturista por Lunada, La S\u00eda, As\u00f3n, Estacas de Trueba...","robots":{"index":"index","follow":"follow","max-snippet":"max-snippet:-1","max-image-preview":"max-image-preview:large","max-video-preview":"max-video-preview:-1"},"canonical":"https:\/\/www.welovecycling.com\/es\/2020\/08\/10\/puertos-cantabros-pas-ason\/","og_locale":"es_ES","og_type":"article","og_title":"Los puertos de los valles c\u00e1ntabros del Pas y del As\u00f3n","og_description":"Los puertos de los valles c\u00e1ntabros del Pas y del As\u00f3n. Un pedacito de Alpes. Ruta cicloturista por Lunada, La S\u00eda, As\u00f3n, Estacas de Trueba...","og_url":"https:\/\/www.welovecycling.com\/es\/2020\/08\/10\/puertos-cantabros-pas-ason\/","og_site_name":"\u0160koda We Love Cycling - Spain","article_published_time":"2020-08-10T15:50:21+00:00","og_image":[{"width":1200,"height":723,"url":"https:\/\/d2p6e6u75xmxt8.cloudfront.net\/6\/2020\/08\/CANTABRIA-BIKE-TOUR-74.JPG.jpg","type":"image\/jpeg"}],"author":"We Love Cycling Spain","twitter_card":"summary_large_image","twitter_title":"Los puertos de los valles c\u00e1ntabros del Pas y del As\u00f3n","twitter_description":"Los puertos de los valles c\u00e1ntabros del Pas y del As\u00f3n. Un pedacito de Alpes. Ruta cicloturista por Lunada, La S\u00eda, As\u00f3n, Estacas de Trueba...","twitter_misc":{"Written by":"Luis Ortega @Ciclored","Est. reading time":"5 minutes"},"schema":{"@context":"https:\/\/schema.org","@graph":[{"@type":"WebPage","@id":"https:\/\/www.welovecycling.com\/es\/2020\/08\/10\/puertos-cantabros-pas-ason\/","url":"https:\/\/www.welovecycling.com\/es\/2020\/08\/10\/puertos-cantabros-pas-ason\/","name":"Los puertos de los valles c\u00e1ntabros del Pas y del As\u00f3n. Un pedacito de Alpes - \u0160koda We Love Cycling - Spain","isPartOf":{"@id":"https:\/\/www.welovecycling.com\/es\/#website"},"primaryImageOfPage":{"@id":"https:\/\/www.welovecycling.com\/es\/2020\/08\/10\/puertos-cantabros-pas-ason\/#primaryimage"},"image":{"@id":"https:\/\/www.welovecycling.com\/es\/2020\/08\/10\/puertos-cantabros-pas-ason\/#primaryimage"},"thumbnailUrl":"https:\/\/d2p6e6u75xmxt8.cloudfront.net\/6\/2020\/08\/CANTABRIA-BIKE-TOUR-74.JPG.jpg","datePublished":"2020-08-10T15:50:21+00:00","author":{"@id":"https:\/\/www.welovecycling.com\/es\/#\/schema\/person\/deb61715b5812698ee79fb96f343ccd4"},"description":"Los puertos de los valles c\u00e1ntabros del Pas y del As\u00f3n. Un pedacito de Alpes. Ruta cicloturista por Lunada, La S\u00eda, As\u00f3n, Estacas de Trueba...","breadcrumb":{"@id":"https:\/\/www.welovecycling.com\/es\/2020\/08\/10\/puertos-cantabros-pas-ason\/#breadcrumb"},"inLanguage":"es-ES","potentialAction":[{"@type":"ReadAction","target":["https:\/\/www.welovecycling.com\/es\/2020\/08\/10\/puertos-cantabros-pas-ason\/"]}]},{"@type":"ImageObject","inLanguage":"es-ES","@id":"https:\/\/www.welovecycling.com\/es\/2020\/08\/10\/puertos-cantabros-pas-ason\/#primaryimage","url":"https:\/\/d2p6e6u75xmxt8.cloudfront.net\/6\/2020\/08\/CANTABRIA-BIKE-TOUR-74.JPG.jpg","contentUrl":"https:\/\/d2p6e6u75xmxt8.cloudfront.net\/6\/2020\/08\/CANTABRIA-BIKE-TOUR-74.JPG.jpg","width":1200,"height":723},{"@type":"BreadcrumbList","@id":"https:\/\/www.welovecycling.com\/es\/2020\/08\/10\/puertos-cantabros-pas-ason\/#breadcrumb","itemListElement":[{"@type":"ListItem","position":1,"name":"Home","item":"https:\/\/www.welovecycling.com\/es\/"},{"@type":"ListItem","position":2,"name":"Los puertos de los valles c\u00e1ntabros del Pas y del As\u00f3n. Un pedacito de Alpes"}]},{"@type":"WebSite","@id":"https:\/\/www.welovecycling.com\/es\/#website","url":"https:\/\/www.welovecycling.com\/es\/","name":"\u0160koda We Love Cycling - Spain","description":"\u0160koda WeLoveCycling Spain","potentialAction":[{"@type":"SearchAction","target":{"@type":"EntryPoint","urlTemplate":"https:\/\/www.welovecycling.com\/es\/?s={search_term_string}"},"query-input":{"@type":"PropertyValueSpecification","valueRequired":true,"valueName":"search_term_string"}}],"inLanguage":"es-ES"},{"@type":"Person","@id":"https:\/\/www.welovecycling.com\/es\/#\/schema\/person\/deb61715b5812698ee79fb96f343ccd4","name":"We Love Cycling Spain","image":{"@type":"ImageObject","inLanguage":"es-ES","@id":"https:\/\/www.welovecycling.com\/es\/#\/schema\/person\/image\/","url":"https:\/\/secure.gravatar.com\/avatar\/c824b04e6df0e37a03219d0b6481672889df542894588964102459e46513159c?s=96&d=mm&r=g","contentUrl":"https:\/\/secure.gravatar.com\/avatar\/c824b04e6df0e37a03219d0b6481672889df542894588964102459e46513159c?s=96&d=mm&r=g","caption":"We Love Cycling Spain"},"url":"https:\/\/www.welovecycling.com\/es\/author\/amunoz\/"}]}},"_links":{"self":[{"href":"https:\/\/www.welovecycling.com\/es\/wp-json\/wp\/v2\/posts\/6482","targetHints":{"allow":["GET"]}}],"collection":[{"href":"https:\/\/www.welovecycling.com\/es\/wp-json\/wp\/v2\/posts"}],"about":[{"href":"https:\/\/www.welovecycling.com\/es\/wp-json\/wp\/v2\/types\/post"}],"author":[{"embeddable":true,"href":"https:\/\/www.welovecycling.com\/es\/wp-json\/wp\/v2\/users\/29"}],"replies":[{"embeddable":true,"href":"https:\/\/www.welovecycling.com\/es\/wp-json\/wp\/v2\/comments?post=6482"}],"version-history":[{"count":2,"href":"https:\/\/www.welovecycling.com\/es\/wp-json\/wp\/v2\/posts\/6482\/revisions"}],"predecessor-version":[{"id":6490,"href":"https:\/\/www.welovecycling.com\/es\/wp-json\/wp\/v2\/posts\/6482\/revisions\/6490"}],"wp:featuredmedia":[{"embeddable":true,"href":"https:\/\/www.welovecycling.com\/es\/wp-json\/wp\/v2\/media\/6484"}],"wp:attachment":[{"href":"https:\/\/www.welovecycling.com\/es\/wp-json\/wp\/v2\/media?parent=6482"}],"wp:term":[{"taxonomy":"category","embeddable":true,"href":"https:\/\/www.welovecycling.com\/es\/wp-json\/wp\/v2\/categories?post=6482"},{"taxonomy":"post_tag","embeddable":true,"href":"https:\/\/www.welovecycling.com\/es\/wp-json\/wp\/v2\/tags?post=6482"},{"taxonomy":"global-categories","embeddable":true,"href":"https:\/\/www.welovecycling.com\/es\/wp-json\/wp\/v2\/global-categories?post=6482"}],"curies":[{"name":"wp","href":"https:\/\/api.w.org\/{rel}","templated":true}]}}