{"id":6475,"date":"2020-08-07T19:18:17","date_gmt":"2020-08-07T17:18:17","guid":{"rendered":"https:\/\/www.welovecycling.com\/es\/?p=6475"},"modified":"2020-08-07T19:18:17","modified_gmt":"2020-08-07T17:18:17","slug":"uci-womens-world-tour-2021","status":"publish","type":"post","link":"https:\/\/www.welovecycling.com\/es\/2020\/08\/07\/uci-womens-world-tour-2021\/","title":{"rendered":"El calendario UCI Women\u2019s World Tour 2021&#8230; de un vistazo"},"content":{"rendered":"<p><strong>A finales del mes pasado la UCI revel\u00f3 su calendario 2021 para el Tour Mundial Femenino. Con m\u00e1s de 25 pruebas en 10 pa\u00edses, los aficionados al ciclismo femenino se alegran de que en el a\u00f1o 2021 se incluyan dos nuevas carreras por etapas en Espa\u00f1a: Itzulia Women y la Vuelta a Burgos F\u00e9minas. Adem\u00e1s de algunos otros acontecimientos positivos, como la \u00fanica etapa femenina de la Prudential RideLondon Classique y la segunda Paris-Roubaix femenina, tambi\u00e9n hubo varias cancelaciones notables, probablemente debido a las nuevas preocupaciones sobre el coronavirus. No obstante, hay mucho de lo que emocionarse, as\u00ed que veamos m\u00e1s de cerca algunos de los puntos m\u00e1s destacados del calendario del Tour Mundial Femenino de la UCI del pr\u00f3ximo a\u00f1o.<\/strong><!--more--><\/p>\n<h2><strong>El inicio habitual de temporada<\/strong><\/h2>\n<p>Aquellos familiarizados con el calendario tradicional estar\u00e1n felices de ver que la UCI ha decidido mantener un nivel de consistencia. La competici\u00f3n de las mujeres comenzar\u00e1 en Australia con la Cadel Evans Great Ocean Road Race el 30 de enero antes de que el pelot\u00f3n se traslade a Europa para la Strade Bianche el 6 de marzo. Siguiendo con la secuencia habitual, la Ronde van Drenthe en los Pa\u00edses Bajos es la siguiente el 12 de marzo y luego las cosas viajan a Italia para el Trofeo Alfredo Binda el 21 de marzo. Las Cl\u00e1sicas de Primavera de primer nivel comenzar\u00e1n oficialmente en el Driedaagse Brugge-De Panne el 25 de marzo, seguido por Gent-Wevelgem el 28 de marzo y el Tour de Flandes el 4 de abril.<\/p>\n<figure id=\"attachment_6476\" aria-describedby=\"caption-attachment-6476\" style=\"width: 1250px\" class=\"wp-caption alignnone\"><img loading=\"lazy\" decoding=\"async\" class=\"size-full wp-image-6476\" src=\"https:\/\/d2p6e6u75xmxt8.cloudfront.net\/6\/2020\/08\/profimedia-0216823195.jpg\" alt=\"Women Peloton\" width=\"1250\" height=\"833\" srcset=\"https:\/\/d2p6e6u75xmxt8.cloudfront.net\/6\/2020\/08\/profimedia-0216823195.jpg 1250w, https:\/\/d2p6e6u75xmxt8.cloudfront.net\/6\/2020\/08\/profimedia-0216823195-300x200.jpg 300w, https:\/\/d2p6e6u75xmxt8.cloudfront.net\/6\/2020\/08\/profimedia-0216823195-1024x682.jpg 1024w, https:\/\/d2p6e6u75xmxt8.cloudfront.net\/6\/2020\/08\/profimedia-0216823195-768x512.jpg 768w, https:\/\/d2p6e6u75xmxt8.cloudfront.net\/6\/2020\/08\/profimedia-0216823195-272x182.jpg 272w\" sizes=\"auto, (max-width: 1250px) 100vw, 1250px\" \/><figcaption id=\"caption-attachment-6476\" class=\"wp-caption-text\">Cadel Evans Great Ocean Road Race Women&#8217;s Elite Race. \u00a9 AFP photo \/ Mark Gunter<\/figcaption><\/figure>\n<h2><strong><br \/>\nParis-Roubaix round two<\/strong><\/h2>\n<p>La segunda edici\u00f3n de la Paris-Roubaix femenina se celebrar\u00e1 el 11 de abril y es probable que sea una de las carreras m\u00e1s emocionantes del a\u00f1o. A.S.O. sorprendi\u00f3 al mundo del ciclismo a finales de la primavera al a\u00f1adir la primera Paris-Roubaix femenina a la revisada gira mundial femenina de finales de temporada, y la expectaci\u00f3n por este evento inaugural aumenta constantemente. Una de las carreras m\u00e1s antiguas, duras y prestigiosas de este deporte, los largos tramos de adoquines le han valido el apodo de &#8220;el Infierno del Norte&#8221;. En sus 124 a\u00f1os de historia, el a\u00f1o 2020 marca la primera vez que las mujeres han tenido la oportunidad de abordar esta haza\u00f1a, por lo que es alentador ver que el a\u00f1o 2021 solidificar\u00e1 la representaci\u00f3n de las mujeres en este evento ic\u00f3nico.<\/p>\n<h2><strong>Dos carreras en Espa\u00f1a<\/strong><\/h2>\n<p>La Itzulia Women (antes Donostia San Sebasti\u00e1n), que hist\u00f3ricamente ha sido un evento de un d\u00eda, se unir\u00e1 a la UCI Women&#8217;s WorldTour como una carrera por etapas de tres d\u00edas del 14 al 16 de mayo. Pocos d\u00edas despu\u00e9s, una nueva llegada al calendario, la Vuelta a Burgos Femenina, se disputar\u00e1 tambi\u00e9n en tres etapas, del 20 al 23 de mayo. Estos dos eventos constituir\u00e1n un bloque de media temporada de la atenci\u00f3n espa\u00f1ola y prometen ofrecer nuevas oportunidades para las mujeres que buscan demostrar que tienen la habilidad y la resistencia para realizar una serie de etapas consecutivas.<\/p>\n<figure id=\"attachment_6477\" aria-describedby=\"caption-attachment-6477\" style=\"width: 1250px\" class=\"wp-caption alignnone\"><img loading=\"lazy\" decoding=\"async\" class=\"size-full wp-image-6477\" src=\"https:\/\/d2p6e6u75xmxt8.cloudfront.net\/6\/2020\/08\/profimedia-0462233189.jpg\" alt=\"Prudential RideLondon\" width=\"1250\" height=\"833\" srcset=\"https:\/\/d2p6e6u75xmxt8.cloudfront.net\/6\/2020\/08\/profimedia-0462233189.jpg 1250w, https:\/\/d2p6e6u75xmxt8.cloudfront.net\/6\/2020\/08\/profimedia-0462233189-300x200.jpg 300w, https:\/\/d2p6e6u75xmxt8.cloudfront.net\/6\/2020\/08\/profimedia-0462233189-1024x682.jpg 1024w, https:\/\/d2p6e6u75xmxt8.cloudfront.net\/6\/2020\/08\/profimedia-0462233189-768x512.jpg 768w, https:\/\/d2p6e6u75xmxt8.cloudfront.net\/6\/2020\/08\/profimedia-0462233189-272x182.jpg 272w\" sizes=\"auto, (max-width: 1250px) 100vw, 1250px\" \/><figcaption id=\"caption-attachment-6477\" class=\"wp-caption-text\">Prudential RideLondon Classique en 2019 \u00a9 Profimedia<\/figcaption><\/figure>\n<h2><strong><br \/>\nA RideLondon Classique para mujeres<\/strong><\/h2>\n<p>Otro evento a esperar en mayo del pr\u00f3ximo a\u00f1o, el RideLondon Classique sigue en el calendario del Women&#8217;s WorldTour, a pesar de la ausencia del evento masculino RideLondon. Se celebra el \u00faltimo domingo del mes y ofrece a las mejores ciclistas la oportunidad de dejar su huella en la temporada 2021.<\/p>\n<h2><strong>Equilibrio Tour de Francia y Juegos Ol\u00edmpicos<\/strong><\/h2>\n<p>Los organizadores tambi\u00e9n tuvieron que hacer algunos reajustes para acomodar tanto el Tour de Francia como las Olimpiadas. Aunque, por supuesto, las mujeres no compiten en la mayor parte del Tour de Francia, la carrera femenina, La Course, siempre tiene mucha emoci\u00f3n. Afortunadamente, no habr\u00e1 superposici\u00f3n con las Olimpiadas ya que La Course est\u00e1 programada para el 18 de julio, m\u00e1s de una semana antes de que las carreras ol\u00edmpicas por carretera se lleven a cabo el 24, 25 y 28 de julio.<\/p>\n<figure id=\"attachment_6478\" aria-describedby=\"caption-attachment-6478\" style=\"width: 1250px\" class=\"wp-caption alignnone\"><img loading=\"lazy\" decoding=\"async\" class=\"size-full wp-image-6478\" src=\"https:\/\/d2p6e6u75xmxt8.cloudfront.net\/6\/2020\/08\/profimedia-0378093507-1.jpg\" alt=\"\" width=\"1250\" height=\"833\" srcset=\"https:\/\/d2p6e6u75xmxt8.cloudfront.net\/6\/2020\/08\/profimedia-0378093507-1.jpg 1250w, https:\/\/d2p6e6u75xmxt8.cloudfront.net\/6\/2020\/08\/profimedia-0378093507-1-300x200.jpg 300w, https:\/\/d2p6e6u75xmxt8.cloudfront.net\/6\/2020\/08\/profimedia-0378093507-1-1024x682.jpg 1024w, https:\/\/d2p6e6u75xmxt8.cloudfront.net\/6\/2020\/08\/profimedia-0378093507-1-768x512.jpg 768w, https:\/\/d2p6e6u75xmxt8.cloudfront.net\/6\/2020\/08\/profimedia-0378093507-1-272x182.jpg 272w\" sizes=\"auto, (max-width: 1250px) 100vw, 1250px\" \/><figcaption id=\"caption-attachment-6478\" class=\"wp-caption-text\">Annemiek Van Vleuten gana el sprint final de &#8216;La Course by Le Tour de France&#8217; el 17 de julio de 2018. \u00a9 Profimedia<\/figcaption><\/figure>\n<h2><strong><br \/>\nNotables ausencias<\/strong><\/h2>\n<p>Sin embargo, faltan algunos nombres en el calendario del Tour Mundial Femenino de la UCI de 2021, incluyendo el favorito de los americanos &#8211; el Tour Amgen de California. Desafortunadamente, a pesar de los 14 a\u00f1os de carrera, los organizadores declararon su descanso indefinido a finales del a\u00f1o pasado debido a problemas financieros. La UCI tambi\u00e9n ha confirmado la cancelaci\u00f3n de varias carreras este oto\u00f1o debido a preocupaciones por el coronavirus, incluyendo el Gran Premio Ciclista de Qu\u00e9bec y el Gran Premio Ciclista de Montreal en Canad\u00e1, el EuroEyes Cyclassics Hamburgo en Alemania, y el Boels Ladies Tour en los Pa\u00edses Bajos.<\/p>\n<p>Mientras tanto, disfrutaremos del resto del calendario femenino del 2020 a medida que se desarrolle en los pr\u00f3ximos meses y esperamos que el 2021 traiga significativamente menos obst\u00e1culos que los que hemos estado tratando este a\u00f1o. Aqu\u00ed est\u00e1 un esquema completo de los eventos de la pr\u00f3xima temporada:<\/p>\n<h2><strong>Calendario 2021 UCI Women\u2019s World Tour\u00a0<\/strong><\/h2>\n<p>30 enero: Cadel Evans Great Ocean Road Race \u2013 Elite Women\u2019s Race (Australia)<br \/>\n6 marzo: Strade Bianche (Italy)<br \/>\n14 marzo: Ronde van Drenthe (Pays-Bas)<br \/>\n21 marzo: Trofeo Alfredo Binda \u2013 Comune di Cittiglio (Italy)<br \/>\n25 marzo: AG Driedaagse Brugge \u2013 De Panne (Belgium)<br \/>\n28 marzo: Gent \u2013 Wevelgem in Flanders Fields (Belgium)<br \/>\n4 abril: Ronde van Vlaanderen \/ Tour des Flandres (Belgium)<br \/>\n11 abril: Paris-Roubaix Femmes (France)<br \/>\n18 abril: Amstel Gold Race Ladies Edition (the Netherlands)<br \/>\n21 abril: La Fl\u00e8che Wallonne F\u00e9minine (Belgium)<br \/>\n25 abril: Li\u00e8ge \u2013 Bastogne \u2013 Li\u00e8ge Femmes (Belgium)<br \/>\n6 &#8211; 8 Mayo: Tour of Chongming Island (China)<br \/>\n14 &#8211; 16 Mayo: Itzulia Women (Spain)<br \/>\n20 &#8211; 23 Mayo: Vuelta a Burgos Feminas (Spain)<br \/>\n30 May: RideLondon Classique (Great Britain)<br \/>\n7 &#8211; 12 Junio: Women\u2019s Tour (Great Britain)<br \/>\n2 &#8211; 11 Julio: Giro d\u2019Italia Internazionale Femminile (Italy)<br \/>\n18 Julio: La Course by Le Tour de France (France)<br \/>\n7 Agosto: Postnord UCI WWT V\u00e5rg\u00e5rda West Sweden TTT (Sweden)<br \/>\n8 Agosto: Postnord UCI WWT V\u00e5rg\u00e5rda West Sweden RR (Sweden)<br \/>\n12 &#8211; 15 Agosto: Ladies Tour of Norway (Norway)<br \/>\n21 Agosto: GP de Plouay \u2013 Lorient-Agglom\u00e9ration Troph\u00e9e Ceratizit (France)<br \/>\n24 &#8211; 29 Agosto: Boels Ladies Tour (the Netherlands)<br \/>\n3 &#8211; 5 Septiembre: Ceratizit Madrid Challenge by La Vuelta (Spain)<br \/>\n19 Octubre: Tour of Guangxi \u2013 UCI Women\u2019s WorldTour (China)<\/p>\n","protected":false},"excerpt":{"rendered":"<p>A finales del mes pasado la UCI revel\u00f3 su calendario 2021 para el Tour Mundial Femenino. Con m\u00e1s de 25 [&hellip;]<\/p>\n","protected":false},"author":29,"featured_media":6480,"comment_status":"open","ping_status":"open","sticky":false,"template":"","format":"standard","meta":{"footnotes":""},"categories":[7],"tags":[1681,1680,1682],"global-categories":[],"class_list":["post-6475","post","type-post","status-publish","format-standard","has-post-thumbnail","hentry","category-carretera","tag-calendario-ciclista-femenino-2021","tag-calendario-femenino-2021","tag-calendario-uci-world-tour-femenino-2021"],"yoast_head":"<!-- This site is optimized with the Yoast SEO Premium plugin v25.3 (Yoast SEO v25.9) - https:\/\/yoast.com\/wordpress\/plugins\/seo\/ -->\n<title>El calendario UCI Women\u2019s World Tour 2021... de un vistazo<\/title>\n<meta name=\"description\" content=\"El calendario UCI Women\u2019s World Tour 2021... de un vistazo. Las carreras del calendario femenino Uci World Tour. Itzulia femenina y Vuelta a Burgos.\" \/>\n<meta name=\"robots\" content=\"index, follow, max-snippet:-1, max-image-preview:large, max-video-preview:-1\" \/>\n<link rel=\"canonical\" href=\"https:\/\/www.welovecycling.com\/es\/2020\/08\/07\/uci-womens-world-tour-2021\/\" \/>\n<meta property=\"og:locale\" content=\"es_ES\" \/>\n<meta property=\"og:type\" content=\"article\" \/>\n<meta property=\"og:title\" content=\"El calendario UCI Women\u2019s World Tour 2021... de un vistazo\" \/>\n<meta property=\"og:description\" content=\"El calendario UCI Women\u2019s World Tour 2021... de un vistazo. Las carreras del calendario femenino Uci World Tour. Itzulia femenina y Vuelta a Burgos.\" \/>\n<meta property=\"og:url\" content=\"https:\/\/www.welovecycling.com\/es\/2020\/08\/07\/uci-womens-world-tour-2021\/\" \/>\n<meta property=\"og:site_name\" content=\"\u0160koda We Love Cycling - Spain\" \/>\n<meta property=\"article:published_time\" content=\"2020-08-07T17:18:17+00:00\" \/>\n<meta property=\"og:image\" content=\"https:\/\/d2p6e6u75xmxt8.cloudfront.net\/6\/2020\/08\/Women-peloton-CVR-profimedia-0452799468.jpg\" \/>\n\t<meta property=\"og:image:width\" content=\"1366\" \/>\n\t<meta property=\"og:image:height\" content=\"600\" \/>\n\t<meta property=\"og:image:type\" content=\"image\/jpeg\" \/>\n<meta name=\"author\" content=\"We Love Cycling Spain\" \/>\n<meta name=\"twitter:card\" content=\"summary_large_image\" \/>\n<meta name=\"twitter:title\" content=\"El calendario UCI Women\u2019s World Tour 2021... de un vistazo\" \/>\n<meta name=\"twitter:description\" content=\"El calendario UCI Women\u2019s World Tour 2021... de un vistazo. Las carreras del calendario femenino Uci World Tour. Itzulia femenina y Vuelta a Burgos.\" \/>\n<meta name=\"twitter:label1\" content=\"Written by\" \/>\n\t<meta name=\"twitter:data1\" content=\"Megan Flottorp\" \/>\n\t<meta name=\"twitter:label2\" content=\"Est. reading time\" \/>\n\t<meta name=\"twitter:data2\" content=\"7\" \/>\n<script type=\"application\/ld+json\" class=\"yoast-schema-graph\">{\"@context\":\"https:\/\/schema.org\",\"@graph\":[{\"@type\":\"WebPage\",\"@id\":\"https:\/\/www.welovecycling.com\/es\/2020\/08\/07\/uci-womens-world-tour-2021\/\",\"url\":\"https:\/\/www.welovecycling.com\/es\/2020\/08\/07\/uci-womens-world-tour-2021\/\",\"name\":\"El calendario UCI Women\u2019s World Tour 2021... de un vistazo\",\"isPartOf\":{\"@id\":\"https:\/\/www.welovecycling.com\/es\/#website\"},\"primaryImageOfPage\":{\"@id\":\"https:\/\/www.welovecycling.com\/es\/2020\/08\/07\/uci-womens-world-tour-2021\/#primaryimage\"},\"image\":{\"@id\":\"https:\/\/www.welovecycling.com\/es\/2020\/08\/07\/uci-womens-world-tour-2021\/#primaryimage\"},\"thumbnailUrl\":\"https:\/\/d2p6e6u75xmxt8.cloudfront.net\/6\/2020\/08\/Women-peloton-CVR-profimedia-0452799468.jpg\",\"datePublished\":\"2020-08-07T17:18:17+00:00\",\"author\":{\"@id\":\"https:\/\/www.welovecycling.com\/es\/#\/schema\/person\/deb61715b5812698ee79fb96f343ccd4\"},\"description\":\"El calendario UCI Women\u2019s World Tour 2021... de un vistazo. Las carreras del calendario femenino Uci World Tour. Itzulia femenina y Vuelta a Burgos.\",\"breadcrumb\":{\"@id\":\"https:\/\/www.welovecycling.com\/es\/2020\/08\/07\/uci-womens-world-tour-2021\/#breadcrumb\"},\"inLanguage\":\"es-ES\",\"potentialAction\":[{\"@type\":\"ReadAction\",\"target\":[\"https:\/\/www.welovecycling.com\/es\/2020\/08\/07\/uci-womens-world-tour-2021\/\"]}]},{\"@type\":\"ImageObject\",\"inLanguage\":\"es-ES\",\"@id\":\"https:\/\/www.welovecycling.com\/es\/2020\/08\/07\/uci-womens-world-tour-2021\/#primaryimage\",\"url\":\"https:\/\/d2p6e6u75xmxt8.cloudfront.net\/6\/2020\/08\/Women-peloton-CVR-profimedia-0452799468.jpg\",\"contentUrl\":\"https:\/\/d2p6e6u75xmxt8.cloudfront.net\/6\/2020\/08\/Women-peloton-CVR-profimedia-0452799468.jpg\",\"width\":1366,\"height\":600},{\"@type\":\"BreadcrumbList\",\"@id\":\"https:\/\/www.welovecycling.com\/es\/2020\/08\/07\/uci-womens-world-tour-2021\/#breadcrumb\",\"itemListElement\":[{\"@type\":\"ListItem\",\"position\":1,\"name\":\"Home\",\"item\":\"https:\/\/www.welovecycling.com\/es\/\"},{\"@type\":\"ListItem\",\"position\":2,\"name\":\"El calendario UCI Women\u2019s World Tour 2021&#8230; de un vistazo\"}]},{\"@type\":\"WebSite\",\"@id\":\"https:\/\/www.welovecycling.com\/es\/#website\",\"url\":\"https:\/\/www.welovecycling.com\/es\/\",\"name\":\"\u0160koda We Love Cycling - Spain\",\"description\":\"\u0160koda WeLoveCycling Spain\",\"potentialAction\":[{\"@type\":\"SearchAction\",\"target\":{\"@type\":\"EntryPoint\",\"urlTemplate\":\"https:\/\/www.welovecycling.com\/es\/?s={search_term_string}\"},\"query-input\":{\"@type\":\"PropertyValueSpecification\",\"valueRequired\":true,\"valueName\":\"search_term_string\"}}],\"inLanguage\":\"es-ES\"},{\"@type\":\"Person\",\"@id\":\"https:\/\/www.welovecycling.com\/es\/#\/schema\/person\/deb61715b5812698ee79fb96f343ccd4\",\"name\":\"We Love Cycling Spain\",\"image\":{\"@type\":\"ImageObject\",\"inLanguage\":\"es-ES\",\"@id\":\"https:\/\/www.welovecycling.com\/es\/#\/schema\/person\/image\/\",\"url\":\"https:\/\/secure.gravatar.com\/avatar\/c824b04e6df0e37a03219d0b6481672889df542894588964102459e46513159c?s=96&d=mm&r=g\",\"contentUrl\":\"https:\/\/secure.gravatar.com\/avatar\/c824b04e6df0e37a03219d0b6481672889df542894588964102459e46513159c?s=96&d=mm&r=g\",\"caption\":\"We Love Cycling Spain\"},\"url\":\"https:\/\/www.welovecycling.com\/es\/author\/amunoz\/\"}]}<\/script>\n<!-- \/ Yoast SEO Premium plugin. -->","yoast_head_json":{"title":"El calendario UCI Women\u2019s World Tour 2021... de un vistazo","description":"El calendario UCI Women\u2019s World Tour 2021... de un vistazo. Las carreras del calendario femenino Uci World Tour. Itzulia femenina y Vuelta a Burgos.","robots":{"index":"index","follow":"follow","max-snippet":"max-snippet:-1","max-image-preview":"max-image-preview:large","max-video-preview":"max-video-preview:-1"},"canonical":"https:\/\/www.welovecycling.com\/es\/2020\/08\/07\/uci-womens-world-tour-2021\/","og_locale":"es_ES","og_type":"article","og_title":"El calendario UCI Women\u2019s World Tour 2021... de un vistazo","og_description":"El calendario UCI Women\u2019s World Tour 2021... de un vistazo. Las carreras del calendario femenino Uci World Tour. Itzulia femenina y Vuelta a Burgos.","og_url":"https:\/\/www.welovecycling.com\/es\/2020\/08\/07\/uci-womens-world-tour-2021\/","og_site_name":"\u0160koda We Love Cycling - Spain","article_published_time":"2020-08-07T17:18:17+00:00","og_image":[{"width":1366,"height":600,"url":"https:\/\/d2p6e6u75xmxt8.cloudfront.net\/6\/2020\/08\/Women-peloton-CVR-profimedia-0452799468.jpg","type":"image\/jpeg"}],"author":"We Love Cycling Spain","twitter_card":"summary_large_image","twitter_title":"El calendario UCI Women\u2019s World Tour 2021... de un vistazo","twitter_description":"El calendario UCI Women\u2019s World Tour 2021... de un vistazo. Las carreras del calendario femenino Uci World Tour. Itzulia femenina y Vuelta a Burgos.","twitter_misc":{"Written by":"Megan Flottorp","Est. reading time":"7"},"schema":{"@context":"https:\/\/schema.org","@graph":[{"@type":"WebPage","@id":"https:\/\/www.welovecycling.com\/es\/2020\/08\/07\/uci-womens-world-tour-2021\/","url":"https:\/\/www.welovecycling.com\/es\/2020\/08\/07\/uci-womens-world-tour-2021\/","name":"El calendario UCI Women\u2019s World Tour 2021... de un vistazo","isPartOf":{"@id":"https:\/\/www.welovecycling.com\/es\/#website"},"primaryImageOfPage":{"@id":"https:\/\/www.welovecycling.com\/es\/2020\/08\/07\/uci-womens-world-tour-2021\/#primaryimage"},"image":{"@id":"https:\/\/www.welovecycling.com\/es\/2020\/08\/07\/uci-womens-world-tour-2021\/#primaryimage"},"thumbnailUrl":"https:\/\/d2p6e6u75xmxt8.cloudfront.net\/6\/2020\/08\/Women-peloton-CVR-profimedia-0452799468.jpg","datePublished":"2020-08-07T17:18:17+00:00","author":{"@id":"https:\/\/www.welovecycling.com\/es\/#\/schema\/person\/deb61715b5812698ee79fb96f343ccd4"},"description":"El calendario UCI Women\u2019s World Tour 2021... de un vistazo. Las carreras del calendario femenino Uci World Tour. Itzulia femenina y Vuelta a Burgos.","breadcrumb":{"@id":"https:\/\/www.welovecycling.com\/es\/2020\/08\/07\/uci-womens-world-tour-2021\/#breadcrumb"},"inLanguage":"es-ES","potentialAction":[{"@type":"ReadAction","target":["https:\/\/www.welovecycling.com\/es\/2020\/08\/07\/uci-womens-world-tour-2021\/"]}]},{"@type":"ImageObject","inLanguage":"es-ES","@id":"https:\/\/www.welovecycling.com\/es\/2020\/08\/07\/uci-womens-world-tour-2021\/#primaryimage","url":"https:\/\/d2p6e6u75xmxt8.cloudfront.net\/6\/2020\/08\/Women-peloton-CVR-profimedia-0452799468.jpg","contentUrl":"https:\/\/d2p6e6u75xmxt8.cloudfront.net\/6\/2020\/08\/Women-peloton-CVR-profimedia-0452799468.jpg","width":1366,"height":600},{"@type":"BreadcrumbList","@id":"https:\/\/www.welovecycling.com\/es\/2020\/08\/07\/uci-womens-world-tour-2021\/#breadcrumb","itemListElement":[{"@type":"ListItem","position":1,"name":"Home","item":"https:\/\/www.welovecycling.com\/es\/"},{"@type":"ListItem","position":2,"name":"El calendario UCI Women\u2019s World Tour 2021&#8230; de un vistazo"}]},{"@type":"WebSite","@id":"https:\/\/www.welovecycling.com\/es\/#website","url":"https:\/\/www.welovecycling.com\/es\/","name":"\u0160koda We Love Cycling - Spain","description":"\u0160koda WeLoveCycling Spain","potentialAction":[{"@type":"SearchAction","target":{"@type":"EntryPoint","urlTemplate":"https:\/\/www.welovecycling.com\/es\/?s={search_term_string}"},"query-input":{"@type":"PropertyValueSpecification","valueRequired":true,"valueName":"search_term_string"}}],"inLanguage":"es-ES"},{"@type":"Person","@id":"https:\/\/www.welovecycling.com\/es\/#\/schema\/person\/deb61715b5812698ee79fb96f343ccd4","name":"We Love Cycling Spain","image":{"@type":"ImageObject","inLanguage":"es-ES","@id":"https:\/\/www.welovecycling.com\/es\/#\/schema\/person\/image\/","url":"https:\/\/secure.gravatar.com\/avatar\/c824b04e6df0e37a03219d0b6481672889df542894588964102459e46513159c?s=96&d=mm&r=g","contentUrl":"https:\/\/secure.gravatar.com\/avatar\/c824b04e6df0e37a03219d0b6481672889df542894588964102459e46513159c?s=96&d=mm&r=g","caption":"We Love Cycling Spain"},"url":"https:\/\/www.welovecycling.com\/es\/author\/amunoz\/"}]}},"_links":{"self":[{"href":"https:\/\/www.welovecycling.com\/es\/wp-json\/wp\/v2\/posts\/6475","targetHints":{"allow":["GET"]}}],"collection":[{"href":"https:\/\/www.welovecycling.com\/es\/wp-json\/wp\/v2\/posts"}],"about":[{"href":"https:\/\/www.welovecycling.com\/es\/wp-json\/wp\/v2\/types\/post"}],"author":[{"embeddable":true,"href":"https:\/\/www.welovecycling.com\/es\/wp-json\/wp\/v2\/users\/29"}],"replies":[{"embeddable":true,"href":"https:\/\/www.welovecycling.com\/es\/wp-json\/wp\/v2\/comments?post=6475"}],"version-history":[{"count":2,"href":"https:\/\/www.welovecycling.com\/es\/wp-json\/wp\/v2\/posts\/6475\/revisions"}],"predecessor-version":[{"id":6481,"href":"https:\/\/www.welovecycling.com\/es\/wp-json\/wp\/v2\/posts\/6475\/revisions\/6481"}],"wp:featuredmedia":[{"embeddable":true,"href":"https:\/\/www.welovecycling.com\/es\/wp-json\/wp\/v2\/media\/6480"}],"wp:attachment":[{"href":"https:\/\/www.welovecycling.com\/es\/wp-json\/wp\/v2\/media?parent=6475"}],"wp:term":[{"taxonomy":"category","embeddable":true,"href":"https:\/\/www.welovecycling.com\/es\/wp-json\/wp\/v2\/categories?post=6475"},{"taxonomy":"post_tag","embeddable":true,"href":"https:\/\/www.welovecycling.com\/es\/wp-json\/wp\/v2\/tags?post=6475"},{"taxonomy":"global-categories","embeddable":true,"href":"https:\/\/www.welovecycling.com\/es\/wp-json\/wp\/v2\/global-categories?post=6475"}],"curies":[{"name":"wp","href":"https:\/\/api.w.org\/{rel}","templated":true}]}}