{"id":6467,"date":"2020-08-07T10:26:31","date_gmt":"2020-08-07T08:26:31","guid":{"rendered":"https:\/\/www.welovecycling.com\/es\/?p=6467"},"modified":"2020-08-07T10:26:31","modified_gmt":"2020-08-07T08:26:31","slug":"rene-vietto-sufridor-ciclista","status":"publish","type":"post","link":"https:\/\/www.welovecycling.com\/es\/2020\/08\/07\/rene-vietto-sufridor-ciclista\/","title":{"rendered":"Ren\u00e9 Vietto, el ciclista m\u00e1s sufridor de la historia"},"content":{"rendered":"<p><strong>\u00bfTe consideras leal y decidido? Si es as\u00ed,\u00a0 piensa en los sacrificios que estar\u00edas dispuesto a hacer por una causa que consideras importante en tu vida. Si quieres los puedes comparar con lo que llegaron a hacer dos antiguos ciclistas franceses: Apo Lazarides y Ren\u00e9 Vietto.<\/strong><br \/>\n<!--more--><\/p>\n<p>Jean-Ap\u00f4tre Lazarid\u00e8s (apodado Apo) naci\u00f3 en 1925. Mientras encontraba la felicidad en el ciclismo, tambi\u00e9n encontr\u00f3 sus otros beneficios. Durante la ocupaci\u00f3n alemana de Francia, Apo se convirti\u00f3 en uno de los proveedores de dos ruedas de la resistencia francesa. Pero centr\u00e9monos en su carrera profesional en el ciclismo.<\/p>\n<p>El joven Apo se convirti\u00f3 en el protegido del famoso campe\u00f3n franc\u00e9s Ren\u00e9 Vietto, un hombre ya conocido por su dedicaci\u00f3n, no s\u00f3lo a la victoria, sino tambi\u00e9n a su equipo. En 1934, el entonces prometedor Vietto, de 20 a\u00f1os de edad, sub\u00eda a los puertos pirenaicos del Tour con el maillot amarillo al alcance de la mano. Fue entonces cuando el comisario en moto le inform\u00f3 de que el jefe de su equipo se hab\u00eda estrellado, hab\u00eda doblado la rueda delantera y no pod\u00eda continuar la carrera. Vietto dio la vuelta, se dirigi\u00f3 a su l\u00edder y le dio su rueda delantera. Una imagen de \u00e9l sentado en un muro de piedra, viendo la carrera y sollozando se hizo notoria.<\/p>\n<div id='gallery-1' class='gallery galleryid-6467 gallery-columns-2 gallery-size-large'><figure class='gallery-item'>\n\t\t\t<div class='gallery-icon landscape'>\n\t\t\t\t<a href='https:\/\/d2p6e6u75xmxt8.cloudfront.net\/6\/2020\/08\/1934-vietto-rene-tdf-crying-official.jpg'><img loading=\"lazy\" decoding=\"async\" width=\"620\" height=\"367\" src=\"https:\/\/d2p6e6u75xmxt8.cloudfront.net\/6\/2020\/08\/1934-vietto-rene-tdf-crying-official.jpg\" class=\"attachment-large size-large\" alt=\"\" aria-describedby=\"gallery-1-6463\" srcset=\"https:\/\/d2p6e6u75xmxt8.cloudfront.net\/6\/2020\/08\/1934-vietto-rene-tdf-crying-official.jpg 620w, https:\/\/d2p6e6u75xmxt8.cloudfront.net\/6\/2020\/08\/1934-vietto-rene-tdf-crying-official-300x178.jpg 300w\" sizes=\"auto, (max-width: 620px) 100vw, 620px\" \/><\/a>\n\t\t\t<\/div>\n\t\t\t\t<figcaption class='wp-caption-text gallery-caption' id='gallery-1-6463'>\n\t\t\t\tRenn\u00e9\n\t\t\t\t<\/figcaption><\/figure><figure class='gallery-item'>\n\t\t\t<div class='gallery-icon landscape'>\n\t\t\t\t<a href='https:\/\/d2p6e6u75xmxt8.cloudfront.net\/6\/2020\/08\/profimedia-0067986253.jpg'><img loading=\"lazy\" decoding=\"async\" width=\"1024\" height=\"666\" src=\"https:\/\/d2p6e6u75xmxt8.cloudfront.net\/6\/2020\/08\/profimedia-0067986253-1024x666.jpg\" class=\"attachment-large size-large\" alt=\"\" srcset=\"https:\/\/d2p6e6u75xmxt8.cloudfront.net\/6\/2020\/08\/profimedia-0067986253-1024x666.jpg 1024w, https:\/\/d2p6e6u75xmxt8.cloudfront.net\/6\/2020\/08\/profimedia-0067986253-300x195.jpg 300w, https:\/\/d2p6e6u75xmxt8.cloudfront.net\/6\/2020\/08\/profimedia-0067986253-768x500.jpg 768w, https:\/\/d2p6e6u75xmxt8.cloudfront.net\/6\/2020\/08\/profimedia-0067986253.jpg 1250w\" sizes=\"auto, (max-width: 1024px) 100vw, 1024px\" \/><\/a>\n\t\t\t<\/div><\/figure>\n\t\t<\/div>\n\n<figure id=\"attachment_6469\" aria-describedby=\"caption-attachment-6469\" style=\"width: 1250px\" class=\"wp-caption alignnone\"><img loading=\"lazy\" decoding=\"async\" class=\"size-full wp-image-6469\" src=\"https:\/\/d2p6e6u75xmxt8.cloudfront.net\/6\/2020\/08\/Rene-Vietto-profimedia-0286569886.jpg\" alt=\"\" width=\"1250\" height=\"896\" srcset=\"https:\/\/d2p6e6u75xmxt8.cloudfront.net\/6\/2020\/08\/Rene-Vietto-profimedia-0286569886.jpg 1250w, https:\/\/d2p6e6u75xmxt8.cloudfront.net\/6\/2020\/08\/Rene-Vietto-profimedia-0286569886-300x215.jpg 300w, https:\/\/d2p6e6u75xmxt8.cloudfront.net\/6\/2020\/08\/Rene-Vietto-profimedia-0286569886-1024x734.jpg 1024w, https:\/\/d2p6e6u75xmxt8.cloudfront.net\/6\/2020\/08\/Rene-Vietto-profimedia-0286569886-768x551.jpg 768w\" sizes=\"auto, (max-width: 1250px) 100vw, 1250px\" \/><figcaption id=\"caption-attachment-6469\" class=\"wp-caption-text\">Ren\u00e9 Vietto en 1946. \u00a9 Profimedia<\/figcaption><\/figure>\n<p>Aunque esto hizo de Ren\u00e9 una estrella de la sociedad francesa, hubo otra &#8220;haza\u00f1a&#8221; por la que se le recuerda. Doce a\u00f1os despu\u00e9s, durante el Tour de 1947, Ren\u00e9 ten\u00eda sepsis en el dedo del pie, lo que significaba una sola cosa: nada de carreras esta vez. Pero nada pod\u00eda impedir que el Vietto asistiera al Tour, ni siquiera su propio dedo. Por eso Ren\u00e9 fue a ver a un m\u00e9dico y se quit\u00f3 el dedo. Al d\u00eda siguiente, sigui\u00f3 adelante.<\/p>\n<p>Aqu\u00ed volvemos al primer nombre de la historia, el valiente Apo. Como aprendiz del famoso Vietto, tuvo que seguir su estricta y a menudo cruel rutina de entrenamiento, que inclu\u00eda no comer o comer hierba cuando ten\u00eda hambre y saltarse el sue\u00f1o. Vietto consideraba que el sue\u00f1o estaba a la par de la muerte. Apo cumpli\u00f3. Sin embargo, hab\u00eda otro asunto que cumplir para demostrar su dedicaci\u00f3n a la causa del ciclismo. Ese asunto result\u00f3 ser cortarle un dedo del pie.<\/p>\n<figure id=\"attachment_6470\" aria-describedby=\"caption-attachment-6470\" style=\"width: 1250px\" class=\"wp-caption alignnone\"><img loading=\"lazy\" decoding=\"async\" class=\"size-full wp-image-6470\" src=\"https:\/\/d2p6e6u75xmxt8.cloudfront.net\/2\/2020\/08\/Jean-Ap\u00f4tre-Lazarid\u00e8s-profimedia-0285825287.jpg\" alt=\"Jean-Ap\u00f4tre Lazarid\u00e8s\" width=\"1250\" height=\"897\" srcset=\"https:\/\/d2p6e6u75xmxt8.cloudfront.net\/6\/2020\/08\/Jean-Ap\u00f4tre-Lazarid\u00e8s-profimedia-0285825287.jpg 1250w, https:\/\/d2p6e6u75xmxt8.cloudfront.net\/6\/2020\/08\/Jean-Ap\u00f4tre-Lazarid\u00e8s-profimedia-0285825287-300x215.jpg 300w, https:\/\/d2p6e6u75xmxt8.cloudfront.net\/6\/2020\/08\/Jean-Ap\u00f4tre-Lazarid\u00e8s-profimedia-0285825287-1024x735.jpg 1024w, https:\/\/d2p6e6u75xmxt8.cloudfront.net\/6\/2020\/08\/Jean-Ap\u00f4tre-Lazarid\u00e8s-profimedia-0285825287-768x551.jpg 768w\" sizes=\"auto, (max-width: 1250px) 100vw, 1250px\" \/><figcaption id=\"caption-attachment-6470\" class=\"wp-caption-text\">Jean-Ap\u00f4tre Lazarides durante una carrera. \u00a9 Profimedia<\/figcaption><\/figure>\n<p>&nbsp;<\/p>\n<p>El razonamiento detr\u00e1s de esa idea era el siguiente: para entender el dolor del ciclismo profesional y el sacrificio que los corredores del Tour tienen que sufrir, Apo debe igualar a su maestro. Una vez m\u00e1s, obedeci\u00f3 la orden del gran Vietto. Apo Lazarid\u00e8s pas\u00f3 el resto de su vida caminando con una cojera.<\/p>\n<p>Dejemos todos los juicios en sus manos y vayamos al principio de la historia. \u00bfEs esto lo que imagin\u00f3 al contemplar los sacrificios que har\u00eda? \u00bfPodr\u00eda alguien igualar a estos dos?<\/p>\n<p>Y hay que tener cuenta que ni Vietto ni Apo ganaron nunca el Tour de Francia. El mejor resultado del Vietto fue un segundo lugar en el Tour de 1939. Apo termin\u00f3 noveno en 1949.<\/p>\n","protected":false},"excerpt":{"rendered":"<p>\u00bfTe consideras leal y decidido? Si es as\u00ed,\u00a0 piensa en los sacrificios que estar\u00edas dispuesto a hacer por una causa [&hellip;]<\/p>\n","protected":false},"author":29,"featured_media":6472,"comment_status":"open","ping_status":"open","sticky":false,"template":"","format":"standard","meta":{"footnotes":""},"categories":[7,9],"tags":[],"global-categories":[],"class_list":["post-6467","post","type-post","status-publish","format-standard","has-post-thumbnail","hentry","category-carretera","category-mtb-aventura"],"yoast_head":"<!-- This site is optimized with the Yoast SEO Premium plugin v25.3 (Yoast SEO v25.9) - https:\/\/yoast.com\/wordpress\/plugins\/seo\/ -->\n<title>Ren\u00e9 Vietto, el ciclista m\u00e1s sufridor de la historia<\/title>\n<meta name=\"description\" content=\"Ren\u00e9 Vietto, el ciclista m\u00e1s sufridor de la historia. Lleg\u00f3 a cortarse un dedo para participar en el Tour y Apo Lazarides lo mismo.\" \/>\n<meta name=\"robots\" content=\"index, follow, max-snippet:-1, max-image-preview:large, max-video-preview:-1\" \/>\n<link rel=\"canonical\" href=\"https:\/\/www.welovecycling.com\/es\/2020\/08\/07\/rene-vietto-sufridor-ciclista\/\" \/>\n<meta property=\"og:locale\" content=\"es_ES\" \/>\n<meta property=\"og:type\" content=\"article\" \/>\n<meta property=\"og:title\" content=\"Ren\u00e9 Vietto, el ciclista m\u00e1s sufridor de la historia\" \/>\n<meta property=\"og:description\" content=\"Ren\u00e9 Vietto, el ciclista m\u00e1s sufridor de la historia. Lleg\u00f3 a cortarse un dedo para participar en el Tour y Apo Lazarides lo mismo.\" \/>\n<meta property=\"og:url\" content=\"https:\/\/www.welovecycling.com\/es\/2020\/08\/07\/rene-vietto-sufridor-ciclista\/\" \/>\n<meta property=\"og:site_name\" content=\"\u0160koda We Love Cycling - Spain\" \/>\n<meta property=\"article:published_time\" content=\"2020-08-07T08:26:31+00:00\" \/>\n<meta property=\"og:image\" content=\"https:\/\/d2p6e6u75xmxt8.cloudfront.net\/6\/2020\/08\/Rene-Vietto-CVR-profimedia-0067986218-2.jpg\" \/>\n\t<meta property=\"og:image:width\" content=\"1366\" \/>\n\t<meta property=\"og:image:height\" content=\"600\" \/>\n\t<meta property=\"og:image:type\" content=\"image\/jpeg\" \/>\n<meta name=\"author\" content=\"We Love Cycling Spain\" \/>\n<meta name=\"twitter:card\" content=\"summary_large_image\" \/>\n<meta name=\"twitter:description\" content=\"Ren\u00e9 Vietto, el ciclista m\u00e1s sufridor de la historia. Lleg\u00f3 a cortarse un dedo para participar en el Tour y Apo Lazarides lo mismo.\" \/>\n<meta name=\"twitter:label1\" content=\"Written by\" \/>\n\t<meta name=\"twitter:data1\" content=\"Tereza Antonova\" \/>\n\t<meta name=\"twitter:label2\" content=\"Est. reading time\" \/>\n\t<meta name=\"twitter:data2\" content=\"7\" \/>\n<script type=\"application\/ld+json\" class=\"yoast-schema-graph\">{\"@context\":\"https:\/\/schema.org\",\"@graph\":[{\"@type\":\"WebPage\",\"@id\":\"https:\/\/www.welovecycling.com\/es\/2020\/08\/07\/rene-vietto-sufridor-ciclista\/\",\"url\":\"https:\/\/www.welovecycling.com\/es\/2020\/08\/07\/rene-vietto-sufridor-ciclista\/\",\"name\":\"Ren\u00e9 Vietto, el ciclista m\u00e1s sufridor de la historia\",\"isPartOf\":{\"@id\":\"https:\/\/www.welovecycling.com\/es\/#website\"},\"primaryImageOfPage\":{\"@id\":\"https:\/\/www.welovecycling.com\/es\/2020\/08\/07\/rene-vietto-sufridor-ciclista\/#primaryimage\"},\"image\":{\"@id\":\"https:\/\/www.welovecycling.com\/es\/2020\/08\/07\/rene-vietto-sufridor-ciclista\/#primaryimage\"},\"thumbnailUrl\":\"https:\/\/d2p6e6u75xmxt8.cloudfront.net\/6\/2020\/08\/Rene-Vietto-CVR-profimedia-0067986218-2.jpg\",\"datePublished\":\"2020-08-07T08:26:31+00:00\",\"author\":{\"@id\":\"https:\/\/www.welovecycling.com\/es\/#\/schema\/person\/deb61715b5812698ee79fb96f343ccd4\"},\"description\":\"Ren\u00e9 Vietto, el ciclista m\u00e1s sufridor de la historia. Lleg\u00f3 a cortarse un dedo para participar en el Tour y Apo Lazarides lo mismo.\",\"breadcrumb\":{\"@id\":\"https:\/\/www.welovecycling.com\/es\/2020\/08\/07\/rene-vietto-sufridor-ciclista\/#breadcrumb\"},\"inLanguage\":\"es-ES\",\"potentialAction\":[{\"@type\":\"ReadAction\",\"target\":[\"https:\/\/www.welovecycling.com\/es\/2020\/08\/07\/rene-vietto-sufridor-ciclista\/\"]}]},{\"@type\":\"ImageObject\",\"inLanguage\":\"es-ES\",\"@id\":\"https:\/\/www.welovecycling.com\/es\/2020\/08\/07\/rene-vietto-sufridor-ciclista\/#primaryimage\",\"url\":\"https:\/\/d2p6e6u75xmxt8.cloudfront.net\/6\/2020\/08\/Rene-Vietto-CVR-profimedia-0067986218-2.jpg\",\"contentUrl\":\"https:\/\/d2p6e6u75xmxt8.cloudfront.net\/6\/2020\/08\/Rene-Vietto-CVR-profimedia-0067986218-2.jpg\",\"width\":1366,\"height\":600,\"caption\":\"Ren\u00e9 Vietto\"},{\"@type\":\"BreadcrumbList\",\"@id\":\"https:\/\/www.welovecycling.com\/es\/2020\/08\/07\/rene-vietto-sufridor-ciclista\/#breadcrumb\",\"itemListElement\":[{\"@type\":\"ListItem\",\"position\":1,\"name\":\"Home\",\"item\":\"https:\/\/www.welovecycling.com\/es\/\"},{\"@type\":\"ListItem\",\"position\":2,\"name\":\"Ren\u00e9 Vietto, el ciclista m\u00e1s sufridor de la historia\"}]},{\"@type\":\"WebSite\",\"@id\":\"https:\/\/www.welovecycling.com\/es\/#website\",\"url\":\"https:\/\/www.welovecycling.com\/es\/\",\"name\":\"\u0160koda We Love Cycling - Spain\",\"description\":\"\u0160koda WeLoveCycling Spain\",\"potentialAction\":[{\"@type\":\"SearchAction\",\"target\":{\"@type\":\"EntryPoint\",\"urlTemplate\":\"https:\/\/www.welovecycling.com\/es\/?s={search_term_string}\"},\"query-input\":{\"@type\":\"PropertyValueSpecification\",\"valueRequired\":true,\"valueName\":\"search_term_string\"}}],\"inLanguage\":\"es-ES\"},{\"@type\":\"Person\",\"@id\":\"https:\/\/www.welovecycling.com\/es\/#\/schema\/person\/deb61715b5812698ee79fb96f343ccd4\",\"name\":\"We Love Cycling Spain\",\"image\":{\"@type\":\"ImageObject\",\"inLanguage\":\"es-ES\",\"@id\":\"https:\/\/www.welovecycling.com\/es\/#\/schema\/person\/image\/\",\"url\":\"https:\/\/secure.gravatar.com\/avatar\/c824b04e6df0e37a03219d0b6481672889df542894588964102459e46513159c?s=96&d=mm&r=g\",\"contentUrl\":\"https:\/\/secure.gravatar.com\/avatar\/c824b04e6df0e37a03219d0b6481672889df542894588964102459e46513159c?s=96&d=mm&r=g\",\"caption\":\"We Love Cycling Spain\"},\"url\":\"https:\/\/www.welovecycling.com\/es\/author\/amunoz\/\"}]}<\/script>\n<!-- \/ Yoast SEO Premium plugin. -->","yoast_head_json":{"title":"Ren\u00e9 Vietto, el ciclista m\u00e1s sufridor de la historia","description":"Ren\u00e9 Vietto, el ciclista m\u00e1s sufridor de la historia. Lleg\u00f3 a cortarse un dedo para participar en el Tour y Apo Lazarides lo mismo.","robots":{"index":"index","follow":"follow","max-snippet":"max-snippet:-1","max-image-preview":"max-image-preview:large","max-video-preview":"max-video-preview:-1"},"canonical":"https:\/\/www.welovecycling.com\/es\/2020\/08\/07\/rene-vietto-sufridor-ciclista\/","og_locale":"es_ES","og_type":"article","og_title":"Ren\u00e9 Vietto, el ciclista m\u00e1s sufridor de la historia","og_description":"Ren\u00e9 Vietto, el ciclista m\u00e1s sufridor de la historia. Lleg\u00f3 a cortarse un dedo para participar en el Tour y Apo Lazarides lo mismo.","og_url":"https:\/\/www.welovecycling.com\/es\/2020\/08\/07\/rene-vietto-sufridor-ciclista\/","og_site_name":"\u0160koda We Love Cycling - Spain","article_published_time":"2020-08-07T08:26:31+00:00","og_image":[{"width":1366,"height":600,"url":"https:\/\/d2p6e6u75xmxt8.cloudfront.net\/6\/2020\/08\/Rene-Vietto-CVR-profimedia-0067986218-2.jpg","type":"image\/jpeg"}],"author":"We Love Cycling Spain","twitter_card":"summary_large_image","twitter_description":"Ren\u00e9 Vietto, el ciclista m\u00e1s sufridor de la historia. Lleg\u00f3 a cortarse un dedo para participar en el Tour y Apo Lazarides lo mismo.","twitter_misc":{"Written by":"Tereza Antonova","Est. reading time":"7"},"schema":{"@context":"https:\/\/schema.org","@graph":[{"@type":"WebPage","@id":"https:\/\/www.welovecycling.com\/es\/2020\/08\/07\/rene-vietto-sufridor-ciclista\/","url":"https:\/\/www.welovecycling.com\/es\/2020\/08\/07\/rene-vietto-sufridor-ciclista\/","name":"Ren\u00e9 Vietto, el ciclista m\u00e1s sufridor de la historia","isPartOf":{"@id":"https:\/\/www.welovecycling.com\/es\/#website"},"primaryImageOfPage":{"@id":"https:\/\/www.welovecycling.com\/es\/2020\/08\/07\/rene-vietto-sufridor-ciclista\/#primaryimage"},"image":{"@id":"https:\/\/www.welovecycling.com\/es\/2020\/08\/07\/rene-vietto-sufridor-ciclista\/#primaryimage"},"thumbnailUrl":"https:\/\/d2p6e6u75xmxt8.cloudfront.net\/6\/2020\/08\/Rene-Vietto-CVR-profimedia-0067986218-2.jpg","datePublished":"2020-08-07T08:26:31+00:00","author":{"@id":"https:\/\/www.welovecycling.com\/es\/#\/schema\/person\/deb61715b5812698ee79fb96f343ccd4"},"description":"Ren\u00e9 Vietto, el ciclista m\u00e1s sufridor de la historia. Lleg\u00f3 a cortarse un dedo para participar en el Tour y Apo Lazarides lo mismo.","breadcrumb":{"@id":"https:\/\/www.welovecycling.com\/es\/2020\/08\/07\/rene-vietto-sufridor-ciclista\/#breadcrumb"},"inLanguage":"es-ES","potentialAction":[{"@type":"ReadAction","target":["https:\/\/www.welovecycling.com\/es\/2020\/08\/07\/rene-vietto-sufridor-ciclista\/"]}]},{"@type":"ImageObject","inLanguage":"es-ES","@id":"https:\/\/www.welovecycling.com\/es\/2020\/08\/07\/rene-vietto-sufridor-ciclista\/#primaryimage","url":"https:\/\/d2p6e6u75xmxt8.cloudfront.net\/6\/2020\/08\/Rene-Vietto-CVR-profimedia-0067986218-2.jpg","contentUrl":"https:\/\/d2p6e6u75xmxt8.cloudfront.net\/6\/2020\/08\/Rene-Vietto-CVR-profimedia-0067986218-2.jpg","width":1366,"height":600,"caption":"Ren\u00e9 Vietto"},{"@type":"BreadcrumbList","@id":"https:\/\/www.welovecycling.com\/es\/2020\/08\/07\/rene-vietto-sufridor-ciclista\/#breadcrumb","itemListElement":[{"@type":"ListItem","position":1,"name":"Home","item":"https:\/\/www.welovecycling.com\/es\/"},{"@type":"ListItem","position":2,"name":"Ren\u00e9 Vietto, el ciclista m\u00e1s sufridor de la historia"}]},{"@type":"WebSite","@id":"https:\/\/www.welovecycling.com\/es\/#website","url":"https:\/\/www.welovecycling.com\/es\/","name":"\u0160koda We Love Cycling - Spain","description":"\u0160koda WeLoveCycling Spain","potentialAction":[{"@type":"SearchAction","target":{"@type":"EntryPoint","urlTemplate":"https:\/\/www.welovecycling.com\/es\/?s={search_term_string}"},"query-input":{"@type":"PropertyValueSpecification","valueRequired":true,"valueName":"search_term_string"}}],"inLanguage":"es-ES"},{"@type":"Person","@id":"https:\/\/www.welovecycling.com\/es\/#\/schema\/person\/deb61715b5812698ee79fb96f343ccd4","name":"We Love Cycling Spain","image":{"@type":"ImageObject","inLanguage":"es-ES","@id":"https:\/\/www.welovecycling.com\/es\/#\/schema\/person\/image\/","url":"https:\/\/secure.gravatar.com\/avatar\/c824b04e6df0e37a03219d0b6481672889df542894588964102459e46513159c?s=96&d=mm&r=g","contentUrl":"https:\/\/secure.gravatar.com\/avatar\/c824b04e6df0e37a03219d0b6481672889df542894588964102459e46513159c?s=96&d=mm&r=g","caption":"We Love Cycling Spain"},"url":"https:\/\/www.welovecycling.com\/es\/author\/amunoz\/"}]}},"_links":{"self":[{"href":"https:\/\/www.welovecycling.com\/es\/wp-json\/wp\/v2\/posts\/6467","targetHints":{"allow":["GET"]}}],"collection":[{"href":"https:\/\/www.welovecycling.com\/es\/wp-json\/wp\/v2\/posts"}],"about":[{"href":"https:\/\/www.welovecycling.com\/es\/wp-json\/wp\/v2\/types\/post"}],"author":[{"embeddable":true,"href":"https:\/\/www.welovecycling.com\/es\/wp-json\/wp\/v2\/users\/29"}],"replies":[{"embeddable":true,"href":"https:\/\/www.welovecycling.com\/es\/wp-json\/wp\/v2\/comments?post=6467"}],"version-history":[{"count":2,"href":"https:\/\/www.welovecycling.com\/es\/wp-json\/wp\/v2\/posts\/6467\/revisions"}],"predecessor-version":[{"id":6474,"href":"https:\/\/www.welovecycling.com\/es\/wp-json\/wp\/v2\/posts\/6467\/revisions\/6474"}],"wp:featuredmedia":[{"embeddable":true,"href":"https:\/\/www.welovecycling.com\/es\/wp-json\/wp\/v2\/media\/6472"}],"wp:attachment":[{"href":"https:\/\/www.welovecycling.com\/es\/wp-json\/wp\/v2\/media?parent=6467"}],"wp:term":[{"taxonomy":"category","embeddable":true,"href":"https:\/\/www.welovecycling.com\/es\/wp-json\/wp\/v2\/categories?post=6467"},{"taxonomy":"post_tag","embeddable":true,"href":"https:\/\/www.welovecycling.com\/es\/wp-json\/wp\/v2\/tags?post=6467"},{"taxonomy":"global-categories","embeddable":true,"href":"https:\/\/www.welovecycling.com\/es\/wp-json\/wp\/v2\/global-categories?post=6467"}],"curies":[{"name":"wp","href":"https:\/\/api.w.org\/{rel}","templated":true}]}}