{"id":6462,"date":"2020-08-06T10:53:55","date_gmt":"2020-08-06T08:53:55","guid":{"rendered":"https:\/\/www.welovecycling.com\/es\/?p=6462"},"modified":"2020-08-06T10:53:55","modified_gmt":"2020-08-06T08:53:55","slug":"nutricion-para-viajes-por-etapas-en-bicicleta-desayuno","status":"publish","type":"post","link":"https:\/\/www.welovecycling.com\/es\/2020\/08\/06\/nutricion-para-viajes-por-etapas-en-bicicleta-desayuno\/","title":{"rendered":"Nutrici\u00f3n para viajes por etapas en bicicleta \u2013 Desayuno"},"content":{"rendered":"<p><strong>\u00bfTe est\u00e1s planeando unas vacaciones en bicicleta donde quieres rodar todos los d\u00edas? \u00bfO te has inscrito en una carrera de varios d\u00edas de MTB? De cualquier manera, tu plan de aventura debe incluir una estrategia de abastecimiento de combustible. Tener suficiente energ\u00eda y ser capaz de recuperarse bien es importante si quieres disfrutar de la ruta. Empecemos con lo primero: el desayuno.<\/strong><br \/>\n<!--more--><\/p>\n<h2><strong>Piensa en los tiempos<\/strong><\/h2>\n<p>Ya sea en una carrera o en un d\u00eda de entrenamiento, probablemente te montar\u00e1s a tu bicicleta relativamente temprano. Eso te deja con dos opciones de c\u00f3mo lidiar con la hora del desayuno. Si quieres un gran desayuno que te mantenga lleno de combustible por mucho tiempo, planealo muy temprano ya que debes comer 2-3 horas antes de subirte a la bicicleta. Si no puedes comer tan temprano, entonces apunta a un desayuno m\u00e1s ligero una hora antes de subirte al sill\u00edn, pero prep\u00e1rate para empezar a comer en la bicicleta antes tambi\u00e9n.<\/p>\n<figure id=\"attachment_4106\" aria-describedby=\"caption-attachment-4106\" style=\"width: 1366px\" class=\"wp-caption alignnone\"><img loading=\"lazy\" decoding=\"async\" class=\"size-full wp-image-4106\" src=\"https:\/\/d2p6e6u75xmxt8.cloudfront.net\/6\/2019\/02\/Cyclist-Sleep-CVR.jpg\" alt=\"MTB cycling\" width=\"1366\" height=\"600\" srcset=\"https:\/\/d2p6e6u75xmxt8.cloudfront.net\/6\/2019\/02\/Cyclist-Sleep-CVR.jpg 1366w, https:\/\/d2p6e6u75xmxt8.cloudfront.net\/6\/2019\/02\/Cyclist-Sleep-CVR-300x132.jpg 300w, https:\/\/d2p6e6u75xmxt8.cloudfront.net\/6\/2019\/02\/Cyclist-Sleep-CVR-768x337.jpg 768w, https:\/\/d2p6e6u75xmxt8.cloudfront.net\/6\/2019\/02\/Cyclist-Sleep-CVR-1024x450.jpg 1024w\" sizes=\"auto, (max-width: 1366px) 100vw, 1366px\" \/><figcaption id=\"caption-attachment-4106\" class=\"wp-caption-text\">Tl tiempo lo es todo<\/figcaption><\/figure>\n<h2><strong><br \/>\nGran desayuno madrugador<\/strong><\/h2>\n<p>Si desayunas 2 o 3 horas antes, puedes hacer lo que quieras con tus comidas favoritas. Tendr\u00e1s mucho tiempo para digerir y te sentir\u00e1s ligero y lleno de energ\u00eda al principio. S\u00f3lo aseg\u00farate de tomar al menos 20 g de prote\u00ednas porque eso mejorar\u00e1 la recuperaci\u00f3n muscular en una aventura de varios d\u00edas. El resto debe estar compuesto principalmente de carbohidratos lentos y complejos. No te excedas con las verduras o alimentos grasos, porque eso retrasa la digesti\u00f3n y podr\u00eda hacerte sentir pesado. Guarda tu ensalada para la noche.<\/p>\n<p>Un buen ejemplo de un gran desayuno temprano ser\u00eda una tortilla, unos cuantos s\u00e1ndwiches con jam\u00f3n y queso, pasta y avena con nueces y fruta. A\u00f1ade un zumo fresco y un caf\u00e9 m\u00e1s tarde y estar\u00e1s listo para irte.<\/p>\n<figure id=\"attachment_6465\" aria-describedby=\"caption-attachment-6465\" style=\"width: 1366px\" class=\"wp-caption alignnone\"><img loading=\"lazy\" decoding=\"async\" class=\"size-full wp-image-6465\" src=\"https:\/\/d2p6e6u75xmxt8.cloudfront.net\/6\/2020\/08\/Coffee-CVR-profimedia-0335973447.jpg\" alt=\"Coffee\" width=\"1366\" height=\"600\" srcset=\"https:\/\/d2p6e6u75xmxt8.cloudfront.net\/6\/2020\/08\/Coffee-CVR-profimedia-0335973447.jpg 1366w, https:\/\/d2p6e6u75xmxt8.cloudfront.net\/6\/2020\/08\/Coffee-CVR-profimedia-0335973447-300x132.jpg 300w, https:\/\/d2p6e6u75xmxt8.cloudfront.net\/6\/2020\/08\/Coffee-CVR-profimedia-0335973447-1024x450.jpg 1024w, https:\/\/d2p6e6u75xmxt8.cloudfront.net\/6\/2020\/08\/Coffee-CVR-profimedia-0335973447-768x337.jpg 768w\" sizes=\"auto, (max-width: 1366px) 100vw, 1366px\" \/><figcaption id=\"caption-attachment-6465\" class=\"wp-caption-text\">No rehuyas el caf\u00e9. \u00a9 Profimedia<\/figcaption><\/figure>\n<h2><strong><br \/>\nDesayuno tard\u00edo<\/strong><\/h2>\n<p>Si eliges comer una hora antes del comienzo, debes ser m\u00e1s cuidadoso. Debes optar por alimentos f\u00e1ciles de digerir que te den muchos carbohidratos y un poco de prote\u00edna. Eso significa que no hay panqueques, tocino o salchichas. Un buen ejemplo de un desayuno ligero tard\u00edo ser\u00eda el yogur con algunos cereales y fruta. El zumo fresco y el caf\u00e9 tambi\u00e9n ser\u00e1n \u00fatiles.<\/p>\n<p>Con este enfoque, debes tener en cuenta que tienes que comer m\u00e1s en la bicicleta. Lo ideal es empezar a comer dentro de los primeros 30 minutos de su paseo y comer regularmente para mantener tus niveles de energ\u00eda altos.<\/p>\n<p>Lo siguiente que veremos es la hidrataci\u00f3n. \u00bfSon los bidones mejores que un paquete de hidrataci\u00f3n? \u00bfDeber\u00edas ajustar su ingesta de l\u00edquidos cuando la temperatura cambia a lo largo del d\u00eda o seguir un horario? El siguiente art\u00edculo responder\u00e1 a esas preguntas y a otras m\u00e1s.<\/p>\n","protected":false},"excerpt":{"rendered":"<p>\u00bfTe est\u00e1s planeando unas vacaciones en bicicleta donde quieres rodar todos los d\u00edas? \u00bfO te has inscrito en una carrera [&hellip;]<\/p>\n","protected":false},"author":29,"featured_media":6468,"comment_status":"open","ping_status":"open","sticky":false,"template":"","format":"standard","meta":{"footnotes":""},"categories":[7,9],"tags":[1678,1486,1679,1677],"global-categories":[],"class_list":["post-6462","post","type-post","status-publish","format-standard","has-post-thumbnail","hentry","category-carretera","category-mtb-aventura","tag-ciclismo-y-desayuno","tag-desayuno-ciclista","tag-nutricion-ciclista-desayuno","tag-que-desayuna-un-ciclista"],"yoast_head":"<!-- This site is optimized with the Yoast SEO Premium plugin v25.3 (Yoast SEO v25.9) - https:\/\/yoast.com\/wordpress\/plugins\/seo\/ -->\n<title>Nutrici\u00f3n para viajes por etapas en bicicleta \u2013 Desayuno - \u0160koda We Love Cycling - Spain<\/title>\n<meta name=\"description\" content=\"Nutrici\u00f3n para viajes por etapas en bicicleta. El desayuno. Que desayunar cuando tienes que afrontar una vuelta por etapas en bici.\" \/>\n<meta name=\"robots\" content=\"index, follow, max-snippet:-1, max-image-preview:large, max-video-preview:-1\" \/>\n<link rel=\"canonical\" href=\"https:\/\/www.welovecycling.com\/es\/2020\/08\/06\/nutricion-para-viajes-por-etapas-en-bicicleta-desayuno\/\" \/>\n<meta property=\"og:locale\" content=\"es_ES\" \/>\n<meta property=\"og:type\" content=\"article\" \/>\n<meta property=\"og:title\" content=\"Nutrici\u00f3n para viajes por etapas en bicicleta. El desayuno\" \/>\n<meta property=\"og:description\" content=\"Nutrici\u00f3n para viajes por etapas en bicicleta. El desayuno. Que desayunar cuando tienes que afrontar una vuelta por etapas en bici.\" \/>\n<meta property=\"og:url\" content=\"https:\/\/www.welovecycling.com\/es\/2020\/08\/06\/nutricion-para-viajes-por-etapas-en-bicicleta-desayuno\/\" \/>\n<meta property=\"og:site_name\" content=\"\u0160koda We Love Cycling - Spain\" \/>\n<meta property=\"article:published_time\" content=\"2020-08-06T08:53:55+00:00\" \/>\n<meta property=\"og:image\" content=\"https:\/\/d2p6e6u75xmxt8.cloudfront.net\/6\/2020\/08\/Filippo-Mari-CVR.jpg\" \/>\n\t<meta property=\"og:image:width\" content=\"1375\" \/>\n\t<meta property=\"og:image:height\" content=\"600\" \/>\n\t<meta property=\"og:image:type\" content=\"image\/jpeg\" \/>\n<meta name=\"author\" content=\"We Love Cycling Spain\" \/>\n<meta name=\"twitter:card\" content=\"summary_large_image\" \/>\n<meta name=\"twitter:title\" content=\"Nutrici\u00f3n para viajes por etapas en bicicleta. El desayuno\" \/>\n<meta name=\"twitter:description\" content=\"Nutrici\u00f3n para viajes por etapas en bicicleta. El desayuno. Que desayunar cuando tienes que afrontar una vuelta por etapas en bici.\" \/>\n<meta name=\"twitter:label1\" content=\"Written by\" \/>\n\t<meta name=\"twitter:data1\" content=\"Jiri Kaloc\" \/>\n\t<meta name=\"twitter:label2\" content=\"Est. reading time\" \/>\n\t<meta name=\"twitter:data2\" content=\"5\" \/>\n<script type=\"application\/ld+json\" class=\"yoast-schema-graph\">{\"@context\":\"https:\/\/schema.org\",\"@graph\":[{\"@type\":\"WebPage\",\"@id\":\"https:\/\/www.welovecycling.com\/es\/2020\/08\/06\/nutricion-para-viajes-por-etapas-en-bicicleta-desayuno\/\",\"url\":\"https:\/\/www.welovecycling.com\/es\/2020\/08\/06\/nutricion-para-viajes-por-etapas-en-bicicleta-desayuno\/\",\"name\":\"Nutrici\u00f3n para viajes por etapas en bicicleta \u2013 Desayuno - \u0160koda We Love Cycling - Spain\",\"isPartOf\":{\"@id\":\"https:\/\/www.welovecycling.com\/es\/#website\"},\"primaryImageOfPage\":{\"@id\":\"https:\/\/www.welovecycling.com\/es\/2020\/08\/06\/nutricion-para-viajes-por-etapas-en-bicicleta-desayuno\/#primaryimage\"},\"image\":{\"@id\":\"https:\/\/www.welovecycling.com\/es\/2020\/08\/06\/nutricion-para-viajes-por-etapas-en-bicicleta-desayuno\/#primaryimage\"},\"thumbnailUrl\":\"https:\/\/d2p6e6u75xmxt8.cloudfront.net\/6\/2020\/08\/Filippo-Mari-CVR.jpg\",\"datePublished\":\"2020-08-06T08:53:55+00:00\",\"author\":{\"@id\":\"https:\/\/www.welovecycling.com\/es\/#\/schema\/person\/deb61715b5812698ee79fb96f343ccd4\"},\"description\":\"Nutrici\u00f3n para viajes por etapas en bicicleta. El desayuno. Que desayunar cuando tienes que afrontar una vuelta por etapas en bici.\",\"breadcrumb\":{\"@id\":\"https:\/\/www.welovecycling.com\/es\/2020\/08\/06\/nutricion-para-viajes-por-etapas-en-bicicleta-desayuno\/#breadcrumb\"},\"inLanguage\":\"es-ES\",\"potentialAction\":[{\"@type\":\"ReadAction\",\"target\":[\"https:\/\/www.welovecycling.com\/es\/2020\/08\/06\/nutricion-para-viajes-por-etapas-en-bicicleta-desayuno\/\"]}]},{\"@type\":\"ImageObject\",\"inLanguage\":\"es-ES\",\"@id\":\"https:\/\/www.welovecycling.com\/es\/2020\/08\/06\/nutricion-para-viajes-por-etapas-en-bicicleta-desayuno\/#primaryimage\",\"url\":\"https:\/\/d2p6e6u75xmxt8.cloudfront.net\/6\/2020\/08\/Filippo-Mari-CVR.jpg\",\"contentUrl\":\"https:\/\/d2p6e6u75xmxt8.cloudfront.net\/6\/2020\/08\/Filippo-Mari-CVR.jpg\",\"width\":1375,\"height\":600,\"caption\":\"MTB Adventure\"},{\"@type\":\"BreadcrumbList\",\"@id\":\"https:\/\/www.welovecycling.com\/es\/2020\/08\/06\/nutricion-para-viajes-por-etapas-en-bicicleta-desayuno\/#breadcrumb\",\"itemListElement\":[{\"@type\":\"ListItem\",\"position\":1,\"name\":\"Home\",\"item\":\"https:\/\/www.welovecycling.com\/es\/\"},{\"@type\":\"ListItem\",\"position\":2,\"name\":\"Nutrici\u00f3n para viajes por etapas en bicicleta \u2013 Desayuno\"}]},{\"@type\":\"WebSite\",\"@id\":\"https:\/\/www.welovecycling.com\/es\/#website\",\"url\":\"https:\/\/www.welovecycling.com\/es\/\",\"name\":\"\u0160koda We Love Cycling - Spain\",\"description\":\"\u0160koda WeLoveCycling Spain\",\"potentialAction\":[{\"@type\":\"SearchAction\",\"target\":{\"@type\":\"EntryPoint\",\"urlTemplate\":\"https:\/\/www.welovecycling.com\/es\/?s={search_term_string}\"},\"query-input\":{\"@type\":\"PropertyValueSpecification\",\"valueRequired\":true,\"valueName\":\"search_term_string\"}}],\"inLanguage\":\"es-ES\"},{\"@type\":\"Person\",\"@id\":\"https:\/\/www.welovecycling.com\/es\/#\/schema\/person\/deb61715b5812698ee79fb96f343ccd4\",\"name\":\"We Love Cycling Spain\",\"image\":{\"@type\":\"ImageObject\",\"inLanguage\":\"es-ES\",\"@id\":\"https:\/\/www.welovecycling.com\/es\/#\/schema\/person\/image\/\",\"url\":\"https:\/\/secure.gravatar.com\/avatar\/c824b04e6df0e37a03219d0b6481672889df542894588964102459e46513159c?s=96&d=mm&r=g\",\"contentUrl\":\"https:\/\/secure.gravatar.com\/avatar\/c824b04e6df0e37a03219d0b6481672889df542894588964102459e46513159c?s=96&d=mm&r=g\",\"caption\":\"We Love Cycling Spain\"},\"url\":\"https:\/\/www.welovecycling.com\/es\/author\/amunoz\/\"}]}<\/script>\n<!-- \/ Yoast SEO Premium plugin. -->","yoast_head_json":{"title":"Nutrici\u00f3n para viajes por etapas en bicicleta \u2013 Desayuno - \u0160koda We Love Cycling - Spain","description":"Nutrici\u00f3n para viajes por etapas en bicicleta. El desayuno. Que desayunar cuando tienes que afrontar una vuelta por etapas en bici.","robots":{"index":"index","follow":"follow","max-snippet":"max-snippet:-1","max-image-preview":"max-image-preview:large","max-video-preview":"max-video-preview:-1"},"canonical":"https:\/\/www.welovecycling.com\/es\/2020\/08\/06\/nutricion-para-viajes-por-etapas-en-bicicleta-desayuno\/","og_locale":"es_ES","og_type":"article","og_title":"Nutrici\u00f3n para viajes por etapas en bicicleta. El desayuno","og_description":"Nutrici\u00f3n para viajes por etapas en bicicleta. El desayuno. Que desayunar cuando tienes que afrontar una vuelta por etapas en bici.","og_url":"https:\/\/www.welovecycling.com\/es\/2020\/08\/06\/nutricion-para-viajes-por-etapas-en-bicicleta-desayuno\/","og_site_name":"\u0160koda We Love Cycling - Spain","article_published_time":"2020-08-06T08:53:55+00:00","og_image":[{"width":1375,"height":600,"url":"https:\/\/d2p6e6u75xmxt8.cloudfront.net\/6\/2020\/08\/Filippo-Mari-CVR.jpg","type":"image\/jpeg"}],"author":"We Love Cycling Spain","twitter_card":"summary_large_image","twitter_title":"Nutrici\u00f3n para viajes por etapas en bicicleta. El desayuno","twitter_description":"Nutrici\u00f3n para viajes por etapas en bicicleta. El desayuno. Que desayunar cuando tienes que afrontar una vuelta por etapas en bici.","twitter_misc":{"Written by":"Jiri Kaloc","Est. reading time":"5"},"schema":{"@context":"https:\/\/schema.org","@graph":[{"@type":"WebPage","@id":"https:\/\/www.welovecycling.com\/es\/2020\/08\/06\/nutricion-para-viajes-por-etapas-en-bicicleta-desayuno\/","url":"https:\/\/www.welovecycling.com\/es\/2020\/08\/06\/nutricion-para-viajes-por-etapas-en-bicicleta-desayuno\/","name":"Nutrici\u00f3n para viajes por etapas en bicicleta \u2013 Desayuno - \u0160koda We Love Cycling - Spain","isPartOf":{"@id":"https:\/\/www.welovecycling.com\/es\/#website"},"primaryImageOfPage":{"@id":"https:\/\/www.welovecycling.com\/es\/2020\/08\/06\/nutricion-para-viajes-por-etapas-en-bicicleta-desayuno\/#primaryimage"},"image":{"@id":"https:\/\/www.welovecycling.com\/es\/2020\/08\/06\/nutricion-para-viajes-por-etapas-en-bicicleta-desayuno\/#primaryimage"},"thumbnailUrl":"https:\/\/d2p6e6u75xmxt8.cloudfront.net\/6\/2020\/08\/Filippo-Mari-CVR.jpg","datePublished":"2020-08-06T08:53:55+00:00","author":{"@id":"https:\/\/www.welovecycling.com\/es\/#\/schema\/person\/deb61715b5812698ee79fb96f343ccd4"},"description":"Nutrici\u00f3n para viajes por etapas en bicicleta. El desayuno. Que desayunar cuando tienes que afrontar una vuelta por etapas en bici.","breadcrumb":{"@id":"https:\/\/www.welovecycling.com\/es\/2020\/08\/06\/nutricion-para-viajes-por-etapas-en-bicicleta-desayuno\/#breadcrumb"},"inLanguage":"es-ES","potentialAction":[{"@type":"ReadAction","target":["https:\/\/www.welovecycling.com\/es\/2020\/08\/06\/nutricion-para-viajes-por-etapas-en-bicicleta-desayuno\/"]}]},{"@type":"ImageObject","inLanguage":"es-ES","@id":"https:\/\/www.welovecycling.com\/es\/2020\/08\/06\/nutricion-para-viajes-por-etapas-en-bicicleta-desayuno\/#primaryimage","url":"https:\/\/d2p6e6u75xmxt8.cloudfront.net\/6\/2020\/08\/Filippo-Mari-CVR.jpg","contentUrl":"https:\/\/d2p6e6u75xmxt8.cloudfront.net\/6\/2020\/08\/Filippo-Mari-CVR.jpg","width":1375,"height":600,"caption":"MTB Adventure"},{"@type":"BreadcrumbList","@id":"https:\/\/www.welovecycling.com\/es\/2020\/08\/06\/nutricion-para-viajes-por-etapas-en-bicicleta-desayuno\/#breadcrumb","itemListElement":[{"@type":"ListItem","position":1,"name":"Home","item":"https:\/\/www.welovecycling.com\/es\/"},{"@type":"ListItem","position":2,"name":"Nutrici\u00f3n para viajes por etapas en bicicleta \u2013 Desayuno"}]},{"@type":"WebSite","@id":"https:\/\/www.welovecycling.com\/es\/#website","url":"https:\/\/www.welovecycling.com\/es\/","name":"\u0160koda We Love Cycling - Spain","description":"\u0160koda WeLoveCycling Spain","potentialAction":[{"@type":"SearchAction","target":{"@type":"EntryPoint","urlTemplate":"https:\/\/www.welovecycling.com\/es\/?s={search_term_string}"},"query-input":{"@type":"PropertyValueSpecification","valueRequired":true,"valueName":"search_term_string"}}],"inLanguage":"es-ES"},{"@type":"Person","@id":"https:\/\/www.welovecycling.com\/es\/#\/schema\/person\/deb61715b5812698ee79fb96f343ccd4","name":"We Love Cycling Spain","image":{"@type":"ImageObject","inLanguage":"es-ES","@id":"https:\/\/www.welovecycling.com\/es\/#\/schema\/person\/image\/","url":"https:\/\/secure.gravatar.com\/avatar\/c824b04e6df0e37a03219d0b6481672889df542894588964102459e46513159c?s=96&d=mm&r=g","contentUrl":"https:\/\/secure.gravatar.com\/avatar\/c824b04e6df0e37a03219d0b6481672889df542894588964102459e46513159c?s=96&d=mm&r=g","caption":"We Love Cycling Spain"},"url":"https:\/\/www.welovecycling.com\/es\/author\/amunoz\/"}]}},"_links":{"self":[{"href":"https:\/\/www.welovecycling.com\/es\/wp-json\/wp\/v2\/posts\/6462","targetHints":{"allow":["GET"]}}],"collection":[{"href":"https:\/\/www.welovecycling.com\/es\/wp-json\/wp\/v2\/posts"}],"about":[{"href":"https:\/\/www.welovecycling.com\/es\/wp-json\/wp\/v2\/types\/post"}],"author":[{"embeddable":true,"href":"https:\/\/www.welovecycling.com\/es\/wp-json\/wp\/v2\/users\/29"}],"replies":[{"embeddable":true,"href":"https:\/\/www.welovecycling.com\/es\/wp-json\/wp\/v2\/comments?post=6462"}],"version-history":[{"count":2,"href":"https:\/\/www.welovecycling.com\/es\/wp-json\/wp\/v2\/posts\/6462\/revisions"}],"predecessor-version":[{"id":6473,"href":"https:\/\/www.welovecycling.com\/es\/wp-json\/wp\/v2\/posts\/6462\/revisions\/6473"}],"wp:featuredmedia":[{"embeddable":true,"href":"https:\/\/www.welovecycling.com\/es\/wp-json\/wp\/v2\/media\/6468"}],"wp:attachment":[{"href":"https:\/\/www.welovecycling.com\/es\/wp-json\/wp\/v2\/media?parent=6462"}],"wp:term":[{"taxonomy":"category","embeddable":true,"href":"https:\/\/www.welovecycling.com\/es\/wp-json\/wp\/v2\/categories?post=6462"},{"taxonomy":"post_tag","embeddable":true,"href":"https:\/\/www.welovecycling.com\/es\/wp-json\/wp\/v2\/tags?post=6462"},{"taxonomy":"global-categories","embeddable":true,"href":"https:\/\/www.welovecycling.com\/es\/wp-json\/wp\/v2\/global-categories?post=6462"}],"curies":[{"name":"wp","href":"https:\/\/api.w.org\/{rel}","templated":true}]}}