{"id":6454,"date":"2020-08-03T21:27:09","date_gmt":"2020-08-03T19:27:09","guid":{"rendered":"https:\/\/www.welovecycling.com\/es\/?p=6454"},"modified":"2020-08-03T21:27:09","modified_gmt":"2020-08-03T19:27:09","slug":"vuelta-a-burgos-dos-sustos-y-una-confirmacion","status":"publish","type":"post","link":"https:\/\/www.welovecycling.com\/es\/2020\/08\/03\/vuelta-a-burgos-dos-sustos-y-una-confirmacion\/","title":{"rendered":"Vuelta a Burgos. Dos sustos y una confirmaci\u00f3n"},"content":{"rendered":"<p><strong>La Vuelta a Burgos 2020 era el banco de pruebas para el ciclismo profesional. La primera gran carrera despu\u00e9s del cierre del mes de marzo causado por el coronavirus. Organizadores, autoridades, equipos y ciclistas conten\u00edan la respiraci\u00f3n para ver qu\u00e9 pod\u00eda pasar. Tras cinco d\u00edas de competici\u00f3n se sald\u00f3 con dos sustos epidemiol\u00f3gicos y la confirmaci\u00f3n deportiva de que Remco Evenepoel va para estrella.\u00a0<\/strong><br \/>\n<!--more--><\/p>\n<p>Y es que ahora las carreras ciclistas hay que verlas desde las dos perspectivas. Por una lado las medidas de seguridad, higiene y restricciones que provoca el coronavirus, y por otra la deportiva, que a veces se ve afectada por la primera. Lo mejor de esta<strong> Vuelta a Burgos es que pudo transcurrir con normalidad<\/strong>. Bueno, la normalidad de ahora, que ya es mucho decir.<\/p>\n<p>No se priv\u00f3 de dos sustos que hicieron saltar las alarmas. El primero en el <strong>Israel Cycling<\/strong>, que retir\u00f3 antes de empezar a Einhorn y Dowsett porque hab\u00edan estado en contacto con un contagiado. El segundo la decisi\u00f3n del <strong>UAE Emirates<\/strong> de dejar fuera, por precauci\u00f3n, y antes de la segunda etapa a Sebasti\u00e1n Molano, Cristi\u00e1n Mu\u00f1oz y Camilo Ardila. La raz\u00f3n, la misma, hab\u00edan estado en contacto con un contagiado. Los an\u00e1lisis posteriores de los cinco resultaron negativos, pero ante la duda se opt\u00f3 por la prudencia.<\/p>\n<div class=\"embed-controller-wrapper\">\n<div class=\"embed-wrapper\"><iframe title=\"Vuelta a Burgos 2020. Salida. Primera carrera post Covid\" width=\"500\" height=\"281\" data-src=\"https:\/\/www.youtube.com\/embed\/g7VOG5hyc3U?feature=oembed\" frameborder=\"0\" allow=\"accelerometer; autoplay; clipboard-write; encrypted-media; gyroscope; picture-in-picture; web-share\" referrerpolicy=\"strict-origin-when-cross-origin\" allowfullscreen><\/iframe><\/div>\n<\/div>\n<p>Esa fue la t\u00f3nica de toda la Vuelta a Burgos. La organizaci\u00f3n tuvo que implementar todos los protocolos de la UCI para poner en marcha carreras ciclistas en \u00e9poca del coronavirus. <strong>Van desde los test pcr negativos presentados como m\u00e1ximo tres d\u00edas a<\/strong>ntes de la prueba a todo el personal acreditado. Es decir, desde ciclistas a auxiliares, jueces, motoristas, periodistas, voluntarios&#8230; al uso obligatorio de mascarillas en cualquier lugar o a la prohibici\u00f3n de hacer entrevistas cara a cara a los ciclistas.<\/p>\n<p>Los protocolos no quedan ah\u00ed. El<strong> ciclista solo se puede quitar la mascarilla en carrera.<\/strong> Antes de empezar y justo al acabar la debe llevar puesta. El p\u00fablico tambi\u00e9n, y para acceder a la zona de salida tiene que lavarse las manos y hay un aforo limitado . Los ciclistas tambi\u00e9n deben lavarse las manos antes de subir al podio en la presentaci\u00f3n y medir su temperatura con un term\u00f3metro. Y claro, nada de dar la mano. Los saludos, entre todos, como mucho con el codo.<\/p>\n<p><a href=\"https:\/\/d2p6e6u75xmxt8.cloudfront.net\/6\/2020\/08\/vuelta-a-burgos-3.jpg\"><img loading=\"lazy\" decoding=\"async\" class=\"aligncenter size-full wp-image-6457\" src=\"https:\/\/d2p6e6u75xmxt8.cloudfront.net\/6\/2020\/08\/vuelta-a-burgos-3.jpg\" alt=\"\" width=\"1024\" height=\"768\" \/><\/a><\/p>\n<p>Y las medidas siguen dentro de los <strong>hoteles de los equipos<\/strong>, en los que se procura el m\u00ednimo contacto con el resto de los clientes e incluso con los otros equipos. Y, claro est\u00e1, algunos ya han empezado a tomar medidas extra, como Astana, que comunic\u00f3 que prohib\u00eda cualquier entrevista presencial hasta que pase la pandemia. Porque, <strong>cualquier sospecha puede dejar a medio equipo fuera, ya sea la Vuelta a Burgos&#8230;. o el Tour de Francia<\/strong>. Y es que hasta la carrera francesa estuvo presente en Burgos para tomar nota de c\u00f3mo se desarrollaba todo.<\/p>\n<p>Sobre la carretera y con todos los aficionados del mundo pendientes de Burgos, el ciclismo vivi\u00f3 la confirmaci\u00f3n de que <strong>Remco Evenepoel<\/strong> va camino de ser una estrella. El &#8216;flamenco&#8217; tiene cualidades suficientes para hacer historia, aunque todav\u00eda le falta afinar la punter\u00eda y guardar fuerzas. La exhibici\u00f3n contra el viento en la primera etapa le sirvi\u00f3 para salir en la tele y levantar la pasi\u00f3n en las redes, pero lo acab\u00f3 pagando en la subida al Mirador del Castillo de Burgos. Sorprendi\u00f3 Grosschatner, al que nadie esperaba como ganador. Tambi\u00e9n su compa\u00f1ero <strong>Almeida<\/strong>, neoprofesional y que demostr\u00f3 despu\u00e9s que aquello no era casualidad. <strong>Valverde, Landa y Aramburu<\/strong> completaron el primer Top 5. Remco se conform\u00f3 con ser d\u00e9cimo.<\/p>\n<p><a href=\"https:\/\/d2p6e6u75xmxt8.cloudfront.net\/6\/2020\/08\/VUELTA-A-BURGOS-PICON-BLANCO-7.JPG.jpg\"><img loading=\"lazy\" decoding=\"async\" class=\"aligncenter size-full wp-image-6458\" src=\"https:\/\/d2p6e6u75xmxt8.cloudfront.net\/6\/2020\/08\/VUELTA-A-BURGOS-PICON-BLANCO-7.JPG.jpg\" alt=\"\" width=\"1200\" height=\"665\" \/><\/a><br \/>\nLa verdadera exhibici\u00f3n de Evenepoel lleg\u00f3 en el <strong>Pic\u00f3n Blanco<\/strong>, la primera llegada en alto. Fue en la tercera etapa, despu\u00e9s de que en la segunda Gaviria fuera el m\u00e1s listo (y r\u00e1pido) en el sprint. El alto que separa la provincia de Burgos de Cantabria tiene siete kil\u00f3metros finales bestiales, con rampas siempre por encima del 10% y tramos al 12 y al 14%. Es un puerto de escalador puro. Por eso se movi\u00f3 Chaves, peso pluma. Y rindi\u00f3 bien Bennet, con m\u00e1s huesos que m\u00fasculos. Y Landa remont\u00f3 hasta acabar tercero. Inclusos Carapaz dio muestras de calidad. Pero cuando a falta de dos kil\u00f3metros arranc\u00f3 Evenepoel nadie le pudo seguir. Es m\u00e1s, ni siquiera hicieron el intento.<\/p>\n<p>Los n\u00fameros en el Pic\u00f3n lo dicen todo. Bennet, que recuper\u00f3 al final, a 18 segundos. Landa a m\u00e1s de 30, igual que Chaves. Almeida a 45. Aru y Yates a m\u00e1s de un minuto, y Valverde, que por edad podr\u00eda ser su padre, a m\u00e1s de dos minutos. Los de la edad de <strong>Remco, bueno, los de su generaci\u00f3n, porque Roger Adri\u00e1<\/strong> es dos a\u00f1os mayor, se tuvieron que conformar con meterse en la escapada del d\u00eda y hacer un etap\u00f3n, pero sin opciones reales de victoria. Ahi esta la diferencia.<\/p>\n<p><a href=\"https:\/\/d2p6e6u75xmxt8.cloudfront.net\/6\/2020\/08\/VUELTA-A-BURGOS-PICON-BLANCO-44.JPG.jpg\"><img loading=\"lazy\" decoding=\"async\" class=\"aligncenter size-full wp-image-6459\" src=\"https:\/\/d2p6e6u75xmxt8.cloudfront.net\/6\/2020\/08\/VUELTA-A-BURGOS-PICON-BLANCO-44.JPG.jpg\" alt=\"\" width=\"1200\" height=\"809\" \/><\/a><\/p>\n<p>Al d\u00eda siguiente gan\u00f3 el otro Bennet, el del Deceuninck. Y en la \u00faltima jornada, con el final en las dur\u00edsimas Lagunas de Neila, se volvi\u00f3 a ver otro de los peque\u00f1os matices que le faltan por pulir al belga. Es cierto que la clasificaci\u00f3n general nunca estuvo en peligro, pese a que <strong>Mikel Landa<\/strong> arranc\u00f3 desde el inicio del puerto. Evenepoel respondi\u00f3 con solvencia y junto a Iv\u00e1n Sosa y Chaves cerraron el hueco del vitoriano. A dos kil\u00f3metros para acabar estaban los cuatro en cabeza con Almeida intentando llegar a ellos para echar una mano a su compa\u00f1ero. T\u00e1ctica perfecta. Pero Remco aceler\u00f3 en el peor momento, justo con el portugu\u00e9s conectando. Reaccionaron Landa y Sosa, le atraparon y el colombiano acab\u00f3 llev\u00e1ndose la etapa y dejando al descubierto 10 segundos de debilidad del belga. <strong>Lo mejor, el apunte de Landa en meta. &#8220;Hay que apretar antes de que los j\u00f3venes adquieran experiencia&#8221;<\/strong>. Resumen perfecto de la Vuelta a Burgos m\u00e1s esperada.<\/p>\n","protected":false},"excerpt":{"rendered":"<p>La Vuelta a Burgos 2020 era el banco de pruebas para el ciclismo profesional. La primera gran carrera despu\u00e9s del [&hellip;]<\/p>\n","protected":false},"author":29,"featured_media":6455,"comment_status":"open","ping_status":"open","sticky":false,"template":"","format":"standard","meta":{"footnotes":""},"categories":[7],"tags":[1674,1676,1673,1675],"global-categories":[1164],"class_list":["post-6454","post","type-post","status-publish","format-standard","has-post-thumbnail","hentry","category-carretera","tag-evenpoel-burgos","tag-mikel-landa-burgos","tag-remco-evenepoel","tag-vuelta-a-burgos-2020","global-categories-cycling"],"yoast_head":"<!-- This site is optimized with the Yoast SEO Premium plugin v25.3 (Yoast SEO v25.9) - https:\/\/yoast.com\/wordpress\/plugins\/seo\/ -->\n<title>Vuelta a Burgos. Dos sustos y una confirmaci\u00f3n - \u0160koda We Love Cycling - Spain<\/title>\n<meta name=\"description\" content=\"Vuelta a Burgos. Dos sustos y una confirmaci\u00f3n. La primera carrera profesional desde el inicio del coronavirus. Victoria de Evenepoel.\" \/>\n<meta name=\"robots\" content=\"index, follow, max-snippet:-1, max-image-preview:large, max-video-preview:-1\" \/>\n<link rel=\"canonical\" href=\"https:\/\/www.welovecycling.com\/es\/2020\/08\/03\/vuelta-a-burgos-dos-sustos-y-una-confirmacion\/\" \/>\n<meta property=\"og:locale\" content=\"es_ES\" \/>\n<meta property=\"og:type\" content=\"article\" \/>\n<meta property=\"og:title\" content=\"Vuelta a Burgos. Dos sustos y una confirmaci\u00f3n\" \/>\n<meta property=\"og:description\" content=\"Vuelta a Burgos. Dos sustos y una confirmaci\u00f3n. La primera carrera profesional desde el inicio del coronavirus. Victoria de Evenepoel.\" \/>\n<meta property=\"og:url\" content=\"https:\/\/www.welovecycling.com\/es\/2020\/08\/03\/vuelta-a-burgos-dos-sustos-y-una-confirmacion\/\" \/>\n<meta property=\"og:site_name\" content=\"\u0160koda We Love Cycling - Spain\" \/>\n<meta property=\"article:published_time\" content=\"2020-08-03T19:27:09+00:00\" \/>\n<meta property=\"og:image\" content=\"https:\/\/d2p6e6u75xmxt8.cloudfront.net\/6\/2020\/08\/VUELTA-A-BURGOS-PICON-BLANCO-4.JPG.jpg\" \/>\n\t<meta property=\"og:image:width\" content=\"1200\" \/>\n\t<meta property=\"og:image:height\" content=\"847\" \/>\n\t<meta property=\"og:image:type\" content=\"image\/jpeg\" \/>\n<meta name=\"author\" content=\"We Love Cycling Spain\" \/>\n<meta name=\"twitter:card\" content=\"summary_large_image\" \/>\n<meta name=\"twitter:title\" content=\"Vuelta a Burgos. Dos sustos y una confirmaci\u00f3n\" \/>\n<meta name=\"twitter:description\" content=\"Vuelta a Burgos. Dos sustos y una confirmaci\u00f3n. La primera carrera profesional desde el inicio del coronavirus. Victoria de Evenepoel.\" \/>\n<meta name=\"twitter:label1\" content=\"Written by\" \/>\n\t<meta name=\"twitter:data1\" content=\"Luis Ortega @ciclored\" \/>\n\t<meta name=\"twitter:label2\" content=\"Est. reading time\" \/>\n\t<meta name=\"twitter:data2\" content=\"5 minutes\" \/>\n<script type=\"application\/ld+json\" class=\"yoast-schema-graph\">{\"@context\":\"https:\/\/schema.org\",\"@graph\":[{\"@type\":\"WebPage\",\"@id\":\"https:\/\/www.welovecycling.com\/es\/2020\/08\/03\/vuelta-a-burgos-dos-sustos-y-una-confirmacion\/\",\"url\":\"https:\/\/www.welovecycling.com\/es\/2020\/08\/03\/vuelta-a-burgos-dos-sustos-y-una-confirmacion\/\",\"name\":\"Vuelta a Burgos. Dos sustos y una confirmaci\u00f3n - \u0160koda We Love Cycling - Spain\",\"isPartOf\":{\"@id\":\"https:\/\/www.welovecycling.com\/es\/#website\"},\"primaryImageOfPage\":{\"@id\":\"https:\/\/www.welovecycling.com\/es\/2020\/08\/03\/vuelta-a-burgos-dos-sustos-y-una-confirmacion\/#primaryimage\"},\"image\":{\"@id\":\"https:\/\/www.welovecycling.com\/es\/2020\/08\/03\/vuelta-a-burgos-dos-sustos-y-una-confirmacion\/#primaryimage\"},\"thumbnailUrl\":\"https:\/\/d2p6e6u75xmxt8.cloudfront.net\/6\/2020\/08\/VUELTA-A-BURGOS-PICON-BLANCO-4.JPG.jpg\",\"datePublished\":\"2020-08-03T19:27:09+00:00\",\"author\":{\"@id\":\"https:\/\/www.welovecycling.com\/es\/#\/schema\/person\/deb61715b5812698ee79fb96f343ccd4\"},\"description\":\"Vuelta a Burgos. Dos sustos y una confirmaci\u00f3n. La primera carrera profesional desde el inicio del coronavirus. Victoria de Evenepoel.\",\"breadcrumb\":{\"@id\":\"https:\/\/www.welovecycling.com\/es\/2020\/08\/03\/vuelta-a-burgos-dos-sustos-y-una-confirmacion\/#breadcrumb\"},\"inLanguage\":\"es-ES\",\"potentialAction\":[{\"@type\":\"ReadAction\",\"target\":[\"https:\/\/www.welovecycling.com\/es\/2020\/08\/03\/vuelta-a-burgos-dos-sustos-y-una-confirmacion\/\"]}]},{\"@type\":\"ImageObject\",\"inLanguage\":\"es-ES\",\"@id\":\"https:\/\/www.welovecycling.com\/es\/2020\/08\/03\/vuelta-a-burgos-dos-sustos-y-una-confirmacion\/#primaryimage\",\"url\":\"https:\/\/d2p6e6u75xmxt8.cloudfront.net\/6\/2020\/08\/VUELTA-A-BURGOS-PICON-BLANCO-4.JPG.jpg\",\"contentUrl\":\"https:\/\/d2p6e6u75xmxt8.cloudfront.net\/6\/2020\/08\/VUELTA-A-BURGOS-PICON-BLANCO-4.JPG.jpg\",\"width\":1200,\"height\":847},{\"@type\":\"BreadcrumbList\",\"@id\":\"https:\/\/www.welovecycling.com\/es\/2020\/08\/03\/vuelta-a-burgos-dos-sustos-y-una-confirmacion\/#breadcrumb\",\"itemListElement\":[{\"@type\":\"ListItem\",\"position\":1,\"name\":\"Home\",\"item\":\"https:\/\/www.welovecycling.com\/es\/\"},{\"@type\":\"ListItem\",\"position\":2,\"name\":\"Vuelta a Burgos. Dos sustos y una confirmaci\u00f3n\"}]},{\"@type\":\"WebSite\",\"@id\":\"https:\/\/www.welovecycling.com\/es\/#website\",\"url\":\"https:\/\/www.welovecycling.com\/es\/\",\"name\":\"\u0160koda We Love Cycling - Spain\",\"description\":\"\u0160koda WeLoveCycling Spain\",\"potentialAction\":[{\"@type\":\"SearchAction\",\"target\":{\"@type\":\"EntryPoint\",\"urlTemplate\":\"https:\/\/www.welovecycling.com\/es\/?s={search_term_string}\"},\"query-input\":{\"@type\":\"PropertyValueSpecification\",\"valueRequired\":true,\"valueName\":\"search_term_string\"}}],\"inLanguage\":\"es-ES\"},{\"@type\":\"Person\",\"@id\":\"https:\/\/www.welovecycling.com\/es\/#\/schema\/person\/deb61715b5812698ee79fb96f343ccd4\",\"name\":\"We Love Cycling Spain\",\"image\":{\"@type\":\"ImageObject\",\"inLanguage\":\"es-ES\",\"@id\":\"https:\/\/www.welovecycling.com\/es\/#\/schema\/person\/image\/\",\"url\":\"https:\/\/secure.gravatar.com\/avatar\/c824b04e6df0e37a03219d0b6481672889df542894588964102459e46513159c?s=96&d=mm&r=g\",\"contentUrl\":\"https:\/\/secure.gravatar.com\/avatar\/c824b04e6df0e37a03219d0b6481672889df542894588964102459e46513159c?s=96&d=mm&r=g\",\"caption\":\"We Love Cycling Spain\"},\"url\":\"https:\/\/www.welovecycling.com\/es\/author\/amunoz\/\"}]}<\/script>\n<!-- \/ Yoast SEO Premium plugin. -->","yoast_head_json":{"title":"Vuelta a Burgos. Dos sustos y una confirmaci\u00f3n - \u0160koda We Love Cycling - Spain","description":"Vuelta a Burgos. Dos sustos y una confirmaci\u00f3n. La primera carrera profesional desde el inicio del coronavirus. Victoria de Evenepoel.","robots":{"index":"index","follow":"follow","max-snippet":"max-snippet:-1","max-image-preview":"max-image-preview:large","max-video-preview":"max-video-preview:-1"},"canonical":"https:\/\/www.welovecycling.com\/es\/2020\/08\/03\/vuelta-a-burgos-dos-sustos-y-una-confirmacion\/","og_locale":"es_ES","og_type":"article","og_title":"Vuelta a Burgos. Dos sustos y una confirmaci\u00f3n","og_description":"Vuelta a Burgos. Dos sustos y una confirmaci\u00f3n. La primera carrera profesional desde el inicio del coronavirus. Victoria de Evenepoel.","og_url":"https:\/\/www.welovecycling.com\/es\/2020\/08\/03\/vuelta-a-burgos-dos-sustos-y-una-confirmacion\/","og_site_name":"\u0160koda We Love Cycling - Spain","article_published_time":"2020-08-03T19:27:09+00:00","og_image":[{"width":1200,"height":847,"url":"https:\/\/d2p6e6u75xmxt8.cloudfront.net\/6\/2020\/08\/VUELTA-A-BURGOS-PICON-BLANCO-4.JPG.jpg","type":"image\/jpeg"}],"author":"We Love Cycling Spain","twitter_card":"summary_large_image","twitter_title":"Vuelta a Burgos. Dos sustos y una confirmaci\u00f3n","twitter_description":"Vuelta a Burgos. Dos sustos y una confirmaci\u00f3n. La primera carrera profesional desde el inicio del coronavirus. Victoria de Evenepoel.","twitter_misc":{"Written by":"Luis Ortega @ciclored","Est. reading time":"5 minutes"},"schema":{"@context":"https:\/\/schema.org","@graph":[{"@type":"WebPage","@id":"https:\/\/www.welovecycling.com\/es\/2020\/08\/03\/vuelta-a-burgos-dos-sustos-y-una-confirmacion\/","url":"https:\/\/www.welovecycling.com\/es\/2020\/08\/03\/vuelta-a-burgos-dos-sustos-y-una-confirmacion\/","name":"Vuelta a Burgos. Dos sustos y una confirmaci\u00f3n - \u0160koda We Love Cycling - Spain","isPartOf":{"@id":"https:\/\/www.welovecycling.com\/es\/#website"},"primaryImageOfPage":{"@id":"https:\/\/www.welovecycling.com\/es\/2020\/08\/03\/vuelta-a-burgos-dos-sustos-y-una-confirmacion\/#primaryimage"},"image":{"@id":"https:\/\/www.welovecycling.com\/es\/2020\/08\/03\/vuelta-a-burgos-dos-sustos-y-una-confirmacion\/#primaryimage"},"thumbnailUrl":"https:\/\/d2p6e6u75xmxt8.cloudfront.net\/6\/2020\/08\/VUELTA-A-BURGOS-PICON-BLANCO-4.JPG.jpg","datePublished":"2020-08-03T19:27:09+00:00","author":{"@id":"https:\/\/www.welovecycling.com\/es\/#\/schema\/person\/deb61715b5812698ee79fb96f343ccd4"},"description":"Vuelta a Burgos. Dos sustos y una confirmaci\u00f3n. La primera carrera profesional desde el inicio del coronavirus. Victoria de Evenepoel.","breadcrumb":{"@id":"https:\/\/www.welovecycling.com\/es\/2020\/08\/03\/vuelta-a-burgos-dos-sustos-y-una-confirmacion\/#breadcrumb"},"inLanguage":"es-ES","potentialAction":[{"@type":"ReadAction","target":["https:\/\/www.welovecycling.com\/es\/2020\/08\/03\/vuelta-a-burgos-dos-sustos-y-una-confirmacion\/"]}]},{"@type":"ImageObject","inLanguage":"es-ES","@id":"https:\/\/www.welovecycling.com\/es\/2020\/08\/03\/vuelta-a-burgos-dos-sustos-y-una-confirmacion\/#primaryimage","url":"https:\/\/d2p6e6u75xmxt8.cloudfront.net\/6\/2020\/08\/VUELTA-A-BURGOS-PICON-BLANCO-4.JPG.jpg","contentUrl":"https:\/\/d2p6e6u75xmxt8.cloudfront.net\/6\/2020\/08\/VUELTA-A-BURGOS-PICON-BLANCO-4.JPG.jpg","width":1200,"height":847},{"@type":"BreadcrumbList","@id":"https:\/\/www.welovecycling.com\/es\/2020\/08\/03\/vuelta-a-burgos-dos-sustos-y-una-confirmacion\/#breadcrumb","itemListElement":[{"@type":"ListItem","position":1,"name":"Home","item":"https:\/\/www.welovecycling.com\/es\/"},{"@type":"ListItem","position":2,"name":"Vuelta a Burgos. Dos sustos y una confirmaci\u00f3n"}]},{"@type":"WebSite","@id":"https:\/\/www.welovecycling.com\/es\/#website","url":"https:\/\/www.welovecycling.com\/es\/","name":"\u0160koda We Love Cycling - Spain","description":"\u0160koda WeLoveCycling Spain","potentialAction":[{"@type":"SearchAction","target":{"@type":"EntryPoint","urlTemplate":"https:\/\/www.welovecycling.com\/es\/?s={search_term_string}"},"query-input":{"@type":"PropertyValueSpecification","valueRequired":true,"valueName":"search_term_string"}}],"inLanguage":"es-ES"},{"@type":"Person","@id":"https:\/\/www.welovecycling.com\/es\/#\/schema\/person\/deb61715b5812698ee79fb96f343ccd4","name":"We Love Cycling Spain","image":{"@type":"ImageObject","inLanguage":"es-ES","@id":"https:\/\/www.welovecycling.com\/es\/#\/schema\/person\/image\/","url":"https:\/\/secure.gravatar.com\/avatar\/c824b04e6df0e37a03219d0b6481672889df542894588964102459e46513159c?s=96&d=mm&r=g","contentUrl":"https:\/\/secure.gravatar.com\/avatar\/c824b04e6df0e37a03219d0b6481672889df542894588964102459e46513159c?s=96&d=mm&r=g","caption":"We Love Cycling Spain"},"url":"https:\/\/www.welovecycling.com\/es\/author\/amunoz\/"}]}},"_links":{"self":[{"href":"https:\/\/www.welovecycling.com\/es\/wp-json\/wp\/v2\/posts\/6454","targetHints":{"allow":["GET"]}}],"collection":[{"href":"https:\/\/www.welovecycling.com\/es\/wp-json\/wp\/v2\/posts"}],"about":[{"href":"https:\/\/www.welovecycling.com\/es\/wp-json\/wp\/v2\/types\/post"}],"author":[{"embeddable":true,"href":"https:\/\/www.welovecycling.com\/es\/wp-json\/wp\/v2\/users\/29"}],"replies":[{"embeddable":true,"href":"https:\/\/www.welovecycling.com\/es\/wp-json\/wp\/v2\/comments?post=6454"}],"version-history":[{"count":1,"href":"https:\/\/www.welovecycling.com\/es\/wp-json\/wp\/v2\/posts\/6454\/revisions"}],"predecessor-version":[{"id":6460,"href":"https:\/\/www.welovecycling.com\/es\/wp-json\/wp\/v2\/posts\/6454\/revisions\/6460"}],"wp:featuredmedia":[{"embeddable":true,"href":"https:\/\/www.welovecycling.com\/es\/wp-json\/wp\/v2\/media\/6455"}],"wp:attachment":[{"href":"https:\/\/www.welovecycling.com\/es\/wp-json\/wp\/v2\/media?parent=6454"}],"wp:term":[{"taxonomy":"category","embeddable":true,"href":"https:\/\/www.welovecycling.com\/es\/wp-json\/wp\/v2\/categories?post=6454"},{"taxonomy":"post_tag","embeddable":true,"href":"https:\/\/www.welovecycling.com\/es\/wp-json\/wp\/v2\/tags?post=6454"},{"taxonomy":"global-categories","embeddable":true,"href":"https:\/\/www.welovecycling.com\/es\/wp-json\/wp\/v2\/global-categories?post=6454"}],"curies":[{"name":"wp","href":"https:\/\/api.w.org\/{rel}","templated":true}]}}