{"id":6447,"date":"2020-08-03T13:18:13","date_gmt":"2020-08-03T11:18:13","guid":{"rendered":"https:\/\/www.welovecycling.com\/es\/?p=6447"},"modified":"2020-08-03T13:18:13","modified_gmt":"2020-08-03T11:18:13","slug":"es-el-ciclismo-elitista","status":"publish","type":"post","link":"https:\/\/www.welovecycling.com\/es\/2020\/08\/03\/es-el-ciclismo-elitista\/","title":{"rendered":"\u00bfEs el ciclismo elitista?"},"content":{"rendered":"<p><strong>\u00daltimamente ha habido muchas buenas noticias para los ciclistas. Con todo el mundo buscando formas seguras e independientes de transporte, muchas ciudades est\u00e1n invirtiendo en una mejor infraestructura para el ciclismo, ofreciendo incentivos para andar en bicicleta, e incluso proporcionando subsidios para ayudar a la gente a mantener sus bicicletas en buen estado. Todo esto sugiere que estamos en camino de tener m\u00e1s ciclistas en la carretera que nunca. Una gran noticia, \u00bfverdad? Bueno, no hay duda de que la comunidad est\u00e1 creciendo de diversas y maravillosas maneras, sin embargo, sigue habiendo un obstinado punto de tensi\u00f3n que parece aumentar cuando los entusiastas de la bicicleta se encuentran con el p\u00fablico no ciclista o intetan que sus compa\u00f1eros no habituados a la bicicleta se animen. Adem\u00e1s de la preocupaci\u00f3n por la seguridad y la forma f\u00edsica, hay un mito persistente de que los ciclistas son, bueno, una especie de esnobs.<\/strong><!--more--><\/p>\n<p>Para ser justos, parte de esta imagen tiene que ver con ciertos intentos de la comunidad ciclista de promover una especie de exclusividad. Desde las reglas que se est\u00e1n elaborando sobre lo que es y lo que no es aceptable, hasta una letan\u00eda de contenido en l\u00ednea que aconseja a los nuevos ciclistas sobre c\u00f3mo evitar &#8220;parecer un novato&#8221;, hay algo que parece que el ciclismo tiene un poco de sistema de clases. Y aunque es innegable el placer que se obtiene al delinear los diferentes &#8220;tipos&#8221; de ciclistas y averiguar d\u00f3nde encajas, la verdad es que este modelo de selectividad hace m\u00e1s da\u00f1o que bien.<\/p>\n<figure id=\"attachment_6448\" aria-describedby=\"caption-attachment-6448\" style=\"width: 1250px\" class=\"wp-caption alignnone\"><img loading=\"lazy\" decoding=\"async\" class=\"size-full wp-image-6448\" src=\"https:\/\/d2p6e6u75xmxt8.cloudfront.net\/6\/2020\/08\/Friends-MTB-profimedia-0281706401.jpg\" alt=\"Friends Cycling\" width=\"1250\" height=\"831\" \/><figcaption id=\"caption-attachment-6448\" class=\"wp-caption-text\">Un grupo de ciclistas haciendo gravel, Powys Wales, UK. \u00a9 redsnapper \/ Alamy \/ Profimedia<\/figcaption><\/figure>\n<p>De hecho, en los \u00faltimos a\u00f1os hemos visto un impulso hacia una mayor representaci\u00f3n en la publicidad y la aparici\u00f3n de varias iniciativas para introducir el ciclismo en las comunidades menos favorecidas. Sin embargo, todav\u00eda hay muchas cosas que refuerzan los estereotipos esnobistas que muchos nuevos ciclistas encuentran tan raros. Algunos defensores han se\u00f1alado que un renovado \u00e9nfasis en la utilidad de desplazarse en bicicleta podr\u00eda ayudar a disipar esta asociaci\u00f3n con la pretensi\u00f3n y, sin duda, ayudar\u00eda a que el ciclismo volviera a sus ra\u00edces de libertad y empoderamiento para todos. Entonces, \u00bfqu\u00e9 m\u00e1s podemos hacer para que esto suceda? En el inter\u00e9s de difundir la idea correcta de nuestro deporte y conseguir que m\u00e1s personas abracen la vida sobre dos ruedas &#8211; al mismo tiempo que se honra la fortaleza de aquellos que est\u00e1n ah\u00ed fuera realizando grandes haza\u00f1as en sus bicicletas &#8211; echemos un vistazo a algunas formas en que podemos recordar al p\u00fablico que el ciclismo es una actividad accesible que puede ser disfrutada por todos.<\/p>\n<h2><strong>Valora cualquier iniciativa en bici<\/strong><\/h2>\n<p>Todos nos hemos re\u00eddo mucho reconoci\u00e9ndonos en las divertidas representaciones de las diferentes facciones de ciclistas, pero es importante no dejar que la mentalidad de &#8220;nosotros contra ellos&#8221; se arraigue demasiado en nuestra psique. Ya sea que seas un fiel corredor, un ciclista de monta\u00f1a, un guerrero urbano o un m\u00e1ster, es una buena idea recordarte a ti mismo que, en alg\u00fan momento, sin importar cu\u00e1n atr\u00e1s parezca ahora, que la bicicleta fue un objeto misterioso y sin dominar. Antes de que se conquistaran las colinas, se ganaran los t\u00edtulos o se destrozaran los kom, uno ignoraba las emociones que le esperaban. Puedes y debes celebrar todas las cosas que hacen que tu estilo particular de ir en bici sea \u00fanico e impresionante, pero no lo uses como un medio para disminuir el valor de los dem\u00e1s. Seguimos siendo todos parte de la misma gran familia feliz.<\/p>\n<figure id=\"attachment_6449\" aria-describedby=\"caption-attachment-6449\" style=\"width: 1366px\" class=\"wp-caption alignnone\"><img loading=\"lazy\" decoding=\"async\" class=\"size-full wp-image-6449\" src=\"https:\/\/d2p6e6u75xmxt8.cloudfront.net\/6\/2020\/08\/Gaspi-CVR.jpg\" alt=\"\" width=\"1366\" height=\"600\" \/><figcaption id=\"caption-attachment-6449\" class=\"wp-caption-text\">Recuerda cuando empezaste a ser ciclista.<\/figcaption><\/figure>\n<h2><strong><br \/>\nEntiende que la bici puede tener un rol diferente para otra gente<\/strong><\/h2>\n<p>Hablando de aceptar diferentes tipos de ciclistas y asentir a la necesidad de aumentar la visibilidad del ciclismo utilitario, es importante recordar que cada individuo tiene una relaci\u00f3n \u00fanica con su bicicleta. Puede que disfrutes debatiendo los puntos m\u00e1s sutiles de por qu\u00e9 los frenos de zapata o de disco son mejores, pero esto simplemente no es el caso de todos. Una bici b\u00e1sica es todo lo que algunas personas quieren, necesitan o pueden permitirse. Si ves a alguien que practica una forma de ciclismo que no tiene sentido para ti, t\u00f3mate un momento para recordarte ese \u00fatil refr\u00e1n &#8220;hasta que camines una milla en los zapatos de alguien&#8230;&#8221;.<\/p>\n<h2><strong>No des consejos no pedidos<\/strong><\/h2>\n<p>Este es otro gran tema que aparece mucho en las discusiones sobre la cultura del club de ciclismo y la tienda de bicicletas. La desafortunada realidad es que un consejo inoportuno de alguien cuyo coraz\u00f3n est\u00e1 realmente en el lugar correcto puede tener consecuencias significativas y negativas. Hemos hablado de la necesidad de deshacerse de las explicaciones de los hombres y otras formas de discurso jer\u00e1rquico que tienen lugar en algunos c\u00edrculos de ciclismo, y la raz\u00f3n por la que esto es tan importante es que puede terminar desalentando a los nuevos en el deporte, y en \u00faltima instancia, tener el resultado opuesto a lo que se pretend\u00eda. Como regla general, nunca se debe suponer que un ciclista tiene o no tiene un cierto nivel de conocimientos. Del mismo modo, la capacidad f\u00edsica o la competencia ciclista de una persona no debe ser influenciada por su g\u00e9nero, el tipo de bicicleta que conduce o el vocabulario que utiliza para hablar de ello.<\/p>\n<figure id=\"attachment_6450\" aria-describedby=\"caption-attachment-6450\" style=\"width: 1250px\" class=\"wp-caption alignnone\"><img loading=\"lazy\" decoding=\"async\" class=\"size-full wp-image-6450\" src=\"https:\/\/d2p6e6u75xmxt8.cloudfront.net\/6\/2020\/08\/Friends-Cycling-Training-profimedia-0281706483.jpg\" alt=\"\" width=\"1250\" height=\"831\" \/><figcaption id=\"caption-attachment-6450\" class=\"wp-caption-text\">Good intentions don\u2019t stop harm from being done. \u00a9 redsnapper \/ Alamy \/ Profimedia<\/figcaption><\/figure>\n<h2><strong><br \/>\nMuestra inter\u00e9s por todo tipo de ciclismo<\/strong><\/h2>\n<p>De la misma manera que puede ser dif\u00edcil morderse la lengua cuando se trata de dar consejos gratuitos en un paseo en grupo local, tambi\u00e9n puede ser casi imposible mantenerla tapada cuando se ve pasar una bicicleta mal cuidada o mal montada. De nuevo, recuerda que lo que funciona para ti puede no funcionar para todos y mant\u00e9n la mente abierta. Del mismo modo, no denuncies las bicicletas el\u00e9ctricas ni los dise\u00f1os personalizados que te parezcan tontos, debemos celebrar la diversidad, la accesibilidad y la creatividad que prospera en nuestra comunidad.<\/p>\n<h2><strong>Recuerda que todos somos ciclistas<\/strong><\/h2>\n<p>Si a\u00fan no est\u00e1s convencido de que esto sea algo de lo que preocuparse, haz la b\u00fasqueda en Google por ti mismo y encontrar\u00e1s todo tipo de art\u00edculos sobre &#8220;c\u00f3mo evitar parecer un novato&#8221; en tu bicicleta. Por supuesto, es una buena idea que los nuevos ciclistas se esfuercen un poco por aprender, pero tambi\u00e9n es importante que se sientan aceptados por los ciclistas experimentados. En el fondo, la comunidad ciclista se caracteriza por su calidez, apoyo y amistad, \u00a1as\u00ed que asegur\u00e9monos de que la gente lo sepa!<\/p>\n","protected":false},"excerpt":{"rendered":"<p>\u00daltimamente ha habido muchas buenas noticias para los ciclistas. Con todo el mundo buscando formas seguras e independientes de transporte, [&hellip;]<\/p>\n","protected":false},"author":29,"featured_media":3606,"comment_status":"open","ping_status":"open","sticky":false,"template":"","format":"standard","meta":{"footnotes":""},"categories":[7,9],"tags":[],"global-categories":[],"class_list":["post-6447","post","type-post","status-publish","format-standard","has-post-thumbnail","hentry","category-carretera","category-mtb-aventura"],"yoast_head":"<!-- This site is optimized with the Yoast SEO Premium plugin v25.3 (Yoast SEO v25.9) - https:\/\/yoast.com\/wordpress\/plugins\/seo\/ -->\n<title>\u00bfEs el ciclismo elitista? - \u0160koda We Love Cycling - Spain<\/title>\n<meta name=\"description\" content=\"Estamos en camino de tener m\u00e1s ciclistas en la carretera que nunca antes. Ahora vamos a deshacernos de la idea del ciclismo elitista\" \/>\n<meta name=\"robots\" content=\"index, follow, max-snippet:-1, max-image-preview:large, max-video-preview:-1\" \/>\n<link rel=\"canonical\" href=\"https:\/\/www.welovecycling.com\/es\/2020\/08\/03\/es-el-ciclismo-elitista\/\" \/>\n<meta property=\"og:locale\" content=\"es_ES\" \/>\n<meta property=\"og:type\" content=\"article\" \/>\n<meta property=\"og:title\" content=\"\u00bfEs el ciclismo elitista?\" \/>\n<meta property=\"og:description\" content=\"Estamos en camino de tener m\u00e1s ciclistas en la carretera que nunca antes. Ahora vamos a deshacernos de la idea del ciclismo elitista\" \/>\n<meta property=\"og:url\" content=\"https:\/\/www.welovecycling.com\/es\/2020\/08\/03\/es-el-ciclismo-elitista\/\" \/>\n<meta property=\"og:site_name\" content=\"\u0160koda We Love Cycling - Spain\" \/>\n<meta property=\"article:published_time\" content=\"2020-08-03T11:18:13+00:00\" \/>\n<meta property=\"og:image\" content=\"https:\/\/d2p6e6u75xmxt8.cloudfront.net\/6\/2018\/09\/RaphaCVR.jpg\" \/>\n\t<meta property=\"og:image:width\" content=\"1366\" \/>\n\t<meta property=\"og:image:height\" content=\"600\" \/>\n\t<meta property=\"og:image:type\" content=\"image\/jpeg\" \/>\n<meta name=\"author\" content=\"We Love Cycling Spain\" \/>\n<meta name=\"twitter:card\" content=\"summary_large_image\" \/>\n<meta name=\"twitter:title\" content=\"\u00bfEs el ciclismo elitista?\" \/>\n<meta name=\"twitter:description\" content=\"Estamos en camino de tener m\u00e1s ciclistas en la carretera que nunca antes. Ahora vamos a deshacernos de la idea del ciclismo elitista\" \/>\n<meta name=\"twitter:label1\" content=\"Written by\" \/>\n\t<meta name=\"twitter:data1\" content=\"Megan Flottorp\" \/>\n\t<meta name=\"twitter:label2\" content=\"Est. reading time\" \/>\n\t<meta name=\"twitter:data2\" content=\"7\" \/>\n<script type=\"application\/ld+json\" class=\"yoast-schema-graph\">{\"@context\":\"https:\/\/schema.org\",\"@graph\":[{\"@type\":\"WebPage\",\"@id\":\"https:\/\/www.welovecycling.com\/es\/2020\/08\/03\/es-el-ciclismo-elitista\/\",\"url\":\"https:\/\/www.welovecycling.com\/es\/2020\/08\/03\/es-el-ciclismo-elitista\/\",\"name\":\"\u00bfEs el ciclismo elitista? - \u0160koda We Love Cycling - Spain\",\"isPartOf\":{\"@id\":\"https:\/\/www.welovecycling.com\/es\/#website\"},\"primaryImageOfPage\":{\"@id\":\"https:\/\/www.welovecycling.com\/es\/2020\/08\/03\/es-el-ciclismo-elitista\/#primaryimage\"},\"image\":{\"@id\":\"https:\/\/www.welovecycling.com\/es\/2020\/08\/03\/es-el-ciclismo-elitista\/#primaryimage\"},\"thumbnailUrl\":\"https:\/\/d2p6e6u75xmxt8.cloudfront.net\/6\/2018\/09\/RaphaCVR.jpg\",\"datePublished\":\"2020-08-03T11:18:13+00:00\",\"author\":{\"@id\":\"https:\/\/www.welovecycling.com\/es\/#\/schema\/person\/deb61715b5812698ee79fb96f343ccd4\"},\"description\":\"Estamos en camino de tener m\u00e1s ciclistas en la carretera que nunca antes. Ahora vamos a deshacernos de la idea del ciclismo elitista\",\"breadcrumb\":{\"@id\":\"https:\/\/www.welovecycling.com\/es\/2020\/08\/03\/es-el-ciclismo-elitista\/#breadcrumb\"},\"inLanguage\":\"es-ES\",\"potentialAction\":[{\"@type\":\"ReadAction\",\"target\":[\"https:\/\/www.welovecycling.com\/es\/2020\/08\/03\/es-el-ciclismo-elitista\/\"]}]},{\"@type\":\"ImageObject\",\"inLanguage\":\"es-ES\",\"@id\":\"https:\/\/www.welovecycling.com\/es\/2020\/08\/03\/es-el-ciclismo-elitista\/#primaryimage\",\"url\":\"https:\/\/d2p6e6u75xmxt8.cloudfront.net\/6\/2018\/09\/RaphaCVR.jpg\",\"contentUrl\":\"https:\/\/d2p6e6u75xmxt8.cloudfront.net\/6\/2018\/09\/RaphaCVR.jpg\",\"width\":1366,\"height\":600},{\"@type\":\"BreadcrumbList\",\"@id\":\"https:\/\/www.welovecycling.com\/es\/2020\/08\/03\/es-el-ciclismo-elitista\/#breadcrumb\",\"itemListElement\":[{\"@type\":\"ListItem\",\"position\":1,\"name\":\"Home\",\"item\":\"https:\/\/www.welovecycling.com\/es\/\"},{\"@type\":\"ListItem\",\"position\":2,\"name\":\"\u00bfEs el ciclismo elitista?\"}]},{\"@type\":\"WebSite\",\"@id\":\"https:\/\/www.welovecycling.com\/es\/#website\",\"url\":\"https:\/\/www.welovecycling.com\/es\/\",\"name\":\"\u0160koda We Love Cycling - Spain\",\"description\":\"\u0160koda WeLoveCycling Spain\",\"potentialAction\":[{\"@type\":\"SearchAction\",\"target\":{\"@type\":\"EntryPoint\",\"urlTemplate\":\"https:\/\/www.welovecycling.com\/es\/?s={search_term_string}\"},\"query-input\":{\"@type\":\"PropertyValueSpecification\",\"valueRequired\":true,\"valueName\":\"search_term_string\"}}],\"inLanguage\":\"es-ES\"},{\"@type\":\"Person\",\"@id\":\"https:\/\/www.welovecycling.com\/es\/#\/schema\/person\/deb61715b5812698ee79fb96f343ccd4\",\"name\":\"We Love Cycling Spain\",\"image\":{\"@type\":\"ImageObject\",\"inLanguage\":\"es-ES\",\"@id\":\"https:\/\/www.welovecycling.com\/es\/#\/schema\/person\/image\/\",\"url\":\"https:\/\/secure.gravatar.com\/avatar\/c824b04e6df0e37a03219d0b6481672889df542894588964102459e46513159c?s=96&d=mm&r=g\",\"contentUrl\":\"https:\/\/secure.gravatar.com\/avatar\/c824b04e6df0e37a03219d0b6481672889df542894588964102459e46513159c?s=96&d=mm&r=g\",\"caption\":\"We Love Cycling Spain\"},\"url\":\"https:\/\/www.welovecycling.com\/es\/author\/amunoz\/\"}]}<\/script>\n<!-- \/ Yoast SEO Premium plugin. -->","yoast_head_json":{"title":"\u00bfEs el ciclismo elitista? - \u0160koda We Love Cycling - Spain","description":"Estamos en camino de tener m\u00e1s ciclistas en la carretera que nunca antes. Ahora vamos a deshacernos de la idea del ciclismo elitista","robots":{"index":"index","follow":"follow","max-snippet":"max-snippet:-1","max-image-preview":"max-image-preview:large","max-video-preview":"max-video-preview:-1"},"canonical":"https:\/\/www.welovecycling.com\/es\/2020\/08\/03\/es-el-ciclismo-elitista\/","og_locale":"es_ES","og_type":"article","og_title":"\u00bfEs el ciclismo elitista?","og_description":"Estamos en camino de tener m\u00e1s ciclistas en la carretera que nunca antes. Ahora vamos a deshacernos de la idea del ciclismo elitista","og_url":"https:\/\/www.welovecycling.com\/es\/2020\/08\/03\/es-el-ciclismo-elitista\/","og_site_name":"\u0160koda We Love Cycling - Spain","article_published_time":"2020-08-03T11:18:13+00:00","og_image":[{"width":1366,"height":600,"url":"https:\/\/d2p6e6u75xmxt8.cloudfront.net\/6\/2018\/09\/RaphaCVR.jpg","type":"image\/jpeg"}],"author":"We Love Cycling Spain","twitter_card":"summary_large_image","twitter_title":"\u00bfEs el ciclismo elitista?","twitter_description":"Estamos en camino de tener m\u00e1s ciclistas en la carretera que nunca antes. Ahora vamos a deshacernos de la idea del ciclismo elitista","twitter_misc":{"Written by":"Megan Flottorp","Est. reading time":"7"},"schema":{"@context":"https:\/\/schema.org","@graph":[{"@type":"WebPage","@id":"https:\/\/www.welovecycling.com\/es\/2020\/08\/03\/es-el-ciclismo-elitista\/","url":"https:\/\/www.welovecycling.com\/es\/2020\/08\/03\/es-el-ciclismo-elitista\/","name":"\u00bfEs el ciclismo elitista? - \u0160koda We Love Cycling - Spain","isPartOf":{"@id":"https:\/\/www.welovecycling.com\/es\/#website"},"primaryImageOfPage":{"@id":"https:\/\/www.welovecycling.com\/es\/2020\/08\/03\/es-el-ciclismo-elitista\/#primaryimage"},"image":{"@id":"https:\/\/www.welovecycling.com\/es\/2020\/08\/03\/es-el-ciclismo-elitista\/#primaryimage"},"thumbnailUrl":"https:\/\/d2p6e6u75xmxt8.cloudfront.net\/6\/2018\/09\/RaphaCVR.jpg","datePublished":"2020-08-03T11:18:13+00:00","author":{"@id":"https:\/\/www.welovecycling.com\/es\/#\/schema\/person\/deb61715b5812698ee79fb96f343ccd4"},"description":"Estamos en camino de tener m\u00e1s ciclistas en la carretera que nunca antes. Ahora vamos a deshacernos de la idea del ciclismo elitista","breadcrumb":{"@id":"https:\/\/www.welovecycling.com\/es\/2020\/08\/03\/es-el-ciclismo-elitista\/#breadcrumb"},"inLanguage":"es-ES","potentialAction":[{"@type":"ReadAction","target":["https:\/\/www.welovecycling.com\/es\/2020\/08\/03\/es-el-ciclismo-elitista\/"]}]},{"@type":"ImageObject","inLanguage":"es-ES","@id":"https:\/\/www.welovecycling.com\/es\/2020\/08\/03\/es-el-ciclismo-elitista\/#primaryimage","url":"https:\/\/d2p6e6u75xmxt8.cloudfront.net\/6\/2018\/09\/RaphaCVR.jpg","contentUrl":"https:\/\/d2p6e6u75xmxt8.cloudfront.net\/6\/2018\/09\/RaphaCVR.jpg","width":1366,"height":600},{"@type":"BreadcrumbList","@id":"https:\/\/www.welovecycling.com\/es\/2020\/08\/03\/es-el-ciclismo-elitista\/#breadcrumb","itemListElement":[{"@type":"ListItem","position":1,"name":"Home","item":"https:\/\/www.welovecycling.com\/es\/"},{"@type":"ListItem","position":2,"name":"\u00bfEs el ciclismo elitista?"}]},{"@type":"WebSite","@id":"https:\/\/www.welovecycling.com\/es\/#website","url":"https:\/\/www.welovecycling.com\/es\/","name":"\u0160koda We Love Cycling - Spain","description":"\u0160koda WeLoveCycling Spain","potentialAction":[{"@type":"SearchAction","target":{"@type":"EntryPoint","urlTemplate":"https:\/\/www.welovecycling.com\/es\/?s={search_term_string}"},"query-input":{"@type":"PropertyValueSpecification","valueRequired":true,"valueName":"search_term_string"}}],"inLanguage":"es-ES"},{"@type":"Person","@id":"https:\/\/www.welovecycling.com\/es\/#\/schema\/person\/deb61715b5812698ee79fb96f343ccd4","name":"We Love Cycling Spain","image":{"@type":"ImageObject","inLanguage":"es-ES","@id":"https:\/\/www.welovecycling.com\/es\/#\/schema\/person\/image\/","url":"https:\/\/secure.gravatar.com\/avatar\/c824b04e6df0e37a03219d0b6481672889df542894588964102459e46513159c?s=96&d=mm&r=g","contentUrl":"https:\/\/secure.gravatar.com\/avatar\/c824b04e6df0e37a03219d0b6481672889df542894588964102459e46513159c?s=96&d=mm&r=g","caption":"We Love Cycling Spain"},"url":"https:\/\/www.welovecycling.com\/es\/author\/amunoz\/"}]}},"_links":{"self":[{"href":"https:\/\/www.welovecycling.com\/es\/wp-json\/wp\/v2\/posts\/6447","targetHints":{"allow":["GET"]}}],"collection":[{"href":"https:\/\/www.welovecycling.com\/es\/wp-json\/wp\/v2\/posts"}],"about":[{"href":"https:\/\/www.welovecycling.com\/es\/wp-json\/wp\/v2\/types\/post"}],"author":[{"embeddable":true,"href":"https:\/\/www.welovecycling.com\/es\/wp-json\/wp\/v2\/users\/29"}],"replies":[{"embeddable":true,"href":"https:\/\/www.welovecycling.com\/es\/wp-json\/wp\/v2\/comments?post=6447"}],"version-history":[{"count":2,"href":"https:\/\/www.welovecycling.com\/es\/wp-json\/wp\/v2\/posts\/6447\/revisions"}],"predecessor-version":[{"id":6453,"href":"https:\/\/www.welovecycling.com\/es\/wp-json\/wp\/v2\/posts\/6447\/revisions\/6453"}],"wp:featuredmedia":[{"embeddable":true,"href":"https:\/\/www.welovecycling.com\/es\/wp-json\/wp\/v2\/media\/3606"}],"wp:attachment":[{"href":"https:\/\/www.welovecycling.com\/es\/wp-json\/wp\/v2\/media?parent=6447"}],"wp:term":[{"taxonomy":"category","embeddable":true,"href":"https:\/\/www.welovecycling.com\/es\/wp-json\/wp\/v2\/categories?post=6447"},{"taxonomy":"post_tag","embeddable":true,"href":"https:\/\/www.welovecycling.com\/es\/wp-json\/wp\/v2\/tags?post=6447"},{"taxonomy":"global-categories","embeddable":true,"href":"https:\/\/www.welovecycling.com\/es\/wp-json\/wp\/v2\/global-categories?post=6447"}],"curies":[{"name":"wp","href":"https:\/\/api.w.org\/{rel}","templated":true}]}}