{"id":6433,"date":"2020-07-30T19:46:06","date_gmt":"2020-07-30T17:46:06","guid":{"rendered":"https:\/\/www.welovecycling.com\/es\/?p=6433"},"modified":"2020-07-30T19:46:06","modified_gmt":"2020-07-30T17:46:06","slug":"campus-joseba-beloki-araba-en-casa-del-jefe","status":"publish","type":"post","link":"https:\/\/www.welovecycling.com\/es\/2020\/07\/30\/campus-joseba-beloki-araba-en-casa-del-jefe\/","title":{"rendered":"Campus Joseba Beloki Araba, en casa del &#8216;jefe&#8217;"},"content":{"rendered":"<p><strong>No era la primera vez que hab\u00eda surgido la idea. Pero la &#8216;locura&#8217; del calendario ciclista nos hab\u00eda obligado a ir posponi\u00e9ndolo. El coronavirus detuvo todo y sirvi\u00f3 para retomar ese proyecto que hab\u00eda estado aparcado un tiempo. Joseba Beloki, Vitoria, sus carreteras de entrenamiento, las etapas de La Vuelta, su gente y, por qu\u00e9 no, la buena comida alavesa. As\u00ed surgi\u00f3 el Campus Joseba Beloki Araba\/\u00c1lava.\u00a0<\/strong><br \/>\n<!--more--><\/p>\n<p>Hab\u00eda que poner los medios para que todo funcionase. Lo primero el alojamiento. Un Hotel como el NH Canciller Ayala a un paso del centro, rodeado de parques y con f\u00e1cil salida ciclista. El veh\u00edculo de apoyo, que fue cosa del concesionario Skoda de Belabia Motor, para llevarnos el avituallamiento y con el gran Asur de mec\u00e1nico para resolver cualquier problema. Y claro est\u00e1, ciclistas. <strong>Esta vez desde Mallorca, Madrid, Guadalajara, Toledo y Vitoria, claro, para formar un grupo de lo m\u00e1s variopinto<\/strong>. No faltaron las pedaladas, pero tampoco las risas y el buen rollo, que era de lo que se trataba. Crear nuestra propia &#8216;burbuja ciclista&#8217; en la que olvidarnos de todo y centrarnos en dar pedales.<\/p>\n<p>Y como de ciclismo se trataba, pues nada mejor que echar mano de la cultura ciclista vitoriana para la primera cena de bienvenida.<strong> Pizzeria Dolomiti, regentada por Paco Galdos,<\/strong> el corredor de Lasarte que en los a\u00f1os 70 iba de podio en podio en el Giro. Que a punto estuvo de vestirse de rosa el \u00faltimo d\u00eda en Mil\u00e1n y que gan\u00f3 la etapa del Stelvio.\u00a0 Una jornada dolom\u00edtica tuvo que pensar el bueno de Paco que nos ten\u00eda preparada Beloki para el primer d\u00eda, porque la cantidad de comida de la cena daba para subir el Stelvio media docena de veces.<\/p>\n<p><a href=\"https:\/\/d2p6e6u75xmxt8.cloudfront.net\/6\/2020\/07\/Campus-Beloki-Vitoria-6.jpg\"><img loading=\"lazy\" decoding=\"async\" class=\"aligncenter size-full wp-image-6442\" src=\"https:\/\/d2p6e6u75xmxt8.cloudfront.net\/6\/2020\/07\/Campus-Beloki-Vitoria-6.jpg\" alt=\"\" width=\"1024\" height=\"768\" \/><\/a><\/p>\n<p>Lo bueno del primer d\u00eda es que los manguitos (hab\u00eda 14 grados a las 09.00) solo duraron hasta la base de <strong>Zaldiaran<\/strong>, el puerto que es la base de operaciones de casi todos los ciclistas vitorianos. Es pasar Mendizorroza y empezar a subir. Suave, sin m\u00e1s del 7% y durante poco m\u00e1s de seis kil\u00f3metros. Perfecto para entrar en calor. Bajada hacia Trevi\u00f1o (que es provincia de Burgos) y a &#8216;llanear&#8217; en busca del <strong>Alto de Abaina<\/strong>. Por que, la verdad, llano, llano, tampoco hay tanto. Repechos y repechos para ir minando la moral antes del avituallamiento de San Vicente de Arana.<\/p>\n<p>Desde all\u00ed arrancaba el puerto del d\u00eda, Opakua. Una subida que por esta vertiente va a saltos. Desniveles escasos pero casi siempre picando hasta la recta de Contrasta. Un kil\u00f3metro al 10% que es m\u00e1s visual que duro, pero que asusta con lo que puede venir despu\u00e9s. Eso s\u00ed, <strong>Opakua es benigno<\/strong>. Permite pedalear por dentro de su bosque, coronar sin dificultad y dar casi por terminada la etapa del d\u00eda. Que en 120 kil\u00f3metros sin grande puertos nos daba 1700 metros de desnivel acumulado.<\/p>\n<p><a href=\"https:\/\/d2p6e6u75xmxt8.cloudfront.net\/6\/2020\/07\/Campus-Beloki-Vitoria-8.jpg\"><img loading=\"lazy\" decoding=\"async\" class=\"aligncenter size-full wp-image-6443\" src=\"https:\/\/d2p6e6u75xmxt8.cloudfront.net\/6\/2020\/07\/Campus-Beloki-Vitoria-8.jpg\" alt=\"\" width=\"1024\" height=\"768\" \/><\/a><\/p>\n<p>Ese era uno de los conceptos. Hacer hambre y cansarse para que a la noche pudi\u00e9ramos disfrutar de las tradiciones. Un sitio ideal est\u00e1 en <strong>Askarza, en mitad de la monta\u00f1a, en la Sidrer\u00eda Trevi\u00f1o<\/strong>. Para el que no lo conozca el men\u00fa de sidrer\u00eda consiste en barra libre de sidra (de varios tipos), chorizos para picar y luego tortilla de bacalao, bacalao al pil pil, chulet\u00f3n y de postre queso, membrillo, nueces, caf\u00e9, alg\u00fan dulce t\u00edpico y pachar\u00e1n. No hay nutricionista ciclista que lo recomiende, pero, que m\u00e1s da. Est\u00e1bamos para disfrutar, no?<\/p>\n<p>La segunda etapa estaba dedicada a La Vuelta. No solo a la edici\u00f3n de 2020, sino a la Historia, con may\u00fasculas, de la carrera espa\u00f1ola. El eje central era el puerto de <strong>Ordu\u00f1a<\/strong>, un cl\u00e1sico de los a\u00f1os 70 y donde se &#8216;pegaban&#8217; <strong>Oca\u00f1a y Eddy Merckx.<\/strong> Para este<a href=\"https:\/\/www.lavuelta.es\/es\/etapa-7\" target=\"_blank\" rel=\"noopener noreferrer\"> 2020 vuelve al recorrido en la etapa 7\u00aa el martes 27 de octubre<\/a> en un trazado que ha dise\u00f1ado el propio Joseba.<\/p>\n<p>Nuestro men\u00fa era similar. Salida desde Vitoria, repechos entre bosques hasta Murgu\u00eda, el pueblo de Mikel Landa, y vistas inmejorables de Ordu\u00f1a desde el<strong> alto de la Barrerilla<\/strong>, que solo lo bajamos. Eso s\u00ed, Ordu\u00f1a se hace duro. Mucho. Para el que no lo conozca son casi nueve kil\u00f3metros, de los m\u00e1s largos del Pa\u00eds Vasco, y con desniveles siempre por encima del 8% y tramos de hasta el 12%. Sin rampones del 18%, pero constante, mantenido, perfecto para hacer distancias en carrera.<\/p>\n<p><a href=\"https:\/\/d2p6e6u75xmxt8.cloudfront.net\/6\/2020\/07\/Campus-Beloki-Vitoria-10.jpg\"><img loading=\"lazy\" decoding=\"async\" class=\"aligncenter size-full wp-image-6444\" src=\"https:\/\/d2p6e6u75xmxt8.cloudfront.net\/6\/2020\/07\/Campus-Beloki-Vitoria-10.jpg\" alt=\"\" width=\"2048\" height=\"1536\" \/><\/a><\/p>\n<p>A nosotros nos sirvi\u00f3 para dejar definitivamente el \u00faltimo bocado de queso Idiaz\u00e1bal con membrillo de la sidrer\u00eda y abrir hueco para el avituallamiento de la cima. Bajada hacia Espejo y rumbo a <strong>Salinas de A\u00f1ana<\/strong>, uno de esos lugares que merece la pena visitar. Por su historia y por el repecho que tiene a la salida, que es de eso que te hacen de crecer el cuello.<\/p>\n<p>Otros<strong> 120 kil\u00f3metros y 1.500 metros de desnivel m\u00e1s<\/strong>. As\u00ed que por la tarde hab\u00eda que soltar piernas para conocer Vitoria en un dia &#8216;especial&#8217;. En otros circunstancias habr\u00eda sido de fiesta grande y desmadre. Ambiente hab\u00eda, pero menos. Pero suficiente para que Joseba nos ense\u00f1ara la<strong> parte vieja y medieval de la ciudad.<\/strong> Otro de los alicientes de estos viajes, conocer, aprender, experimentar, ver, descubrir y claro, comer.<\/p>\n<p><a href=\"https:\/\/d2p6e6u75xmxt8.cloudfront.net\/6\/2020\/07\/Campus-Beloki-Vitoria-4.jpg\"><img loading=\"lazy\" decoding=\"async\" class=\"aligncenter size-full wp-image-6445\" src=\"https:\/\/d2p6e6u75xmxt8.cloudfront.net\/6\/2020\/07\/Campus-Beloki-Vitoria-4.jpg\" alt=\"\" width=\"1024\" height=\"768\" \/><\/a><\/p>\n<p>Para la \u00faltima jornada quedaba la versi\u00f3n m\u00e1s light, que ya picaban las piernas. Hacia la <strong>zona m\u00e1s verde de Araba, el pantano de Ulibarri-Gamboa<\/strong>. Paisajes de ensue\u00f1o que no solo nos gustaron a nosotros, sino a todos los cicloturistas alaveses. Grupetas y grupetas rodeando un entorno ideal para el ciclismo. Y que, si te quedas con ganas, siempre puedes tirar direcci\u00f3n a Urkiola.<\/p>\n<p>Para nosotros fue la \u00faltima estaci\u00f3n de un Campus en casa del &#8216;jefe&#8217;. Una despedida de esas que sabes que son solo por un corto espacio de tiempo y que el ciclismo (o la comida) nos va a volver a reunir en cualquier otro lugar.<\/p>\n","protected":false},"excerpt":{"rendered":"<p>No era la primera vez que hab\u00eda surgido la idea. Pero la &#8216;locura&#8217; del calendario ciclista nos hab\u00eda obligado a [&hellip;]<\/p>\n","protected":false},"author":29,"featured_media":6441,"comment_status":"open","ping_status":"open","sticky":false,"template":"","format":"standard","meta":{"footnotes":""},"categories":[7],"tags":[1669,1670,1671,1672],"global-categories":[1164],"class_list":["post-6433","post","type-post","status-publish","format-standard","has-post-thumbnail","hentry","category-carretera","tag-campus-beloki","tag-campus-beloki-araba","tag-cicloturismo-alava","tag-skoda-belabia","global-categories-cycling"],"yoast_head":"<!-- This site is optimized with the Yoast SEO Premium plugin v25.3 (Yoast SEO v25.9) - https:\/\/yoast.com\/wordpress\/plugins\/seo\/ -->\n<title>Campus Joseba Beloki Araba, en casa del &#039;jefe&#039; - \u0160koda We Love Cycling - Spain<\/title>\n<meta name=\"description\" content=\"Campus Joseba Beloki Araba, en casa del &#039;jefe&#039;. Patrocinado por Skoda Belabia Mortor de Vitoria. Conociendo las tierras vitorianas.\" \/>\n<meta name=\"robots\" content=\"index, follow, max-snippet:-1, max-image-preview:large, max-video-preview:-1\" \/>\n<link rel=\"canonical\" href=\"https:\/\/www.welovecycling.com\/es\/2020\/07\/30\/campus-joseba-beloki-araba-en-casa-del-jefe\/\" \/>\n<meta property=\"og:locale\" content=\"es_ES\" \/>\n<meta property=\"og:type\" content=\"article\" \/>\n<meta property=\"og:title\" content=\"Campus Joseba Beloki Araba, en casa del &#039;jefe&#039;\" \/>\n<meta property=\"og:description\" content=\"Campus Joseba Beloki Araba, en casa del &#039;jefe&#039;. Patrocinado por Skoda Belabia Mortor de Vitoria. Conociendo las tierras vitorianas.\" \/>\n<meta property=\"og:url\" content=\"https:\/\/www.welovecycling.com\/es\/2020\/07\/30\/campus-joseba-beloki-araba-en-casa-del-jefe\/\" \/>\n<meta property=\"og:site_name\" content=\"\u0160koda We Love Cycling - Spain\" \/>\n<meta property=\"article:published_time\" content=\"2020-07-30T17:46:06+00:00\" \/>\n<meta property=\"og:image\" content=\"https:\/\/d2p6e6u75xmxt8.cloudfront.net\/6\/2020\/07\/Campus-Beloki-Vitoria-1.jpg\" \/>\n\t<meta property=\"og:image:width\" content=\"1024\" \/>\n\t<meta property=\"og:image:height\" content=\"768\" \/>\n\t<meta property=\"og:image:type\" content=\"image\/jpeg\" \/>\n<meta name=\"author\" content=\"We Love Cycling Spain\" \/>\n<meta name=\"twitter:card\" content=\"summary_large_image\" \/>\n<meta name=\"twitter:title\" content=\"Campus Joseba Beloki Araba, en casa del &#039;jefe&#039;\" \/>\n<meta name=\"twitter:description\" content=\"Campus Joseba Beloki Araba, en casa del &#039;jefe&#039;. Patrocinado por Skoda Belabia Motor de Vitoria. Conociendo las tierras vitorianas.\" \/>\n<meta name=\"twitter:label1\" content=\"Written by\" \/>\n\t<meta name=\"twitter:data1\" content=\"We Love Cycling Spain\" \/>\n\t<meta name=\"twitter:label2\" content=\"Est. reading time\" \/>\n\t<meta name=\"twitter:data2\" content=\"5 minutes\" \/>\n<script type=\"application\/ld+json\" class=\"yoast-schema-graph\">{\"@context\":\"https:\/\/schema.org\",\"@graph\":[{\"@type\":\"WebPage\",\"@id\":\"https:\/\/www.welovecycling.com\/es\/2020\/07\/30\/campus-joseba-beloki-araba-en-casa-del-jefe\/\",\"url\":\"https:\/\/www.welovecycling.com\/es\/2020\/07\/30\/campus-joseba-beloki-araba-en-casa-del-jefe\/\",\"name\":\"Campus Joseba Beloki Araba, en casa del 'jefe' - \u0160koda We Love Cycling - Spain\",\"isPartOf\":{\"@id\":\"https:\/\/www.welovecycling.com\/es\/#website\"},\"primaryImageOfPage\":{\"@id\":\"https:\/\/www.welovecycling.com\/es\/2020\/07\/30\/campus-joseba-beloki-araba-en-casa-del-jefe\/#primaryimage\"},\"image\":{\"@id\":\"https:\/\/www.welovecycling.com\/es\/2020\/07\/30\/campus-joseba-beloki-araba-en-casa-del-jefe\/#primaryimage\"},\"thumbnailUrl\":\"https:\/\/d2p6e6u75xmxt8.cloudfront.net\/6\/2020\/07\/Campus-Beloki-Vitoria-1.jpg\",\"datePublished\":\"2020-07-30T17:46:06+00:00\",\"author\":{\"@id\":\"https:\/\/www.welovecycling.com\/es\/#\/schema\/person\/deb61715b5812698ee79fb96f343ccd4\"},\"description\":\"Campus Joseba Beloki Araba, en casa del 'jefe'. Patrocinado por Skoda Belabia Mortor de Vitoria. Conociendo las tierras vitorianas.\",\"breadcrumb\":{\"@id\":\"https:\/\/www.welovecycling.com\/es\/2020\/07\/30\/campus-joseba-beloki-araba-en-casa-del-jefe\/#breadcrumb\"},\"inLanguage\":\"es-ES\",\"potentialAction\":[{\"@type\":\"ReadAction\",\"target\":[\"https:\/\/www.welovecycling.com\/es\/2020\/07\/30\/campus-joseba-beloki-araba-en-casa-del-jefe\/\"]}]},{\"@type\":\"ImageObject\",\"inLanguage\":\"es-ES\",\"@id\":\"https:\/\/www.welovecycling.com\/es\/2020\/07\/30\/campus-joseba-beloki-araba-en-casa-del-jefe\/#primaryimage\",\"url\":\"https:\/\/d2p6e6u75xmxt8.cloudfront.net\/6\/2020\/07\/Campus-Beloki-Vitoria-1.jpg\",\"contentUrl\":\"https:\/\/d2p6e6u75xmxt8.cloudfront.net\/6\/2020\/07\/Campus-Beloki-Vitoria-1.jpg\",\"width\":1024,\"height\":768},{\"@type\":\"BreadcrumbList\",\"@id\":\"https:\/\/www.welovecycling.com\/es\/2020\/07\/30\/campus-joseba-beloki-araba-en-casa-del-jefe\/#breadcrumb\",\"itemListElement\":[{\"@type\":\"ListItem\",\"position\":1,\"name\":\"Home\",\"item\":\"https:\/\/www.welovecycling.com\/es\/\"},{\"@type\":\"ListItem\",\"position\":2,\"name\":\"Campus Joseba Beloki Araba, en casa del &#8216;jefe&#8217;\"}]},{\"@type\":\"WebSite\",\"@id\":\"https:\/\/www.welovecycling.com\/es\/#website\",\"url\":\"https:\/\/www.welovecycling.com\/es\/\",\"name\":\"\u0160koda We Love Cycling - Spain\",\"description\":\"\u0160koda WeLoveCycling Spain\",\"potentialAction\":[{\"@type\":\"SearchAction\",\"target\":{\"@type\":\"EntryPoint\",\"urlTemplate\":\"https:\/\/www.welovecycling.com\/es\/?s={search_term_string}\"},\"query-input\":{\"@type\":\"PropertyValueSpecification\",\"valueRequired\":true,\"valueName\":\"search_term_string\"}}],\"inLanguage\":\"es-ES\"},{\"@type\":\"Person\",\"@id\":\"https:\/\/www.welovecycling.com\/es\/#\/schema\/person\/deb61715b5812698ee79fb96f343ccd4\",\"name\":\"We Love Cycling Spain\",\"image\":{\"@type\":\"ImageObject\",\"inLanguage\":\"es-ES\",\"@id\":\"https:\/\/www.welovecycling.com\/es\/#\/schema\/person\/image\/\",\"url\":\"https:\/\/secure.gravatar.com\/avatar\/c824b04e6df0e37a03219d0b6481672889df542894588964102459e46513159c?s=96&d=mm&r=g\",\"contentUrl\":\"https:\/\/secure.gravatar.com\/avatar\/c824b04e6df0e37a03219d0b6481672889df542894588964102459e46513159c?s=96&d=mm&r=g\",\"caption\":\"We Love Cycling Spain\"},\"url\":\"https:\/\/www.welovecycling.com\/es\/author\/amunoz\/\"}]}<\/script>\n<!-- \/ Yoast SEO Premium plugin. -->","yoast_head_json":{"title":"Campus Joseba Beloki Araba, en casa del 'jefe' - \u0160koda We Love Cycling - Spain","description":"Campus Joseba Beloki Araba, en casa del 'jefe'. Patrocinado por Skoda Belabia Mortor de Vitoria. Conociendo las tierras vitorianas.","robots":{"index":"index","follow":"follow","max-snippet":"max-snippet:-1","max-image-preview":"max-image-preview:large","max-video-preview":"max-video-preview:-1"},"canonical":"https:\/\/www.welovecycling.com\/es\/2020\/07\/30\/campus-joseba-beloki-araba-en-casa-del-jefe\/","og_locale":"es_ES","og_type":"article","og_title":"Campus Joseba Beloki Araba, en casa del 'jefe'","og_description":"Campus Joseba Beloki Araba, en casa del 'jefe'. Patrocinado por Skoda Belabia Mortor de Vitoria. Conociendo las tierras vitorianas.","og_url":"https:\/\/www.welovecycling.com\/es\/2020\/07\/30\/campus-joseba-beloki-araba-en-casa-del-jefe\/","og_site_name":"\u0160koda We Love Cycling - Spain","article_published_time":"2020-07-30T17:46:06+00:00","og_image":[{"width":1024,"height":768,"url":"https:\/\/d2p6e6u75xmxt8.cloudfront.net\/6\/2020\/07\/Campus-Beloki-Vitoria-1.jpg","type":"image\/jpeg"}],"author":"We Love Cycling Spain","twitter_card":"summary_large_image","twitter_title":"Campus Joseba Beloki Araba, en casa del 'jefe'","twitter_description":"Campus Joseba Beloki Araba, en casa del 'jefe'. Patrocinado por Skoda Belabia Motor de Vitoria. Conociendo las tierras vitorianas.","twitter_misc":{"Written by":"We Love Cycling Spain","Est. reading time":"5 minutes"},"schema":{"@context":"https:\/\/schema.org","@graph":[{"@type":"WebPage","@id":"https:\/\/www.welovecycling.com\/es\/2020\/07\/30\/campus-joseba-beloki-araba-en-casa-del-jefe\/","url":"https:\/\/www.welovecycling.com\/es\/2020\/07\/30\/campus-joseba-beloki-araba-en-casa-del-jefe\/","name":"Campus Joseba Beloki Araba, en casa del 'jefe' - \u0160koda We Love Cycling - Spain","isPartOf":{"@id":"https:\/\/www.welovecycling.com\/es\/#website"},"primaryImageOfPage":{"@id":"https:\/\/www.welovecycling.com\/es\/2020\/07\/30\/campus-joseba-beloki-araba-en-casa-del-jefe\/#primaryimage"},"image":{"@id":"https:\/\/www.welovecycling.com\/es\/2020\/07\/30\/campus-joseba-beloki-araba-en-casa-del-jefe\/#primaryimage"},"thumbnailUrl":"https:\/\/d2p6e6u75xmxt8.cloudfront.net\/6\/2020\/07\/Campus-Beloki-Vitoria-1.jpg","datePublished":"2020-07-30T17:46:06+00:00","author":{"@id":"https:\/\/www.welovecycling.com\/es\/#\/schema\/person\/deb61715b5812698ee79fb96f343ccd4"},"description":"Campus Joseba Beloki Araba, en casa del 'jefe'. Patrocinado por Skoda Belabia Mortor de Vitoria. Conociendo las tierras vitorianas.","breadcrumb":{"@id":"https:\/\/www.welovecycling.com\/es\/2020\/07\/30\/campus-joseba-beloki-araba-en-casa-del-jefe\/#breadcrumb"},"inLanguage":"es-ES","potentialAction":[{"@type":"ReadAction","target":["https:\/\/www.welovecycling.com\/es\/2020\/07\/30\/campus-joseba-beloki-araba-en-casa-del-jefe\/"]}]},{"@type":"ImageObject","inLanguage":"es-ES","@id":"https:\/\/www.welovecycling.com\/es\/2020\/07\/30\/campus-joseba-beloki-araba-en-casa-del-jefe\/#primaryimage","url":"https:\/\/d2p6e6u75xmxt8.cloudfront.net\/6\/2020\/07\/Campus-Beloki-Vitoria-1.jpg","contentUrl":"https:\/\/d2p6e6u75xmxt8.cloudfront.net\/6\/2020\/07\/Campus-Beloki-Vitoria-1.jpg","width":1024,"height":768},{"@type":"BreadcrumbList","@id":"https:\/\/www.welovecycling.com\/es\/2020\/07\/30\/campus-joseba-beloki-araba-en-casa-del-jefe\/#breadcrumb","itemListElement":[{"@type":"ListItem","position":1,"name":"Home","item":"https:\/\/www.welovecycling.com\/es\/"},{"@type":"ListItem","position":2,"name":"Campus Joseba Beloki Araba, en casa del &#8216;jefe&#8217;"}]},{"@type":"WebSite","@id":"https:\/\/www.welovecycling.com\/es\/#website","url":"https:\/\/www.welovecycling.com\/es\/","name":"\u0160koda We Love Cycling - Spain","description":"\u0160koda WeLoveCycling Spain","potentialAction":[{"@type":"SearchAction","target":{"@type":"EntryPoint","urlTemplate":"https:\/\/www.welovecycling.com\/es\/?s={search_term_string}"},"query-input":{"@type":"PropertyValueSpecification","valueRequired":true,"valueName":"search_term_string"}}],"inLanguage":"es-ES"},{"@type":"Person","@id":"https:\/\/www.welovecycling.com\/es\/#\/schema\/person\/deb61715b5812698ee79fb96f343ccd4","name":"We Love Cycling Spain","image":{"@type":"ImageObject","inLanguage":"es-ES","@id":"https:\/\/www.welovecycling.com\/es\/#\/schema\/person\/image\/","url":"https:\/\/secure.gravatar.com\/avatar\/c824b04e6df0e37a03219d0b6481672889df542894588964102459e46513159c?s=96&d=mm&r=g","contentUrl":"https:\/\/secure.gravatar.com\/avatar\/c824b04e6df0e37a03219d0b6481672889df542894588964102459e46513159c?s=96&d=mm&r=g","caption":"We Love Cycling Spain"},"url":"https:\/\/www.welovecycling.com\/es\/author\/amunoz\/"}]}},"_links":{"self":[{"href":"https:\/\/www.welovecycling.com\/es\/wp-json\/wp\/v2\/posts\/6433","targetHints":{"allow":["GET"]}}],"collection":[{"href":"https:\/\/www.welovecycling.com\/es\/wp-json\/wp\/v2\/posts"}],"about":[{"href":"https:\/\/www.welovecycling.com\/es\/wp-json\/wp\/v2\/types\/post"}],"author":[{"embeddable":true,"href":"https:\/\/www.welovecycling.com\/es\/wp-json\/wp\/v2\/users\/29"}],"replies":[{"embeddable":true,"href":"https:\/\/www.welovecycling.com\/es\/wp-json\/wp\/v2\/comments?post=6433"}],"version-history":[{"count":2,"href":"https:\/\/www.welovecycling.com\/es\/wp-json\/wp\/v2\/posts\/6433\/revisions"}],"predecessor-version":[{"id":6446,"href":"https:\/\/www.welovecycling.com\/es\/wp-json\/wp\/v2\/posts\/6433\/revisions\/6446"}],"wp:featuredmedia":[{"embeddable":true,"href":"https:\/\/www.welovecycling.com\/es\/wp-json\/wp\/v2\/media\/6441"}],"wp:attachment":[{"href":"https:\/\/www.welovecycling.com\/es\/wp-json\/wp\/v2\/media?parent=6433"}],"wp:term":[{"taxonomy":"category","embeddable":true,"href":"https:\/\/www.welovecycling.com\/es\/wp-json\/wp\/v2\/categories?post=6433"},{"taxonomy":"post_tag","embeddable":true,"href":"https:\/\/www.welovecycling.com\/es\/wp-json\/wp\/v2\/tags?post=6433"},{"taxonomy":"global-categories","embeddable":true,"href":"https:\/\/www.welovecycling.com\/es\/wp-json\/wp\/v2\/global-categories?post=6433"}],"curies":[{"name":"wp","href":"https:\/\/api.w.org\/{rel}","templated":true}]}}