{"id":6424,"date":"2020-07-26T22:32:06","date_gmt":"2020-07-26T20:32:06","guid":{"rendered":"https:\/\/www.welovecycling.com\/es\/?p=6424"},"modified":"2020-07-26T22:32:06","modified_gmt":"2020-07-26T20:32:06","slug":"durango-emakumeen-saria","status":"publish","type":"post","link":"https:\/\/www.welovecycling.com\/es\/2020\/07\/26\/durango-emakumeen-saria\/","title":{"rendered":"Durango Emakumeen Saria, el ciclismo profesional vuelve al Pa\u00eds Vasco"},"content":{"rendered":"<p><strong>&#8220;Todos con mascarilla y guardando la distancia de seguridad, por favor&#8221;. El que grita es un voluntario de la Durango Emakumeen Saria. El lugar, la subida a Goiuria en pleno duranguesado y rodeado de monta\u00f1as verdes. Un lugar id\u00edlico. Es la ascensi\u00f3n que decidir\u00e1 la carrera a solo siete kil\u00f3metros de meta. Las voces van dirigidas al p\u00fablico que se ha reunido para ver la primera carrera profesional en el Pa\u00eds Vasco despu\u00e9s de la crisis de coronavirus. No hay m\u00e1s de 200 personas, pero hay ambiente, la afici\u00f3n vasca nunca falla. Ya echaba de menos gritar en la cuneta.<\/strong><br \/>\n<!--more--><\/p>\n<p>Es parte de la nueva normalidad del ciclismo que se acaba de estrenar. Las <strong>mascarilla es el complemento obligatorio para todos y en todo momento<\/strong>. Da igual que seas p\u00fablico, juez, voluntario, organizador, director de equipo o auxiliar. Solo te libras de llevarla si eres ciclista y el juez ya ha dado el pistoletazo de salida. Justo al pasar la meta deber\u00e1s volver a ponertela. Si pinchas y te tienes que subir al coche de equipo, tambi\u00e9n. Si vas a la linea de comienzo, igual.<\/p>\n<p>La organizaci\u00f3n ha tenido que hacer un esfuerzo supremo para cumplir todos los protocolos que exige la UCI. La zona de salida y coches separada del p\u00fablico y todas las ciclistas y miembros de la organizaci\u00f3n con <strong>PCR negativa hecha como muy tarde tres d\u00edas antes.<\/strong> Si no, no se puede correr. Ya lo saben una decena de equipos que no pudieron debutar en la Vuelta a Navarra, la primera carrera de la nueva normalidad, porque sus controles no llegaron a tiempo.<\/p>\n<p><a href=\"https:\/\/d2p6e6u75xmxt8.cloudfront.net\/6\/2020\/07\/Van-vleuten.jpg\"><img loading=\"lazy\" decoding=\"async\" class=\"aligncenter size-full wp-image-6428\" src=\"https:\/\/d2p6e6u75xmxt8.cloudfront.net\/6\/2020\/07\/Van-vleuten.jpg\" alt=\"\" width=\"1024\" height=\"690\" \/><\/a><\/p>\n<p>Otras, como las chicas del <strong>CCC-Liv<\/strong>, descartaron su participaci\u00f3n de las dos carreras navarras. La tasa de contagios esos d\u00edas en la regi\u00f3n superaba el l\u00edmite aconsejado por la UCI. El conjunto de Marian Vos no se puso el dorsal. Dos d\u00edas despu\u00e9s y a solo 100 kil\u00f3metros, en Vizcaya, si se daban las condiciones y corrieron. Cosas de las nuevas normas.<\/p>\n<p>Cuando los jueces levantan la bandera casi todo vuelve a la normalidad<strong>. Un pelot\u00f3n de 130 chicas con 23 equipos y muchas diferencias entre ellas.<\/strong> Desde las World Tour, Mitchelton Scott, Boels, Ale o Movistar Team a los equipos locales, Rio Mera, Sopela, Laboral Kutxa, Massi o Belori. Las primeras buscan la victoria, aunque si est\u00e1 Van Vleuten las cosas suelen estar bastante claras. Las segundas, acabar la carrera y no llegar fuera de control.<\/p>\n<p>A las primeras de cambio, en la primera vuelta al circuito de Elorrio, algunas ya lo dejan por imposible. <strong>&#8220;El puerto, como si no existiera. Iban subiendo a 40 por hora<\/strong>&#8220;. Son cinco vueltas que dejan en un 70% el pelot\u00f3n, que se acaba de romper en la primera subida a Goiuria, cinco kil\u00f3metros al 5% de media. Suficiente para que lo intente Mavi Garc\u00eda, la mallorquina del Al\u00e9, que ya acab\u00f3 segunda en Pamplona. Corona con solo 10 segundos sobre el grupo de las favoritas, de poco m\u00e1s de veinte ciclista. El resto ya solo piensa en acabar.<\/p>\n<p><a href=\"https:\/\/d2p6e6u75xmxt8.cloudfront.net\/6\/2020\/07\/Mavi-Garcia.jpg\"><img loading=\"lazy\" decoding=\"async\" class=\"aligncenter size-full wp-image-6429\" src=\"https:\/\/d2p6e6u75xmxt8.cloudfront.net\/6\/2020\/07\/Mavi-Garcia.jpg\" alt=\"\" width=\"1024\" height=\"844\" \/><\/a><\/p>\n<p>La segunda subida a Goiuria, por su vertiente m\u00e1s dura, con una parte central al 10%. Deja todo claro. <strong>Van Vleuten<\/strong>, campeona del mundo y dominadora tambi\u00e9n de la nueva normalidad, rompe la carrera. Corona con 15 segundos sobre <strong>Anna Van der Breggen<\/strong>, su habitual rival. Suficiente para ganar en meta. Por detr\u00e1s de ambas Longo Borghini y Kampenburg a m\u00e1s de un minuto. El primer grupo, con 10 ciclistas, a m\u00e1s de 1.30. En \u00e9l van las tres mejores escaladoras espa\u00f1oles, Mavi Garc\u00eda, Santesteban y Eider Merino. <a href=\"https:\/\/www.procyclingstats.com\/race\/durango-durango-emakumeen-saria\/2020\/result\" target=\"_blank\" rel=\"noopener noreferrer\">Dentro de control solo acaban 88, el resto o retiradas o a m\u00e1s de 13 minutos de la holandesa Van Vleuten.<\/a><\/p>\n<p>Eso s\u00ed, la carrera ha conseguido movilizar el inter\u00e9s. <strong>Marino Lejarreta<\/strong>, que tiene casa a pocos kil\u00f3metros, anima en la cuneta. Tambi\u00e9n Amets Txurruka. Los dos ex profesionales y con ganas de volver a ver carreras ciclistas en directo. Se echaba de menos.<\/p>\n","protected":false},"excerpt":{"rendered":"<p>&#8220;Todos con mascarilla y guardando la distancia de seguridad, por favor&#8221;. El que grita es un voluntario de la Durango [&hellip;]<\/p>\n","protected":false},"author":29,"featured_media":6427,"comment_status":"open","ping_status":"open","sticky":false,"template":"","format":"standard","meta":{"footnotes":""},"categories":[7],"tags":[1668,1667,1665,1666],"global-categories":[1164],"class_list":["post-6424","post","type-post","status-publish","format-standard","has-post-thumbnail","hentry","category-carretera","tag-ciclismo-femenio","tag-ciclismo-post-covid","tag-durango-emakumeen-saria","tag-el-ciclismo-profesional-vuelve-al-pais-vasco","global-categories-cycling"],"yoast_head":"<!-- This site is optimized with the Yoast SEO Premium plugin v25.3 (Yoast SEO v25.9) - https:\/\/yoast.com\/wordpress\/plugins\/seo\/ -->\n<title>Durango Emakumeen Saria, el ciclismo profesional vuelve al Pa\u00eds Vasco - \u0160koda We Love Cycling - Spain<\/title>\n<meta name=\"description\" content=\"Durango Emakumeen Saria, el ciclismo profesional vuelve al Pa\u00eds Vasco. As\u00ed fue la primera carrera ciclista profesional del Pa\u00eds Vasco.\" \/>\n<meta name=\"robots\" content=\"index, follow, max-snippet:-1, max-image-preview:large, max-video-preview:-1\" \/>\n<link rel=\"canonical\" href=\"https:\/\/www.welovecycling.com\/es\/2020\/07\/26\/durango-emakumeen-saria\/\" \/>\n<meta property=\"og:locale\" content=\"es_ES\" \/>\n<meta property=\"og:type\" content=\"article\" \/>\n<meta property=\"og:title\" content=\"Durango Emakumeen Saria, el ciclismo profesional vuelve al Pa\u00eds Vasco\" \/>\n<meta property=\"og:description\" content=\"Durango Emakumeen Saria, el ciclismo profesional vuelve al Pa\u00eds Vasco\" \/>\n<meta property=\"og:url\" content=\"https:\/\/www.welovecycling.com\/es\/2020\/07\/26\/durango-emakumeen-saria\/\" \/>\n<meta property=\"og:site_name\" content=\"\u0160koda We Love Cycling - Spain\" \/>\n<meta property=\"article:published_time\" content=\"2020-07-26T20:32:06+00:00\" \/>\n<meta property=\"og:image\" content=\"https:\/\/d2p6e6u75xmxt8.cloudfront.net\/6\/2020\/07\/portada.jpg\" \/>\n\t<meta property=\"og:image:width\" content=\"1024\" \/>\n\t<meta property=\"og:image:height\" content=\"552\" \/>\n\t<meta property=\"og:image:type\" content=\"image\/jpeg\" \/>\n<meta name=\"author\" content=\"We Love Cycling Spain\" \/>\n<meta name=\"twitter:card\" content=\"summary_large_image\" \/>\n<meta name=\"twitter:title\" content=\"Durango Emakumeen Saria, el ciclismo profesional vuelve al Pa\u00eds Vasco\" \/>\n<meta name=\"twitter:description\" content=\"Durango Emakumeen Saria, el ciclismo profesional vuelve al Pa\u00eds Vasco\" \/>\n<meta name=\"twitter:label1\" content=\"Written by\" \/>\n\t<meta name=\"twitter:data1\" content=\"Luis Ortega @ciclored\" \/>\n\t<meta name=\"twitter:label2\" content=\"Est. reading time\" \/>\n\t<meta name=\"twitter:data2\" content=\"3 minutes\" \/>\n<script type=\"application\/ld+json\" class=\"yoast-schema-graph\">{\"@context\":\"https:\/\/schema.org\",\"@graph\":[{\"@type\":\"WebPage\",\"@id\":\"https:\/\/www.welovecycling.com\/es\/2020\/07\/26\/durango-emakumeen-saria\/\",\"url\":\"https:\/\/www.welovecycling.com\/es\/2020\/07\/26\/durango-emakumeen-saria\/\",\"name\":\"Durango Emakumeen Saria, el ciclismo profesional vuelve al Pa\u00eds Vasco - \u0160koda We Love Cycling - Spain\",\"isPartOf\":{\"@id\":\"https:\/\/www.welovecycling.com\/es\/#website\"},\"primaryImageOfPage\":{\"@id\":\"https:\/\/www.welovecycling.com\/es\/2020\/07\/26\/durango-emakumeen-saria\/#primaryimage\"},\"image\":{\"@id\":\"https:\/\/www.welovecycling.com\/es\/2020\/07\/26\/durango-emakumeen-saria\/#primaryimage\"},\"thumbnailUrl\":\"https:\/\/d2p6e6u75xmxt8.cloudfront.net\/6\/2020\/07\/portada.jpg\",\"datePublished\":\"2020-07-26T20:32:06+00:00\",\"author\":{\"@id\":\"https:\/\/www.welovecycling.com\/es\/#\/schema\/person\/deb61715b5812698ee79fb96f343ccd4\"},\"description\":\"Durango Emakumeen Saria, el ciclismo profesional vuelve al Pa\u00eds Vasco. As\u00ed fue la primera carrera ciclista profesional del Pa\u00eds Vasco.\",\"breadcrumb\":{\"@id\":\"https:\/\/www.welovecycling.com\/es\/2020\/07\/26\/durango-emakumeen-saria\/#breadcrumb\"},\"inLanguage\":\"es-ES\",\"potentialAction\":[{\"@type\":\"ReadAction\",\"target\":[\"https:\/\/www.welovecycling.com\/es\/2020\/07\/26\/durango-emakumeen-saria\/\"]}]},{\"@type\":\"ImageObject\",\"inLanguage\":\"es-ES\",\"@id\":\"https:\/\/www.welovecycling.com\/es\/2020\/07\/26\/durango-emakumeen-saria\/#primaryimage\",\"url\":\"https:\/\/d2p6e6u75xmxt8.cloudfront.net\/6\/2020\/07\/portada.jpg\",\"contentUrl\":\"https:\/\/d2p6e6u75xmxt8.cloudfront.net\/6\/2020\/07\/portada.jpg\",\"width\":1024,\"height\":552},{\"@type\":\"BreadcrumbList\",\"@id\":\"https:\/\/www.welovecycling.com\/es\/2020\/07\/26\/durango-emakumeen-saria\/#breadcrumb\",\"itemListElement\":[{\"@type\":\"ListItem\",\"position\":1,\"name\":\"Home\",\"item\":\"https:\/\/www.welovecycling.com\/es\/\"},{\"@type\":\"ListItem\",\"position\":2,\"name\":\"Durango Emakumeen Saria, el ciclismo profesional vuelve al Pa\u00eds Vasco\"}]},{\"@type\":\"WebSite\",\"@id\":\"https:\/\/www.welovecycling.com\/es\/#website\",\"url\":\"https:\/\/www.welovecycling.com\/es\/\",\"name\":\"\u0160koda We Love Cycling - Spain\",\"description\":\"\u0160koda WeLoveCycling Spain\",\"potentialAction\":[{\"@type\":\"SearchAction\",\"target\":{\"@type\":\"EntryPoint\",\"urlTemplate\":\"https:\/\/www.welovecycling.com\/es\/?s={search_term_string}\"},\"query-input\":{\"@type\":\"PropertyValueSpecification\",\"valueRequired\":true,\"valueName\":\"search_term_string\"}}],\"inLanguage\":\"es-ES\"},{\"@type\":\"Person\",\"@id\":\"https:\/\/www.welovecycling.com\/es\/#\/schema\/person\/deb61715b5812698ee79fb96f343ccd4\",\"name\":\"We Love Cycling Spain\",\"image\":{\"@type\":\"ImageObject\",\"inLanguage\":\"es-ES\",\"@id\":\"https:\/\/www.welovecycling.com\/es\/#\/schema\/person\/image\/\",\"url\":\"https:\/\/secure.gravatar.com\/avatar\/c824b04e6df0e37a03219d0b6481672889df542894588964102459e46513159c?s=96&d=mm&r=g\",\"contentUrl\":\"https:\/\/secure.gravatar.com\/avatar\/c824b04e6df0e37a03219d0b6481672889df542894588964102459e46513159c?s=96&d=mm&r=g\",\"caption\":\"We Love Cycling Spain\"},\"url\":\"https:\/\/www.welovecycling.com\/es\/author\/amunoz\/\"}]}<\/script>\n<!-- \/ Yoast SEO Premium plugin. -->","yoast_head_json":{"title":"Durango Emakumeen Saria, el ciclismo profesional vuelve al Pa\u00eds Vasco - \u0160koda We Love Cycling - Spain","description":"Durango Emakumeen Saria, el ciclismo profesional vuelve al Pa\u00eds Vasco. As\u00ed fue la primera carrera ciclista profesional del Pa\u00eds Vasco.","robots":{"index":"index","follow":"follow","max-snippet":"max-snippet:-1","max-image-preview":"max-image-preview:large","max-video-preview":"max-video-preview:-1"},"canonical":"https:\/\/www.welovecycling.com\/es\/2020\/07\/26\/durango-emakumeen-saria\/","og_locale":"es_ES","og_type":"article","og_title":"Durango Emakumeen Saria, el ciclismo profesional vuelve al Pa\u00eds Vasco","og_description":"Durango Emakumeen Saria, el ciclismo profesional vuelve al Pa\u00eds Vasco","og_url":"https:\/\/www.welovecycling.com\/es\/2020\/07\/26\/durango-emakumeen-saria\/","og_site_name":"\u0160koda We Love Cycling - Spain","article_published_time":"2020-07-26T20:32:06+00:00","og_image":[{"width":1024,"height":552,"url":"https:\/\/d2p6e6u75xmxt8.cloudfront.net\/6\/2020\/07\/portada.jpg","type":"image\/jpeg"}],"author":"We Love Cycling Spain","twitter_card":"summary_large_image","twitter_title":"Durango Emakumeen Saria, el ciclismo profesional vuelve al Pa\u00eds Vasco","twitter_description":"Durango Emakumeen Saria, el ciclismo profesional vuelve al Pa\u00eds Vasco","twitter_misc":{"Written by":"Luis Ortega @ciclored","Est. reading time":"3 minutes"},"schema":{"@context":"https:\/\/schema.org","@graph":[{"@type":"WebPage","@id":"https:\/\/www.welovecycling.com\/es\/2020\/07\/26\/durango-emakumeen-saria\/","url":"https:\/\/www.welovecycling.com\/es\/2020\/07\/26\/durango-emakumeen-saria\/","name":"Durango Emakumeen Saria, el ciclismo profesional vuelve al Pa\u00eds Vasco - \u0160koda We Love Cycling - Spain","isPartOf":{"@id":"https:\/\/www.welovecycling.com\/es\/#website"},"primaryImageOfPage":{"@id":"https:\/\/www.welovecycling.com\/es\/2020\/07\/26\/durango-emakumeen-saria\/#primaryimage"},"image":{"@id":"https:\/\/www.welovecycling.com\/es\/2020\/07\/26\/durango-emakumeen-saria\/#primaryimage"},"thumbnailUrl":"https:\/\/d2p6e6u75xmxt8.cloudfront.net\/6\/2020\/07\/portada.jpg","datePublished":"2020-07-26T20:32:06+00:00","author":{"@id":"https:\/\/www.welovecycling.com\/es\/#\/schema\/person\/deb61715b5812698ee79fb96f343ccd4"},"description":"Durango Emakumeen Saria, el ciclismo profesional vuelve al Pa\u00eds Vasco. As\u00ed fue la primera carrera ciclista profesional del Pa\u00eds Vasco.","breadcrumb":{"@id":"https:\/\/www.welovecycling.com\/es\/2020\/07\/26\/durango-emakumeen-saria\/#breadcrumb"},"inLanguage":"es-ES","potentialAction":[{"@type":"ReadAction","target":["https:\/\/www.welovecycling.com\/es\/2020\/07\/26\/durango-emakumeen-saria\/"]}]},{"@type":"ImageObject","inLanguage":"es-ES","@id":"https:\/\/www.welovecycling.com\/es\/2020\/07\/26\/durango-emakumeen-saria\/#primaryimage","url":"https:\/\/d2p6e6u75xmxt8.cloudfront.net\/6\/2020\/07\/portada.jpg","contentUrl":"https:\/\/d2p6e6u75xmxt8.cloudfront.net\/6\/2020\/07\/portada.jpg","width":1024,"height":552},{"@type":"BreadcrumbList","@id":"https:\/\/www.welovecycling.com\/es\/2020\/07\/26\/durango-emakumeen-saria\/#breadcrumb","itemListElement":[{"@type":"ListItem","position":1,"name":"Home","item":"https:\/\/www.welovecycling.com\/es\/"},{"@type":"ListItem","position":2,"name":"Durango Emakumeen Saria, el ciclismo profesional vuelve al Pa\u00eds Vasco"}]},{"@type":"WebSite","@id":"https:\/\/www.welovecycling.com\/es\/#website","url":"https:\/\/www.welovecycling.com\/es\/","name":"\u0160koda We Love Cycling - Spain","description":"\u0160koda WeLoveCycling Spain","potentialAction":[{"@type":"SearchAction","target":{"@type":"EntryPoint","urlTemplate":"https:\/\/www.welovecycling.com\/es\/?s={search_term_string}"},"query-input":{"@type":"PropertyValueSpecification","valueRequired":true,"valueName":"search_term_string"}}],"inLanguage":"es-ES"},{"@type":"Person","@id":"https:\/\/www.welovecycling.com\/es\/#\/schema\/person\/deb61715b5812698ee79fb96f343ccd4","name":"We Love Cycling Spain","image":{"@type":"ImageObject","inLanguage":"es-ES","@id":"https:\/\/www.welovecycling.com\/es\/#\/schema\/person\/image\/","url":"https:\/\/secure.gravatar.com\/avatar\/c824b04e6df0e37a03219d0b6481672889df542894588964102459e46513159c?s=96&d=mm&r=g","contentUrl":"https:\/\/secure.gravatar.com\/avatar\/c824b04e6df0e37a03219d0b6481672889df542894588964102459e46513159c?s=96&d=mm&r=g","caption":"We Love Cycling Spain"},"url":"https:\/\/www.welovecycling.com\/es\/author\/amunoz\/"}]}},"_links":{"self":[{"href":"https:\/\/www.welovecycling.com\/es\/wp-json\/wp\/v2\/posts\/6424","targetHints":{"allow":["GET"]}}],"collection":[{"href":"https:\/\/www.welovecycling.com\/es\/wp-json\/wp\/v2\/posts"}],"about":[{"href":"https:\/\/www.welovecycling.com\/es\/wp-json\/wp\/v2\/types\/post"}],"author":[{"embeddable":true,"href":"https:\/\/www.welovecycling.com\/es\/wp-json\/wp\/v2\/users\/29"}],"replies":[{"embeddable":true,"href":"https:\/\/www.welovecycling.com\/es\/wp-json\/wp\/v2\/comments?post=6424"}],"version-history":[{"count":2,"href":"https:\/\/www.welovecycling.com\/es\/wp-json\/wp\/v2\/posts\/6424\/revisions"}],"predecessor-version":[{"id":6430,"href":"https:\/\/www.welovecycling.com\/es\/wp-json\/wp\/v2\/posts\/6424\/revisions\/6430"}],"wp:featuredmedia":[{"embeddable":true,"href":"https:\/\/www.welovecycling.com\/es\/wp-json\/wp\/v2\/media\/6427"}],"wp:attachment":[{"href":"https:\/\/www.welovecycling.com\/es\/wp-json\/wp\/v2\/media?parent=6424"}],"wp:term":[{"taxonomy":"category","embeddable":true,"href":"https:\/\/www.welovecycling.com\/es\/wp-json\/wp\/v2\/categories?post=6424"},{"taxonomy":"post_tag","embeddable":true,"href":"https:\/\/www.welovecycling.com\/es\/wp-json\/wp\/v2\/tags?post=6424"},{"taxonomy":"global-categories","embeddable":true,"href":"https:\/\/www.welovecycling.com\/es\/wp-json\/wp\/v2\/global-categories?post=6424"}],"curies":[{"name":"wp","href":"https:\/\/api.w.org\/{rel}","templated":true}]}}