{"id":6419,"date":"2020-07-26T21:24:15","date_gmt":"2020-07-26T19:24:15","guid":{"rendered":"https:\/\/www.welovecycling.com\/es\/?p=6419"},"modified":"2020-07-26T21:24:15","modified_gmt":"2020-07-26T19:24:15","slug":"e-bikes-carreras","status":"publish","type":"post","link":"https:\/\/www.welovecycling.com\/es\/2020\/07\/26\/e-bikes-carreras\/","title":{"rendered":"Las E-Bikes pueden ser el futuro para las carreras"},"content":{"rendered":"<p><strong>\u00bfTe imaginas un e-Tour de France, los corredores subiendo el Mont Ventoux sin pedalear, dejando que sus motores el\u00e9ctricos los lleven a la cima? \u00bfAbsurdo? Tal vez, pero no imposible. Las carreras de e-bike est\u00e1n empezando a parecerse cada vez m\u00e1s a la Pr\u00f3xima Gran Cosa en el ciclismo de competici\u00f3n &#8211; aunque, por ahora, se limita a las bicicletas de monta\u00f1a, de cross y de enduro.<\/strong><br \/>\n<!--more--><\/p>\n<p>En agosto de 2019, se celebr\u00f3 el <a href=\"https:\/\/www.uci.org\/news\/2019\/first-uci-world-champions-for-e-mountain-bike-to-be-crowned-in-mont-saint-anne\">primer campeonato mundial de la UCI e-MTB<\/a> en el Monte Santa Ana, Canad\u00e1. La potencia se limit\u00f3 a 250 vatios y los motores dejaron de asistir a los corredores a 25 mph. Se prohibi\u00f3 la carga o el cambio de bater\u00edas. Los mejores corredores de cross, enduro y descenso participaron junto con veteranos de cross como el franc\u00e9s Julien Absalon y el checo Jaroslav Kulhav\u00fd, dominando a los cinco primeros clasificados. Esto s\u00f3lo ilustra que es la habilidad la que ganar\u00e1 estas carreras, no los motores.<\/p>\n<lite-youtube videoid=vcSMKWTEkcI params=\"enablejsapi=1\" style=\"background-image: url('https:\/\/i.ytimg.com\/vi_webp\/vcSMKWTEkcI\/maxresdefault.webp');\"><\/lite-youtube>\n<p>Unos meses antes, la primera etapa de la primera Copa del Mundo de Bicicleta de Monta\u00f1a de la UCI se corri\u00f3 cerca de M\u00f3naco. Despu\u00e9s de otra carrera de apertura en M\u00f3naco, la serie de este a\u00f1o ha sido interrumpida por la epidemia de coronavirus. Pero, con el patrocinio de la UCI, esta carrera parece tener un futuro largo y pr\u00f3spero. Adem\u00e1s, la Serie Mundial de Enduro (tambi\u00e9n con el patrocinio de la UCI) ha a\u00f1adido las carreras de e-bikes a su programa para el 2020. La Enduro World Series-E estaba originalmente programada para comprender tres rondas en Francia, Suiza e Italia con los ganadores generales coronados Campeones de la Enduro World Series-E.<\/p>\n<p>Las carreras de bicis el\u00e9ctricas se iban a celebrar en un circuito separado de las tradicionales carreras de enduro de EWS, combinando etapas t\u00e9cnicas de ascenso y descenso. &#8220;Esta combinaci\u00f3n llevar\u00e1 al m\u00e1ximo los l\u00edmites f\u00edsicos y de manejo de la bicicleta del ciclista en un recorrido intenso y de varios circuitos, impulsando el desarrollo de la tecnolog\u00eda de las bicicletas electr\u00f3nicas y la gesti\u00f3n y el dise\u00f1o de los senderos de las bicicletas electr\u00f3nicas&#8221;, declar\u00f3 el EWS.<\/p>\n<lite-youtube videoid=RzlupN6M_Ec params=\"enablejsapi=1\" style=\"background-image: url('https:\/\/i.ytimg.com\/vi_webp\/RzlupN6M_Ec\/maxresdefault.webp');\"><\/lite-youtube>\n<p>No est\u00e1 claro hasta qu\u00e9 punto la epidemia ha perturbado estas carreras, pero con la UCI detr\u00e1s de ellas, hay pocas dudas sobre su futuro. Seg\u00fan la revista Electric Bike Action Magazine, un ex piloto de motocross americano llamado Troy Lee puede ser considerado el padre de las carreras de e-bikes. En 2017, mientras se recuperaba de las graves heridas de un accidente en la pista, Lee recibi\u00f3 un Levo e-MTB para probar. Le gust\u00f3 tanto la conducci\u00f3n que no s\u00f3lo compr\u00f3 bicicletas el\u00e9ctricas para su familia y amigos, sino que tambi\u00e9n se asoci\u00f3 con Bosch para organizar la primera serie de bicicletas el\u00e9ctricas en Am\u00e9rica del Norte. La llam\u00f3 la Serie de Carreras de Boogaloo (que no debe confundirse con el movimiento de extrema derecha contra el gobierno de Boogaloo) porque, como dijo, &#8220;Es una carrera, pero en realidad se trata m\u00e1s de diversi\u00f3n&#8221;.<\/p>\n<p>La Serie de Carreras de Boogaloo dur\u00f3 poco, pero Bosch e-Bike Systems estableci\u00f3 el Bosch eMTB Challenge, que cuenta con el apoyo del fabricante de bicicletas Trek. Esa serie sigue siendo fuerte, aunque se ha reducido este a\u00f1o debido al Covid-19.<\/p>\n<p>As\u00ed que, nos guste o no, las carreras de e-bike est\u00e1n aqu\u00ed para quedarse. Es sin duda un gran esfuerzo imaginar que el Tour de Francia sea el\u00e9ctrico, pero puedo imaginar un e-Tour de France paralelo, siguiendo los senderos de la BTT por todo el pa\u00eds durante varias etapas. \u00bfTe gusta la idea?<\/p>\n","protected":false},"excerpt":{"rendered":"<p>\u00bfTe imaginas un e-Tour de France, los corredores subiendo el Mont Ventoux sin pedalear, dejando que sus motores el\u00e9ctricos los [&hellip;]<\/p>\n","protected":false},"author":29,"featured_media":6422,"comment_status":"open","ping_status":"open","sticky":false,"template":"","format":"standard","meta":{"footnotes":""},"categories":[9],"tags":[275,1663,1664],"global-categories":[],"class_list":["post-6419","post","type-post","status-publish","format-standard","has-post-thumbnail","hentry","category-mtb-aventura","tag-bicicletas-electricas","tag-carreras-e-bike","tag-carreras-mtb-electricas"],"yoast_head":"<!-- This site is optimized with the Yoast SEO Premium plugin v25.3 (Yoast SEO v25.9) - https:\/\/yoast.com\/wordpress\/plugins\/seo\/ -->\n<title>Las E-Bikes pueden ser el futuro para las carreras - \u0160koda We Love Cycling - Spain<\/title>\n<meta name=\"description\" content=\"Las E-Bikes puedes ser el futuro para las carreras. El futuro del ciclismo, sobre todo de MTB y Enduro, pasa por las bicicletas el\u00e9ctricas.\" \/>\n<meta name=\"robots\" content=\"index, follow, max-snippet:-1, max-image-preview:large, max-video-preview:-1\" \/>\n<link rel=\"canonical\" href=\"https:\/\/www.welovecycling.com\/es\/2020\/07\/26\/e-bikes-carreras\/\" \/>\n<meta property=\"og:locale\" content=\"es_ES\" \/>\n<meta property=\"og:type\" content=\"article\" \/>\n<meta property=\"og:title\" content=\"Las E-Bikes pueden ser el futuro para las carreras\" \/>\n<meta property=\"og:description\" content=\"Las E-Bikes puedes ser el futuro para las carreras. El futuro del ciclismo, sobre todo de MTB y Enduro, pasa por las bicicletas el\u00e9ctricas.\" \/>\n<meta property=\"og:url\" content=\"https:\/\/www.welovecycling.com\/es\/2020\/07\/26\/e-bikes-carreras\/\" \/>\n<meta property=\"og:site_name\" content=\"\u0160koda We Love Cycling - Spain\" \/>\n<meta property=\"article:published_time\" content=\"2020-07-26T19:24:15+00:00\" \/>\n<meta property=\"og:image\" content=\"https:\/\/d2p6e6u75xmxt8.cloudfront.net\/6\/2020\/07\/E-MTB-CVR.jpg\" \/>\n\t<meta property=\"og:image:width\" content=\"1366\" \/>\n\t<meta property=\"og:image:height\" content=\"600\" \/>\n\t<meta property=\"og:image:type\" content=\"image\/jpeg\" \/>\n<meta name=\"author\" content=\"We Love Cycling Spain\" \/>\n<meta name=\"twitter:card\" content=\"summary_large_image\" \/>\n<meta name=\"twitter:title\" content=\"Las E-Bikes pueden ser el futuro para las carreras\" \/>\n<meta name=\"twitter:description\" content=\"Las E-Bikes pueden ser el futuro para las carreras. El futuro del ciclismo, sobre todo de MTB y Enduro, pasa por las bicicletas el\u00e9ctricas.\" \/>\n<meta name=\"twitter:label1\" content=\"Written by\" \/>\n\t<meta name=\"twitter:data1\" content=\"Siegfried Mortkowitz\" \/>\n\t<meta name=\"twitter:label2\" content=\"Est. reading time\" \/>\n\t<meta name=\"twitter:data2\" content=\"5\" \/>\n<script type=\"application\/ld+json\" class=\"yoast-schema-graph\">{\"@context\":\"https:\/\/schema.org\",\"@graph\":[{\"@type\":\"WebPage\",\"@id\":\"https:\/\/www.welovecycling.com\/es\/2020\/07\/26\/e-bikes-carreras\/\",\"url\":\"https:\/\/www.welovecycling.com\/es\/2020\/07\/26\/e-bikes-carreras\/\",\"name\":\"Las E-Bikes pueden ser el futuro para las carreras - \u0160koda We Love Cycling - Spain\",\"isPartOf\":{\"@id\":\"https:\/\/www.welovecycling.com\/es\/#website\"},\"primaryImageOfPage\":{\"@id\":\"https:\/\/www.welovecycling.com\/es\/2020\/07\/26\/e-bikes-carreras\/#primaryimage\"},\"image\":{\"@id\":\"https:\/\/www.welovecycling.com\/es\/2020\/07\/26\/e-bikes-carreras\/#primaryimage\"},\"thumbnailUrl\":\"https:\/\/d2p6e6u75xmxt8.cloudfront.net\/6\/2020\/07\/E-MTB-CVR.jpg\",\"datePublished\":\"2020-07-26T19:24:15+00:00\",\"author\":{\"@id\":\"https:\/\/www.welovecycling.com\/es\/#\/schema\/person\/deb61715b5812698ee79fb96f343ccd4\"},\"description\":\"Las E-Bikes puedes ser el futuro para las carreras. El futuro del ciclismo, sobre todo de MTB y Enduro, pasa por las bicicletas el\u00e9ctricas.\",\"breadcrumb\":{\"@id\":\"https:\/\/www.welovecycling.com\/es\/2020\/07\/26\/e-bikes-carreras\/#breadcrumb\"},\"inLanguage\":\"es-ES\",\"potentialAction\":[{\"@type\":\"ReadAction\",\"target\":[\"https:\/\/www.welovecycling.com\/es\/2020\/07\/26\/e-bikes-carreras\/\"]}]},{\"@type\":\"ImageObject\",\"inLanguage\":\"es-ES\",\"@id\":\"https:\/\/www.welovecycling.com\/es\/2020\/07\/26\/e-bikes-carreras\/#primaryimage\",\"url\":\"https:\/\/d2p6e6u75xmxt8.cloudfront.net\/6\/2020\/07\/E-MTB-CVR.jpg\",\"contentUrl\":\"https:\/\/d2p6e6u75xmxt8.cloudfront.net\/6\/2020\/07\/E-MTB-CVR.jpg\",\"width\":1366,\"height\":600,\"caption\":\"e-bikes racing\"},{\"@type\":\"BreadcrumbList\",\"@id\":\"https:\/\/www.welovecycling.com\/es\/2020\/07\/26\/e-bikes-carreras\/#breadcrumb\",\"itemListElement\":[{\"@type\":\"ListItem\",\"position\":1,\"name\":\"Home\",\"item\":\"https:\/\/www.welovecycling.com\/es\/\"},{\"@type\":\"ListItem\",\"position\":2,\"name\":\"Las E-Bikes pueden ser el futuro para las carreras\"}]},{\"@type\":\"WebSite\",\"@id\":\"https:\/\/www.welovecycling.com\/es\/#website\",\"url\":\"https:\/\/www.welovecycling.com\/es\/\",\"name\":\"\u0160koda We Love Cycling - Spain\",\"description\":\"\u0160koda WeLoveCycling Spain\",\"potentialAction\":[{\"@type\":\"SearchAction\",\"target\":{\"@type\":\"EntryPoint\",\"urlTemplate\":\"https:\/\/www.welovecycling.com\/es\/?s={search_term_string}\"},\"query-input\":{\"@type\":\"PropertyValueSpecification\",\"valueRequired\":true,\"valueName\":\"search_term_string\"}}],\"inLanguage\":\"es-ES\"},{\"@type\":\"Person\",\"@id\":\"https:\/\/www.welovecycling.com\/es\/#\/schema\/person\/deb61715b5812698ee79fb96f343ccd4\",\"name\":\"We Love Cycling Spain\",\"image\":{\"@type\":\"ImageObject\",\"inLanguage\":\"es-ES\",\"@id\":\"https:\/\/www.welovecycling.com\/es\/#\/schema\/person\/image\/\",\"url\":\"https:\/\/secure.gravatar.com\/avatar\/c824b04e6df0e37a03219d0b6481672889df542894588964102459e46513159c?s=96&d=mm&r=g\",\"contentUrl\":\"https:\/\/secure.gravatar.com\/avatar\/c824b04e6df0e37a03219d0b6481672889df542894588964102459e46513159c?s=96&d=mm&r=g\",\"caption\":\"We Love Cycling Spain\"},\"url\":\"https:\/\/www.welovecycling.com\/es\/author\/amunoz\/\"}]}<\/script>\n<!-- \/ Yoast SEO Premium plugin. -->","yoast_head_json":{"title":"Las E-Bikes pueden ser el futuro para las carreras - \u0160koda We Love Cycling - Spain","description":"Las E-Bikes puedes ser el futuro para las carreras. El futuro del ciclismo, sobre todo de MTB y Enduro, pasa por las bicicletas el\u00e9ctricas.","robots":{"index":"index","follow":"follow","max-snippet":"max-snippet:-1","max-image-preview":"max-image-preview:large","max-video-preview":"max-video-preview:-1"},"canonical":"https:\/\/www.welovecycling.com\/es\/2020\/07\/26\/e-bikes-carreras\/","og_locale":"es_ES","og_type":"article","og_title":"Las E-Bikes pueden ser el futuro para las carreras","og_description":"Las E-Bikes puedes ser el futuro para las carreras. El futuro del ciclismo, sobre todo de MTB y Enduro, pasa por las bicicletas el\u00e9ctricas.","og_url":"https:\/\/www.welovecycling.com\/es\/2020\/07\/26\/e-bikes-carreras\/","og_site_name":"\u0160koda We Love Cycling - Spain","article_published_time":"2020-07-26T19:24:15+00:00","og_image":[{"width":1366,"height":600,"url":"https:\/\/d2p6e6u75xmxt8.cloudfront.net\/6\/2020\/07\/E-MTB-CVR.jpg","type":"image\/jpeg"}],"author":"We Love Cycling Spain","twitter_card":"summary_large_image","twitter_title":"Las E-Bikes pueden ser el futuro para las carreras","twitter_description":"Las E-Bikes pueden ser el futuro para las carreras. El futuro del ciclismo, sobre todo de MTB y Enduro, pasa por las bicicletas el\u00e9ctricas.","twitter_misc":{"Written by":"Siegfried Mortkowitz","Est. reading time":"5"},"schema":{"@context":"https:\/\/schema.org","@graph":[{"@type":"WebPage","@id":"https:\/\/www.welovecycling.com\/es\/2020\/07\/26\/e-bikes-carreras\/","url":"https:\/\/www.welovecycling.com\/es\/2020\/07\/26\/e-bikes-carreras\/","name":"Las E-Bikes pueden ser el futuro para las carreras - \u0160koda We Love Cycling - Spain","isPartOf":{"@id":"https:\/\/www.welovecycling.com\/es\/#website"},"primaryImageOfPage":{"@id":"https:\/\/www.welovecycling.com\/es\/2020\/07\/26\/e-bikes-carreras\/#primaryimage"},"image":{"@id":"https:\/\/www.welovecycling.com\/es\/2020\/07\/26\/e-bikes-carreras\/#primaryimage"},"thumbnailUrl":"https:\/\/d2p6e6u75xmxt8.cloudfront.net\/6\/2020\/07\/E-MTB-CVR.jpg","datePublished":"2020-07-26T19:24:15+00:00","author":{"@id":"https:\/\/www.welovecycling.com\/es\/#\/schema\/person\/deb61715b5812698ee79fb96f343ccd4"},"description":"Las E-Bikes puedes ser el futuro para las carreras. El futuro del ciclismo, sobre todo de MTB y Enduro, pasa por las bicicletas el\u00e9ctricas.","breadcrumb":{"@id":"https:\/\/www.welovecycling.com\/es\/2020\/07\/26\/e-bikes-carreras\/#breadcrumb"},"inLanguage":"es-ES","potentialAction":[{"@type":"ReadAction","target":["https:\/\/www.welovecycling.com\/es\/2020\/07\/26\/e-bikes-carreras\/"]}]},{"@type":"ImageObject","inLanguage":"es-ES","@id":"https:\/\/www.welovecycling.com\/es\/2020\/07\/26\/e-bikes-carreras\/#primaryimage","url":"https:\/\/d2p6e6u75xmxt8.cloudfront.net\/6\/2020\/07\/E-MTB-CVR.jpg","contentUrl":"https:\/\/d2p6e6u75xmxt8.cloudfront.net\/6\/2020\/07\/E-MTB-CVR.jpg","width":1366,"height":600,"caption":"e-bikes racing"},{"@type":"BreadcrumbList","@id":"https:\/\/www.welovecycling.com\/es\/2020\/07\/26\/e-bikes-carreras\/#breadcrumb","itemListElement":[{"@type":"ListItem","position":1,"name":"Home","item":"https:\/\/www.welovecycling.com\/es\/"},{"@type":"ListItem","position":2,"name":"Las E-Bikes pueden ser el futuro para las carreras"}]},{"@type":"WebSite","@id":"https:\/\/www.welovecycling.com\/es\/#website","url":"https:\/\/www.welovecycling.com\/es\/","name":"\u0160koda We Love Cycling - Spain","description":"\u0160koda WeLoveCycling Spain","potentialAction":[{"@type":"SearchAction","target":{"@type":"EntryPoint","urlTemplate":"https:\/\/www.welovecycling.com\/es\/?s={search_term_string}"},"query-input":{"@type":"PropertyValueSpecification","valueRequired":true,"valueName":"search_term_string"}}],"inLanguage":"es-ES"},{"@type":"Person","@id":"https:\/\/www.welovecycling.com\/es\/#\/schema\/person\/deb61715b5812698ee79fb96f343ccd4","name":"We Love Cycling Spain","image":{"@type":"ImageObject","inLanguage":"es-ES","@id":"https:\/\/www.welovecycling.com\/es\/#\/schema\/person\/image\/","url":"https:\/\/secure.gravatar.com\/avatar\/c824b04e6df0e37a03219d0b6481672889df542894588964102459e46513159c?s=96&d=mm&r=g","contentUrl":"https:\/\/secure.gravatar.com\/avatar\/c824b04e6df0e37a03219d0b6481672889df542894588964102459e46513159c?s=96&d=mm&r=g","caption":"We Love Cycling Spain"},"url":"https:\/\/www.welovecycling.com\/es\/author\/amunoz\/"}]}},"_links":{"self":[{"href":"https:\/\/www.welovecycling.com\/es\/wp-json\/wp\/v2\/posts\/6419","targetHints":{"allow":["GET"]}}],"collection":[{"href":"https:\/\/www.welovecycling.com\/es\/wp-json\/wp\/v2\/posts"}],"about":[{"href":"https:\/\/www.welovecycling.com\/es\/wp-json\/wp\/v2\/types\/post"}],"author":[{"embeddable":true,"href":"https:\/\/www.welovecycling.com\/es\/wp-json\/wp\/v2\/users\/29"}],"replies":[{"embeddable":true,"href":"https:\/\/www.welovecycling.com\/es\/wp-json\/wp\/v2\/comments?post=6419"}],"version-history":[{"count":1,"href":"https:\/\/www.welovecycling.com\/es\/wp-json\/wp\/v2\/posts\/6419\/revisions"}],"predecessor-version":[{"id":6423,"href":"https:\/\/www.welovecycling.com\/es\/wp-json\/wp\/v2\/posts\/6419\/revisions\/6423"}],"wp:featuredmedia":[{"embeddable":true,"href":"https:\/\/www.welovecycling.com\/es\/wp-json\/wp\/v2\/media\/6422"}],"wp:attachment":[{"href":"https:\/\/www.welovecycling.com\/es\/wp-json\/wp\/v2\/media?parent=6419"}],"wp:term":[{"taxonomy":"category","embeddable":true,"href":"https:\/\/www.welovecycling.com\/es\/wp-json\/wp\/v2\/categories?post=6419"},{"taxonomy":"post_tag","embeddable":true,"href":"https:\/\/www.welovecycling.com\/es\/wp-json\/wp\/v2\/tags?post=6419"},{"taxonomy":"global-categories","embeddable":true,"href":"https:\/\/www.welovecycling.com\/es\/wp-json\/wp\/v2\/global-categories?post=6419"}],"curies":[{"name":"wp","href":"https:\/\/api.w.org\/{rel}","templated":true}]}}