{"id":6406,"date":"2020-07-22T19:58:43","date_gmt":"2020-07-22T17:58:43","guid":{"rendered":"https:\/\/www.welovecycling.com\/es\/?p=6406"},"modified":"2020-07-27T18:25:55","modified_gmt":"2020-07-27T16:25:55","slug":"vuelta-a-burgos-el-banco-de-pruebas-del-ciclismo-profesional","status":"publish","type":"post","link":"https:\/\/www.welovecycling.com\/es\/2020\/07\/22\/vuelta-a-burgos-el-banco-de-pruebas-del-ciclismo-profesional\/","title":{"rendered":"Vuelta a Burgos, el banco de pruebas del ciclismo profesional"},"content":{"rendered":"<p><strong>Si hace unos meses le dicen a un aficionado medio que La Vuelta a Burgos iba a tener 15 equipos World Tour, 5 ganadores de una gran vuelta, un ganador del Tour de Flandes, otro de Mil\u00e1n Sanremo, al vigente Campe\u00f3n del Mundo y a la nueva estrella joven del ciclismo mundial&#8230; pues no se lo hubiese cre\u00eddo. Como tampoco que la ronda burgalesa no iba a ser una carrera para probarse de cara a La Vuelta, sino LA VUELTA, del ciclismo profesional masculino.<\/strong><\/p>\n<p><!--more--><\/p>\n<p>Pero es as\u00ed. El pr\u00f3ximo martes 28 de julio Burgos ser\u00e1 el epicentro del ciclismo mundial, no en vano se ver\u00e1 en directo en B\u00e9lgica, Francia, Colombia, Holanda, Estados Unidos, Canad\u00e1&#8230;. La p<a href=\"https:\/\/www.vueltaburgos.com\/es\/medidas-prevencion-covid-19\/\" target=\"_blank\" rel=\"noopener noreferrer\">rimera prueba de los nuevos<strong> protocolos de seguridad Anti Covid<\/strong><\/a> en ciclismo profesional con equipos de la m\u00e1xima categor\u00eda. Pero sobre todo, el retorno despu\u00e9s de la Par\u00eds Niza del mes de marzo, lo que ha supuesto el mayor per\u00edodo de &#8216;descanso activo&#8217; de todo el pelot\u00f3n.<\/p>\n<p>Y como en cualquier retorno despu\u00e9s de mucho tiempo parado y a una &#8216;nueva normalidad&#8217; surgen las dudas. Primero para v<strong>er c\u00f3mo se desarrolla una carrera profesional con todas las medidas de seguridad que se han impuesto<\/strong>. Mascarilla obligatoria excepto en el momento de competir, controles diarios de temperatura, controles en los hoteles, limpieza exhaustiva de absolutamente todo, distancia con el aficionado, distancia con la prensa.De lo que pase en La Vuelta a Burgos en relaci\u00f3n con el Covid 19 depender\u00e1 en gran parte el resto de la temporada profesional. Solo un positivo ya har\u00eda generar dudas.<\/p>\n<p><a href=\"https:\/\/d2p6e6u75xmxt8.cloudfront.net\/6\/2020\/07\/vuelta-andalucia-62.JPG.jpg\"><img loading=\"lazy\" decoding=\"async\" class=\"aligncenter size-full wp-image-6408\" src=\"https:\/\/d2p6e6u75xmxt8.cloudfront.net\/6\/2020\/07\/vuelta-andalucia-62.JPG.jpg\" alt=\"\" width=\"1200\" height=\"726\" \/><\/a><\/p>\n<p>Por el otro lado esta la parte deportiva. La carrera en s\u00ed.<strong> Las dudas vienen para los ciclistas, que jam\u00e1s se han pasado tanto tiempo sin competir.<\/strong> Muchos ya han estado concretados en altura. Movistar, Bahrein e Ineos, entre otros, en Andorra. Astan\u00e1 en Sierra Nevada. Los equipos franceses en los Alpes. Los italianos y Deceuninck por los Dolomitas. Pero todos saben que una cosa es entrenar y otra muy distinta ponerse a competir.<\/p>\n<h2><strong>Recorrido equilibrado<\/strong><\/h2>\n<p>Lo mejor de La Vuelta a Burgos es que ha dise\u00f1ado un recorrido de cinco etapas muy equilibrado y con alternativas para todos. El <a href=\"https:\/\/www.vueltaburgos.com\/es\/1_etapa\/\" target=\"_blank\" rel=\"noopener noreferrer\">primer d\u00eda, el 28 de julio<\/a>, salida y llegada en Burgos con la subida al Altorero a mitad de etapa y dos pasos por el Castillo de Burgos, en el \u00faltimo se situar\u00e1 la meta. Ideal para gente con punch. <strong>Valverde, Bilbao, los hermanos Yates, Aramburu, Evenepoel, Stuyven, Trentin, Lobato, Barbero<\/strong>&#8230; Por nombres, casi los favoritos para una Amstel Gold Race.<\/p>\n<p>La segunda etapa, mi\u00e9rcoles 29 de julio, 170 kil\u00f3metros totalmente planos entre Castrojeriz y Villadiego. Turno para que los velocistas comprueben su estado de forma y ojo a la n\u00f3mina. <strong>Gaviria (que fue de los primeros en pasar el coronavirus en el ya lejano Tour de UAE), Sam Bennet, Demare,\u00a0 Nacer Bohuanni<\/strong>, Nizzolo, quiz\u00e1s Cavendish.<\/p>\n<p>El jueves 30 de julio llega la primera etapa de monta\u00f1a despu\u00e9s del confinamiento. <a href=\"https:\/\/www.vueltaburgos.com\/es\/3_etapa\/\" target=\"_blank\" rel=\"noopener noreferrer\">La meta en el dur\u00edsimo Pic\u00f3n Blanco, 8 kil\u00f3metros al 9,3%<\/a>, despu\u00e9s de haber pasado cuatro tachuelas de tercera categor\u00eda. Ser\u00e1 el momento de los escaladores puros. <strong>Mikel Landa, Carapaz, Ivan Ramiro Sosa, Valverde, los Yates, Majka, Enric Mas, Aru, Bennet y porque no, Evenepoel<\/strong>.<\/p>\n<p><a href=\"https:\/\/d2p6e6u75xmxt8.cloudfront.net\/6\/2020\/07\/vuelta-andalucia-53.JPG.jpg\"><img loading=\"lazy\" decoding=\"async\" class=\"aligncenter size-full wp-image-6412\" src=\"https:\/\/d2p6e6u75xmxt8.cloudfront.net\/6\/2020\/07\/vuelta-andalucia-53.JPG.jpg\" alt=\"\" width=\"1200\" height=\"451\" \/><\/a><\/p>\n<p>El viernes <strong>31 de julio volver\u00e1n a mandar los velocistas entre Bodegas Nabal y Roa de Duero<\/strong> en una etapa totalmente llana que tambi\u00e9n ser\u00e1 propensa a las fugas y a que los equipos UCi Pro y Continentales intenten la machada. El d\u00eda de Caja Rural, Burgos BH, Euskaltel Euskadi, Kern Pharma y Kometa Xstra.<\/p>\n<p>Y el s\u00e1bado 1 de agosto acabar\u00e1 la primera vuelta por etapas desde la <strong>Paris Niza<\/strong> con el final cl\u00e1sico en las<a href=\"https:\/\/www.vueltaburgos.com\/es\/5_etapa\/\" target=\"_blank\" rel=\"noopener noreferrer\"> Lagunas de Neila<\/a>. En sus rampas se jugar\u00e1n la victoria final algunos de los favoritos a ganar el Giro, La Vuelta o el Tour en una edici\u00f3n que bate r\u00e9cords de calidad en la participaci\u00f3n y convertida en una banco de pruebas de lo que pueda suceder despu\u00e9s, tanto a nivel sanitario como deportivo.<\/p>\n<p><a href=\"https:\/\/d2p6e6u75xmxt8.cloudfront.net\/6\/2020\/07\/vuelta-andalucia-68.JPG.jpg\"><img loading=\"lazy\" decoding=\"async\" class=\"aligncenter size-full wp-image-6411\" src=\"https:\/\/d2p6e6u75xmxt8.cloudfront.net\/6\/2020\/07\/vuelta-andalucia-68.JPG.jpg\" alt=\"\" width=\"1200\" height=\"734\" \/><\/a><\/p>\n<p>Para rizar el rizo de lo inhabitual. Ese s\u00e1bado 1 de agosto, que era la fecha prevista desde el a\u00f1o pasado para la disputa de La Vuelta a Burgos, se disputar\u00e1 la primera carrera World Tour desde el par\u00f3n, la <strong>Strade Bianche<\/strong> italiana, que se aplaz\u00f3 en el lejano mes de marzo y que retorna en agosto. Todo diferente en un verano ciclista sin Tour en julio y con todo el mundo pendiente de Burgos.<\/p>\n","protected":false},"excerpt":{"rendered":"<p>Si hace unos meses le dicen a un aficionado medio que La Vuelta a Burgos iba a tener 15 equipos [&hellip;]<\/p>\n","protected":false},"author":29,"featured_media":6407,"comment_status":"open","ping_status":"open","sticky":false,"template":"","format":"standard","meta":{"footnotes":""},"categories":[7],"tags":[1662,1657,1660,1658,1109,1218,1659,1656,1661],"global-categories":[1164],"class_list":["post-6406","post","type-post","status-publish","format-standard","has-post-thumbnail","hentry","category-carretera","tag-carapaz","tag-etapas-vuelta-a-burgos-2020","tag-evenepoel","tag-favoritos-vuelta-a-burgos","tag-mikel-landa","tag-nairo-quintana","tag-valverde-vuelta-a-burgos","tag-vuelta-a-burgos","tag-yates","global-categories-cycling"],"yoast_head":"<!-- This site is optimized with the Yoast SEO Premium plugin v25.3 (Yoast SEO v25.9) - https:\/\/yoast.com\/wordpress\/plugins\/seo\/ -->\n<title>Vuelta a Burgos, el banco de pruebas del ciclismo profesional - \u0160koda We Love Cycling - Spain<\/title>\n<meta name=\"description\" content=\"La Vuelta a Burgos 2020 supone el retorno del ciclismo profesional masculino. Valverde, Quintana, Evenepoel, Landa o los hermanos Yates, favoritos.\" \/>\n<meta name=\"robots\" content=\"index, follow, max-snippet:-1, max-image-preview:large, max-video-preview:-1\" \/>\n<link rel=\"canonical\" href=\"https:\/\/www.welovecycling.com\/es\/2020\/07\/22\/vuelta-a-burgos-el-banco-de-pruebas-del-ciclismo-profesional\/\" \/>\n<meta property=\"og:locale\" content=\"es_ES\" \/>\n<meta property=\"og:type\" content=\"article\" \/>\n<meta property=\"og:title\" content=\"Vuelta a Burgos, el banco de pruebas del ciclismo profesional\" \/>\n<meta property=\"og:description\" content=\"La Vuelta a Burgos 2020 supone el retorno del ciclismo profesional masculino. Valverde, Quintana, Evenepoel, Landa o los hermanos Yates, favoritos.\" \/>\n<meta property=\"og:url\" content=\"https:\/\/www.welovecycling.com\/es\/2020\/07\/22\/vuelta-a-burgos-el-banco-de-pruebas-del-ciclismo-profesional\/\" \/>\n<meta property=\"og:site_name\" content=\"\u0160koda We Love Cycling - Spain\" \/>\n<meta property=\"article:published_time\" content=\"2020-07-22T17:58:43+00:00\" \/>\n<meta property=\"article:modified_time\" content=\"2020-07-27T16:25:55+00:00\" \/>\n<meta property=\"og:image\" content=\"https:\/\/d2p6e6u75xmxt8.cloudfront.net\/6\/2020\/07\/vuelta-a-burgos-2.png\" \/>\n\t<meta property=\"og:image:width\" content=\"1122\" \/>\n\t<meta property=\"og:image:height\" content=\"542\" \/>\n\t<meta property=\"og:image:type\" content=\"image\/png\" \/>\n<meta name=\"author\" content=\"We Love Cycling Spain\" \/>\n<meta name=\"twitter:card\" content=\"summary_large_image\" \/>\n<meta name=\"twitter:title\" content=\"Vuelta a Burgos, el banco de pruebas del ciclismo profesional\" \/>\n<meta name=\"twitter:description\" content=\"La Vuelta a Burgos 2020 supone el retorno del ciclismo profesional masculino. Valverde, Quintana, Evenepoel, Landa o los hermanos Yates, favoritos.\" \/>\n<meta name=\"twitter:label1\" content=\"Written by\" \/>\n\t<meta name=\"twitter:data1\" content=\"Luis Ortega @ciclored\" \/>\n\t<meta name=\"twitter:label2\" content=\"Est. reading time\" \/>\n\t<meta name=\"twitter:data2\" content=\"4 minutes\" \/>\n<script type=\"application\/ld+json\" class=\"yoast-schema-graph\">{\"@context\":\"https:\/\/schema.org\",\"@graph\":[{\"@type\":\"WebPage\",\"@id\":\"https:\/\/www.welovecycling.com\/es\/2020\/07\/22\/vuelta-a-burgos-el-banco-de-pruebas-del-ciclismo-profesional\/\",\"url\":\"https:\/\/www.welovecycling.com\/es\/2020\/07\/22\/vuelta-a-burgos-el-banco-de-pruebas-del-ciclismo-profesional\/\",\"name\":\"Vuelta a Burgos, el banco de pruebas del ciclismo profesional - \u0160koda We Love Cycling - Spain\",\"isPartOf\":{\"@id\":\"https:\/\/www.welovecycling.com\/es\/#website\"},\"primaryImageOfPage\":{\"@id\":\"https:\/\/www.welovecycling.com\/es\/2020\/07\/22\/vuelta-a-burgos-el-banco-de-pruebas-del-ciclismo-profesional\/#primaryimage\"},\"image\":{\"@id\":\"https:\/\/www.welovecycling.com\/es\/2020\/07\/22\/vuelta-a-burgos-el-banco-de-pruebas-del-ciclismo-profesional\/#primaryimage\"},\"thumbnailUrl\":\"https:\/\/d2p6e6u75xmxt8.cloudfront.net\/6\/2020\/07\/vuelta-a-burgos-2.png\",\"datePublished\":\"2020-07-22T17:58:43+00:00\",\"dateModified\":\"2020-07-27T16:25:55+00:00\",\"author\":{\"@id\":\"https:\/\/www.welovecycling.com\/es\/#\/schema\/person\/deb61715b5812698ee79fb96f343ccd4\"},\"description\":\"La Vuelta a Burgos 2020 supone el retorno del ciclismo profesional masculino. Valverde, Quintana, Evenepoel, Landa o los hermanos Yates, favoritos.\",\"breadcrumb\":{\"@id\":\"https:\/\/www.welovecycling.com\/es\/2020\/07\/22\/vuelta-a-burgos-el-banco-de-pruebas-del-ciclismo-profesional\/#breadcrumb\"},\"inLanguage\":\"es-ES\",\"potentialAction\":[{\"@type\":\"ReadAction\",\"target\":[\"https:\/\/www.welovecycling.com\/es\/2020\/07\/22\/vuelta-a-burgos-el-banco-de-pruebas-del-ciclismo-profesional\/\"]}]},{\"@type\":\"ImageObject\",\"inLanguage\":\"es-ES\",\"@id\":\"https:\/\/www.welovecycling.com\/es\/2020\/07\/22\/vuelta-a-burgos-el-banco-de-pruebas-del-ciclismo-profesional\/#primaryimage\",\"url\":\"https:\/\/d2p6e6u75xmxt8.cloudfront.net\/6\/2020\/07\/vuelta-a-burgos-2.png\",\"contentUrl\":\"https:\/\/d2p6e6u75xmxt8.cloudfront.net\/6\/2020\/07\/vuelta-a-burgos-2.png\",\"width\":1122,\"height\":542},{\"@type\":\"BreadcrumbList\",\"@id\":\"https:\/\/www.welovecycling.com\/es\/2020\/07\/22\/vuelta-a-burgos-el-banco-de-pruebas-del-ciclismo-profesional\/#breadcrumb\",\"itemListElement\":[{\"@type\":\"ListItem\",\"position\":1,\"name\":\"Home\",\"item\":\"https:\/\/www.welovecycling.com\/es\/\"},{\"@type\":\"ListItem\",\"position\":2,\"name\":\"Vuelta a Burgos, el banco de pruebas del ciclismo profesional\"}]},{\"@type\":\"WebSite\",\"@id\":\"https:\/\/www.welovecycling.com\/es\/#website\",\"url\":\"https:\/\/www.welovecycling.com\/es\/\",\"name\":\"\u0160koda We Love Cycling - Spain\",\"description\":\"\u0160koda WeLoveCycling Spain\",\"potentialAction\":[{\"@type\":\"SearchAction\",\"target\":{\"@type\":\"EntryPoint\",\"urlTemplate\":\"https:\/\/www.welovecycling.com\/es\/?s={search_term_string}\"},\"query-input\":{\"@type\":\"PropertyValueSpecification\",\"valueRequired\":true,\"valueName\":\"search_term_string\"}}],\"inLanguage\":\"es-ES\"},{\"@type\":\"Person\",\"@id\":\"https:\/\/www.welovecycling.com\/es\/#\/schema\/person\/deb61715b5812698ee79fb96f343ccd4\",\"name\":\"We Love Cycling Spain\",\"image\":{\"@type\":\"ImageObject\",\"inLanguage\":\"es-ES\",\"@id\":\"https:\/\/www.welovecycling.com\/es\/#\/schema\/person\/image\/\",\"url\":\"https:\/\/secure.gravatar.com\/avatar\/c824b04e6df0e37a03219d0b6481672889df542894588964102459e46513159c?s=96&d=mm&r=g\",\"contentUrl\":\"https:\/\/secure.gravatar.com\/avatar\/c824b04e6df0e37a03219d0b6481672889df542894588964102459e46513159c?s=96&d=mm&r=g\",\"caption\":\"We Love Cycling Spain\"},\"url\":\"https:\/\/www.welovecycling.com\/es\/author\/amunoz\/\"}]}<\/script>\n<!-- \/ Yoast SEO Premium plugin. -->","yoast_head_json":{"title":"Vuelta a Burgos, el banco de pruebas del ciclismo profesional - \u0160koda We Love Cycling - Spain","description":"La Vuelta a Burgos 2020 supone el retorno del ciclismo profesional masculino. Valverde, Quintana, Evenepoel, Landa o los hermanos Yates, favoritos.","robots":{"index":"index","follow":"follow","max-snippet":"max-snippet:-1","max-image-preview":"max-image-preview:large","max-video-preview":"max-video-preview:-1"},"canonical":"https:\/\/www.welovecycling.com\/es\/2020\/07\/22\/vuelta-a-burgos-el-banco-de-pruebas-del-ciclismo-profesional\/","og_locale":"es_ES","og_type":"article","og_title":"Vuelta a Burgos, el banco de pruebas del ciclismo profesional","og_description":"La Vuelta a Burgos 2020 supone el retorno del ciclismo profesional masculino. Valverde, Quintana, Evenepoel, Landa o los hermanos Yates, favoritos.","og_url":"https:\/\/www.welovecycling.com\/es\/2020\/07\/22\/vuelta-a-burgos-el-banco-de-pruebas-del-ciclismo-profesional\/","og_site_name":"\u0160koda We Love Cycling - Spain","article_published_time":"2020-07-22T17:58:43+00:00","article_modified_time":"2020-07-27T16:25:55+00:00","og_image":[{"width":1122,"height":542,"url":"https:\/\/d2p6e6u75xmxt8.cloudfront.net\/6\/2020\/07\/vuelta-a-burgos-2.png","type":"image\/png"}],"author":"We Love Cycling Spain","twitter_card":"summary_large_image","twitter_title":"Vuelta a Burgos, el banco de pruebas del ciclismo profesional","twitter_description":"La Vuelta a Burgos 2020 supone el retorno del ciclismo profesional masculino. Valverde, Quintana, Evenepoel, Landa o los hermanos Yates, favoritos.","twitter_misc":{"Written by":"Luis Ortega @ciclored","Est. reading time":"4 minutes"},"schema":{"@context":"https:\/\/schema.org","@graph":[{"@type":"WebPage","@id":"https:\/\/www.welovecycling.com\/es\/2020\/07\/22\/vuelta-a-burgos-el-banco-de-pruebas-del-ciclismo-profesional\/","url":"https:\/\/www.welovecycling.com\/es\/2020\/07\/22\/vuelta-a-burgos-el-banco-de-pruebas-del-ciclismo-profesional\/","name":"Vuelta a Burgos, el banco de pruebas del ciclismo profesional - \u0160koda We Love Cycling - Spain","isPartOf":{"@id":"https:\/\/www.welovecycling.com\/es\/#website"},"primaryImageOfPage":{"@id":"https:\/\/www.welovecycling.com\/es\/2020\/07\/22\/vuelta-a-burgos-el-banco-de-pruebas-del-ciclismo-profesional\/#primaryimage"},"image":{"@id":"https:\/\/www.welovecycling.com\/es\/2020\/07\/22\/vuelta-a-burgos-el-banco-de-pruebas-del-ciclismo-profesional\/#primaryimage"},"thumbnailUrl":"https:\/\/d2p6e6u75xmxt8.cloudfront.net\/6\/2020\/07\/vuelta-a-burgos-2.png","datePublished":"2020-07-22T17:58:43+00:00","dateModified":"2020-07-27T16:25:55+00:00","author":{"@id":"https:\/\/www.welovecycling.com\/es\/#\/schema\/person\/deb61715b5812698ee79fb96f343ccd4"},"description":"La Vuelta a Burgos 2020 supone el retorno del ciclismo profesional masculino. Valverde, Quintana, Evenepoel, Landa o los hermanos Yates, favoritos.","breadcrumb":{"@id":"https:\/\/www.welovecycling.com\/es\/2020\/07\/22\/vuelta-a-burgos-el-banco-de-pruebas-del-ciclismo-profesional\/#breadcrumb"},"inLanguage":"es-ES","potentialAction":[{"@type":"ReadAction","target":["https:\/\/www.welovecycling.com\/es\/2020\/07\/22\/vuelta-a-burgos-el-banco-de-pruebas-del-ciclismo-profesional\/"]}]},{"@type":"ImageObject","inLanguage":"es-ES","@id":"https:\/\/www.welovecycling.com\/es\/2020\/07\/22\/vuelta-a-burgos-el-banco-de-pruebas-del-ciclismo-profesional\/#primaryimage","url":"https:\/\/d2p6e6u75xmxt8.cloudfront.net\/6\/2020\/07\/vuelta-a-burgos-2.png","contentUrl":"https:\/\/d2p6e6u75xmxt8.cloudfront.net\/6\/2020\/07\/vuelta-a-burgos-2.png","width":1122,"height":542},{"@type":"BreadcrumbList","@id":"https:\/\/www.welovecycling.com\/es\/2020\/07\/22\/vuelta-a-burgos-el-banco-de-pruebas-del-ciclismo-profesional\/#breadcrumb","itemListElement":[{"@type":"ListItem","position":1,"name":"Home","item":"https:\/\/www.welovecycling.com\/es\/"},{"@type":"ListItem","position":2,"name":"Vuelta a Burgos, el banco de pruebas del ciclismo profesional"}]},{"@type":"WebSite","@id":"https:\/\/www.welovecycling.com\/es\/#website","url":"https:\/\/www.welovecycling.com\/es\/","name":"\u0160koda We Love Cycling - Spain","description":"\u0160koda WeLoveCycling Spain","potentialAction":[{"@type":"SearchAction","target":{"@type":"EntryPoint","urlTemplate":"https:\/\/www.welovecycling.com\/es\/?s={search_term_string}"},"query-input":{"@type":"PropertyValueSpecification","valueRequired":true,"valueName":"search_term_string"}}],"inLanguage":"es-ES"},{"@type":"Person","@id":"https:\/\/www.welovecycling.com\/es\/#\/schema\/person\/deb61715b5812698ee79fb96f343ccd4","name":"We Love Cycling Spain","image":{"@type":"ImageObject","inLanguage":"es-ES","@id":"https:\/\/www.welovecycling.com\/es\/#\/schema\/person\/image\/","url":"https:\/\/secure.gravatar.com\/avatar\/c824b04e6df0e37a03219d0b6481672889df542894588964102459e46513159c?s=96&d=mm&r=g","contentUrl":"https:\/\/secure.gravatar.com\/avatar\/c824b04e6df0e37a03219d0b6481672889df542894588964102459e46513159c?s=96&d=mm&r=g","caption":"We Love Cycling Spain"},"url":"https:\/\/www.welovecycling.com\/es\/author\/amunoz\/"}]}},"_links":{"self":[{"href":"https:\/\/www.welovecycling.com\/es\/wp-json\/wp\/v2\/posts\/6406","targetHints":{"allow":["GET"]}}],"collection":[{"href":"https:\/\/www.welovecycling.com\/es\/wp-json\/wp\/v2\/posts"}],"about":[{"href":"https:\/\/www.welovecycling.com\/es\/wp-json\/wp\/v2\/types\/post"}],"author":[{"embeddable":true,"href":"https:\/\/www.welovecycling.com\/es\/wp-json\/wp\/v2\/users\/29"}],"replies":[{"embeddable":true,"href":"https:\/\/www.welovecycling.com\/es\/wp-json\/wp\/v2\/comments?post=6406"}],"version-history":[{"count":2,"href":"https:\/\/www.welovecycling.com\/es\/wp-json\/wp\/v2\/posts\/6406\/revisions"}],"predecessor-version":[{"id":6432,"href":"https:\/\/www.welovecycling.com\/es\/wp-json\/wp\/v2\/posts\/6406\/revisions\/6432"}],"wp:featuredmedia":[{"embeddable":true,"href":"https:\/\/www.welovecycling.com\/es\/wp-json\/wp\/v2\/media\/6407"}],"wp:attachment":[{"href":"https:\/\/www.welovecycling.com\/es\/wp-json\/wp\/v2\/media?parent=6406"}],"wp:term":[{"taxonomy":"category","embeddable":true,"href":"https:\/\/www.welovecycling.com\/es\/wp-json\/wp\/v2\/categories?post=6406"},{"taxonomy":"post_tag","embeddable":true,"href":"https:\/\/www.welovecycling.com\/es\/wp-json\/wp\/v2\/tags?post=6406"},{"taxonomy":"global-categories","embeddable":true,"href":"https:\/\/www.welovecycling.com\/es\/wp-json\/wp\/v2\/global-categories?post=6406"}],"curies":[{"name":"wp","href":"https:\/\/api.w.org\/{rel}","templated":true}]}}