{"id":637,"date":"2017-05-22T19:19:49","date_gmt":"2017-05-22T17:19:49","guid":{"rendered":"https:\/\/www.welovecycling.com\/es\/?p=637"},"modified":"2017-05-22T19:19:49","modified_gmt":"2017-05-22T17:19:49","slug":"gana-dorsal-letape-du-tour-2017","status":"publish","type":"post","link":"https:\/\/www.welovecycling.com\/es\/2017\/05\/22\/gana-dorsal-letape-du-tour-2017\/","title":{"rendered":"Gana un dorsal para l\u2019\u00c9tape du Tour 2017"},"content":{"rendered":"<p><strong>L\u2019\u00c9tape du Tour es un evento anual que permite a miles de ciclistas amateurs de todo el mundo\u00a0vivir la experiencia de correr una etapa del Tour de Francia. La carrera replica la etapa 18 del Tour de este a\u00f1o e incluye los mismos lujos que disfrutan los corredores profesionales, carreteras cerradas al tr\u00e1fico, coches de asistencia, puntos de avituallamiento y el temible\u00a0autob\u00fas escoba que recoge a los que no pueden seguir. Por cierto, tienes la oportunidd de ganar una de las 7 plazas en nuestro equipo y correr con nosotros! <a href=\"https:\/\/www.welovecycling.com\/wide\/letape-du-tour-2017\/\">Entra en el concurso aqu\u00ed.<\/a><\/strong><br \/>\n<!--more--><\/p>\n<h2><\/h2>\n<h2><strong>Experimenta el Tour de Francia desde el sill\u00edn<\/strong><\/h2>\n<p><em>L\u2019\u00c9tape du Tour<\/em> se celebr\u00f3 por primera vez en 1993, la idea original fue permitir a los ciclistas amateurs experimentar la belleza y la dureza de las etapas de monta\u00f1a del Tour de Francia. <strong>Con m\u00e1s de 15.000 ciclistas participando el a\u00f1o pasado<\/strong>, el concepto no ha cambiado en sus dos d\u00e9cadas de vida. Normalmente empieza temprano, con los participantes distribuidos seg\u00fan su nivel: los m\u00e1s r\u00e1pidos delante y los m\u00e1s lentos detr\u00e1s. El pelot\u00f3n se estira r\u00e1pidamente, creando un flujo constante de ciclistas en el recorrido. <strong>Los \u00faltimos suelen emplear 10 horas para llegar a la l\u00ednea de meta<\/strong>, aunque hist\u00f3ricamente han habido muchos que no acabaron.<\/p>\n<p>https:\/\/www.instagram.com\/p\/BHuGDHzDalR\/<\/p>\n<h2><\/h2>\n<h2><strong>\u00bfD\u00f3nde y cuando?<\/strong><\/h2>\n<p><em>L&#8217;\u00c9tape<\/em> de este a\u00f1o se celebrar\u00e1 el 16 de julio.<strong> La decimoctava etapa de la edici\u00f3n 104 del Tour de Francia<\/strong> recorrer\u00e1 el coraz\u00f3n del m\u00e1s majestuoso y enigm\u00e1tico enclave para el deporte. Desde Barcelonnette hasta el Col de Vars (2109 m) la cabeza y las piernas se pondr\u00e1n a tono, y la ascensi\u00f3n final de 10km al Izoard (2360 m), con una media del 9%, promete tambi\u00e9n una experiencia inolvidable. El total de 178km con dos grandes ascensiones ser\u00e1 <strong>un duro desaf\u00edo para cualquiera.<\/strong><\/p>\n<lite-youtube videoid=EJ78UPfYbYA params=\"enablejsapi=1\" style=\"background-image: url('https:\/\/i.ytimg.com\/vi_webp\/EJ78UPfYbYA\/maxresdefault.webp');\"><\/lite-youtube>\n<h2><\/h2>\n<h2><strong>\u00bfPara qui\u00e9n es esta marcha?<\/strong><\/h2>\n<p>La marcha es abierta a todo el que se atreva y consiga inscribirse. La demanda es alta.\u00a0<em>L\u2019\u00c9tape du Tour<\/em> se establece como <strong>una prueba de rendimiento para ciclistas amateurs ambiciosos de todo el mundo<\/strong>, adem\u00e1s representa la oportunidad de afrontar\u00a0una etapa del Tour de Francia, un sue\u00f1o hecho realidad para muchos. Desde que uni\u00f3 como <em>sponsor<\/em> al Tour de Francia hace hace 13 a\u00f1os,\u00a0\u0160koda ha proporcionado financiaci\u00f3n a aquellos que quisieran participar en este evento \u00fanico. En los \u00faltimos dos a\u00f1os,\u00a0\u0160koda y We Love Cycling han enviado a 10 ciclistas amateurs a competir.<\/p>\n<p>Este a\u00f1o t\u00fa puedes ser uno de los que compitan contra esas monta\u00f1as del sur de Francia.\u00a0<strong><a href=\"https:\/\/www.welovecycling.com\/wide\/letape-du-tour-2017\/\">Entra en el concurso aqu\u00ed.<\/a>\u00a0para ganar un dorsal en el equipo We Love Cycling de\u00a0\u0160koda y enfr\u00e9ntate al desaf\u00edo de tu vida.<\/strong><\/p>\n","protected":false},"excerpt":{"rendered":"<p>L\u2019\u00c9tape du Tour es un evento anual que permite a miles de ciclistas amateurs de todo el mundo\u00a0vivir la experiencia [&hellip;]<\/p>\n","protected":false},"author":29,"featured_media":638,"comment_status":"open","ping_status":"open","sticky":false,"template":"","format":"standard","meta":{"footnotes":""},"categories":[7],"tags":[],"global-categories":[],"class_list":["post-637","post","type-post","status-publish","format-standard","has-post-thumbnail","hentry","category-carretera"],"yoast_head":"<!-- This site is optimized with the Yoast SEO Premium plugin v25.3 (Yoast SEO v25.9) - https:\/\/yoast.com\/wordpress\/plugins\/seo\/ -->\n<title>Gana un dorsal para l\u2019\u00c9tape du Tour 2017 - \u0160koda We Love Cycling - Spain<\/title>\n<meta name=\"robots\" content=\"index, follow, max-snippet:-1, max-image-preview:large, max-video-preview:-1\" \/>\n<link rel=\"canonical\" href=\"https:\/\/www.welovecycling.com\/es\/2017\/05\/22\/gana-dorsal-letape-du-tour-2017\/\" \/>\n<meta property=\"og:locale\" content=\"es_ES\" \/>\n<meta property=\"og:type\" content=\"article\" \/>\n<meta property=\"og:title\" content=\"Gana un dorsal para l\u2019\u00c9tape du Tour 2017\" \/>\n<meta property=\"og:description\" content=\"L\u2019\u00c9tape du Tour es un evento anual que permite a miles de ciclistas amateurs de todo el mundo\u00a0vivir la experiencia [&hellip;]\" \/>\n<meta property=\"og:url\" content=\"https:\/\/www.welovecycling.com\/es\/2017\/05\/22\/gana-dorsal-letape-du-tour-2017\/\" \/>\n<meta property=\"og:site_name\" content=\"\u0160koda We Love Cycling - Spain\" \/>\n<meta property=\"article:published_time\" content=\"2017-05-22T17:19:49+00:00\" \/>\n<meta property=\"og:image\" content=\"https:\/\/d2p6e6u75xmxt8.cloudfront.net\/6\/2017\/05\/48754848_4484848.jpg\" \/>\n\t<meta property=\"og:image:width\" content=\"1375\" \/>\n\t<meta property=\"og:image:height\" content=\"600\" \/>\n\t<meta property=\"og:image:type\" content=\"image\/jpeg\" \/>\n<meta name=\"author\" content=\"We Love Cycling Spain\" \/>\n<meta name=\"twitter:card\" content=\"summary_large_image\" \/>\n<meta name=\"twitter:label1\" content=\"Written by\" \/>\n\t<meta name=\"twitter:data1\" content=\"WeLoveCycling\" \/>\n\t<meta name=\"twitter:label2\" content=\"Est. reading time\" \/>\n\t<meta name=\"twitter:data2\" content=\"2 minutes\" \/>\n<script type=\"application\/ld+json\" class=\"yoast-schema-graph\">{\"@context\":\"https:\/\/schema.org\",\"@graph\":[{\"@type\":\"WebPage\",\"@id\":\"https:\/\/www.welovecycling.com\/es\/2017\/05\/22\/gana-dorsal-letape-du-tour-2017\/\",\"url\":\"https:\/\/www.welovecycling.com\/es\/2017\/05\/22\/gana-dorsal-letape-du-tour-2017\/\",\"name\":\"Gana un dorsal para l\u2019\u00c9tape du Tour 2017 - \u0160koda We Love Cycling - Spain\",\"isPartOf\":{\"@id\":\"https:\/\/www.welovecycling.com\/es\/#website\"},\"primaryImageOfPage\":{\"@id\":\"https:\/\/www.welovecycling.com\/es\/2017\/05\/22\/gana-dorsal-letape-du-tour-2017\/#primaryimage\"},\"image\":{\"@id\":\"https:\/\/www.welovecycling.com\/es\/2017\/05\/22\/gana-dorsal-letape-du-tour-2017\/#primaryimage\"},\"thumbnailUrl\":\"https:\/\/d2p6e6u75xmxt8.cloudfront.net\/6\/2017\/05\/48754848_4484848.jpg\",\"datePublished\":\"2017-05-22T17:19:49+00:00\",\"author\":{\"@id\":\"https:\/\/www.welovecycling.com\/es\/#\/schema\/person\/deb61715b5812698ee79fb96f343ccd4\"},\"breadcrumb\":{\"@id\":\"https:\/\/www.welovecycling.com\/es\/2017\/05\/22\/gana-dorsal-letape-du-tour-2017\/#breadcrumb\"},\"inLanguage\":\"es-ES\",\"potentialAction\":[{\"@type\":\"ReadAction\",\"target\":[\"https:\/\/www.welovecycling.com\/es\/2017\/05\/22\/gana-dorsal-letape-du-tour-2017\/\"]}]},{\"@type\":\"ImageObject\",\"inLanguage\":\"es-ES\",\"@id\":\"https:\/\/www.welovecycling.com\/es\/2017\/05\/22\/gana-dorsal-letape-du-tour-2017\/#primaryimage\",\"url\":\"https:\/\/d2p6e6u75xmxt8.cloudfront.net\/6\/2017\/05\/48754848_4484848.jpg\",\"contentUrl\":\"https:\/\/d2p6e6u75xmxt8.cloudfront.net\/6\/2017\/05\/48754848_4484848.jpg\",\"width\":1375,\"height\":600},{\"@type\":\"BreadcrumbList\",\"@id\":\"https:\/\/www.welovecycling.com\/es\/2017\/05\/22\/gana-dorsal-letape-du-tour-2017\/#breadcrumb\",\"itemListElement\":[{\"@type\":\"ListItem\",\"position\":1,\"name\":\"Home\",\"item\":\"https:\/\/www.welovecycling.com\/es\/\"},{\"@type\":\"ListItem\",\"position\":2,\"name\":\"Gana un dorsal para l\u2019\u00c9tape du Tour 2017\"}]},{\"@type\":\"WebSite\",\"@id\":\"https:\/\/www.welovecycling.com\/es\/#website\",\"url\":\"https:\/\/www.welovecycling.com\/es\/\",\"name\":\"\u0160koda We Love Cycling - Spain\",\"description\":\"\u0160koda WeLoveCycling Spain\",\"potentialAction\":[{\"@type\":\"SearchAction\",\"target\":{\"@type\":\"EntryPoint\",\"urlTemplate\":\"https:\/\/www.welovecycling.com\/es\/?s={search_term_string}\"},\"query-input\":{\"@type\":\"PropertyValueSpecification\",\"valueRequired\":true,\"valueName\":\"search_term_string\"}}],\"inLanguage\":\"es-ES\"},{\"@type\":\"Person\",\"@id\":\"https:\/\/www.welovecycling.com\/es\/#\/schema\/person\/deb61715b5812698ee79fb96f343ccd4\",\"name\":\"We Love Cycling Spain\",\"image\":{\"@type\":\"ImageObject\",\"inLanguage\":\"es-ES\",\"@id\":\"https:\/\/www.welovecycling.com\/es\/#\/schema\/person\/image\/\",\"url\":\"https:\/\/secure.gravatar.com\/avatar\/c824b04e6df0e37a03219d0b6481672889df542894588964102459e46513159c?s=96&d=mm&r=g\",\"contentUrl\":\"https:\/\/secure.gravatar.com\/avatar\/c824b04e6df0e37a03219d0b6481672889df542894588964102459e46513159c?s=96&d=mm&r=g\",\"caption\":\"We Love Cycling Spain\"},\"url\":\"https:\/\/www.welovecycling.com\/es\/author\/amunoz\/\"}]}<\/script>\n<!-- \/ Yoast SEO Premium plugin. -->","yoast_head_json":{"title":"Gana un dorsal para l\u2019\u00c9tape du Tour 2017 - \u0160koda We Love Cycling - Spain","robots":{"index":"index","follow":"follow","max-snippet":"max-snippet:-1","max-image-preview":"max-image-preview:large","max-video-preview":"max-video-preview:-1"},"canonical":"https:\/\/www.welovecycling.com\/es\/2017\/05\/22\/gana-dorsal-letape-du-tour-2017\/","og_locale":"es_ES","og_type":"article","og_title":"Gana un dorsal para l\u2019\u00c9tape du Tour 2017","og_description":"L\u2019\u00c9tape du Tour es un evento anual que permite a miles de ciclistas amateurs de todo el mundo\u00a0vivir la experiencia [&hellip;]","og_url":"https:\/\/www.welovecycling.com\/es\/2017\/05\/22\/gana-dorsal-letape-du-tour-2017\/","og_site_name":"\u0160koda We Love Cycling - Spain","article_published_time":"2017-05-22T17:19:49+00:00","og_image":[{"width":1375,"height":600,"url":"https:\/\/d2p6e6u75xmxt8.cloudfront.net\/6\/2017\/05\/48754848_4484848.jpg","type":"image\/jpeg"}],"author":"We Love Cycling Spain","twitter_card":"summary_large_image","twitter_misc":{"Written by":"WeLoveCycling","Est. reading time":"2 minutes"},"schema":{"@context":"https:\/\/schema.org","@graph":[{"@type":"WebPage","@id":"https:\/\/www.welovecycling.com\/es\/2017\/05\/22\/gana-dorsal-letape-du-tour-2017\/","url":"https:\/\/www.welovecycling.com\/es\/2017\/05\/22\/gana-dorsal-letape-du-tour-2017\/","name":"Gana un dorsal para l\u2019\u00c9tape du Tour 2017 - \u0160koda We Love Cycling - Spain","isPartOf":{"@id":"https:\/\/www.welovecycling.com\/es\/#website"},"primaryImageOfPage":{"@id":"https:\/\/www.welovecycling.com\/es\/2017\/05\/22\/gana-dorsal-letape-du-tour-2017\/#primaryimage"},"image":{"@id":"https:\/\/www.welovecycling.com\/es\/2017\/05\/22\/gana-dorsal-letape-du-tour-2017\/#primaryimage"},"thumbnailUrl":"https:\/\/d2p6e6u75xmxt8.cloudfront.net\/6\/2017\/05\/48754848_4484848.jpg","datePublished":"2017-05-22T17:19:49+00:00","author":{"@id":"https:\/\/www.welovecycling.com\/es\/#\/schema\/person\/deb61715b5812698ee79fb96f343ccd4"},"breadcrumb":{"@id":"https:\/\/www.welovecycling.com\/es\/2017\/05\/22\/gana-dorsal-letape-du-tour-2017\/#breadcrumb"},"inLanguage":"es-ES","potentialAction":[{"@type":"ReadAction","target":["https:\/\/www.welovecycling.com\/es\/2017\/05\/22\/gana-dorsal-letape-du-tour-2017\/"]}]},{"@type":"ImageObject","inLanguage":"es-ES","@id":"https:\/\/www.welovecycling.com\/es\/2017\/05\/22\/gana-dorsal-letape-du-tour-2017\/#primaryimage","url":"https:\/\/d2p6e6u75xmxt8.cloudfront.net\/6\/2017\/05\/48754848_4484848.jpg","contentUrl":"https:\/\/d2p6e6u75xmxt8.cloudfront.net\/6\/2017\/05\/48754848_4484848.jpg","width":1375,"height":600},{"@type":"BreadcrumbList","@id":"https:\/\/www.welovecycling.com\/es\/2017\/05\/22\/gana-dorsal-letape-du-tour-2017\/#breadcrumb","itemListElement":[{"@type":"ListItem","position":1,"name":"Home","item":"https:\/\/www.welovecycling.com\/es\/"},{"@type":"ListItem","position":2,"name":"Gana un dorsal para l\u2019\u00c9tape du Tour 2017"}]},{"@type":"WebSite","@id":"https:\/\/www.welovecycling.com\/es\/#website","url":"https:\/\/www.welovecycling.com\/es\/","name":"\u0160koda We Love Cycling - Spain","description":"\u0160koda WeLoveCycling Spain","potentialAction":[{"@type":"SearchAction","target":{"@type":"EntryPoint","urlTemplate":"https:\/\/www.welovecycling.com\/es\/?s={search_term_string}"},"query-input":{"@type":"PropertyValueSpecification","valueRequired":true,"valueName":"search_term_string"}}],"inLanguage":"es-ES"},{"@type":"Person","@id":"https:\/\/www.welovecycling.com\/es\/#\/schema\/person\/deb61715b5812698ee79fb96f343ccd4","name":"We Love Cycling Spain","image":{"@type":"ImageObject","inLanguage":"es-ES","@id":"https:\/\/www.welovecycling.com\/es\/#\/schema\/person\/image\/","url":"https:\/\/secure.gravatar.com\/avatar\/c824b04e6df0e37a03219d0b6481672889df542894588964102459e46513159c?s=96&d=mm&r=g","contentUrl":"https:\/\/secure.gravatar.com\/avatar\/c824b04e6df0e37a03219d0b6481672889df542894588964102459e46513159c?s=96&d=mm&r=g","caption":"We Love Cycling Spain"},"url":"https:\/\/www.welovecycling.com\/es\/author\/amunoz\/"}]}},"_links":{"self":[{"href":"https:\/\/www.welovecycling.com\/es\/wp-json\/wp\/v2\/posts\/637","targetHints":{"allow":["GET"]}}],"collection":[{"href":"https:\/\/www.welovecycling.com\/es\/wp-json\/wp\/v2\/posts"}],"about":[{"href":"https:\/\/www.welovecycling.com\/es\/wp-json\/wp\/v2\/types\/post"}],"author":[{"embeddable":true,"href":"https:\/\/www.welovecycling.com\/es\/wp-json\/wp\/v2\/users\/29"}],"replies":[{"embeddable":true,"href":"https:\/\/www.welovecycling.com\/es\/wp-json\/wp\/v2\/comments?post=637"}],"version-history":[{"count":2,"href":"https:\/\/www.welovecycling.com\/es\/wp-json\/wp\/v2\/posts\/637\/revisions"}],"predecessor-version":[{"id":640,"href":"https:\/\/www.welovecycling.com\/es\/wp-json\/wp\/v2\/posts\/637\/revisions\/640"}],"wp:featuredmedia":[{"embeddable":true,"href":"https:\/\/www.welovecycling.com\/es\/wp-json\/wp\/v2\/media\/638"}],"wp:attachment":[{"href":"https:\/\/www.welovecycling.com\/es\/wp-json\/wp\/v2\/media?parent=637"}],"wp:term":[{"taxonomy":"category","embeddable":true,"href":"https:\/\/www.welovecycling.com\/es\/wp-json\/wp\/v2\/categories?post=637"},{"taxonomy":"post_tag","embeddable":true,"href":"https:\/\/www.welovecycling.com\/es\/wp-json\/wp\/v2\/tags?post=637"},{"taxonomy":"global-categories","embeddable":true,"href":"https:\/\/www.welovecycling.com\/es\/wp-json\/wp\/v2\/global-categories?post=637"}],"curies":[{"name":"wp","href":"https:\/\/api.w.org\/{rel}","templated":true}]}}