{"id":6362,"date":"2020-07-06T11:32:38","date_gmt":"2020-07-06T09:32:38","guid":{"rendered":"https:\/\/www.welovecycling.com\/es\/?p=6362"},"modified":"2020-07-06T11:33:24","modified_gmt":"2020-07-06T09:33:24","slug":"asi-ven-los-conductores-a-los-ciclistas","status":"publish","type":"post","link":"https:\/\/www.welovecycling.com\/es\/2020\/07\/06\/asi-ven-los-conductores-a-los-ciclistas\/","title":{"rendered":"As\u00ed ven los conductores a los ciclistas"},"content":{"rendered":"<p><strong>En una encuesta llamada &#8220;Percepciones de los conductores sobre un ciclista&#8221;, llevada a cabo por la Universidad de Strathclyde en Glasgow, los cient\u00edficos investigaron lo que a los conductores les disgusta de los ciclistas y lo que podr\u00eda contribuir a la mejora de su relaci\u00f3n en las carreteras. Aunque algunas de las expectativas son bastante ut\u00f3picas y s\u00f3lo dif\u00edciles de cumplir, todav\u00eda hay muchos hechos que cada ciclista podr\u00eda tener en cuenta.<\/strong><br \/>\n<!--more--><\/p>\n<p>El cuestionario de la encuesta fue compilado y completado por 620 conductores, lo que constituy\u00f3 una muestra relativamente numerosa. El estudio fue bastante complejo, pero podemos centrarnos en varias situaciones modelo causadas por un ciclista que aumentan el malestar de los conductores en la carretera.<\/p>\n<h2><strong>Lo que disgusta a los conductores de los ciclistas<\/strong><\/h2>\n<p>Entre los peores comportamientos citados se encontraban la arrogancia como &#8220;acaparar&#8221; el medio del carril, la imprevisibilidad como no se\u00f1alar las intenciones de giro o no comportarse con consideraci\u00f3n en general. La tolerancia de los conductores hacia las actividades molestas disminuy\u00f3 exponencialmente con el aumento del n\u00famero de veh\u00edculos en la carretera en un momento dado.<\/p>\n<p>https:\/\/www.youtube.com\/watch?v=a3PMVAiWmV4&#038;list=PLNxkOK-P7O9weY593MT_PQDQ6Ys7vttxT<\/p>\n<p>Con frecuencia los conductores se\u00f1alaron a los ciclistas como irresponsables (debido a la falta de conocimiento del c\u00f3digo de circulaci\u00f3n), vulnerables, peligrosos, imprevisibles o incluso arrogantes, lo que se especific\u00f3 con ejemplos de ciclistas que parec\u00edan creer que eran invencibles o que cre\u00edan que otros usuarios de la carretera deb\u00edan asumir la responsabilidad por ellos.<\/p>\n<h2><strong>Como ser\u00eda el ciclista perfecto para el conductor<\/strong><\/h2>\n<p>Cuando se les pidi\u00f3, la mayor\u00eda de los conductores estuvieron de acuerdo en que el ciclista ideal era uno responsable. Esto deb\u00eda demostrarse mediante la conciencia y la cortes\u00eda hacia otros usuarios de la carretera. Se esperaba que los ciclistas tuvieran una visibilidad adecuada y que indicaran el rumbo de sus pr\u00f3ximas intenciones, principalmente antes de girar. Es probable que las situaciones m\u00e1s inquietantes se produzcan en las superficies desiguales de las carreteras en las que los ciclistas pueden virar repentinamente delante de los conductores o cuando los carriles bici terminan repentinamente y se mezclan con el tr\u00e1fico. Entre las peores transgresiones mencionadas se encuentran los ciclistas que van en direcci\u00f3n contraria en una calle de un solo sentido, los ciclistas que se saltan los sem\u00e1foros en rojo y los que circulan por las aceras.<\/p>\n<p>Los aspectos del comportamiento de los ciclistas que los conductores consideran m\u00e1s importantes para mejorar las relaciones mutuas:<\/p>\n<p><strong>1. Comportamiento precedible\u00a0 responsable: 49%<\/strong><\/p>\n<p><strong>2. Situaci\u00f3n correcta en la carretera: 35%<\/strong><\/p>\n<p><strong>3. Visibilidad: 34%<\/strong><\/p>\n<p>\u00bfQu\u00e9 aprendimos del estudio? Los mismos ciclistas perceptivos podr\u00edan aprender de las experiencias diarias de conducci\u00f3n en carretera. El tr\u00e1fico no s\u00f3lo se trata de ir de un punto a otro, sino tambi\u00e9n de la comunicaci\u00f3n entre los participantes. No hay mucha diferencia entre conducir un coche, un autob\u00fas o montar en bicicleta porque, al final, todos somos seres humanos. Las personas que amenazan usando palabras fuertes o incluso intervenciones f\u00edsicas probablemente deber\u00edan esperar una reacci\u00f3n desagradable a cambio. Por otro lado, las personas que se comportan de manera agradable son generalmente recibidas con calidez incluso por absolutos extra\u00f1os.<\/p>\n<p>https:\/\/youtu.be\/OfmJZmFNpe0<\/p>\n<h2><strong>Comunicaci\u00f3n en la carretera<\/strong><\/h2>\n<p>Nunca puedes saber qui\u00e9n est\u00e1 sentado al volante en un momento dado cuando escuchas el rugido del motor de un coche. Mientras que algunos conductores se consideran experimentados y confiados, otros pueden carecer de las habilidades de conducci\u00f3n adecuadas o de la capacidad de estimar correctamente las distancias. Algunos conductores est\u00e1n locos por su trabajo, sus socios, su negocio, otros pueden estar recuper\u00e1ndose de una resaca o simplemente teniendo una pelea de llamadas con manos libres con su jefe. Incluso puedes conocer a un completo principiante que est\u00e1 experimentando su primera conducci\u00f3n.<\/p>\n<p>Por todo lo anterior, debemos ser socios responsables con los que puedan trabajar y entender en cualquier circunstancia, siempre deben saber de antemano qu\u00e9 esperar de nosotros. Para algunos de ellos, adelantar a un ciclista que pedalea de forma adecuada y segura puede ser una tarea dif\u00edcil, no porque sean groseros, sino porque simplemente no tienen experiencia.<\/p>\n<p>https:\/\/youtu.be\/iCsnx6lObXM<\/p>\n<h2><strong>Hacerlo m\u00e1s f\u00e1cil!<\/strong><\/h2>\n<p>Cualquier ciclista puede aprender el c\u00f3digo de circulaci\u00f3n. Debemos ser predecibles, visibles y conscientes de lo que pasa a nuestro alrededor. Estar tan cerca del bordillo como sea posible crea m\u00e1s espacio en la carretera, obviamente, siempre y cuando se pueda. El contacto visual con los conductores habla m\u00e1s fuerte que las palabras; cuando el conductor sabe que entendemos su intenci\u00f3n de girar, instant\u00e1neamente, hay menos preocupaciones sobre la posible colisi\u00f3n en ambos lados. Saltarse los sem\u00e1foros es tentador, pero puede llevar a la falta de respeto de las normas de la carretera incluso entre los conductores, que es algo que todo ciclista prefiere evitar. Cualquiera de los dos grupos puede hacer de nuestras carreteras un lugar mejor y cada uno empieza en su propia puerta.<\/p>\n","protected":false},"excerpt":{"rendered":"<p>En una encuesta llamada &#8220;Percepciones de los conductores sobre un ciclista&#8221;, llevada a cabo por la Universidad de Strathclyde en [&hellip;]<\/p>\n","protected":false},"author":29,"featured_media":6366,"comment_status":"open","ping_status":"open","sticky":false,"template":"","format":"standard","meta":{"footnotes":""},"categories":[7,8,9,6],"tags":[1645,674,1646,1644],"global-categories":[],"class_list":["post-6362","post","type-post","status-publish","format-standard","has-post-thumbnail","hentry","category-carretera","category-life-style","category-mtb-aventura","category-urban","tag-asi-ven-los-conductores-a-los-ciclistas","tag-ciclismo-urbano","tag-como-ve-el-conductor-al-ciclista","tag-relacion-conductor-ciclista"],"yoast_head":"<!-- This site is optimized with the Yoast SEO Premium plugin v25.3 (Yoast SEO v25.9) - https:\/\/yoast.com\/wordpress\/plugins\/seo\/ -->\n<title>As\u00ed ven los conductores a los ciclistas - \u0160koda We Love Cycling - Spain<\/title>\n<meta name=\"description\" content=\"As\u00ed ven los conductores a los ciclistas. Un estudio revela la percepci\u00f3n que tiene el conductor sobre el ciclista y qu\u00e9 deber\u00eda mejorar el ciclista.\" \/>\n<meta name=\"robots\" content=\"index, follow, max-snippet:-1, max-image-preview:large, max-video-preview:-1\" \/>\n<link rel=\"canonical\" href=\"https:\/\/www.welovecycling.com\/es\/2020\/07\/06\/asi-ven-los-conductores-a-los-ciclistas\/\" \/>\n<meta property=\"og:locale\" content=\"es_ES\" \/>\n<meta property=\"og:type\" content=\"article\" \/>\n<meta property=\"og:title\" content=\"As\u00ed ven los conductores a los ciclistas\" \/>\n<meta property=\"og:description\" content=\"As\u00ed ven los conductores a los ciclistas. Un estudio revela la percepci\u00f3n que tiene el conductor sobre el ciclista y qu\u00e9 deber\u00eda mejorar el ciclista.\" \/>\n<meta property=\"og:url\" content=\"https:\/\/www.welovecycling.com\/es\/2020\/07\/06\/asi-ven-los-conductores-a-los-ciclistas\/\" \/>\n<meta property=\"og:site_name\" content=\"\u0160koda We Love Cycling - Spain\" \/>\n<meta property=\"article:published_time\" content=\"2020-07-06T09:32:38+00:00\" \/>\n<meta property=\"article:modified_time\" content=\"2020-07-06T09:33:24+00:00\" \/>\n<meta property=\"og:image\" content=\"https:\/\/d2p6e6u75xmxt8.cloudfront.net\/6\/2020\/07\/StaySafeSideCVR.jpg\" \/>\n\t<meta property=\"og:image:width\" content=\"1800\" \/>\n\t<meta property=\"og:image:height\" content=\"791\" \/>\n\t<meta property=\"og:image:type\" content=\"image\/jpeg\" \/>\n<meta name=\"author\" content=\"We Love Cycling Spain\" \/>\n<meta name=\"twitter:card\" content=\"summary_large_image\" \/>\n<meta name=\"twitter:title\" content=\"As\u00ed ven los conductores a los ciclistas\" \/>\n<meta name=\"twitter:description\" content=\"As\u00ed ven los conductores a los ciclistas. Un estudio revela la percepci\u00f3n que tiene el conductor sobre el ciclista y qu\u00e9 deber\u00eda mejorar el ciclista.\" \/>\n<meta name=\"twitter:label1\" content=\"Written by\" \/>\n\t<meta name=\"twitter:data1\" content=\"Adam Marsal\" \/>\n\t<meta name=\"twitter:label2\" content=\"Est. reading time\" \/>\n\t<meta name=\"twitter:data2\" content=\"7\" \/>\n<script type=\"application\/ld+json\" class=\"yoast-schema-graph\">{\"@context\":\"https:\/\/schema.org\",\"@graph\":[{\"@type\":\"WebPage\",\"@id\":\"https:\/\/www.welovecycling.com\/es\/2020\/07\/06\/asi-ven-los-conductores-a-los-ciclistas\/\",\"url\":\"https:\/\/www.welovecycling.com\/es\/2020\/07\/06\/asi-ven-los-conductores-a-los-ciclistas\/\",\"name\":\"As\u00ed ven los conductores a los ciclistas - \u0160koda We Love Cycling - Spain\",\"isPartOf\":{\"@id\":\"https:\/\/www.welovecycling.com\/es\/#website\"},\"primaryImageOfPage\":{\"@id\":\"https:\/\/www.welovecycling.com\/es\/2020\/07\/06\/asi-ven-los-conductores-a-los-ciclistas\/#primaryimage\"},\"image\":{\"@id\":\"https:\/\/www.welovecycling.com\/es\/2020\/07\/06\/asi-ven-los-conductores-a-los-ciclistas\/#primaryimage\"},\"thumbnailUrl\":\"https:\/\/d2p6e6u75xmxt8.cloudfront.net\/6\/2020\/07\/StaySafeSideCVR.jpg\",\"datePublished\":\"2020-07-06T09:32:38+00:00\",\"dateModified\":\"2020-07-06T09:33:24+00:00\",\"author\":{\"@id\":\"https:\/\/www.welovecycling.com\/es\/#\/schema\/person\/deb61715b5812698ee79fb96f343ccd4\"},\"description\":\"As\u00ed ven los conductores a los ciclistas. Un estudio revela la percepci\u00f3n que tiene el conductor sobre el ciclista y qu\u00e9 deber\u00eda mejorar el ciclista.\",\"breadcrumb\":{\"@id\":\"https:\/\/www.welovecycling.com\/es\/2020\/07\/06\/asi-ven-los-conductores-a-los-ciclistas\/#breadcrumb\"},\"inLanguage\":\"es-ES\",\"potentialAction\":[{\"@type\":\"ReadAction\",\"target\":[\"https:\/\/www.welovecycling.com\/es\/2020\/07\/06\/asi-ven-los-conductores-a-los-ciclistas\/\"]}]},{\"@type\":\"ImageObject\",\"inLanguage\":\"es-ES\",\"@id\":\"https:\/\/www.welovecycling.com\/es\/2020\/07\/06\/asi-ven-los-conductores-a-los-ciclistas\/#primaryimage\",\"url\":\"https:\/\/d2p6e6u75xmxt8.cloudfront.net\/6\/2020\/07\/StaySafeSideCVR.jpg\",\"contentUrl\":\"https:\/\/d2p6e6u75xmxt8.cloudfront.net\/6\/2020\/07\/StaySafeSideCVR.jpg\",\"width\":1800,\"height\":791},{\"@type\":\"BreadcrumbList\",\"@id\":\"https:\/\/www.welovecycling.com\/es\/2020\/07\/06\/asi-ven-los-conductores-a-los-ciclistas\/#breadcrumb\",\"itemListElement\":[{\"@type\":\"ListItem\",\"position\":1,\"name\":\"Home\",\"item\":\"https:\/\/www.welovecycling.com\/es\/\"},{\"@type\":\"ListItem\",\"position\":2,\"name\":\"As\u00ed ven los conductores a los ciclistas\"}]},{\"@type\":\"WebSite\",\"@id\":\"https:\/\/www.welovecycling.com\/es\/#website\",\"url\":\"https:\/\/www.welovecycling.com\/es\/\",\"name\":\"\u0160koda We Love Cycling - Spain\",\"description\":\"\u0160koda WeLoveCycling Spain\",\"potentialAction\":[{\"@type\":\"SearchAction\",\"target\":{\"@type\":\"EntryPoint\",\"urlTemplate\":\"https:\/\/www.welovecycling.com\/es\/?s={search_term_string}\"},\"query-input\":{\"@type\":\"PropertyValueSpecification\",\"valueRequired\":true,\"valueName\":\"search_term_string\"}}],\"inLanguage\":\"es-ES\"},{\"@type\":\"Person\",\"@id\":\"https:\/\/www.welovecycling.com\/es\/#\/schema\/person\/deb61715b5812698ee79fb96f343ccd4\",\"name\":\"We Love Cycling Spain\",\"image\":{\"@type\":\"ImageObject\",\"inLanguage\":\"es-ES\",\"@id\":\"https:\/\/www.welovecycling.com\/es\/#\/schema\/person\/image\/\",\"url\":\"https:\/\/secure.gravatar.com\/avatar\/c824b04e6df0e37a03219d0b6481672889df542894588964102459e46513159c?s=96&d=mm&r=g\",\"contentUrl\":\"https:\/\/secure.gravatar.com\/avatar\/c824b04e6df0e37a03219d0b6481672889df542894588964102459e46513159c?s=96&d=mm&r=g\",\"caption\":\"We Love Cycling Spain\"},\"url\":\"https:\/\/www.welovecycling.com\/es\/author\/amunoz\/\"}]}<\/script>\n<!-- \/ Yoast SEO Premium plugin. -->","yoast_head_json":{"title":"As\u00ed ven los conductores a los ciclistas - \u0160koda We Love Cycling - Spain","description":"As\u00ed ven los conductores a los ciclistas. Un estudio revela la percepci\u00f3n que tiene el conductor sobre el ciclista y qu\u00e9 deber\u00eda mejorar el ciclista.","robots":{"index":"index","follow":"follow","max-snippet":"max-snippet:-1","max-image-preview":"max-image-preview:large","max-video-preview":"max-video-preview:-1"},"canonical":"https:\/\/www.welovecycling.com\/es\/2020\/07\/06\/asi-ven-los-conductores-a-los-ciclistas\/","og_locale":"es_ES","og_type":"article","og_title":"As\u00ed ven los conductores a los ciclistas","og_description":"As\u00ed ven los conductores a los ciclistas. Un estudio revela la percepci\u00f3n que tiene el conductor sobre el ciclista y qu\u00e9 deber\u00eda mejorar el ciclista.","og_url":"https:\/\/www.welovecycling.com\/es\/2020\/07\/06\/asi-ven-los-conductores-a-los-ciclistas\/","og_site_name":"\u0160koda We Love Cycling - Spain","article_published_time":"2020-07-06T09:32:38+00:00","article_modified_time":"2020-07-06T09:33:24+00:00","og_image":[{"width":1800,"height":791,"url":"https:\/\/d2p6e6u75xmxt8.cloudfront.net\/6\/2020\/07\/StaySafeSideCVR.jpg","type":"image\/jpeg"}],"author":"We Love Cycling Spain","twitter_card":"summary_large_image","twitter_title":"As\u00ed ven los conductores a los ciclistas","twitter_description":"As\u00ed ven los conductores a los ciclistas. Un estudio revela la percepci\u00f3n que tiene el conductor sobre el ciclista y qu\u00e9 deber\u00eda mejorar el ciclista.","twitter_misc":{"Written by":"Adam Marsal","Est. reading time":"7"},"schema":{"@context":"https:\/\/schema.org","@graph":[{"@type":"WebPage","@id":"https:\/\/www.welovecycling.com\/es\/2020\/07\/06\/asi-ven-los-conductores-a-los-ciclistas\/","url":"https:\/\/www.welovecycling.com\/es\/2020\/07\/06\/asi-ven-los-conductores-a-los-ciclistas\/","name":"As\u00ed ven los conductores a los ciclistas - \u0160koda We Love Cycling - Spain","isPartOf":{"@id":"https:\/\/www.welovecycling.com\/es\/#website"},"primaryImageOfPage":{"@id":"https:\/\/www.welovecycling.com\/es\/2020\/07\/06\/asi-ven-los-conductores-a-los-ciclistas\/#primaryimage"},"image":{"@id":"https:\/\/www.welovecycling.com\/es\/2020\/07\/06\/asi-ven-los-conductores-a-los-ciclistas\/#primaryimage"},"thumbnailUrl":"https:\/\/d2p6e6u75xmxt8.cloudfront.net\/6\/2020\/07\/StaySafeSideCVR.jpg","datePublished":"2020-07-06T09:32:38+00:00","dateModified":"2020-07-06T09:33:24+00:00","author":{"@id":"https:\/\/www.welovecycling.com\/es\/#\/schema\/person\/deb61715b5812698ee79fb96f343ccd4"},"description":"As\u00ed ven los conductores a los ciclistas. Un estudio revela la percepci\u00f3n que tiene el conductor sobre el ciclista y qu\u00e9 deber\u00eda mejorar el ciclista.","breadcrumb":{"@id":"https:\/\/www.welovecycling.com\/es\/2020\/07\/06\/asi-ven-los-conductores-a-los-ciclistas\/#breadcrumb"},"inLanguage":"es-ES","potentialAction":[{"@type":"ReadAction","target":["https:\/\/www.welovecycling.com\/es\/2020\/07\/06\/asi-ven-los-conductores-a-los-ciclistas\/"]}]},{"@type":"ImageObject","inLanguage":"es-ES","@id":"https:\/\/www.welovecycling.com\/es\/2020\/07\/06\/asi-ven-los-conductores-a-los-ciclistas\/#primaryimage","url":"https:\/\/d2p6e6u75xmxt8.cloudfront.net\/6\/2020\/07\/StaySafeSideCVR.jpg","contentUrl":"https:\/\/d2p6e6u75xmxt8.cloudfront.net\/6\/2020\/07\/StaySafeSideCVR.jpg","width":1800,"height":791},{"@type":"BreadcrumbList","@id":"https:\/\/www.welovecycling.com\/es\/2020\/07\/06\/asi-ven-los-conductores-a-los-ciclistas\/#breadcrumb","itemListElement":[{"@type":"ListItem","position":1,"name":"Home","item":"https:\/\/www.welovecycling.com\/es\/"},{"@type":"ListItem","position":2,"name":"As\u00ed ven los conductores a los ciclistas"}]},{"@type":"WebSite","@id":"https:\/\/www.welovecycling.com\/es\/#website","url":"https:\/\/www.welovecycling.com\/es\/","name":"\u0160koda We Love Cycling - Spain","description":"\u0160koda WeLoveCycling Spain","potentialAction":[{"@type":"SearchAction","target":{"@type":"EntryPoint","urlTemplate":"https:\/\/www.welovecycling.com\/es\/?s={search_term_string}"},"query-input":{"@type":"PropertyValueSpecification","valueRequired":true,"valueName":"search_term_string"}}],"inLanguage":"es-ES"},{"@type":"Person","@id":"https:\/\/www.welovecycling.com\/es\/#\/schema\/person\/deb61715b5812698ee79fb96f343ccd4","name":"We Love Cycling Spain","image":{"@type":"ImageObject","inLanguage":"es-ES","@id":"https:\/\/www.welovecycling.com\/es\/#\/schema\/person\/image\/","url":"https:\/\/secure.gravatar.com\/avatar\/c824b04e6df0e37a03219d0b6481672889df542894588964102459e46513159c?s=96&d=mm&r=g","contentUrl":"https:\/\/secure.gravatar.com\/avatar\/c824b04e6df0e37a03219d0b6481672889df542894588964102459e46513159c?s=96&d=mm&r=g","caption":"We Love Cycling Spain"},"url":"https:\/\/www.welovecycling.com\/es\/author\/amunoz\/"}]}},"_links":{"self":[{"href":"https:\/\/www.welovecycling.com\/es\/wp-json\/wp\/v2\/posts\/6362","targetHints":{"allow":["GET"]}}],"collection":[{"href":"https:\/\/www.welovecycling.com\/es\/wp-json\/wp\/v2\/posts"}],"about":[{"href":"https:\/\/www.welovecycling.com\/es\/wp-json\/wp\/v2\/types\/post"}],"author":[{"embeddable":true,"href":"https:\/\/www.welovecycling.com\/es\/wp-json\/wp\/v2\/users\/29"}],"replies":[{"embeddable":true,"href":"https:\/\/www.welovecycling.com\/es\/wp-json\/wp\/v2\/comments?post=6362"}],"version-history":[{"count":1,"href":"https:\/\/www.welovecycling.com\/es\/wp-json\/wp\/v2\/posts\/6362\/revisions"}],"predecessor-version":[{"id":6367,"href":"https:\/\/www.welovecycling.com\/es\/wp-json\/wp\/v2\/posts\/6362\/revisions\/6367"}],"wp:featuredmedia":[{"embeddable":true,"href":"https:\/\/www.welovecycling.com\/es\/wp-json\/wp\/v2\/media\/6366"}],"wp:attachment":[{"href":"https:\/\/www.welovecycling.com\/es\/wp-json\/wp\/v2\/media?parent=6362"}],"wp:term":[{"taxonomy":"category","embeddable":true,"href":"https:\/\/www.welovecycling.com\/es\/wp-json\/wp\/v2\/categories?post=6362"},{"taxonomy":"post_tag","embeddable":true,"href":"https:\/\/www.welovecycling.com\/es\/wp-json\/wp\/v2\/tags?post=6362"},{"taxonomy":"global-categories","embeddable":true,"href":"https:\/\/www.welovecycling.com\/es\/wp-json\/wp\/v2\/global-categories?post=6362"}],"curies":[{"name":"wp","href":"https:\/\/api.w.org\/{rel}","templated":true}]}}