{"id":6352,"date":"2020-07-03T13:19:03","date_gmt":"2020-07-03T11:19:03","guid":{"rendered":"https:\/\/www.welovecycling.com\/es\/?p=6352"},"modified":"2020-07-03T13:19:03","modified_gmt":"2020-07-03T11:19:03","slug":"mejor-peter-sagan","status":"publish","type":"post","link":"https:\/\/www.welovecycling.com\/es\/2020\/07\/03\/mejor-peter-sagan\/","title":{"rendered":"Lo mejor de Peter Sagan"},"content":{"rendered":"<p><strong>Si le preguntas a tus amigos que no saben de ciclismo sobre los m\u00e1s grandes ciclistas de todos los tiempos, s\u00f3lo unos pocos de ellos nombrar\u00edan a Eddy Merckx, Miguel Indurain o Chris Froome. La mayor\u00eda de ellos, sin embargo, recordar\u00eda a Peter Sagan que se convirti\u00f3 en una celebridad incluso m\u00e1s all\u00e1 de la comunidad ciclista. Estas son las cosas que cualquier ciclista podr\u00eda aprender de \u00e9l.<\/strong><!--more--><\/p>\n<h2><strong>Mantiene su palabra<\/strong><\/h2>\n<p>Cuando se present\u00f3 la ruta del Giro de Italia de 2020 el pasado oto\u00f1o en Mil\u00e1n, Sagan prometi\u00f3 participar este a\u00f1o por primera vez en su carrera. &#8220;Me ver\u00e1s all\u00ed&#8221;, dijo en aquel entonces esperando disputar la carrera a trav\u00e9s de Italia entre los monumentos del ciclismo y el Tour de Francia. Pero entonces el coronavirus hizo pedazos todos los planes. El calendario de la UCI para el 2020 no exist\u00eda. Cuando el nuevo plan de carrera fue revelado despu\u00e9s del confinamiento el inicio del Giro estaba previsto para solo 12 d\u00edas despu\u00e9s del Tour. Adem\u00e1s, el Giro estaba programado para que coincidiera con las cl\u00e1sicas de este a\u00f1o. Podr\u00eda haber sido f\u00e1cil para Sagan disculparse y pedir perd\u00f3n a los italianos, pero no lo hizo. Por lo tanto, ser\u00e1 su primera ausencia de los monumentos desde 2009, pero lo veremos correr las 42 etapas del Giro y el Tour en s\u00f3lo 58 d\u00edas. Cruzaremos los dedos.<\/p>\n<lite-youtube videoid=maZgWQlkdPs params=\"enablejsapi=1\" style=\"background-image: url('https:\/\/i.ytimg.com\/vi_webp\/maZgWQlkdPs\/maxresdefault.webp');\"><\/lite-youtube>\n<h2><strong>Es divertido<\/strong><\/h2>\n<p>Ya sea el Lobo de Wall Street mientras hace una entrevista para los medios o cruza la l\u00ednea de meta al estilo de Forrest Gump, Sagan parece ser un maestro de la suplantaci\u00f3n de personajes de pel\u00edculas. Lo puedes encontrar en videos donde hace un duro entrenamiento como Rocky Balboa o bailando con su esposa en la famosa portada de la pel\u00edcula Pulp Fiction. &#8220;Mi vida es como la de una pel\u00edcula&#8221;, dice en un v\u00eddeo que muestra su patria, Eslovaquia, lo que es indudablemente cierto pero, adem\u00e1s, trae a su vida muchas cosas del cine para hacernos re\u00edr.<\/p>\n<p>&nbsp;<\/p>\n<lite-youtube videoid=7LoQuoSydK8 params=\"enablejsapi=1\" style=\"background-image: url('https:\/\/i.ytimg.com\/vi_webp\/7LoQuoSydK8\/maxresdefault.webp');\"><\/lite-youtube>\n<h2><strong>Experto en &#8216;caballitos&#8217;<\/strong><\/h2>\n<p>Aparte de muchas otras habilidades, el manejo de la bicicleta de Sagan es legendario. No importa si est\u00e1 adelantando un pelot\u00f3n, manteniendo una posici\u00f3n perfecta en la bicicleta de carretera con el pecho presionando el manillar para reducir la resistencia aerodin\u00e1mica, haciendo un caballito, saltando por encima de los bordillos de tr\u00e1fico, derrapando a toda velocidad, tomando a todo trapo las curvas, saltando por una escalera o haciendo wheelies incluso con los dos pies fuera de los pedales: cada segundo que Sagan pasa en la bicicleta, siempre parece mantenerla con la facilidad de un mago. Esta habilidad lo hace m\u00e1s bien un miembro de la comunidad de descenso que un ciclista de carretera asc\u00e9tico. \u00bfSus competidores poseen habilidades similares? Incluso si las tienen, no parecen tentados a mostrarlas en p\u00fablico hasta ahora.<\/p>\n<div class=\"embed-controller-wrapper\">\n<blockquote class=\"twitter-tweet\" data-width=\"500\" data-dnt=\"true\">\n<p lang=\"en\" dir=\"ltr\">After a long and hard day in the saddle, training in the mountains of <a href=\"https:\/\/twitter.com\/oetztalcom?ref_src=twsrc%5Etfw\">@oetztalcom<\/a>, it&#39;s time to relax a bit&#8230;<a href=\"https:\/\/twitter.com\/BORAhansgrohe?ref_src=twsrc%5Etfw\">@BORAhansgrohe<\/a> @BORAGmbH <a href=\"https:\/\/twitter.com\/Hansgrohe_PR?ref_src=twsrc%5Etfw\">@Hansgrohe_PR<\/a> <a href=\"https:\/\/twitter.com\/iamspecialized?ref_src=twsrc%5Etfw\">@iamspecialized<\/a> <a href=\"https:\/\/twitter.com\/sportful?ref_src=twsrc%5Etfw\">@sportful<\/a> <a href=\"https:\/\/twitter.com\/ride100percent?ref_src=twsrc%5Etfw\">@ride100percent<\/a> <a href=\"https:\/\/t.co\/f2snQyGfvm\">pic.twitter.com\/f2snQyGfvm<\/a><\/p>\n<p>&mdash; Peter Sagan (@petosagan) <a href=\"https:\/\/twitter.com\/petosagan\/status\/1273666305418289157?ref_src=twsrc%5Etfw\">June 18, 2020<\/a><\/p><\/blockquote>\n<p><script async data-src=\"https:\/\/platform.twitter.com\/widgets.js\" charset=\"utf-8\"><\/script><\/div>\n<h2><strong>Se lo toma con calma<\/strong><\/h2>\n<p>Con su lema &#8220;Por qu\u00e9 tan serio&#8221; tatuado en su lado derecho, Sagan dice que la vida es demasiado corta para ser tomada en serio. A pesar de que el \u00e9xito en el ciclismo profesional se redime con el dolor y el sufrimiento, Peter nunca ha sentido ninguno o ha logrado ocultarlo de manera convincente. En lugar de un deporte de dolor traicionero, prefiere presentar el ciclismo como un ocio divertido, lo que incluye cruzar la l\u00ednea de meta en un wheelie sin manos, mover el casco de Froome delante de las c\u00e1maras o actuar en un anuncio en el que acepta el reto de la abuela Joan de unirse a la carrera del mejor ciclista del mundo.<\/p>\n<p>&nbsp;<\/p>\n<lite-youtube videoid=K-eQ2nzURIQ params=\"enablejsapi=1\" style=\"background-image: url('https:\/\/i.ytimg.com\/vi_webp\/K-eQ2nzURIQ\/maxresdefault.webp');\"><\/lite-youtube>\n<p>A diferencia de la mayor\u00eda de sus rivales, a Peter nunca le han molestado los fans pidi\u00e9ndole un aut\u00f3grafo, aunque haya ocurrido en medio de una dura escalada durante una etapa del Tour de Francia. Apenas se le puede ver decepcionado despu\u00e9s de haber terminado de cerca en segundo, tercero o cuarto lugar. Incluso cuando algo sale mal, Peter s\u00f3lo dice que hay cosas m\u00e1s importantes en la vida que los segundos que perdi\u00f3 en una pista. Mientras que otros hacen tratos con el diablo y apuntan \u00fanicamente a los resultados como m\u00e1quinas preprogramadas, Peter sigue siendo un ser humano en primer lugar, lo que le gan\u00f3 el coraz\u00f3n de miles de fans en todo el mundo.<\/p>\n","protected":false},"excerpt":{"rendered":"<p>Si le preguntas a tus amigos que no saben de ciclismo sobre los m\u00e1s grandes ciclistas de todos los tiempos, [&hellip;]<\/p>\n","protected":false},"author":29,"featured_media":6358,"comment_status":"open","ping_status":"open","sticky":false,"template":"","format":"standard","meta":{"footnotes":""},"categories":[7],"tags":[1642,1643,1640,1641],"global-categories":[],"class_list":["post-6352","post","type-post","status-publish","format-standard","has-post-thumbnail","hentry","category-carretera","tag-anuncios-de-peter-sagan","tag-peter-sagan-tv","tag-sagan","tag-videos-de-peter-sagan"],"yoast_head":"<!-- This site is optimized with the Yoast SEO Premium plugin v25.3 (Yoast SEO v25.9) - https:\/\/yoast.com\/wordpress\/plugins\/seo\/ -->\n<title>Lo mejor de Peter Sagan - \u0160koda We Love Cycling - Spain<\/title>\n<meta name=\"description\" content=\"Lo mejor de Peter Sagan. Las cosas que cualquier ciclista profesional podr\u00eda aprender de Peter Sagan y su forma de ver el ciclismo.\" \/>\n<meta name=\"robots\" content=\"index, follow, max-snippet:-1, max-image-preview:large, max-video-preview:-1\" \/>\n<link rel=\"canonical\" href=\"https:\/\/www.welovecycling.com\/es\/2020\/07\/03\/mejor-peter-sagan\/\" \/>\n<meta property=\"og:locale\" content=\"es_ES\" \/>\n<meta property=\"og:type\" content=\"article\" \/>\n<meta property=\"og:title\" content=\"Lo mejor de Peter Sagan\" \/>\n<meta property=\"og:description\" content=\"Lo mejor de Peter Sagan. Las cosas que cualquier ciclista profesional podr\u00eda aprender de Peter Sagan y su forma de ver el ciclismo.\" \/>\n<meta property=\"og:url\" content=\"https:\/\/www.welovecycling.com\/es\/2020\/07\/03\/mejor-peter-sagan\/\" \/>\n<meta property=\"og:site_name\" content=\"\u0160koda We Love Cycling - Spain\" \/>\n<meta property=\"article:published_time\" content=\"2020-07-03T11:19:03+00:00\" \/>\n<meta property=\"og:image\" content=\"https:\/\/d2p6e6u75xmxt8.cloudfront.net\/6\/2020\/07\/Peter-Sagan-CVR-profimedia-0467892447.jpg\" \/>\n\t<meta property=\"og:image:width\" content=\"1366\" \/>\n\t<meta property=\"og:image:height\" content=\"600\" \/>\n\t<meta property=\"og:image:type\" content=\"image\/jpeg\" \/>\n<meta name=\"author\" content=\"We Love Cycling Spain\" \/>\n<meta name=\"twitter:card\" content=\"summary_large_image\" \/>\n<meta name=\"twitter:title\" content=\"Lo mejor de Peter Sagan\" \/>\n<meta name=\"twitter:description\" content=\"Lo mejor de Peter Sagan. Las cosas que cualquier ciclista profesional podr\u00eda aprender de Peter Sagan y su forma de ver el ciclismo.\" \/>\n<meta name=\"twitter:label1\" content=\"Written by\" \/>\n\t<meta name=\"twitter:data1\" content=\"Adam Marsal\" \/>\n\t<meta name=\"twitter:label2\" content=\"Est. reading time\" \/>\n\t<meta name=\"twitter:data2\" content=\"5\" \/>\n<script type=\"application\/ld+json\" class=\"yoast-schema-graph\">{\"@context\":\"https:\/\/schema.org\",\"@graph\":[{\"@type\":\"WebPage\",\"@id\":\"https:\/\/www.welovecycling.com\/es\/2020\/07\/03\/mejor-peter-sagan\/\",\"url\":\"https:\/\/www.welovecycling.com\/es\/2020\/07\/03\/mejor-peter-sagan\/\",\"name\":\"Lo mejor de Peter Sagan - \u0160koda We Love Cycling - Spain\",\"isPartOf\":{\"@id\":\"https:\/\/www.welovecycling.com\/es\/#website\"},\"primaryImageOfPage\":{\"@id\":\"https:\/\/www.welovecycling.com\/es\/2020\/07\/03\/mejor-peter-sagan\/#primaryimage\"},\"image\":{\"@id\":\"https:\/\/www.welovecycling.com\/es\/2020\/07\/03\/mejor-peter-sagan\/#primaryimage\"},\"thumbnailUrl\":\"https:\/\/d2p6e6u75xmxt8.cloudfront.net\/6\/2020\/07\/Peter-Sagan-CVR-profimedia-0467892447.jpg\",\"datePublished\":\"2020-07-03T11:19:03+00:00\",\"author\":{\"@id\":\"https:\/\/www.welovecycling.com\/es\/#\/schema\/person\/deb61715b5812698ee79fb96f343ccd4\"},\"description\":\"Lo mejor de Peter Sagan. Las cosas que cualquier ciclista profesional podr\u00eda aprender de Peter Sagan y su forma de ver el ciclismo.\",\"breadcrumb\":{\"@id\":\"https:\/\/www.welovecycling.com\/es\/2020\/07\/03\/mejor-peter-sagan\/#breadcrumb\"},\"inLanguage\":\"es-ES\",\"potentialAction\":[{\"@type\":\"ReadAction\",\"target\":[\"https:\/\/www.welovecycling.com\/es\/2020\/07\/03\/mejor-peter-sagan\/\"]}]},{\"@type\":\"ImageObject\",\"inLanguage\":\"es-ES\",\"@id\":\"https:\/\/www.welovecycling.com\/es\/2020\/07\/03\/mejor-peter-sagan\/#primaryimage\",\"url\":\"https:\/\/d2p6e6u75xmxt8.cloudfront.net\/6\/2020\/07\/Peter-Sagan-CVR-profimedia-0467892447.jpg\",\"contentUrl\":\"https:\/\/d2p6e6u75xmxt8.cloudfront.net\/6\/2020\/07\/Peter-Sagan-CVR-profimedia-0467892447.jpg\",\"width\":1366,\"height\":600},{\"@type\":\"BreadcrumbList\",\"@id\":\"https:\/\/www.welovecycling.com\/es\/2020\/07\/03\/mejor-peter-sagan\/#breadcrumb\",\"itemListElement\":[{\"@type\":\"ListItem\",\"position\":1,\"name\":\"Home\",\"item\":\"https:\/\/www.welovecycling.com\/es\/\"},{\"@type\":\"ListItem\",\"position\":2,\"name\":\"Lo mejor de Peter Sagan\"}]},{\"@type\":\"WebSite\",\"@id\":\"https:\/\/www.welovecycling.com\/es\/#website\",\"url\":\"https:\/\/www.welovecycling.com\/es\/\",\"name\":\"\u0160koda We Love Cycling - Spain\",\"description\":\"\u0160koda WeLoveCycling Spain\",\"potentialAction\":[{\"@type\":\"SearchAction\",\"target\":{\"@type\":\"EntryPoint\",\"urlTemplate\":\"https:\/\/www.welovecycling.com\/es\/?s={search_term_string}\"},\"query-input\":{\"@type\":\"PropertyValueSpecification\",\"valueRequired\":true,\"valueName\":\"search_term_string\"}}],\"inLanguage\":\"es-ES\"},{\"@type\":\"Person\",\"@id\":\"https:\/\/www.welovecycling.com\/es\/#\/schema\/person\/deb61715b5812698ee79fb96f343ccd4\",\"name\":\"We Love Cycling Spain\",\"image\":{\"@type\":\"ImageObject\",\"inLanguage\":\"es-ES\",\"@id\":\"https:\/\/www.welovecycling.com\/es\/#\/schema\/person\/image\/\",\"url\":\"https:\/\/secure.gravatar.com\/avatar\/c824b04e6df0e37a03219d0b6481672889df542894588964102459e46513159c?s=96&d=mm&r=g\",\"contentUrl\":\"https:\/\/secure.gravatar.com\/avatar\/c824b04e6df0e37a03219d0b6481672889df542894588964102459e46513159c?s=96&d=mm&r=g\",\"caption\":\"We Love Cycling Spain\"},\"url\":\"https:\/\/www.welovecycling.com\/es\/author\/amunoz\/\"}]}<\/script>\n<!-- \/ Yoast SEO Premium plugin. -->","yoast_head_json":{"title":"Lo mejor de Peter Sagan - \u0160koda We Love Cycling - Spain","description":"Lo mejor de Peter Sagan. Las cosas que cualquier ciclista profesional podr\u00eda aprender de Peter Sagan y su forma de ver el ciclismo.","robots":{"index":"index","follow":"follow","max-snippet":"max-snippet:-1","max-image-preview":"max-image-preview:large","max-video-preview":"max-video-preview:-1"},"canonical":"https:\/\/www.welovecycling.com\/es\/2020\/07\/03\/mejor-peter-sagan\/","og_locale":"es_ES","og_type":"article","og_title":"Lo mejor de Peter Sagan","og_description":"Lo mejor de Peter Sagan. Las cosas que cualquier ciclista profesional podr\u00eda aprender de Peter Sagan y su forma de ver el ciclismo.","og_url":"https:\/\/www.welovecycling.com\/es\/2020\/07\/03\/mejor-peter-sagan\/","og_site_name":"\u0160koda We Love Cycling - Spain","article_published_time":"2020-07-03T11:19:03+00:00","og_image":[{"width":1366,"height":600,"url":"https:\/\/d2p6e6u75xmxt8.cloudfront.net\/6\/2020\/07\/Peter-Sagan-CVR-profimedia-0467892447.jpg","type":"image\/jpeg"}],"author":"We Love Cycling Spain","twitter_card":"summary_large_image","twitter_title":"Lo mejor de Peter Sagan","twitter_description":"Lo mejor de Peter Sagan. Las cosas que cualquier ciclista profesional podr\u00eda aprender de Peter Sagan y su forma de ver el ciclismo.","twitter_misc":{"Written by":"Adam Marsal","Est. reading time":"5"},"schema":{"@context":"https:\/\/schema.org","@graph":[{"@type":"WebPage","@id":"https:\/\/www.welovecycling.com\/es\/2020\/07\/03\/mejor-peter-sagan\/","url":"https:\/\/www.welovecycling.com\/es\/2020\/07\/03\/mejor-peter-sagan\/","name":"Lo mejor de Peter Sagan - \u0160koda We Love Cycling - Spain","isPartOf":{"@id":"https:\/\/www.welovecycling.com\/es\/#website"},"primaryImageOfPage":{"@id":"https:\/\/www.welovecycling.com\/es\/2020\/07\/03\/mejor-peter-sagan\/#primaryimage"},"image":{"@id":"https:\/\/www.welovecycling.com\/es\/2020\/07\/03\/mejor-peter-sagan\/#primaryimage"},"thumbnailUrl":"https:\/\/d2p6e6u75xmxt8.cloudfront.net\/6\/2020\/07\/Peter-Sagan-CVR-profimedia-0467892447.jpg","datePublished":"2020-07-03T11:19:03+00:00","author":{"@id":"https:\/\/www.welovecycling.com\/es\/#\/schema\/person\/deb61715b5812698ee79fb96f343ccd4"},"description":"Lo mejor de Peter Sagan. Las cosas que cualquier ciclista profesional podr\u00eda aprender de Peter Sagan y su forma de ver el ciclismo.","breadcrumb":{"@id":"https:\/\/www.welovecycling.com\/es\/2020\/07\/03\/mejor-peter-sagan\/#breadcrumb"},"inLanguage":"es-ES","potentialAction":[{"@type":"ReadAction","target":["https:\/\/www.welovecycling.com\/es\/2020\/07\/03\/mejor-peter-sagan\/"]}]},{"@type":"ImageObject","inLanguage":"es-ES","@id":"https:\/\/www.welovecycling.com\/es\/2020\/07\/03\/mejor-peter-sagan\/#primaryimage","url":"https:\/\/d2p6e6u75xmxt8.cloudfront.net\/6\/2020\/07\/Peter-Sagan-CVR-profimedia-0467892447.jpg","contentUrl":"https:\/\/d2p6e6u75xmxt8.cloudfront.net\/6\/2020\/07\/Peter-Sagan-CVR-profimedia-0467892447.jpg","width":1366,"height":600},{"@type":"BreadcrumbList","@id":"https:\/\/www.welovecycling.com\/es\/2020\/07\/03\/mejor-peter-sagan\/#breadcrumb","itemListElement":[{"@type":"ListItem","position":1,"name":"Home","item":"https:\/\/www.welovecycling.com\/es\/"},{"@type":"ListItem","position":2,"name":"Lo mejor de Peter Sagan"}]},{"@type":"WebSite","@id":"https:\/\/www.welovecycling.com\/es\/#website","url":"https:\/\/www.welovecycling.com\/es\/","name":"\u0160koda We Love Cycling - Spain","description":"\u0160koda WeLoveCycling Spain","potentialAction":[{"@type":"SearchAction","target":{"@type":"EntryPoint","urlTemplate":"https:\/\/www.welovecycling.com\/es\/?s={search_term_string}"},"query-input":{"@type":"PropertyValueSpecification","valueRequired":true,"valueName":"search_term_string"}}],"inLanguage":"es-ES"},{"@type":"Person","@id":"https:\/\/www.welovecycling.com\/es\/#\/schema\/person\/deb61715b5812698ee79fb96f343ccd4","name":"We Love Cycling Spain","image":{"@type":"ImageObject","inLanguage":"es-ES","@id":"https:\/\/www.welovecycling.com\/es\/#\/schema\/person\/image\/","url":"https:\/\/secure.gravatar.com\/avatar\/c824b04e6df0e37a03219d0b6481672889df542894588964102459e46513159c?s=96&d=mm&r=g","contentUrl":"https:\/\/secure.gravatar.com\/avatar\/c824b04e6df0e37a03219d0b6481672889df542894588964102459e46513159c?s=96&d=mm&r=g","caption":"We Love Cycling Spain"},"url":"https:\/\/www.welovecycling.com\/es\/author\/amunoz\/"}]}},"_links":{"self":[{"href":"https:\/\/www.welovecycling.com\/es\/wp-json\/wp\/v2\/posts\/6352","targetHints":{"allow":["GET"]}}],"collection":[{"href":"https:\/\/www.welovecycling.com\/es\/wp-json\/wp\/v2\/posts"}],"about":[{"href":"https:\/\/www.welovecycling.com\/es\/wp-json\/wp\/v2\/types\/post"}],"author":[{"embeddable":true,"href":"https:\/\/www.welovecycling.com\/es\/wp-json\/wp\/v2\/users\/29"}],"replies":[{"embeddable":true,"href":"https:\/\/www.welovecycling.com\/es\/wp-json\/wp\/v2\/comments?post=6352"}],"version-history":[{"count":1,"href":"https:\/\/www.welovecycling.com\/es\/wp-json\/wp\/v2\/posts\/6352\/revisions"}],"predecessor-version":[{"id":6361,"href":"https:\/\/www.welovecycling.com\/es\/wp-json\/wp\/v2\/posts\/6352\/revisions\/6361"}],"wp:featuredmedia":[{"embeddable":true,"href":"https:\/\/www.welovecycling.com\/es\/wp-json\/wp\/v2\/media\/6358"}],"wp:attachment":[{"href":"https:\/\/www.welovecycling.com\/es\/wp-json\/wp\/v2\/media?parent=6352"}],"wp:term":[{"taxonomy":"category","embeddable":true,"href":"https:\/\/www.welovecycling.com\/es\/wp-json\/wp\/v2\/categories?post=6352"},{"taxonomy":"post_tag","embeddable":true,"href":"https:\/\/www.welovecycling.com\/es\/wp-json\/wp\/v2\/tags?post=6352"},{"taxonomy":"global-categories","embeddable":true,"href":"https:\/\/www.welovecycling.com\/es\/wp-json\/wp\/v2\/global-categories?post=6352"}],"curies":[{"name":"wp","href":"https:\/\/api.w.org\/{rel}","templated":true}]}}