{"id":6252,"date":"2020-06-03T10:25:34","date_gmt":"2020-06-03T08:25:34","guid":{"rendered":"https:\/\/www.welovecycling.com\/es\/?p=6252"},"modified":"2020-06-03T10:25:34","modified_gmt":"2020-06-03T08:25:34","slug":"andy-schleck-entrevista-instagram","status":"publish","type":"post","link":"https:\/\/www.welovecycling.com\/es\/2020\/06\/03\/andy-schleck-entrevista-instagram\/","title":{"rendered":"Conoce a Andy Schleck en la entrevista de #Ride2Unite en Instagram"},"content":{"rendered":"<p><strong>Volvemos con otra dosis semanal de diversi\u00f3n ciclista virtual a trav\u00e9s de la iniciativa #Ride2Unite para apoyar a la comunidad ciclista en su momento de necesidad. Aqu\u00ed est\u00e1 la introducci\u00f3n a otro programa en vivo presentado por la periodista deportiva espa\u00f1ola y presentadora de Eurosport, Laura Meseguer, esta vez con un ex-ciclista profesional de carretera que viene de una larga saga familiar &#8211; Andy Schleck.<\/strong><\/p>\n<p><!--more--><\/p>\n<p>Como mencionamos, no es raro que haya sagas familiares en el ciclismo. S\u00f3lo hay que preguntarle a Andy Schleck, ex ciclista profesional, nativo de Luxemburgo y ganador y dos veces subcampe\u00f3n del Tour de Francia 2010, cuyo hermano mayor, padre y abuelo tienen un amplio palmar\u00e9s de triunfos ciclistas. Tras convertirse en profesional en 2005 con CSC, Schleck alcanz\u00f3 la prominencia pr\u00e1cticamente de la noche a la ma\u00f1ana. A los 21 a\u00f1os, termin\u00f3 segundo en el Giro de Italia de 2007, detr\u00e1s del ganador Danilo Di Luca. Actualmente, es presidente del Tour de Luxemburgo, embajador del programa de hospitalidad del Tour de Francia y entrenador y asesor de ciclismo profesional. Despu\u00e9s de retirarse joven debido a una lesi\u00f3n, mont\u00f3 una peque\u00f1a tienda de bicicletas en Luxemburgo que se convirti\u00f3 en su amado hobby y donde tambi\u00e9n pasa mucho tiempo, ayudando a la gente a encontrar y construir la bicicleta de sus sue\u00f1os.<\/p>\n<figure id=\"attachment_6253\" aria-describedby=\"caption-attachment-6253\" style=\"width: 1024px\" class=\"wp-caption alignnone\"><a href=\"https:\/\/d2p6e6u75xmxt8.cloudfront.net\/2\/2019\/07\/profimedia-0220691891.jpg\"><img loading=\"lazy\" decoding=\"async\" class=\"wp-image-6253 size-large\" src=\"https:\/\/d2p6e6u75xmxt8.cloudfront.net\/6\/2020\/06\/profimedia-0220691891.jpg\" alt=\"\" width=\"1024\" height=\"680\" \/><\/a><figcaption id=\"caption-attachment-6253\" class=\"wp-caption-text\">Andy Schleck, ex ciclista profesional y ganador y dos veces subcampe\u00f3n del Tour de Francia 2010.. \u00a9 Profimedia, TEMP Shutterstock Editorial<\/figcaption><\/figure>\n<p>En la pr\u00f3xima emisi\u00f3n en directo, Laura Meseguer le preguntr\u00e1 por este cambio de ser un corredor profesional con un calendario de a\u00f1o loco a propietario de una tienda de bicicletas en la ciudad de Ipzig, junto con temas como sus recuerdos sobre su \u00e9poca de profesional, consejos para j\u00f3venes talentos que buscan hacer un gran avance en la escena del ciclismo, sus opiniones sobre c\u00f3mo el mundo del ciclismo se enfrentar\u00e1 en los tiempos posteriores a Covid-19 y mucho m\u00e1s. E jueves 4 de junio de 2020 a las 6 PM CEST etaremos transmitiendo en <a href=\"https:\/\/www.instagram.com\/wlcmagazine\/\">Instagram<\/a> y en un evento dedicado en Facebook.<\/p>\n<p>Puedes ponerte al d\u00eda con la segunda transmisi\u00f3n de #Ride2Unite con el ex-corredor de carretera holand\u00e9s Laurens ten Dam en <a href=\"https:\/\/www.instagram.com\/wlcmagazine\/\">Instagram<\/a>.<\/p>\n","protected":false},"excerpt":{"rendered":"<p>Volvemos con otra dosis semanal de diversi\u00f3n ciclista virtual a trav\u00e9s de la iniciativa #Ride2Unite para apoyar a la comunidad [&hellip;]<\/p>\n","protected":false},"author":29,"featured_media":6255,"comment_status":"open","ping_status":"open","sticky":false,"template":"","format":"standard","meta":{"footnotes":""},"categories":[7],"tags":[1594,1595,1596],"global-categories":[],"class_list":["post-6252","post","type-post","status-publish","format-standard","has-post-thumbnail","hentry","category-carretera","tag-andy-schleck","tag-entrevista-andy-schleck","tag-entrevista-schleck"],"yoast_head":"<!-- This site is optimized with the Yoast SEO Premium plugin v25.3 (Yoast SEO v25.9) - https:\/\/yoast.com\/wordpress\/plugins\/seo\/ -->\n<title>Conoce a Andy Schleck en la entrevista de #Ride2Unite en Instagram - \u0160koda We Love Cycling - Spain<\/title>\n<meta name=\"description\" content=\"Conoce a Andy Schleck en la entrevista de #Ride2Unite en Instagram. El jueves 4 de junio, entrevista con Andy Schleck de Laura Meseguer.\" \/>\n<meta name=\"robots\" content=\"index, follow, max-snippet:-1, max-image-preview:large, max-video-preview:-1\" \/>\n<link rel=\"canonical\" href=\"https:\/\/www.welovecycling.com\/es\/2020\/06\/03\/andy-schleck-entrevista-instagram\/\" \/>\n<meta property=\"og:locale\" content=\"es_ES\" \/>\n<meta property=\"og:type\" content=\"article\" \/>\n<meta property=\"og:title\" content=\"Conoce a Andy Schleck en la entrevista de #Ride2Unite en Instagram\" \/>\n<meta property=\"og:description\" content=\"Conoce a Andy Schleck en la entrevista de #Ride2Unite en Instagram. El jueves 4 de junio, entrevista con Andy Schleck de Laura Meseguer.\" \/>\n<meta property=\"og:url\" content=\"https:\/\/www.welovecycling.com\/es\/2020\/06\/03\/andy-schleck-entrevista-instagram\/\" \/>\n<meta property=\"og:site_name\" content=\"\u0160koda We Love Cycling - Spain\" \/>\n<meta property=\"article:published_time\" content=\"2020-06-03T08:25:34+00:00\" \/>\n<meta property=\"og:image\" content=\"https:\/\/d2p6e6u75xmxt8.cloudfront.net\/6\/2020\/06\/r2u_linkshare_1200x628_Andy.jpg\" \/>\n\t<meta property=\"og:image:width\" content=\"1200\" \/>\n\t<meta property=\"og:image:height\" content=\"628\" \/>\n\t<meta property=\"og:image:type\" content=\"image\/jpeg\" \/>\n<meta name=\"author\" content=\"We Love Cycling Spain\" \/>\n<meta name=\"twitter:card\" content=\"summary_large_image\" \/>\n<meta name=\"twitter:title\" content=\"Conoce a Andy Schleck en la entrevista de #Ride2Unite en Instagram\" \/>\n<meta name=\"twitter:description\" content=\"Conoce a Andy Schleck en la entrevista de #Ride2Unite en Instagram. El jueves 4 de junio, entrevista con Andy Schleck de Laura Meseguer.\" \/>\n<meta name=\"twitter:label1\" content=\"Written by\" \/>\n\t<meta name=\"twitter:data1\" content=\"We Love Cycling Spain\" \/>\n\t<meta name=\"twitter:label2\" content=\"Est. reading time\" \/>\n\t<meta name=\"twitter:data2\" content=\"3\" \/>\n<script type=\"application\/ld+json\" class=\"yoast-schema-graph\">{\"@context\":\"https:\/\/schema.org\",\"@graph\":[{\"@type\":\"WebPage\",\"@id\":\"https:\/\/www.welovecycling.com\/es\/2020\/06\/03\/andy-schleck-entrevista-instagram\/\",\"url\":\"https:\/\/www.welovecycling.com\/es\/2020\/06\/03\/andy-schleck-entrevista-instagram\/\",\"name\":\"Conoce a Andy Schleck en la entrevista de #Ride2Unite en Instagram - \u0160koda We Love Cycling - Spain\",\"isPartOf\":{\"@id\":\"https:\/\/www.welovecycling.com\/es\/#website\"},\"primaryImageOfPage\":{\"@id\":\"https:\/\/www.welovecycling.com\/es\/2020\/06\/03\/andy-schleck-entrevista-instagram\/#primaryimage\"},\"image\":{\"@id\":\"https:\/\/www.welovecycling.com\/es\/2020\/06\/03\/andy-schleck-entrevista-instagram\/#primaryimage\"},\"thumbnailUrl\":\"https:\/\/d2p6e6u75xmxt8.cloudfront.net\/6\/2020\/06\/r2u_linkshare_1200x628_Andy.jpg\",\"datePublished\":\"2020-06-03T08:25:34+00:00\",\"author\":{\"@id\":\"https:\/\/www.welovecycling.com\/es\/#\/schema\/person\/deb61715b5812698ee79fb96f343ccd4\"},\"description\":\"Conoce a Andy Schleck en la entrevista de #Ride2Unite en Instagram. El jueves 4 de junio, entrevista con Andy Schleck de Laura Meseguer.\",\"breadcrumb\":{\"@id\":\"https:\/\/www.welovecycling.com\/es\/2020\/06\/03\/andy-schleck-entrevista-instagram\/#breadcrumb\"},\"inLanguage\":\"es-ES\",\"potentialAction\":[{\"@type\":\"ReadAction\",\"target\":[\"https:\/\/www.welovecycling.com\/es\/2020\/06\/03\/andy-schleck-entrevista-instagram\/\"]}]},{\"@type\":\"ImageObject\",\"inLanguage\":\"es-ES\",\"@id\":\"https:\/\/www.welovecycling.com\/es\/2020\/06\/03\/andy-schleck-entrevista-instagram\/#primaryimage\",\"url\":\"https:\/\/d2p6e6u75xmxt8.cloudfront.net\/6\/2020\/06\/r2u_linkshare_1200x628_Andy.jpg\",\"contentUrl\":\"https:\/\/d2p6e6u75xmxt8.cloudfront.net\/6\/2020\/06\/r2u_linkshare_1200x628_Andy.jpg\",\"width\":1200,\"height\":628},{\"@type\":\"BreadcrumbList\",\"@id\":\"https:\/\/www.welovecycling.com\/es\/2020\/06\/03\/andy-schleck-entrevista-instagram\/#breadcrumb\",\"itemListElement\":[{\"@type\":\"ListItem\",\"position\":1,\"name\":\"Home\",\"item\":\"https:\/\/www.welovecycling.com\/es\/\"},{\"@type\":\"ListItem\",\"position\":2,\"name\":\"Conoce a Andy Schleck en la entrevista de #Ride2Unite en Instagram\"}]},{\"@type\":\"WebSite\",\"@id\":\"https:\/\/www.welovecycling.com\/es\/#website\",\"url\":\"https:\/\/www.welovecycling.com\/es\/\",\"name\":\"\u0160koda We Love Cycling - Spain\",\"description\":\"\u0160koda WeLoveCycling Spain\",\"potentialAction\":[{\"@type\":\"SearchAction\",\"target\":{\"@type\":\"EntryPoint\",\"urlTemplate\":\"https:\/\/www.welovecycling.com\/es\/?s={search_term_string}\"},\"query-input\":{\"@type\":\"PropertyValueSpecification\",\"valueRequired\":true,\"valueName\":\"search_term_string\"}}],\"inLanguage\":\"es-ES\"},{\"@type\":\"Person\",\"@id\":\"https:\/\/www.welovecycling.com\/es\/#\/schema\/person\/deb61715b5812698ee79fb96f343ccd4\",\"name\":\"We Love Cycling Spain\",\"image\":{\"@type\":\"ImageObject\",\"inLanguage\":\"es-ES\",\"@id\":\"https:\/\/www.welovecycling.com\/es\/#\/schema\/person\/image\/\",\"url\":\"https:\/\/secure.gravatar.com\/avatar\/c824b04e6df0e37a03219d0b6481672889df542894588964102459e46513159c?s=96&d=mm&r=g\",\"contentUrl\":\"https:\/\/secure.gravatar.com\/avatar\/c824b04e6df0e37a03219d0b6481672889df542894588964102459e46513159c?s=96&d=mm&r=g\",\"caption\":\"We Love Cycling Spain\"},\"url\":\"https:\/\/www.welovecycling.com\/es\/author\/amunoz\/\"}]}<\/script>\n<!-- \/ Yoast SEO Premium plugin. -->","yoast_head_json":{"title":"Conoce a Andy Schleck en la entrevista de #Ride2Unite en Instagram - \u0160koda We Love Cycling - Spain","description":"Conoce a Andy Schleck en la entrevista de #Ride2Unite en Instagram. El jueves 4 de junio, entrevista con Andy Schleck de Laura Meseguer.","robots":{"index":"index","follow":"follow","max-snippet":"max-snippet:-1","max-image-preview":"max-image-preview:large","max-video-preview":"max-video-preview:-1"},"canonical":"https:\/\/www.welovecycling.com\/es\/2020\/06\/03\/andy-schleck-entrevista-instagram\/","og_locale":"es_ES","og_type":"article","og_title":"Conoce a Andy Schleck en la entrevista de #Ride2Unite en Instagram","og_description":"Conoce a Andy Schleck en la entrevista de #Ride2Unite en Instagram. El jueves 4 de junio, entrevista con Andy Schleck de Laura Meseguer.","og_url":"https:\/\/www.welovecycling.com\/es\/2020\/06\/03\/andy-schleck-entrevista-instagram\/","og_site_name":"\u0160koda We Love Cycling - Spain","article_published_time":"2020-06-03T08:25:34+00:00","og_image":[{"width":1200,"height":628,"url":"https:\/\/d2p6e6u75xmxt8.cloudfront.net\/6\/2020\/06\/r2u_linkshare_1200x628_Andy.jpg","type":"image\/jpeg"}],"author":"We Love Cycling Spain","twitter_card":"summary_large_image","twitter_title":"Conoce a Andy Schleck en la entrevista de #Ride2Unite en Instagram","twitter_description":"Conoce a Andy Schleck en la entrevista de #Ride2Unite en Instagram. El jueves 4 de junio, entrevista con Andy Schleck de Laura Meseguer.","twitter_misc":{"Written by":"We Love Cycling Spain","Est. reading time":"3"},"schema":{"@context":"https:\/\/schema.org","@graph":[{"@type":"WebPage","@id":"https:\/\/www.welovecycling.com\/es\/2020\/06\/03\/andy-schleck-entrevista-instagram\/","url":"https:\/\/www.welovecycling.com\/es\/2020\/06\/03\/andy-schleck-entrevista-instagram\/","name":"Conoce a Andy Schleck en la entrevista de #Ride2Unite en Instagram - \u0160koda We Love Cycling - Spain","isPartOf":{"@id":"https:\/\/www.welovecycling.com\/es\/#website"},"primaryImageOfPage":{"@id":"https:\/\/www.welovecycling.com\/es\/2020\/06\/03\/andy-schleck-entrevista-instagram\/#primaryimage"},"image":{"@id":"https:\/\/www.welovecycling.com\/es\/2020\/06\/03\/andy-schleck-entrevista-instagram\/#primaryimage"},"thumbnailUrl":"https:\/\/d2p6e6u75xmxt8.cloudfront.net\/6\/2020\/06\/r2u_linkshare_1200x628_Andy.jpg","datePublished":"2020-06-03T08:25:34+00:00","author":{"@id":"https:\/\/www.welovecycling.com\/es\/#\/schema\/person\/deb61715b5812698ee79fb96f343ccd4"},"description":"Conoce a Andy Schleck en la entrevista de #Ride2Unite en Instagram. El jueves 4 de junio, entrevista con Andy Schleck de Laura Meseguer.","breadcrumb":{"@id":"https:\/\/www.welovecycling.com\/es\/2020\/06\/03\/andy-schleck-entrevista-instagram\/#breadcrumb"},"inLanguage":"es-ES","potentialAction":[{"@type":"ReadAction","target":["https:\/\/www.welovecycling.com\/es\/2020\/06\/03\/andy-schleck-entrevista-instagram\/"]}]},{"@type":"ImageObject","inLanguage":"es-ES","@id":"https:\/\/www.welovecycling.com\/es\/2020\/06\/03\/andy-schleck-entrevista-instagram\/#primaryimage","url":"https:\/\/d2p6e6u75xmxt8.cloudfront.net\/6\/2020\/06\/r2u_linkshare_1200x628_Andy.jpg","contentUrl":"https:\/\/d2p6e6u75xmxt8.cloudfront.net\/6\/2020\/06\/r2u_linkshare_1200x628_Andy.jpg","width":1200,"height":628},{"@type":"BreadcrumbList","@id":"https:\/\/www.welovecycling.com\/es\/2020\/06\/03\/andy-schleck-entrevista-instagram\/#breadcrumb","itemListElement":[{"@type":"ListItem","position":1,"name":"Home","item":"https:\/\/www.welovecycling.com\/es\/"},{"@type":"ListItem","position":2,"name":"Conoce a Andy Schleck en la entrevista de #Ride2Unite en Instagram"}]},{"@type":"WebSite","@id":"https:\/\/www.welovecycling.com\/es\/#website","url":"https:\/\/www.welovecycling.com\/es\/","name":"\u0160koda We Love Cycling - Spain","description":"\u0160koda WeLoveCycling Spain","potentialAction":[{"@type":"SearchAction","target":{"@type":"EntryPoint","urlTemplate":"https:\/\/www.welovecycling.com\/es\/?s={search_term_string}"},"query-input":{"@type":"PropertyValueSpecification","valueRequired":true,"valueName":"search_term_string"}}],"inLanguage":"es-ES"},{"@type":"Person","@id":"https:\/\/www.welovecycling.com\/es\/#\/schema\/person\/deb61715b5812698ee79fb96f343ccd4","name":"We Love Cycling Spain","image":{"@type":"ImageObject","inLanguage":"es-ES","@id":"https:\/\/www.welovecycling.com\/es\/#\/schema\/person\/image\/","url":"https:\/\/secure.gravatar.com\/avatar\/c824b04e6df0e37a03219d0b6481672889df542894588964102459e46513159c?s=96&d=mm&r=g","contentUrl":"https:\/\/secure.gravatar.com\/avatar\/c824b04e6df0e37a03219d0b6481672889df542894588964102459e46513159c?s=96&d=mm&r=g","caption":"We Love Cycling Spain"},"url":"https:\/\/www.welovecycling.com\/es\/author\/amunoz\/"}]}},"_links":{"self":[{"href":"https:\/\/www.welovecycling.com\/es\/wp-json\/wp\/v2\/posts\/6252","targetHints":{"allow":["GET"]}}],"collection":[{"href":"https:\/\/www.welovecycling.com\/es\/wp-json\/wp\/v2\/posts"}],"about":[{"href":"https:\/\/www.welovecycling.com\/es\/wp-json\/wp\/v2\/types\/post"}],"author":[{"embeddable":true,"href":"https:\/\/www.welovecycling.com\/es\/wp-json\/wp\/v2\/users\/29"}],"replies":[{"embeddable":true,"href":"https:\/\/www.welovecycling.com\/es\/wp-json\/wp\/v2\/comments?post=6252"}],"version-history":[{"count":2,"href":"https:\/\/www.welovecycling.com\/es\/wp-json\/wp\/v2\/posts\/6252\/revisions"}],"predecessor-version":[{"id":6257,"href":"https:\/\/www.welovecycling.com\/es\/wp-json\/wp\/v2\/posts\/6252\/revisions\/6257"}],"wp:featuredmedia":[{"embeddable":true,"href":"https:\/\/www.welovecycling.com\/es\/wp-json\/wp\/v2\/media\/6255"}],"wp:attachment":[{"href":"https:\/\/www.welovecycling.com\/es\/wp-json\/wp\/v2\/media?parent=6252"}],"wp:term":[{"taxonomy":"category","embeddable":true,"href":"https:\/\/www.welovecycling.com\/es\/wp-json\/wp\/v2\/categories?post=6252"},{"taxonomy":"post_tag","embeddable":true,"href":"https:\/\/www.welovecycling.com\/es\/wp-json\/wp\/v2\/tags?post=6252"},{"taxonomy":"global-categories","embeddable":true,"href":"https:\/\/www.welovecycling.com\/es\/wp-json\/wp\/v2\/global-categories?post=6252"}],"curies":[{"name":"wp","href":"https:\/\/api.w.org\/{rel}","templated":true}]}}