{"id":6233,"date":"2020-05-30T18:30:47","date_gmt":"2020-05-30T16:30:47","guid":{"rendered":"https:\/\/www.welovecycling.com\/es\/?p=6233"},"modified":"2020-05-30T18:30:47","modified_gmt":"2020-05-30T16:30:47","slug":"strava-de-pago","status":"publish","type":"post","link":"https:\/\/www.welovecycling.com\/es\/2020\/05\/30\/strava-de-pago\/","title":{"rendered":"Strava hace su aplicaci\u00f3n m\u00e1s popular de pago \u00bfle dar\u00e1n los ciclistas la espalda?"},"content":{"rendered":"<p><strong>Strava ya no es lo que era. La red social m\u00e1s utilizada por los ciclistas ha recortado varias de sus aplicaciones que hasta mediados de mayo eran gratuitas y que la hac\u00edan la preferida por los amantes de la bicicleta. Una decisi\u00f3n controvertida y que todav\u00eda no se sabe que consecuencias tendr\u00e1, pero que vamos a analizar paso a paso.<\/strong><br \/>\n<!--more--><\/p>\n<p>Seguro que ya conoces las novedades de Strava porque no has dejado de utilizar la aplicaci\u00f3n ni un solo d\u00eda desde que se permite salir en bicicleta en Espa\u00f1a. A ti tambi\u00e9n te lleg\u00f3 el correo electr\u00f3nico de los due\u00f1os de Strava en el que explicaban las razones por las que muchas de sus aplicaciones pasaban a ser de pago. La principal es que las aplicaciones como las clasificaciones por tramos (una de las que han pasado a la versi\u00f3n premium) eran demasiado costosas de mantener y hac\u00edan que Strava no fuese rentable.<\/p>\n<p>En la carta enviada a todos los usuarios por correo electr\u00f3nico, en Espa\u00f1a hay m\u00e1s de 2 millones, tambi\u00e9n explicaba que hab\u00edan descartado la inserci\u00f3n de publicidad y patrocinios (una posible v\u00eda de financiaci\u00f3n) y que consideraban que la mejor forma de mantener Strava en el futuro era premiar a los usuarios que ya eran premium y restar aplicaciones a los que la utilizan de forma gratuita.<\/p>\n<p><a href=\"https:\/\/d2p6e6u75xmxt8.cloudfront.net\/6\/2020\/05\/strava-2.png\"><img loading=\"lazy\" decoding=\"async\" class=\"aligncenter size-full wp-image-6237\" src=\"https:\/\/d2p6e6u75xmxt8.cloudfront.net\/6\/2020\/05\/strava-2.png\" alt=\"\" width=\"1298\" height=\"497\" \/><\/a><\/p>\n<p><strong>\u00bfQu\u00e9 aplicaciones de las m\u00e1s usadas de Strava dejan de ser gratuitas?<\/strong><br \/>\n&#8211; Clasificaci\u00f3n por tramos. Ahora al subir una ruta solo puedes ver los 10 primero de cada tramo. Ni tan siquiera puedes ver los tiempos hist\u00f3ricos que hab\u00edas hecho en ese tramo.<br \/>\n&#8211; Creaci\u00f3n de rutas. Ya no puedes dise\u00f1ar una ruta y descargartela en el GPS o enviarsela a otro ciclista.<br \/>\n&#8211; Comparaci\u00f3n, filtrado y an\u00e1lisis de los esfuerzos de segmento<\/p>\n<p><strong>\u00bfQu\u00e9 sigue siendo gratuito en Strava?<br \/>\n<\/strong>&#8211; Los 10 primeros tiempos en cada tramo<br \/>\n&#8211; Creaci\u00f3n de nuevos segmentos<br \/>\n&#8211; Pantalla de detalle del segmento<br \/>\n&#8211; Clubes<br \/>\n&#8211; Calendario y actividades y visualizaci\u00f3n de actividades de otros ciclistas<br \/>\n&#8211; Retos<br \/>\n&#8211; Explorar \/ Buscar segmento<br \/>\n&#8211; Segmentos marcados<br \/>\n&#8211; Logros de actividad (KOM,\u00a0 PRs)<\/p>\n<p><strong>\u00bfCu\u00e1nto vale ahora la zona Premium de Strava y qu\u00e9 ofrece?<\/strong><br \/>\nDesde mediados de mayo Strava ofrece a los usuarios que empleaban la app de formar gratuita una prueba de 60 d\u00edas. Despu\u00e9s el coste ser\u00e1 de 7,99 euros si es una suscripci\u00f3n mensual o 59,99 euros si es anual.<br \/>\nEso s\u00ed, a cambio Strava amplia estas funciones para sus usuarios premium<br \/>\n&#8211; Gran actualizaci\u00f3n de Rutas, con planificaci\u00f3n y recomendaciones en iOS y Android.<br \/>\n&#8211; Recorridos en bicicleta coincidentes: an\u00e1lisis del rendimiento en vueltas id\u00e9nticas a lo largo del tiempo.<br \/>\n&#8211; Historial completo de entrenamientos con Registro de entrenamiento en iOS.<br \/>\n&#8211; An\u00e1lisis del entrenamiento disponible ahora para todos los tipos de actividades.<br \/>\n&#8211; Ritmo ajustado en pendientes (RAP) ya disponible en iOS y Android.<br \/>\n&#8211; Pr\u00f3ximamente: una forma completamente nueva de competir en los segmentos\u2026<\/p>\n<p><a href=\"https:\/\/d2p6e6u75xmxt8.cloudfront.net\/6\/2020\/05\/MARMOTTE-PIRINEOS-159.JPG.jpg\"><img loading=\"lazy\" decoding=\"async\" class=\"aligncenter size-full wp-image-6238\" src=\"https:\/\/d2p6e6u75xmxt8.cloudfront.net\/6\/2020\/05\/MARMOTTE-PIRINEOS-159.JPG.jpg\" alt=\"\" width=\"1200\" height=\"560\" \/><\/a><\/p>\n<p><strong>\u00bfSupondr\u00e1 esto un retroceso para Strava?<\/strong><br \/>\nEsa es la gran duda. Si por algo se ha distinguido Strava en estos \u00faltimos a\u00f1os es por haber llegado al &#8216;coraz\u00f3n&#8217; de los ciclistas y haberles dado una app excelente de forma gratuita. S<strong>us KOM se han convertido en tema de charla habitual entre los grupettas<\/strong> y las clasificaciones de los tramos eran la zona m\u00e1s consultada porque pod\u00edas compararte con otro compa\u00f1eros ciclistas de tu nivel o incluso del pelot\u00f3n profesional.<\/p>\n<p>Strava se hab\u00eda generalizado tanto que ya no hab\u00eda casi ning\u00fan ciclista profesional o cicloturista que no saliese a <strong>entrenar con el GPS o el m\u00f3vil<\/strong> para ver despu\u00e9s en casa como hab\u00eda rodado por los tramos, subirlo a redes sociales y &#8216;posturear&#8217;. En el \u00e1mbito m\u00e1s profesionales, incluso para gestionar sus entrenamientos, esfuerzos, niveles de pulsaciones y de vatios&#8230;. En definitiva, una referencia sencilla para ver la evoluci\u00f3n durante los meses de una temporada sin necesidad de ir con la libreta, como se hac\u00eda antes.<\/p>\n<p>Ahora con Strava con unas funciones tan limitadas queda la duda de si el usuario medio dejar\u00e1 de utilizar la app y quedar\u00e1 como algo residual y podr\u00e1 sobrevivir solo con los que accedan a pagar por sus servicios. O<strong> si la soluci\u00f3n publicitaria (insertar banners en Strava)<\/strong> hubiese sido m\u00e1s tolerada por los usuarios de la versi\u00f3n gratuita.<\/p>\n<p>Alternativas a Strava. Pues ahora mismo ninguna aplicaci\u00f3n hab\u00eda conseguido llegar a tanto, sobre todo a nivel de usuarios y popularidad. Solo <a href=\"https:\/\/buy.garmin.com\/es-ES\/ES\/p\/125677\">Garmin Connect,<\/a> aunque le falta lo mismo que Strava acaba de suprimir, la clasificaci\u00f3n por segmentos.<\/p>\n","protected":false},"excerpt":{"rendered":"<p>Strava ya no es lo que era. La red social m\u00e1s utilizada por los ciclistas ha recortado varias de sus [&hellip;]<\/p>\n","protected":false},"author":29,"featured_media":6236,"comment_status":"open","ping_status":"open","sticky":false,"template":"","format":"standard","meta":{"footnotes":""},"categories":[7,9],"tags":[1589,1588,1590,740,1587,1586],"global-categories":[1164],"class_list":["post-6233","post","type-post","status-publish","format-standard","has-post-thumbnail","hentry","category-carretera","category-mtb-aventura","tag-nuevo-strava","tag-recortes-de-strava","tag-segmentos-strava","tag-strava","tag-strava-de-pago","tag-strava-premium","global-categories-cycling"],"yoast_head":"<!-- This site is optimized with the Yoast SEO Premium plugin v25.3 (Yoast SEO v25.9) - https:\/\/yoast.com\/wordpress\/plugins\/seo\/ -->\n<title>Strava hace su aplicaci\u00f3n m\u00e1s popular de pago \u00bfle dar\u00e1n los ciclistas la espalda? - \u0160koda We Love Cycling - Spain<\/title>\n<meta name=\"description\" content=\"Strava se hace de pago. Strava suprime de la opci\u00f3n gratuita los segmentos y varias de sus aplicaciones m\u00e1s populares. \u00bfLe ser\u00e1 rentable?\" \/>\n<meta name=\"robots\" content=\"index, follow, max-snippet:-1, max-image-preview:large, max-video-preview:-1\" \/>\n<link rel=\"canonical\" href=\"https:\/\/www.welovecycling.com\/es\/2020\/05\/30\/strava-de-pago\/\" \/>\n<meta property=\"og:locale\" content=\"es_ES\" \/>\n<meta property=\"og:type\" content=\"article\" \/>\n<meta property=\"og:title\" content=\"Strava hace su aplicaci\u00f3n m\u00e1s popular de pago \u00bfle dar\u00e1n los ciclistas la espalda?\" \/>\n<meta property=\"og:description\" content=\"Strava se hace de pago. Strava suprime de la opci\u00f3n gratuita los segmentos y varias de sus aplicaciones m\u00e1s populares. \u00bfLe ser\u00e1 rentable?\" \/>\n<meta property=\"og:url\" content=\"https:\/\/www.welovecycling.com\/es\/2020\/05\/30\/strava-de-pago\/\" \/>\n<meta property=\"og:site_name\" content=\"\u0160koda We Love Cycling - Spain\" \/>\n<meta property=\"article:published_time\" content=\"2020-05-30T16:30:47+00:00\" \/>\n<meta property=\"og:image\" content=\"https:\/\/d2p6e6u75xmxt8.cloudfront.net\/6\/2020\/05\/strava-1.jpg\" \/>\n\t<meta property=\"og:image:width\" content=\"1057\" \/>\n\t<meta property=\"og:image:height\" content=\"538\" \/>\n\t<meta property=\"og:image:type\" content=\"image\/jpeg\" \/>\n<meta name=\"author\" content=\"We Love Cycling Spain\" \/>\n<meta name=\"twitter:card\" content=\"summary_large_image\" \/>\n<meta name=\"twitter:title\" content=\"Strava hace su aplicaci\u00f3n m\u00e1s popular de pago \u00bfle dar\u00e1n los ciclistas la espalda?\" \/>\n<meta name=\"twitter:description\" content=\"Strava se hace de pago. Strava suprime de la opci\u00f3n gratuita los segmentos y varias de sus aplicaciones m\u00e1s populares. \u00bfLe ser\u00e1 rentable?\" \/>\n<meta name=\"twitter:label1\" content=\"Written by\" \/>\n\t<meta name=\"twitter:data1\" content=\"Luis Ortega @Ciclored\" \/>\n\t<meta name=\"twitter:label2\" content=\"Est. reading time\" \/>\n\t<meta name=\"twitter:data2\" content=\"4 minutes\" \/>\n<script type=\"application\/ld+json\" class=\"yoast-schema-graph\">{\"@context\":\"https:\/\/schema.org\",\"@graph\":[{\"@type\":\"WebPage\",\"@id\":\"https:\/\/www.welovecycling.com\/es\/2020\/05\/30\/strava-de-pago\/\",\"url\":\"https:\/\/www.welovecycling.com\/es\/2020\/05\/30\/strava-de-pago\/\",\"name\":\"Strava hace su aplicaci\u00f3n m\u00e1s popular de pago \u00bfle dar\u00e1n los ciclistas la espalda? - \u0160koda We Love Cycling - Spain\",\"isPartOf\":{\"@id\":\"https:\/\/www.welovecycling.com\/es\/#website\"},\"primaryImageOfPage\":{\"@id\":\"https:\/\/www.welovecycling.com\/es\/2020\/05\/30\/strava-de-pago\/#primaryimage\"},\"image\":{\"@id\":\"https:\/\/www.welovecycling.com\/es\/2020\/05\/30\/strava-de-pago\/#primaryimage\"},\"thumbnailUrl\":\"https:\/\/d2p6e6u75xmxt8.cloudfront.net\/6\/2020\/05\/strava-1.jpg\",\"datePublished\":\"2020-05-30T16:30:47+00:00\",\"author\":{\"@id\":\"https:\/\/www.welovecycling.com\/es\/#\/schema\/person\/deb61715b5812698ee79fb96f343ccd4\"},\"description\":\"Strava se hace de pago. Strava suprime de la opci\u00f3n gratuita los segmentos y varias de sus aplicaciones m\u00e1s populares. \u00bfLe ser\u00e1 rentable?\",\"breadcrumb\":{\"@id\":\"https:\/\/www.welovecycling.com\/es\/2020\/05\/30\/strava-de-pago\/#breadcrumb\"},\"inLanguage\":\"es-ES\",\"potentialAction\":[{\"@type\":\"ReadAction\",\"target\":[\"https:\/\/www.welovecycling.com\/es\/2020\/05\/30\/strava-de-pago\/\"]}]},{\"@type\":\"ImageObject\",\"inLanguage\":\"es-ES\",\"@id\":\"https:\/\/www.welovecycling.com\/es\/2020\/05\/30\/strava-de-pago\/#primaryimage\",\"url\":\"https:\/\/d2p6e6u75xmxt8.cloudfront.net\/6\/2020\/05\/strava-1.jpg\",\"contentUrl\":\"https:\/\/d2p6e6u75xmxt8.cloudfront.net\/6\/2020\/05\/strava-1.jpg\",\"width\":1057,\"height\":538},{\"@type\":\"BreadcrumbList\",\"@id\":\"https:\/\/www.welovecycling.com\/es\/2020\/05\/30\/strava-de-pago\/#breadcrumb\",\"itemListElement\":[{\"@type\":\"ListItem\",\"position\":1,\"name\":\"Home\",\"item\":\"https:\/\/www.welovecycling.com\/es\/\"},{\"@type\":\"ListItem\",\"position\":2,\"name\":\"Strava hace su aplicaci\u00f3n m\u00e1s popular de pago \u00bfle dar\u00e1n los ciclistas la espalda?\"}]},{\"@type\":\"WebSite\",\"@id\":\"https:\/\/www.welovecycling.com\/es\/#website\",\"url\":\"https:\/\/www.welovecycling.com\/es\/\",\"name\":\"\u0160koda We Love Cycling - Spain\",\"description\":\"\u0160koda WeLoveCycling Spain\",\"potentialAction\":[{\"@type\":\"SearchAction\",\"target\":{\"@type\":\"EntryPoint\",\"urlTemplate\":\"https:\/\/www.welovecycling.com\/es\/?s={search_term_string}\"},\"query-input\":{\"@type\":\"PropertyValueSpecification\",\"valueRequired\":true,\"valueName\":\"search_term_string\"}}],\"inLanguage\":\"es-ES\"},{\"@type\":\"Person\",\"@id\":\"https:\/\/www.welovecycling.com\/es\/#\/schema\/person\/deb61715b5812698ee79fb96f343ccd4\",\"name\":\"We Love Cycling Spain\",\"image\":{\"@type\":\"ImageObject\",\"inLanguage\":\"es-ES\",\"@id\":\"https:\/\/www.welovecycling.com\/es\/#\/schema\/person\/image\/\",\"url\":\"https:\/\/secure.gravatar.com\/avatar\/c824b04e6df0e37a03219d0b6481672889df542894588964102459e46513159c?s=96&d=mm&r=g\",\"contentUrl\":\"https:\/\/secure.gravatar.com\/avatar\/c824b04e6df0e37a03219d0b6481672889df542894588964102459e46513159c?s=96&d=mm&r=g\",\"caption\":\"We Love Cycling Spain\"},\"url\":\"https:\/\/www.welovecycling.com\/es\/author\/amunoz\/\"}]}<\/script>\n<!-- \/ Yoast SEO Premium plugin. -->","yoast_head_json":{"title":"Strava hace su aplicaci\u00f3n m\u00e1s popular de pago \u00bfle dar\u00e1n los ciclistas la espalda? - \u0160koda We Love Cycling - Spain","description":"Strava se hace de pago. Strava suprime de la opci\u00f3n gratuita los segmentos y varias de sus aplicaciones m\u00e1s populares. \u00bfLe ser\u00e1 rentable?","robots":{"index":"index","follow":"follow","max-snippet":"max-snippet:-1","max-image-preview":"max-image-preview:large","max-video-preview":"max-video-preview:-1"},"canonical":"https:\/\/www.welovecycling.com\/es\/2020\/05\/30\/strava-de-pago\/","og_locale":"es_ES","og_type":"article","og_title":"Strava hace su aplicaci\u00f3n m\u00e1s popular de pago \u00bfle dar\u00e1n los ciclistas la espalda?","og_description":"Strava se hace de pago. Strava suprime de la opci\u00f3n gratuita los segmentos y varias de sus aplicaciones m\u00e1s populares. \u00bfLe ser\u00e1 rentable?","og_url":"https:\/\/www.welovecycling.com\/es\/2020\/05\/30\/strava-de-pago\/","og_site_name":"\u0160koda We Love Cycling - Spain","article_published_time":"2020-05-30T16:30:47+00:00","og_image":[{"width":1057,"height":538,"url":"https:\/\/d2p6e6u75xmxt8.cloudfront.net\/6\/2020\/05\/strava-1.jpg","type":"image\/jpeg"}],"author":"We Love Cycling Spain","twitter_card":"summary_large_image","twitter_title":"Strava hace su aplicaci\u00f3n m\u00e1s popular de pago \u00bfle dar\u00e1n los ciclistas la espalda?","twitter_description":"Strava se hace de pago. Strava suprime de la opci\u00f3n gratuita los segmentos y varias de sus aplicaciones m\u00e1s populares. \u00bfLe ser\u00e1 rentable?","twitter_misc":{"Written by":"Luis Ortega @Ciclored","Est. reading time":"4 minutes"},"schema":{"@context":"https:\/\/schema.org","@graph":[{"@type":"WebPage","@id":"https:\/\/www.welovecycling.com\/es\/2020\/05\/30\/strava-de-pago\/","url":"https:\/\/www.welovecycling.com\/es\/2020\/05\/30\/strava-de-pago\/","name":"Strava hace su aplicaci\u00f3n m\u00e1s popular de pago \u00bfle dar\u00e1n los ciclistas la espalda? - \u0160koda We Love Cycling - Spain","isPartOf":{"@id":"https:\/\/www.welovecycling.com\/es\/#website"},"primaryImageOfPage":{"@id":"https:\/\/www.welovecycling.com\/es\/2020\/05\/30\/strava-de-pago\/#primaryimage"},"image":{"@id":"https:\/\/www.welovecycling.com\/es\/2020\/05\/30\/strava-de-pago\/#primaryimage"},"thumbnailUrl":"https:\/\/d2p6e6u75xmxt8.cloudfront.net\/6\/2020\/05\/strava-1.jpg","datePublished":"2020-05-30T16:30:47+00:00","author":{"@id":"https:\/\/www.welovecycling.com\/es\/#\/schema\/person\/deb61715b5812698ee79fb96f343ccd4"},"description":"Strava se hace de pago. Strava suprime de la opci\u00f3n gratuita los segmentos y varias de sus aplicaciones m\u00e1s populares. \u00bfLe ser\u00e1 rentable?","breadcrumb":{"@id":"https:\/\/www.welovecycling.com\/es\/2020\/05\/30\/strava-de-pago\/#breadcrumb"},"inLanguage":"es-ES","potentialAction":[{"@type":"ReadAction","target":["https:\/\/www.welovecycling.com\/es\/2020\/05\/30\/strava-de-pago\/"]}]},{"@type":"ImageObject","inLanguage":"es-ES","@id":"https:\/\/www.welovecycling.com\/es\/2020\/05\/30\/strava-de-pago\/#primaryimage","url":"https:\/\/d2p6e6u75xmxt8.cloudfront.net\/6\/2020\/05\/strava-1.jpg","contentUrl":"https:\/\/d2p6e6u75xmxt8.cloudfront.net\/6\/2020\/05\/strava-1.jpg","width":1057,"height":538},{"@type":"BreadcrumbList","@id":"https:\/\/www.welovecycling.com\/es\/2020\/05\/30\/strava-de-pago\/#breadcrumb","itemListElement":[{"@type":"ListItem","position":1,"name":"Home","item":"https:\/\/www.welovecycling.com\/es\/"},{"@type":"ListItem","position":2,"name":"Strava hace su aplicaci\u00f3n m\u00e1s popular de pago \u00bfle dar\u00e1n los ciclistas la espalda?"}]},{"@type":"WebSite","@id":"https:\/\/www.welovecycling.com\/es\/#website","url":"https:\/\/www.welovecycling.com\/es\/","name":"\u0160koda We Love Cycling - Spain","description":"\u0160koda WeLoveCycling Spain","potentialAction":[{"@type":"SearchAction","target":{"@type":"EntryPoint","urlTemplate":"https:\/\/www.welovecycling.com\/es\/?s={search_term_string}"},"query-input":{"@type":"PropertyValueSpecification","valueRequired":true,"valueName":"search_term_string"}}],"inLanguage":"es-ES"},{"@type":"Person","@id":"https:\/\/www.welovecycling.com\/es\/#\/schema\/person\/deb61715b5812698ee79fb96f343ccd4","name":"We Love Cycling Spain","image":{"@type":"ImageObject","inLanguage":"es-ES","@id":"https:\/\/www.welovecycling.com\/es\/#\/schema\/person\/image\/","url":"https:\/\/secure.gravatar.com\/avatar\/c824b04e6df0e37a03219d0b6481672889df542894588964102459e46513159c?s=96&d=mm&r=g","contentUrl":"https:\/\/secure.gravatar.com\/avatar\/c824b04e6df0e37a03219d0b6481672889df542894588964102459e46513159c?s=96&d=mm&r=g","caption":"We Love Cycling Spain"},"url":"https:\/\/www.welovecycling.com\/es\/author\/amunoz\/"}]}},"_links":{"self":[{"href":"https:\/\/www.welovecycling.com\/es\/wp-json\/wp\/v2\/posts\/6233","targetHints":{"allow":["GET"]}}],"collection":[{"href":"https:\/\/www.welovecycling.com\/es\/wp-json\/wp\/v2\/posts"}],"about":[{"href":"https:\/\/www.welovecycling.com\/es\/wp-json\/wp\/v2\/types\/post"}],"author":[{"embeddable":true,"href":"https:\/\/www.welovecycling.com\/es\/wp-json\/wp\/v2\/users\/29"}],"replies":[{"embeddable":true,"href":"https:\/\/www.welovecycling.com\/es\/wp-json\/wp\/v2\/comments?post=6233"}],"version-history":[{"count":2,"href":"https:\/\/www.welovecycling.com\/es\/wp-json\/wp\/v2\/posts\/6233\/revisions"}],"predecessor-version":[{"id":6239,"href":"https:\/\/www.welovecycling.com\/es\/wp-json\/wp\/v2\/posts\/6233\/revisions\/6239"}],"wp:featuredmedia":[{"embeddable":true,"href":"https:\/\/www.welovecycling.com\/es\/wp-json\/wp\/v2\/media\/6236"}],"wp:attachment":[{"href":"https:\/\/www.welovecycling.com\/es\/wp-json\/wp\/v2\/media?parent=6233"}],"wp:term":[{"taxonomy":"category","embeddable":true,"href":"https:\/\/www.welovecycling.com\/es\/wp-json\/wp\/v2\/categories?post=6233"},{"taxonomy":"post_tag","embeddable":true,"href":"https:\/\/www.welovecycling.com\/es\/wp-json\/wp\/v2\/tags?post=6233"},{"taxonomy":"global-categories","embeddable":true,"href":"https:\/\/www.welovecycling.com\/es\/wp-json\/wp\/v2\/global-categories?post=6233"}],"curies":[{"name":"wp","href":"https:\/\/api.w.org\/{rel}","templated":true}]}}