{"id":6152,"date":"2020-05-06T14:12:26","date_gmt":"2020-05-06T12:12:26","guid":{"rendered":"https:\/\/www.welovecycling.com\/es\/?p=6152"},"modified":"2020-05-06T14:16:56","modified_gmt":"2020-05-06T12:16:56","slug":"calendario-ciclista-world-tour-2020","status":"publish","type":"post","link":"https:\/\/www.welovecycling.com\/es\/2020\/05\/06\/calendario-ciclista-world-tour-2020\/","title":{"rendered":"As\u00ed queda el calendario ciclista World Tour para 2020"},"content":{"rendered":"<p><strong>\u00bfC\u00f3mo meter los 8 meses que quedaban de temporada ciclista profesional World Tour en solo tres y medio? Ese era el dilema que ten\u00eda la UCI antes de lanzar el calendario para lo que queda de la temporada 2020. Las pautas, situar las tres grandes, los Mundiales, los monumentos y consultar al resto a ver donde se pod\u00edan colocar. Eso s\u00ed, teniendo en cuenta que, salvo los Mundiales, las dem\u00e1s tendr\u00edan que ir solapadas con otras competiciones, incluso el Tour.<\/strong><!--more--><\/p>\n<p>La duda se resolvi\u00f3 el pasado 5 de mayo. La <strong>UCI ya tiene calendario World Tour<\/strong> para las competiciones masculinas y femeninas, que van desde el 1 de agosto hasta mediados de noviembre. Eso si, siempre pendientes de una posible evoluci\u00f3n sanitaria y bajo revisi\u00f3n. Hasta el <strong>15 de mayo se han dado de fecha para ir revisando<\/strong> futuros cambios y parece que no estar\u00e1 todo asentado de forma definitiva hasta junio.<\/p>\n<p>En primer lugar porque no es sencillo aunar las leyes sanitarias y de movilidad de todos los paises por los que acogen el nuevo calendario. <strong>Francia, Espa\u00f1a, B\u00e9lgica, Holanda, Italia, Polonia, Portugal, Canad\u00e1, Reino Unido y China.<\/strong> Y por el otro tampoco los viajes que deben hacer los ciclistas entre continentes, los sudamericanos y los australianos a Europa, todos los europeos a Canad\u00e1 o China.<\/p>\n<p>Pero a\u00fan as\u00ed, ya hay un calendario World Tour aprobado por la UCI sobre el que se pueden poner a trabajar los ciclistas profesionales y sus equipos. Una luz entre tanta incertidumbre. <strong>Algo palpable, aunque siempre pendiente de modificaci\u00f3n por causas sanitarias, como asegur\u00f3 el presidente de la UCI<\/strong>, que no quiso dar por seguro nada en estos momentos.<\/p>\n<p><img loading=\"lazy\" decoding=\"async\" class=\"alignnone size-extra-large\" src=\"https:\/\/www.ciclismoafondo.es\/uploads\/s1\/23\/53\/44\/8\/2020-uci-road-calendar.jpeg\" width=\"800\" height=\"501\" \/><\/p>\n<p>Lo \u00fanico que no se han modificado son los <strong>Mundiales<\/strong>, que se disputar\u00e1n en <strong>Suiza<\/strong> en las mismas fechas que estaban previstos, del 20 al 27 de septiembre, aunque el 20 coincide con la \u00faltima etapa del Tour de Francia.<\/p>\n<p><strong>LAS TRES GRANDES<\/strong><\/p>\n<p>Lo que si deja claro el calendario es el <strong>Tour se mantiene \u00edntegro y ser\u00e1 del 29 de agosto al 20 de septiembre<\/strong> y que a partir de ah\u00ed se ha articulado el resto, con solapamientos y d\u00edas de hasta tres competiciones. Con la carrera francesa solo coincide la Tirreno Adri\u00e1tico y las dos carreras de Canad\u00e1. Quebec y Montreal. Lo que tambi\u00e9n se asegura el Tour es su carrera previa de preparaci\u00f3n,<strong> La Dauphine<\/strong>, del 12 al 16 de agost0.<\/p>\n<p>El <strong>Giro de Italia<\/strong> tambi\u00e9n contar\u00e1 con todas sus etapas, aunque las primeras no podr\u00e1n ser en Hungr\u00eda, como estaban programadas, y se disputar\u00e1 del <strong>3 al 25 de octubre<\/strong>. Eso s\u00ed, coincidir\u00e1 de lleno con todas las cl\u00e1sicas que se sol\u00edan disputar en mayo. La carrera italiana, adem\u00e1s, comienza solo 15 d\u00edas despu\u00e9s de acabar el Tour y una semana tras los Mundiales. Demasiado poco para que un ciclista recupere y doble.<br \/>\n<a href=\"https:\/\/d2p6e6u75xmxt8.cloudfront.net\/6\/2020\/05\/TOUR-2018-38.JPG.jpg\"><img loading=\"lazy\" decoding=\"async\" class=\"aligncenter size-large wp-image-6158\" src=\"https:\/\/d2p6e6u75xmxt8.cloudfront.net\/6\/2020\/05\/TOUR-2018-38.JPG-1024x678.jpg\" alt=\"\" width=\"1024\" height=\"678\" srcset=\"https:\/\/d2p6e6u75xmxt8.cloudfront.net\/6\/2020\/05\/TOUR-2018-38.JPG.jpg 1024w, https:\/\/d2p6e6u75xmxt8.cloudfront.net\/6\/2020\/05\/TOUR-2018-38.JPG-300x199.jpg 300w, https:\/\/d2p6e6u75xmxt8.cloudfront.net\/6\/2020\/05\/TOUR-2018-38.JPG-768x509.jpg 768w\" sizes=\"auto, (max-width: 1024px) 100vw, 1024px\" \/><\/a><\/p>\n<p>En ese aspecto se beneficiar\u00eda <strong>La Vuelta<\/strong>, que es la \u00fanica que recorta d\u00edas y pierde las tres jornadas que se iban a disputar en Holanda. Se queda con una ronda de <strong>18 etapas con inicio en Ir\u00fan el martes 20 de octubre y final en Madrid el domingo 8 de noviembre<\/strong>. El inicio coincide con el final del Giro, la Paris Roubaix y el Giro de Lombardia,\u00a0 pero tiene la \u00faltima semana &#8216;libre&#8217; y la ventaja que los ciclistas que corran el Tour pueden duplicar sin problema con La Vuelta.<\/p>\n<p>Y que har\u00e1n para <strong>solucionar los problemas de duplicidades<\/strong>. Por surgen varias ideas. Cambiar los horarios de las etapas, para que no acaben a la vez el Giro, La Vuelta y Roubaix en ese &#8216;m\u00e1gico&#8217; 25 de octubre en que coinciden las tres. Y sobre todo adaptar los horarios de las etapas a las condiciones de luz y de esos d\u00edas, ya que no es lo mismo correr en mayo que en noviembre.<\/p>\n<p><strong>LAS CL\u00c1SICAS<\/strong><\/p>\n<p>El calendario de Cl\u00e1sicas se ha construido sobre la misma estructura del habitual en cualquier temporada. Normalmente<strong> Strade Bianche y Milan Sanremo<\/strong> eran las primeras en marzo. Pues bien, ambas se disputar\u00e1n en agosto. La del sterrato el s\u00e1bado 1 de agosto para inaugurar la temporada justo donde se qued\u00f3 y la &#8216;clasiccissima&#8217; una semana despu\u00e9s, el s\u00e1bado 8 de agosto.<br \/>\n<a href=\"https:\/\/d2p6e6u75xmxt8.cloudfront.net\/6\/2020\/05\/ROUBAIX-76.JPG.jpg\"><img loading=\"lazy\" decoding=\"async\" class=\"aligncenter size-large wp-image-6156\" src=\"https:\/\/d2p6e6u75xmxt8.cloudfront.net\/6\/2020\/05\/ROUBAIX-76.JPG-1024x600.jpg\" alt=\"\" width=\"1024\" height=\"600\" srcset=\"https:\/\/d2p6e6u75xmxt8.cloudfront.net\/6\/2020\/05\/ROUBAIX-76.JPG-1024x600.jpg 1024w, https:\/\/d2p6e6u75xmxt8.cloudfront.net\/6\/2020\/05\/ROUBAIX-76.JPG-300x176.jpg 300w, https:\/\/d2p6e6u75xmxt8.cloudfront.net\/6\/2020\/05\/ROUBAIX-76.JPG-768x450.jpg 768w, https:\/\/d2p6e6u75xmxt8.cloudfront.net\/6\/2020\/05\/ROUBAIX-76.JPG.jpg 1200w\" sizes=\"auto, (max-width: 1024px) 100vw, 1024px\" \/><\/a><\/p>\n<p>Todas las <strong>de abril pasan a octubre<\/strong>, excepto la Flecha Valona, que ser\u00e1 el mi\u00e9rcoles 30 de septiembre. Despu\u00e9s vendr\u00e1 el domingo <strong>4 de octubre la Lieja Bastogne Lieja<\/strong>, el s\u00e1bado 10 la Amstel Gold Race, el domingo 11 la Gante-Wevelgem, el mi\u00e9rcoles 14 A Trav\u00e9s de Flandes, el <strong>domingo 18 el Tour de Flandes<\/strong> y el <strong>25 de octubre la Par\u00eds Roubaix<\/strong>. Y para el \u00faltimo d\u00eda del mes el Giro de Lombardia, que ser\u00e1 el s\u00e1bado 31.<\/p>\n<p><strong>CALENDARIO FEMENINO<\/strong><\/p>\n<p>El calendario <strong>World Tour femenino tambi\u00e9n comenzar\u00e1 el 1 de agosto<\/strong> con la Strade Bianche, seguir\u00e1 con dos carrers de un d\u00eda en Suecia y disputar\u00e1 su primera vuelta por etapas del\u00a0 13 al 16 de agosto con el Ladies Tour de Noruega y terminar\u00e1 el mes con La Course del Tour de Francia.<\/p>\n<p>El <strong>Giro de Italia, la gran carrera por etapas femenina, ser\u00e1 del 11 al 19 de septiembre<\/strong> y vendr\u00e1 precedido por otra carrera por etapas, el <strong>Boels, el 1 al 6 de septiembre<\/strong>. El final de septiembre quedar\u00e1 para los Mundiales, en las mismas fechas que estaba previsto.<\/p>\n<p><img loading=\"lazy\" decoding=\"async\" class=\"alignnone size-extra-large\" src=\"https:\/\/www.colombiasports.net\/wp-content\/uploads\/2020\/05\/World-Tour-femenino-1024x692.jpeg\" width=\"1024\" height=\"692\" \/><br \/>\nAl igual que en la categor\u00eda masculina <strong>octubre queda para las cl\u00e1sicas<\/strong>, menos la Flecha Valona, que es el 30 de septiembre. El resto, id\u00e9nticas. Lieja el 4, Amstel el 10, Gante Wevelgem el 11, Tour de Flandes el 18 y la gran novedad, la primera Par\u00eds Roubaix el 25 de octubre.\u00a0 Y para acabar del <strong>6 al 8 de noviembre la Ceratizit Madrid Challenge by La Vuelta, la \u00fanica carrera World Tour femenina prevista para Espa\u00f1a<\/strong>.<\/p>\n<p><strong>TODO EL CALENDARIO MASCULINO<\/strong><\/p>\n<p>-1<sup>st\u00a0<\/sup>August: Strade Bianche (Italy)<\/p>\n<p>-5-9 August: Tour de Pologne (Poland)<\/p>\n<p>-8 August: Milano-Sanremo (Italy)<\/p>\n<p>-12-16 August: Crit\u00e9rium du Dauphin\u00e9 (France)<\/p>\n<p>-16 August: Prudential RideLondon-Surrey Classic (Great Britain)<\/p>\n<p>-25 August: Bretagne Classic &#8211; Ouest-France (France)<\/p>\n<p>-29 August -20 September\u00a0: Tour de France (France)<\/p>\n<p>-7-14 September: Tirreno-Adriatico (Italy)<\/p>\n<p>-11 September: Grand Prix Cycliste de Qu\u00e9bec (Canada)<\/p>\n<p>-13 September: Grand Prix Cycliste de Montr\u00e9al (Canada)<\/p>\n<p>-29 September -3 October: BinckBank Tour<\/p>\n<p>-30 September: La Fl\u00e8che Wallonne (Belgium)<\/p>\n<p>-3-25 October: Giro d&#8217;Italia (Italy)<\/p>\n<p>-4 October: Li\u00e8ge-Bastogne-Li\u00e8ge (Belgium)<\/p>\n<p>-10 October: Amstel Gold Race (the Netherlands)<\/p>\n<p>-11 October: Gent-Wevelgem in Flanders Fields (Belgium)<\/p>\n<p>-14 October: A Travers la Flandre (Belgium)<\/p>\n<p>-15-20 October: Gree &#8211; Tour of Guangxi (China)<\/p>\n<p>-18 October: Tour des Flandres (Belgium)<\/p>\n<p>-20 October &#8211; 8 November: Vuelta Ciclista a Espa\u00f1a (Spain)<\/p>\n<p>-21 October: Driedaagse Brugge-De Panne (Belgium)<\/p>\n<p>-25 October: Paris-Roubaix (France)<\/p>\n<p>-31 October: Il Lombardia (Italy)<\/p>\n<p><strong>TODO EL CALENDARIO FEMENINO<\/strong><\/p>\n<p>&nbsp;<\/p>\n<p>-1<sup>st<\/sup>\u00a0August: Strade Bianche (Italy)<\/p>\n<p>-8 August: Postnord UCI WWT V\u00e5rg\u00e5rda West Sweden TTT (Sweden)<\/p>\n<p>-9 August: Postnord UCI WWT V\u00e5rg\u00e5rda West Sweden RR (Sweden)<\/p>\n<p>-13-16 August: \u00a0Ladies Tour of Norway (Norway)<\/p>\n<p>-26 August: GP de Plouay \u2013 Lorient Agglom\u00e9ration Troph\u00e9e WNT (France)<\/p>\n<p>-29 August: La Course by Le Tour de France (France)<\/p>\n<p>-1-6 September: Boels Ladies Tour (the Netherlands)<\/p>\n<p>-11-19 September: Giro d\u2019Italia Internazionale Femminile (Italy)<\/p>\n<p>-30 September: La Fl\u00e8che Wallonne F\u00e9minine (Belgium)<\/p>\n<p>-4 October: Li\u00e8ge-Bastogne-Li\u00e8ge Femmes (Belgium)<\/p>\n<p>-10 October: Amstel Gold Race Ladies (the Netherlands)<\/p>\n<p>-11 October: Gent-Wevelgem in Flanders Fields (Belgium)<\/p>\n<p>-18 October\u00a0: Ronde van Vlaanderen (Belgium)<\/p>\n<p>-20 October: Tour of Guangxi Women\u2019s WorldTour (China)<\/p>\n<p>-20 October: Driedaagse Brugge-De Panne (Belgium)<\/p>\n<p>-23-25 October: Tour of Chongming Island (China)<\/p>\n<p>-25 October: Paris-Roubaix (France)<\/p>\n<p>-6-8 November: Ceratizit Madrid Challenge by La Vuelta (Spain)<\/p>\n<p><strong>\u00a0<\/strong><\/p>\n","protected":false},"excerpt":{"rendered":"<p>\u00bfC\u00f3mo meter los 8 meses que quedaban de temporada ciclista profesional World Tour en solo tres y medio? Ese era [&hellip;]<\/p>\n","protected":false},"author":29,"featured_media":6155,"comment_status":"open","ping_status":"open","sticky":false,"template":"","format":"standard","meta":{"footnotes":""},"categories":[7],"tags":[1404,1553,1549,1552,1550,1277,1551],"global-categories":[1164],"class_list":["post-6152","post","type-post","status-publish","format-standard","has-post-thumbnail","hentry","category-carretera","tag-calendario-ciclista-2020","tag-calendario-ciclista-femenino-2020","tag-calendario-worl-tour-2020","tag-giro-de-italia-2020","tag-nuevo-calendario-ciclista","tag-tour-de-francia-2020","tag-vuelta-a-espana-2020","global-categories-cycling"],"yoast_head":"<!-- This site is optimized with the Yoast SEO Premium plugin v25.3 (Yoast SEO v25.9) - https:\/\/yoast.com\/wordpress\/plugins\/seo\/ -->\n<title>As\u00ed queda el calendario ciclista World Tour para 2020 - \u0160koda We Love Cycling - Spain<\/title>\n<meta name=\"description\" content=\"As\u00ed queda el calendario ciclista World Tour para 2020. Las carreras ser\u00e1n desde el 1 de agosto al 8 de noviembre y pendientes de la evoluci\u00f3n sanitaria.\" \/>\n<meta name=\"robots\" content=\"index, follow, max-snippet:-1, max-image-preview:large, max-video-preview:-1\" \/>\n<link rel=\"canonical\" href=\"https:\/\/www.welovecycling.com\/es\/2020\/05\/06\/calendario-ciclista-world-tour-2020\/\" \/>\n<meta property=\"og:locale\" content=\"es_ES\" \/>\n<meta property=\"og:type\" content=\"article\" \/>\n<meta property=\"og:title\" content=\"As\u00ed queda el calendario ciclista World Tour para 2020\" \/>\n<meta property=\"og:description\" content=\"As\u00ed queda el calendario ciclista World Tour para 2020. Las carreras ser\u00e1n desde el 1 de agosto al 8 de noviembre y pendientes de la evoluci\u00f3n sanitaria.\" \/>\n<meta property=\"og:url\" content=\"https:\/\/www.welovecycling.com\/es\/2020\/05\/06\/calendario-ciclista-world-tour-2020\/\" \/>\n<meta property=\"og:site_name\" content=\"\u0160koda We Love Cycling - Spain\" \/>\n<meta property=\"article:published_time\" content=\"2020-05-06T12:12:26+00:00\" \/>\n<meta property=\"article:modified_time\" content=\"2020-05-06T12:16:56+00:00\" \/>\n<meta property=\"og:image\" content=\"https:\/\/d2p6e6u75xmxt8.cloudfront.net\/6\/2020\/05\/VUELTA-356.JPG.jpg\" \/>\n\t<meta property=\"og:image:width\" content=\"1200\" \/>\n\t<meta property=\"og:image:height\" content=\"790\" \/>\n\t<meta property=\"og:image:type\" content=\"image\/jpeg\" \/>\n<meta name=\"author\" content=\"We Love Cycling Spain\" \/>\n<meta name=\"twitter:card\" content=\"summary_large_image\" \/>\n<meta name=\"twitter:title\" content=\"As\u00ed queda el calendario ciclista World Tour para 2020\" \/>\n<meta name=\"twitter:description\" content=\"As\u00ed queda el calendario ciclista World Tour para 2020. Las carreras ser\u00e1n desde el 1 de agosto al 8 de noviembre y pendientes de la evoluci\u00f3n sanitaria.\" \/>\n<meta name=\"twitter:label1\" content=\"Written by\" \/>\n\t<meta name=\"twitter:data1\" content=\"Luis Ortega @ciclored\" \/>\n\t<meta name=\"twitter:label2\" content=\"Est. reading time\" \/>\n\t<meta name=\"twitter:data2\" content=\"6 minutes\" \/>\n<script type=\"application\/ld+json\" class=\"yoast-schema-graph\">{\"@context\":\"https:\/\/schema.org\",\"@graph\":[{\"@type\":\"WebPage\",\"@id\":\"https:\/\/www.welovecycling.com\/es\/2020\/05\/06\/calendario-ciclista-world-tour-2020\/\",\"url\":\"https:\/\/www.welovecycling.com\/es\/2020\/05\/06\/calendario-ciclista-world-tour-2020\/\",\"name\":\"As\u00ed queda el calendario ciclista World Tour para 2020 - \u0160koda We Love Cycling - Spain\",\"isPartOf\":{\"@id\":\"https:\/\/www.welovecycling.com\/es\/#website\"},\"primaryImageOfPage\":{\"@id\":\"https:\/\/www.welovecycling.com\/es\/2020\/05\/06\/calendario-ciclista-world-tour-2020\/#primaryimage\"},\"image\":{\"@id\":\"https:\/\/www.welovecycling.com\/es\/2020\/05\/06\/calendario-ciclista-world-tour-2020\/#primaryimage\"},\"thumbnailUrl\":\"https:\/\/d2p6e6u75xmxt8.cloudfront.net\/6\/2020\/05\/VUELTA-356.JPG.jpg\",\"datePublished\":\"2020-05-06T12:12:26+00:00\",\"dateModified\":\"2020-05-06T12:16:56+00:00\",\"author\":{\"@id\":\"https:\/\/www.welovecycling.com\/es\/#\/schema\/person\/deb61715b5812698ee79fb96f343ccd4\"},\"description\":\"As\u00ed queda el calendario ciclista World Tour para 2020. Las carreras ser\u00e1n desde el 1 de agosto al 8 de noviembre y pendientes de la evoluci\u00f3n sanitaria.\",\"breadcrumb\":{\"@id\":\"https:\/\/www.welovecycling.com\/es\/2020\/05\/06\/calendario-ciclista-world-tour-2020\/#breadcrumb\"},\"inLanguage\":\"es-ES\",\"potentialAction\":[{\"@type\":\"ReadAction\",\"target\":[\"https:\/\/www.welovecycling.com\/es\/2020\/05\/06\/calendario-ciclista-world-tour-2020\/\"]}]},{\"@type\":\"ImageObject\",\"inLanguage\":\"es-ES\",\"@id\":\"https:\/\/www.welovecycling.com\/es\/2020\/05\/06\/calendario-ciclista-world-tour-2020\/#primaryimage\",\"url\":\"https:\/\/d2p6e6u75xmxt8.cloudfront.net\/6\/2020\/05\/VUELTA-356.JPG.jpg\",\"contentUrl\":\"https:\/\/d2p6e6u75xmxt8.cloudfront.net\/6\/2020\/05\/VUELTA-356.JPG.jpg\",\"width\":1200,\"height\":790},{\"@type\":\"BreadcrumbList\",\"@id\":\"https:\/\/www.welovecycling.com\/es\/2020\/05\/06\/calendario-ciclista-world-tour-2020\/#breadcrumb\",\"itemListElement\":[{\"@type\":\"ListItem\",\"position\":1,\"name\":\"Home\",\"item\":\"https:\/\/www.welovecycling.com\/es\/\"},{\"@type\":\"ListItem\",\"position\":2,\"name\":\"As\u00ed queda el calendario ciclista World Tour para 2020\"}]},{\"@type\":\"WebSite\",\"@id\":\"https:\/\/www.welovecycling.com\/es\/#website\",\"url\":\"https:\/\/www.welovecycling.com\/es\/\",\"name\":\"\u0160koda We Love Cycling - Spain\",\"description\":\"\u0160koda WeLoveCycling Spain\",\"potentialAction\":[{\"@type\":\"SearchAction\",\"target\":{\"@type\":\"EntryPoint\",\"urlTemplate\":\"https:\/\/www.welovecycling.com\/es\/?s={search_term_string}\"},\"query-input\":{\"@type\":\"PropertyValueSpecification\",\"valueRequired\":true,\"valueName\":\"search_term_string\"}}],\"inLanguage\":\"es-ES\"},{\"@type\":\"Person\",\"@id\":\"https:\/\/www.welovecycling.com\/es\/#\/schema\/person\/deb61715b5812698ee79fb96f343ccd4\",\"name\":\"We Love Cycling Spain\",\"image\":{\"@type\":\"ImageObject\",\"inLanguage\":\"es-ES\",\"@id\":\"https:\/\/www.welovecycling.com\/es\/#\/schema\/person\/image\/\",\"url\":\"https:\/\/secure.gravatar.com\/avatar\/c824b04e6df0e37a03219d0b6481672889df542894588964102459e46513159c?s=96&d=mm&r=g\",\"contentUrl\":\"https:\/\/secure.gravatar.com\/avatar\/c824b04e6df0e37a03219d0b6481672889df542894588964102459e46513159c?s=96&d=mm&r=g\",\"caption\":\"We Love Cycling Spain\"},\"url\":\"https:\/\/www.welovecycling.com\/es\/author\/amunoz\/\"}]}<\/script>\n<!-- \/ Yoast SEO Premium plugin. -->","yoast_head_json":{"title":"As\u00ed queda el calendario ciclista World Tour para 2020 - \u0160koda We Love Cycling - Spain","description":"As\u00ed queda el calendario ciclista World Tour para 2020. Las carreras ser\u00e1n desde el 1 de agosto al 8 de noviembre y pendientes de la evoluci\u00f3n sanitaria.","robots":{"index":"index","follow":"follow","max-snippet":"max-snippet:-1","max-image-preview":"max-image-preview:large","max-video-preview":"max-video-preview:-1"},"canonical":"https:\/\/www.welovecycling.com\/es\/2020\/05\/06\/calendario-ciclista-world-tour-2020\/","og_locale":"es_ES","og_type":"article","og_title":"As\u00ed queda el calendario ciclista World Tour para 2020","og_description":"As\u00ed queda el calendario ciclista World Tour para 2020. Las carreras ser\u00e1n desde el 1 de agosto al 8 de noviembre y pendientes de la evoluci\u00f3n sanitaria.","og_url":"https:\/\/www.welovecycling.com\/es\/2020\/05\/06\/calendario-ciclista-world-tour-2020\/","og_site_name":"\u0160koda We Love Cycling - Spain","article_published_time":"2020-05-06T12:12:26+00:00","article_modified_time":"2020-05-06T12:16:56+00:00","og_image":[{"width":1200,"height":790,"url":"https:\/\/d2p6e6u75xmxt8.cloudfront.net\/6\/2020\/05\/VUELTA-356.JPG.jpg","type":"image\/jpeg"}],"author":"We Love Cycling Spain","twitter_card":"summary_large_image","twitter_title":"As\u00ed queda el calendario ciclista World Tour para 2020","twitter_description":"As\u00ed queda el calendario ciclista World Tour para 2020. Las carreras ser\u00e1n desde el 1 de agosto al 8 de noviembre y pendientes de la evoluci\u00f3n sanitaria.","twitter_misc":{"Written by":"Luis Ortega @ciclored","Est. reading time":"6 minutes"},"schema":{"@context":"https:\/\/schema.org","@graph":[{"@type":"WebPage","@id":"https:\/\/www.welovecycling.com\/es\/2020\/05\/06\/calendario-ciclista-world-tour-2020\/","url":"https:\/\/www.welovecycling.com\/es\/2020\/05\/06\/calendario-ciclista-world-tour-2020\/","name":"As\u00ed queda el calendario ciclista World Tour para 2020 - \u0160koda We Love Cycling - Spain","isPartOf":{"@id":"https:\/\/www.welovecycling.com\/es\/#website"},"primaryImageOfPage":{"@id":"https:\/\/www.welovecycling.com\/es\/2020\/05\/06\/calendario-ciclista-world-tour-2020\/#primaryimage"},"image":{"@id":"https:\/\/www.welovecycling.com\/es\/2020\/05\/06\/calendario-ciclista-world-tour-2020\/#primaryimage"},"thumbnailUrl":"https:\/\/d2p6e6u75xmxt8.cloudfront.net\/6\/2020\/05\/VUELTA-356.JPG.jpg","datePublished":"2020-05-06T12:12:26+00:00","dateModified":"2020-05-06T12:16:56+00:00","author":{"@id":"https:\/\/www.welovecycling.com\/es\/#\/schema\/person\/deb61715b5812698ee79fb96f343ccd4"},"description":"As\u00ed queda el calendario ciclista World Tour para 2020. Las carreras ser\u00e1n desde el 1 de agosto al 8 de noviembre y pendientes de la evoluci\u00f3n sanitaria.","breadcrumb":{"@id":"https:\/\/www.welovecycling.com\/es\/2020\/05\/06\/calendario-ciclista-world-tour-2020\/#breadcrumb"},"inLanguage":"es-ES","potentialAction":[{"@type":"ReadAction","target":["https:\/\/www.welovecycling.com\/es\/2020\/05\/06\/calendario-ciclista-world-tour-2020\/"]}]},{"@type":"ImageObject","inLanguage":"es-ES","@id":"https:\/\/www.welovecycling.com\/es\/2020\/05\/06\/calendario-ciclista-world-tour-2020\/#primaryimage","url":"https:\/\/d2p6e6u75xmxt8.cloudfront.net\/6\/2020\/05\/VUELTA-356.JPG.jpg","contentUrl":"https:\/\/d2p6e6u75xmxt8.cloudfront.net\/6\/2020\/05\/VUELTA-356.JPG.jpg","width":1200,"height":790},{"@type":"BreadcrumbList","@id":"https:\/\/www.welovecycling.com\/es\/2020\/05\/06\/calendario-ciclista-world-tour-2020\/#breadcrumb","itemListElement":[{"@type":"ListItem","position":1,"name":"Home","item":"https:\/\/www.welovecycling.com\/es\/"},{"@type":"ListItem","position":2,"name":"As\u00ed queda el calendario ciclista World Tour para 2020"}]},{"@type":"WebSite","@id":"https:\/\/www.welovecycling.com\/es\/#website","url":"https:\/\/www.welovecycling.com\/es\/","name":"\u0160koda We Love Cycling - Spain","description":"\u0160koda WeLoveCycling Spain","potentialAction":[{"@type":"SearchAction","target":{"@type":"EntryPoint","urlTemplate":"https:\/\/www.welovecycling.com\/es\/?s={search_term_string}"},"query-input":{"@type":"PropertyValueSpecification","valueRequired":true,"valueName":"search_term_string"}}],"inLanguage":"es-ES"},{"@type":"Person","@id":"https:\/\/www.welovecycling.com\/es\/#\/schema\/person\/deb61715b5812698ee79fb96f343ccd4","name":"We Love Cycling Spain","image":{"@type":"ImageObject","inLanguage":"es-ES","@id":"https:\/\/www.welovecycling.com\/es\/#\/schema\/person\/image\/","url":"https:\/\/secure.gravatar.com\/avatar\/c824b04e6df0e37a03219d0b6481672889df542894588964102459e46513159c?s=96&d=mm&r=g","contentUrl":"https:\/\/secure.gravatar.com\/avatar\/c824b04e6df0e37a03219d0b6481672889df542894588964102459e46513159c?s=96&d=mm&r=g","caption":"We Love Cycling Spain"},"url":"https:\/\/www.welovecycling.com\/es\/author\/amunoz\/"}]}},"_links":{"self":[{"href":"https:\/\/www.welovecycling.com\/es\/wp-json\/wp\/v2\/posts\/6152","targetHints":{"allow":["GET"]}}],"collection":[{"href":"https:\/\/www.welovecycling.com\/es\/wp-json\/wp\/v2\/posts"}],"about":[{"href":"https:\/\/www.welovecycling.com\/es\/wp-json\/wp\/v2\/types\/post"}],"author":[{"embeddable":true,"href":"https:\/\/www.welovecycling.com\/es\/wp-json\/wp\/v2\/users\/29"}],"replies":[{"embeddable":true,"href":"https:\/\/www.welovecycling.com\/es\/wp-json\/wp\/v2\/comments?post=6152"}],"version-history":[{"count":2,"href":"https:\/\/www.welovecycling.com\/es\/wp-json\/wp\/v2\/posts\/6152\/revisions"}],"predecessor-version":[{"id":6160,"href":"https:\/\/www.welovecycling.com\/es\/wp-json\/wp\/v2\/posts\/6152\/revisions\/6160"}],"wp:featuredmedia":[{"embeddable":true,"href":"https:\/\/www.welovecycling.com\/es\/wp-json\/wp\/v2\/media\/6155"}],"wp:attachment":[{"href":"https:\/\/www.welovecycling.com\/es\/wp-json\/wp\/v2\/media?parent=6152"}],"wp:term":[{"taxonomy":"category","embeddable":true,"href":"https:\/\/www.welovecycling.com\/es\/wp-json\/wp\/v2\/categories?post=6152"},{"taxonomy":"post_tag","embeddable":true,"href":"https:\/\/www.welovecycling.com\/es\/wp-json\/wp\/v2\/tags?post=6152"},{"taxonomy":"global-categories","embeddable":true,"href":"https:\/\/www.welovecycling.com\/es\/wp-json\/wp\/v2\/global-categories?post=6152"}],"curies":[{"name":"wp","href":"https:\/\/api.w.org\/{rel}","templated":true}]}}