{"id":6130,"date":"2020-05-02T18:42:19","date_gmt":"2020-05-02T16:42:19","guid":{"rendered":"https:\/\/www.welovecycling.com\/es\/?p=6130"},"modified":"2020-05-02T18:43:03","modified_gmt":"2020-05-02T16:43:03","slug":"tipos-bicicletas-profesionales","status":"publish","type":"post","link":"https:\/\/www.welovecycling.com\/es\/2020\/05\/02\/tipos-bicicletas-profesionales\/","title":{"rendered":"\u00bfCuantos tipos diferentes de bicicletas utilizan los profesionales?"},"content":{"rendered":"<p><strong>\u00bfCuantos tipos de bicicletas diferente puede llevar un ciclista profesional en una gran vuelta? Pues dependiendo del recorrido, hasta cuatro. Porque ya sabemos que el ciclismo ha cambiado tanto en los \u00faltimos a\u00f1os que dependiendo de la etapa que tengamos que disputar se puede elegir un tipo de bicicleta u otro.<\/strong><!--more--><\/p>\n<p>Los mec\u00e1nicos de muchos equipos profesionales tienen ganado el cielo. Sobre todo los que trabajan con marcas de bicicletas que var\u00edan sus modelos dependiendo si el ciclista exige para ese d\u00eda en su montura aerodinamia, velocidad, comodidad, ligereza o versatilidad. Una de las razones por la que cualquier equipo profesional necesita, al menos, un cami\u00f3n repleto de bicis para cada carrera de tres semanas.<\/p>\n<p><a href=\"https:\/\/d2p6e6u75xmxt8.cloudfront.net\/6\/2020\/05\/Orbea-Murias.JPG.jpg\"><img loading=\"lazy\" decoding=\"async\" class=\"aligncenter size-full wp-image-6132\" src=\"https:\/\/d2p6e6u75xmxt8.cloudfront.net\/6\/2020\/05\/Orbea-Murias.JPG.jpg\" alt=\"\" width=\"1000\" height=\"662\" srcset=\"https:\/\/d2p6e6u75xmxt8.cloudfront.net\/6\/2020\/05\/Orbea-Murias.JPG.jpg 1000w, https:\/\/d2p6e6u75xmxt8.cloudfront.net\/6\/2020\/05\/Orbea-Murias.JPG-300x199.jpg 300w, https:\/\/d2p6e6u75xmxt8.cloudfront.net\/6\/2020\/05\/Orbea-Murias.JPG-768x508.jpg 768w\" sizes=\"auto, (max-width: 1000px) 100vw, 1000px\" \/><\/a><\/p>\n<p>Pero vamos a ir dividi\u00e9ndolas. A primera vista hay una diferenciaci\u00f3n que se ha mantenido desde los a\u00f1os 90. Por un lado las bicicletas para contrarreloj y por otra las de las etapas en l\u00ednea. Hasta aqu\u00ed todo normal. Pero dentro de las usadas para las etapas en l\u00ednea se han dividido en otras tres. Las <strong>aerodin\u00e1micas<\/strong>, para d\u00edas de llaneo, las <strong>ultraligeras<\/strong>, para la alta monta\u00f1a, y las de <strong>gran fondo<\/strong> por si al organizador se le ocurre meter una etapa de adoquines. Eso s\u00ed, hay <strong>marcas que no las diferencian y solo tienen un modelo<\/strong>.<br \/>\nPero vamos a analizarlas<\/p>\n<h2><strong>Bicicletas para etapas en l\u00ednea<\/strong><\/h2>\n<p>En una gran vuelta por etapas normalmente hay etapas llanas, de media monta\u00f1a y de alta monta\u00f1a. H<strong>ace a\u00f1os cada ciclista solo ten\u00eda una bicicleta para afrontar todas.<\/strong> Pod\u00eda variar las ruedas, la versi\u00f3n con m\u00e1s perfil para los d\u00edas de llanear y las m\u00e1s ligeras para la monta\u00f1a. O conseguir alguna bicicleta ultraligera (<strong>generalmente de alg\u00fan constructor a medida, como Passoni, para las jornadas m\u00e1s duras<\/strong>).<\/p>\n<p>En el \u00faltimo lustro las marcas de bicicleta quisieron hilar mas fino. Con un l\u00edmite m\u00ednimo de peso fijado para las bicis de los profesionales, <strong>6,8 kilos<\/strong>, la otra vertiente en la que se pod\u00eda mejorar era en la <strong>aerodin\u00e1mica<\/strong>. Por eso la primera evoluci\u00f3n fue mezclar las bicis de crono y las de carretera y crear las <strong>bicicletas aero<\/strong>. Si miramos el cat\u00e1logo de Orbea, la Orca Aero. Con otras marcas conocidas, la Trek Madonne, la Specialized Venge o la Cervelo S5.<\/p>\n<p><a href=\"https:\/\/d2p6e6u75xmxt8.cloudfront.net\/6\/2020\/05\/VUELTA-449.JPG.jpg\"><img loading=\"lazy\" decoding=\"async\" class=\"aligncenter size-large wp-image-6135\" src=\"https:\/\/d2p6e6u75xmxt8.cloudfront.net\/6\/2020\/05\/VUELTA-449.JPG-1024x678.jpg\" alt=\"\" width=\"1024\" height=\"678\" srcset=\"https:\/\/d2p6e6u75xmxt8.cloudfront.net\/6\/2020\/05\/VUELTA-449.JPG-1024x678.jpg 1024w, https:\/\/d2p6e6u75xmxt8.cloudfront.net\/6\/2020\/05\/VUELTA-449.JPG-300x199.jpg 300w, https:\/\/d2p6e6u75xmxt8.cloudfront.net\/6\/2020\/05\/VUELTA-449.JPG-768x509.jpg 768w, https:\/\/d2p6e6u75xmxt8.cloudfront.net\/6\/2020\/05\/VUELTA-449.JPG.jpg 1200w\" sizes=\"auto, (max-width: 1024px) 100vw, 1024px\" \/><\/a><\/p>\n<p>Los <strong>modelos aero no suelen ser los m\u00e1s ligeros<\/strong>, la mayor\u00eda est\u00e1n por encima de 7 kilos, pero la gran mejora viene por su indice de penetraci\u00f3n en el aire. Es decir, la aerodin\u00e1mica. Una bicicleta aero te ahorra vatios en la lucha contra el aire y en llano y bajada es m\u00e1s r\u00e1pida. Toda una ventaja para esas etapas con poco desnivel o subidas cortas en las que se puede recuperar bajando. Incluso hay llaneadores que tambi\u00e9n las utilizan para la alta monta\u00f1a por sus cualidades para el descenso.<\/p>\n<p>Las <strong>bicicletas que juegan con la b\u00e1scula son las ultralight<\/strong>. Es decir, siempre rozando los 6,8 kilos. Suelen ser cuadros muy ligeros y r\u00edgidos, para transmitir toda la fuerza en cada pedalada en subida. Tambi\u00e9n algo menos aerodin\u00e1micos, porque esos d\u00edas lo importante es subir r\u00e1pido. El modelo de Orbea ser\u00eda el Orca, en Trek la \u00c9monda, en Specialized la Tarmac y en Cervelo la R5.<\/p>\n<p><a href=\"https:\/\/d2p6e6u75xmxt8.cloudfront.net\/6\/2020\/05\/Cervelo-r5-Sunweb.JPG.jpg\"><img loading=\"lazy\" decoding=\"async\" class=\"aligncenter size-full wp-image-6136\" src=\"https:\/\/d2p6e6u75xmxt8.cloudfront.net\/6\/2020\/05\/Cervelo-r5-Sunweb.JPG.jpg\" alt=\"\" width=\"1000\" height=\"663\" srcset=\"https:\/\/d2p6e6u75xmxt8.cloudfront.net\/6\/2020\/05\/Cervelo-r5-Sunweb.JPG.jpg 1000w, https:\/\/d2p6e6u75xmxt8.cloudfront.net\/6\/2020\/05\/Cervelo-r5-Sunweb.JPG-300x199.jpg 300w, https:\/\/d2p6e6u75xmxt8.cloudfront.net\/6\/2020\/05\/Cervelo-r5-Sunweb.JPG-768x509.jpg 768w\" sizes=\"auto, (max-width: 1000px) 100vw, 1000px\" \/><\/a><\/p>\n<p>Las marcas que juegan con mezclar ambos conceptos han creado las<strong> aerolight<\/strong>. Con ellas &#8216;venden&#8217; una bicicleta para cualquier terreno. Con la ligereza y rigidez de las ligeras y la aerodin\u00e1mica de las otras. La bici total.<\/p>\n<p>El <strong>tercer modelo diferenciado son las bicicletas de gran fondo<\/strong>. En un principio se dise\u00f1aron pensando en el sector cicloturista, que reclamaba un modelo m\u00e1s c\u00f3modo que de los profesionales con el que poder hacer muchos kil\u00f3metros sin la necesidad de ir demasiado deprisa, con lo que el peso no era lo m\u00e1s importante. El objetivo era la comodidad, reducir el impacto de los baches y las vibraciones y dar mayor espacio para que el cuerpo del ciclista pudiese ir m\u00e1s estirado. En una palabra, dar robustez y comodidad. Y buscando todo eso se encontraron con una bicicleta perfecta para las <strong>cl\u00e1sicas de adoquines,<\/strong> en las que importa m\u00e1s sobrevivir al traqueteo que implican las piedras y que no se rompa que la ligereza.<br \/>\n<a href=\"https:\/\/d2p6e6u75xmxt8.cloudfront.net\/6\/2020\/05\/ROUBAIX-31.JPG.jpg\"><img loading=\"lazy\" decoding=\"async\" class=\"aligncenter size-large wp-image-6137\" src=\"https:\/\/d2p6e6u75xmxt8.cloudfront.net\/6\/2020\/05\/ROUBAIX-31.JPG-1024x678.jpg\" alt=\"\" width=\"1024\" height=\"678\" srcset=\"https:\/\/d2p6e6u75xmxt8.cloudfront.net\/6\/2020\/05\/ROUBAIX-31.JPG-1024x678.jpg 1024w, https:\/\/d2p6e6u75xmxt8.cloudfront.net\/6\/2020\/05\/ROUBAIX-31.JPG-300x199.jpg 300w, https:\/\/d2p6e6u75xmxt8.cloudfront.net\/6\/2020\/05\/ROUBAIX-31.JPG-768x509.jpg 768w, https:\/\/d2p6e6u75xmxt8.cloudfront.net\/6\/2020\/05\/ROUBAIX-31.JPG.jpg 1200w\" sizes=\"auto, (max-width: 1024px) 100vw, 1024px\" \/><\/a><\/p>\n<p>Estos modelos suelen incorporar diferentes suspensiones internas en la horquilla, la potencia o la tija del sill\u00edn y en los \u00faltimos a\u00f1os tambi\u00e9n un mayor espacio para que se puedan utilizar cubiertas de 28 en adelante. El modelo m\u00e1s reconocido es el Roubaix, de Specialized. En Trek es la Domane y en Cervel\u00f3 la C3.<\/p>\n<h2><strong>Bicicletas de crono<\/strong><\/h2>\n<p>La evoluci\u00f3n de las bicicletas de contrarreloj se ha acelerado en los \u00faltimos a\u00f1os. Atr\u00e1s quedan los modelos de los a\u00f1os 90, en los que en un principio lo \u00fanico que se hac\u00eda era acoplar del manillar de triatleta. Despu\u00e9s surgieron los dise\u00f1os <strong>innovadores y ultraerodin\u00e1micos<\/strong>, quien no se acuerda de<strong> La Espada, de Miguel Indurain<\/strong>. Sin embargo la UCI &#8216;meti\u00f3&#8217; mano en aquello y defini\u00f3 unas normas muy estrictas para las bicicletas de contrarreloj. La idea, que un exceso de tecnolog\u00eda no marcara diferencias insalvables entre equipos y corredores con diferente presupuesto.<\/p>\n<p>Los modelos que utilizan ahora los profesionales son similares a los de un triatleta. Bicicletas que han ido ganando <strong>coheficiente aerodin\u00e1mico y que no escatiman en alerones, acoples e incluso bidones a medida para descontar segundos al crono. No son modelos ni muy ligeros, ni c\u00f3modos, ni f\u00e1ciles de manejar<\/strong>. Todo eso se sacrifica en pos de la velocidad.<\/p>\n<p>Si repasamos marcas, tenemos la Ordu de Orbea, la P5 de Cervel\u00f3, la Shiv de Specialized o la Madone Speed de Trek.<\/p>\n","protected":false},"excerpt":{"rendered":"<p>\u00bfCuantos tipos de bicicletas diferente puede llevar un ciclista profesional en una gran vuelta? Pues dependiendo del recorrido, hasta cuatro. [&hellip;]<\/p>\n","protected":false},"author":29,"featured_media":6133,"comment_status":"open","ping_status":"open","sticky":false,"template":"","format":"standard","meta":{"footnotes":""},"categories":[7],"tags":[1544,1545,28,1546,1543,1547],"global-categories":[1164],"class_list":["post-6130","post","type-post","status-publish","format-standard","has-post-thumbnail","hentry","category-carretera","tag-bicicletas-equipos-profesioanles","tag-bicicletas-profesionales","tag-orbea","tag-specialized","tag-tipos-bicicletas-equipos-profesionales","tag-trek","global-categories-cycling"],"yoast_head":"<!-- This site is optimized with the Yoast SEO Premium plugin v25.3 (Yoast SEO v25.9) - https:\/\/yoast.com\/wordpress\/plugins\/seo\/ -->\n<title>\u00bfCuantos tipos diferentes de bicicletas utilizan los profesionales? - \u0160koda We Love Cycling - Spain<\/title>\n<meta name=\"description\" content=\"\u00bfCuantos tipos de bicicletas diferente puede llevar un ciclista profesional en una gran vuelta? Aero, ultraligera, de gran fondo y contrarreloj.\" \/>\n<meta name=\"robots\" content=\"index, follow, max-snippet:-1, max-image-preview:large, max-video-preview:-1\" \/>\n<link rel=\"canonical\" href=\"https:\/\/www.welovecycling.com\/es\/2020\/05\/02\/tipos-bicicletas-profesionales\/\" \/>\n<meta property=\"og:locale\" content=\"es_ES\" \/>\n<meta property=\"og:type\" content=\"article\" \/>\n<meta property=\"og:title\" content=\"\u00bfCuantos tipos de bicicletas diferente puede llevar un ciclista profesional en una gran vuelta?\" \/>\n<meta property=\"og:description\" content=\"\u00bfCuantos tipos de bicicletas diferente puede llevar un ciclista profesional en una gran vuelta? Aero, ultraligera, de gran fondo y contrarreloj.\" \/>\n<meta property=\"og:url\" content=\"https:\/\/www.welovecycling.com\/es\/2020\/05\/02\/tipos-bicicletas-profesionales\/\" \/>\n<meta property=\"og:site_name\" content=\"\u0160koda We Love Cycling - Spain\" \/>\n<meta property=\"article:published_time\" content=\"2020-05-02T16:42:19+00:00\" \/>\n<meta property=\"article:modified_time\" content=\"2020-05-02T16:43:03+00:00\" \/>\n<meta property=\"og:image\" content=\"https:\/\/d2p6e6u75xmxt8.cloudfront.net\/6\/2020\/05\/vuelta-andalucia-15.JPG.jpg\" \/>\n\t<meta property=\"og:image:width\" content=\"1200\" \/>\n\t<meta property=\"og:image:height\" content=\"786\" \/>\n\t<meta property=\"og:image:type\" content=\"image\/jpeg\" \/>\n<meta name=\"author\" content=\"We Love Cycling Spain\" \/>\n<meta name=\"twitter:card\" content=\"summary_large_image\" \/>\n<meta name=\"twitter:title\" content=\"\u00bfCuantos tipos de bicicletas diferente puede llevar un ciclista profesional en una gran vuelta?\" \/>\n<meta name=\"twitter:description\" content=\"\u00bfCuantos tipos de bicicletas diferente puede llevar un ciclista profesional en una gran vuelta? Aero, ultraligera, de gran fondo y contrarreloj.\" \/>\n<meta name=\"twitter:label1\" content=\"Written by\" \/>\n\t<meta name=\"twitter:data1\" content=\"Luis Ortega @Ciclored\" \/>\n\t<meta name=\"twitter:label2\" content=\"Est. reading time\" \/>\n\t<meta name=\"twitter:data2\" content=\"5 minutes\" \/>\n<script type=\"application\/ld+json\" class=\"yoast-schema-graph\">{\"@context\":\"https:\/\/schema.org\",\"@graph\":[{\"@type\":\"WebPage\",\"@id\":\"https:\/\/www.welovecycling.com\/es\/2020\/05\/02\/tipos-bicicletas-profesionales\/\",\"url\":\"https:\/\/www.welovecycling.com\/es\/2020\/05\/02\/tipos-bicicletas-profesionales\/\",\"name\":\"\u00bfCuantos tipos diferentes de bicicletas utilizan los profesionales? - \u0160koda We Love Cycling - Spain\",\"isPartOf\":{\"@id\":\"https:\/\/www.welovecycling.com\/es\/#website\"},\"primaryImageOfPage\":{\"@id\":\"https:\/\/www.welovecycling.com\/es\/2020\/05\/02\/tipos-bicicletas-profesionales\/#primaryimage\"},\"image\":{\"@id\":\"https:\/\/www.welovecycling.com\/es\/2020\/05\/02\/tipos-bicicletas-profesionales\/#primaryimage\"},\"thumbnailUrl\":\"https:\/\/d2p6e6u75xmxt8.cloudfront.net\/6\/2020\/05\/vuelta-andalucia-15.JPG.jpg\",\"datePublished\":\"2020-05-02T16:42:19+00:00\",\"dateModified\":\"2020-05-02T16:43:03+00:00\",\"author\":{\"@id\":\"https:\/\/www.welovecycling.com\/es\/#\/schema\/person\/deb61715b5812698ee79fb96f343ccd4\"},\"description\":\"\u00bfCuantos tipos de bicicletas diferente puede llevar un ciclista profesional en una gran vuelta? Aero, ultraligera, de gran fondo y contrarreloj.\",\"breadcrumb\":{\"@id\":\"https:\/\/www.welovecycling.com\/es\/2020\/05\/02\/tipos-bicicletas-profesionales\/#breadcrumb\"},\"inLanguage\":\"es-ES\",\"potentialAction\":[{\"@type\":\"ReadAction\",\"target\":[\"https:\/\/www.welovecycling.com\/es\/2020\/05\/02\/tipos-bicicletas-profesionales\/\"]}]},{\"@type\":\"ImageObject\",\"inLanguage\":\"es-ES\",\"@id\":\"https:\/\/www.welovecycling.com\/es\/2020\/05\/02\/tipos-bicicletas-profesionales\/#primaryimage\",\"url\":\"https:\/\/d2p6e6u75xmxt8.cloudfront.net\/6\/2020\/05\/vuelta-andalucia-15.JPG.jpg\",\"contentUrl\":\"https:\/\/d2p6e6u75xmxt8.cloudfront.net\/6\/2020\/05\/vuelta-andalucia-15.JPG.jpg\",\"width\":1200,\"height\":786},{\"@type\":\"BreadcrumbList\",\"@id\":\"https:\/\/www.welovecycling.com\/es\/2020\/05\/02\/tipos-bicicletas-profesionales\/#breadcrumb\",\"itemListElement\":[{\"@type\":\"ListItem\",\"position\":1,\"name\":\"Home\",\"item\":\"https:\/\/www.welovecycling.com\/es\/\"},{\"@type\":\"ListItem\",\"position\":2,\"name\":\"\u00bfCuantos tipos diferentes de bicicletas utilizan los profesionales?\"}]},{\"@type\":\"WebSite\",\"@id\":\"https:\/\/www.welovecycling.com\/es\/#website\",\"url\":\"https:\/\/www.welovecycling.com\/es\/\",\"name\":\"\u0160koda We Love Cycling - Spain\",\"description\":\"\u0160koda WeLoveCycling Spain\",\"potentialAction\":[{\"@type\":\"SearchAction\",\"target\":{\"@type\":\"EntryPoint\",\"urlTemplate\":\"https:\/\/www.welovecycling.com\/es\/?s={search_term_string}\"},\"query-input\":{\"@type\":\"PropertyValueSpecification\",\"valueRequired\":true,\"valueName\":\"search_term_string\"}}],\"inLanguage\":\"es-ES\"},{\"@type\":\"Person\",\"@id\":\"https:\/\/www.welovecycling.com\/es\/#\/schema\/person\/deb61715b5812698ee79fb96f343ccd4\",\"name\":\"We Love Cycling Spain\",\"image\":{\"@type\":\"ImageObject\",\"inLanguage\":\"es-ES\",\"@id\":\"https:\/\/www.welovecycling.com\/es\/#\/schema\/person\/image\/\",\"url\":\"https:\/\/secure.gravatar.com\/avatar\/c824b04e6df0e37a03219d0b6481672889df542894588964102459e46513159c?s=96&d=mm&r=g\",\"contentUrl\":\"https:\/\/secure.gravatar.com\/avatar\/c824b04e6df0e37a03219d0b6481672889df542894588964102459e46513159c?s=96&d=mm&r=g\",\"caption\":\"We Love Cycling Spain\"},\"url\":\"https:\/\/www.welovecycling.com\/es\/author\/amunoz\/\"}]}<\/script>\n<!-- \/ Yoast SEO Premium plugin. -->","yoast_head_json":{"title":"\u00bfCuantos tipos diferentes de bicicletas utilizan los profesionales? - \u0160koda We Love Cycling - Spain","description":"\u00bfCuantos tipos de bicicletas diferente puede llevar un ciclista profesional en una gran vuelta? Aero, ultraligera, de gran fondo y contrarreloj.","robots":{"index":"index","follow":"follow","max-snippet":"max-snippet:-1","max-image-preview":"max-image-preview:large","max-video-preview":"max-video-preview:-1"},"canonical":"https:\/\/www.welovecycling.com\/es\/2020\/05\/02\/tipos-bicicletas-profesionales\/","og_locale":"es_ES","og_type":"article","og_title":"\u00bfCuantos tipos de bicicletas diferente puede llevar un ciclista profesional en una gran vuelta?","og_description":"\u00bfCuantos tipos de bicicletas diferente puede llevar un ciclista profesional en una gran vuelta? Aero, ultraligera, de gran fondo y contrarreloj.","og_url":"https:\/\/www.welovecycling.com\/es\/2020\/05\/02\/tipos-bicicletas-profesionales\/","og_site_name":"\u0160koda We Love Cycling - Spain","article_published_time":"2020-05-02T16:42:19+00:00","article_modified_time":"2020-05-02T16:43:03+00:00","og_image":[{"width":1200,"height":786,"url":"https:\/\/d2p6e6u75xmxt8.cloudfront.net\/6\/2020\/05\/vuelta-andalucia-15.JPG.jpg","type":"image\/jpeg"}],"author":"We Love Cycling Spain","twitter_card":"summary_large_image","twitter_title":"\u00bfCuantos tipos de bicicletas diferente puede llevar un ciclista profesional en una gran vuelta?","twitter_description":"\u00bfCuantos tipos de bicicletas diferente puede llevar un ciclista profesional en una gran vuelta? Aero, ultraligera, de gran fondo y contrarreloj.","twitter_misc":{"Written by":"Luis Ortega @Ciclored","Est. reading time":"5 minutes"},"schema":{"@context":"https:\/\/schema.org","@graph":[{"@type":"WebPage","@id":"https:\/\/www.welovecycling.com\/es\/2020\/05\/02\/tipos-bicicletas-profesionales\/","url":"https:\/\/www.welovecycling.com\/es\/2020\/05\/02\/tipos-bicicletas-profesionales\/","name":"\u00bfCuantos tipos diferentes de bicicletas utilizan los profesionales? - \u0160koda We Love Cycling - Spain","isPartOf":{"@id":"https:\/\/www.welovecycling.com\/es\/#website"},"primaryImageOfPage":{"@id":"https:\/\/www.welovecycling.com\/es\/2020\/05\/02\/tipos-bicicletas-profesionales\/#primaryimage"},"image":{"@id":"https:\/\/www.welovecycling.com\/es\/2020\/05\/02\/tipos-bicicletas-profesionales\/#primaryimage"},"thumbnailUrl":"https:\/\/d2p6e6u75xmxt8.cloudfront.net\/6\/2020\/05\/vuelta-andalucia-15.JPG.jpg","datePublished":"2020-05-02T16:42:19+00:00","dateModified":"2020-05-02T16:43:03+00:00","author":{"@id":"https:\/\/www.welovecycling.com\/es\/#\/schema\/person\/deb61715b5812698ee79fb96f343ccd4"},"description":"\u00bfCuantos tipos de bicicletas diferente puede llevar un ciclista profesional en una gran vuelta? Aero, ultraligera, de gran fondo y contrarreloj.","breadcrumb":{"@id":"https:\/\/www.welovecycling.com\/es\/2020\/05\/02\/tipos-bicicletas-profesionales\/#breadcrumb"},"inLanguage":"es-ES","potentialAction":[{"@type":"ReadAction","target":["https:\/\/www.welovecycling.com\/es\/2020\/05\/02\/tipos-bicicletas-profesionales\/"]}]},{"@type":"ImageObject","inLanguage":"es-ES","@id":"https:\/\/www.welovecycling.com\/es\/2020\/05\/02\/tipos-bicicletas-profesionales\/#primaryimage","url":"https:\/\/d2p6e6u75xmxt8.cloudfront.net\/6\/2020\/05\/vuelta-andalucia-15.JPG.jpg","contentUrl":"https:\/\/d2p6e6u75xmxt8.cloudfront.net\/6\/2020\/05\/vuelta-andalucia-15.JPG.jpg","width":1200,"height":786},{"@type":"BreadcrumbList","@id":"https:\/\/www.welovecycling.com\/es\/2020\/05\/02\/tipos-bicicletas-profesionales\/#breadcrumb","itemListElement":[{"@type":"ListItem","position":1,"name":"Home","item":"https:\/\/www.welovecycling.com\/es\/"},{"@type":"ListItem","position":2,"name":"\u00bfCuantos tipos diferentes de bicicletas utilizan los profesionales?"}]},{"@type":"WebSite","@id":"https:\/\/www.welovecycling.com\/es\/#website","url":"https:\/\/www.welovecycling.com\/es\/","name":"\u0160koda We Love Cycling - Spain","description":"\u0160koda WeLoveCycling Spain","potentialAction":[{"@type":"SearchAction","target":{"@type":"EntryPoint","urlTemplate":"https:\/\/www.welovecycling.com\/es\/?s={search_term_string}"},"query-input":{"@type":"PropertyValueSpecification","valueRequired":true,"valueName":"search_term_string"}}],"inLanguage":"es-ES"},{"@type":"Person","@id":"https:\/\/www.welovecycling.com\/es\/#\/schema\/person\/deb61715b5812698ee79fb96f343ccd4","name":"We Love Cycling Spain","image":{"@type":"ImageObject","inLanguage":"es-ES","@id":"https:\/\/www.welovecycling.com\/es\/#\/schema\/person\/image\/","url":"https:\/\/secure.gravatar.com\/avatar\/c824b04e6df0e37a03219d0b6481672889df542894588964102459e46513159c?s=96&d=mm&r=g","contentUrl":"https:\/\/secure.gravatar.com\/avatar\/c824b04e6df0e37a03219d0b6481672889df542894588964102459e46513159c?s=96&d=mm&r=g","caption":"We Love Cycling Spain"},"url":"https:\/\/www.welovecycling.com\/es\/author\/amunoz\/"}]}},"_links":{"self":[{"href":"https:\/\/www.welovecycling.com\/es\/wp-json\/wp\/v2\/posts\/6130","targetHints":{"allow":["GET"]}}],"collection":[{"href":"https:\/\/www.welovecycling.com\/es\/wp-json\/wp\/v2\/posts"}],"about":[{"href":"https:\/\/www.welovecycling.com\/es\/wp-json\/wp\/v2\/types\/post"}],"author":[{"embeddable":true,"href":"https:\/\/www.welovecycling.com\/es\/wp-json\/wp\/v2\/users\/29"}],"replies":[{"embeddable":true,"href":"https:\/\/www.welovecycling.com\/es\/wp-json\/wp\/v2\/comments?post=6130"}],"version-history":[{"count":2,"href":"https:\/\/www.welovecycling.com\/es\/wp-json\/wp\/v2\/posts\/6130\/revisions"}],"predecessor-version":[{"id":6138,"href":"https:\/\/www.welovecycling.com\/es\/wp-json\/wp\/v2\/posts\/6130\/revisions\/6138"}],"wp:featuredmedia":[{"embeddable":true,"href":"https:\/\/www.welovecycling.com\/es\/wp-json\/wp\/v2\/media\/6133"}],"wp:attachment":[{"href":"https:\/\/www.welovecycling.com\/es\/wp-json\/wp\/v2\/media?parent=6130"}],"wp:term":[{"taxonomy":"category","embeddable":true,"href":"https:\/\/www.welovecycling.com\/es\/wp-json\/wp\/v2\/categories?post=6130"},{"taxonomy":"post_tag","embeddable":true,"href":"https:\/\/www.welovecycling.com\/es\/wp-json\/wp\/v2\/tags?post=6130"},{"taxonomy":"global-categories","embeddable":true,"href":"https:\/\/www.welovecycling.com\/es\/wp-json\/wp\/v2\/global-categories?post=6130"}],"curies":[{"name":"wp","href":"https:\/\/api.w.org\/{rel}","templated":true}]}}