{"id":6119,"date":"2020-04-27T19:02:53","date_gmt":"2020-04-27T17:02:53","guid":{"rendered":"https:\/\/www.welovecycling.com\/es\/?p=6119"},"modified":"2020-04-27T19:10:11","modified_gmt":"2020-04-27T17:10:11","slug":"la-cuarentena-despierta-la-pasion-por-el-ciclismo-vintage","status":"publish","type":"post","link":"https:\/\/www.welovecycling.com\/es\/2020\/04\/27\/la-cuarentena-despierta-la-pasion-por-el-ciclismo-vintage\/","title":{"rendered":"La cuarentena despierta la pasi\u00f3n por el ciclismo vintage"},"content":{"rendered":"<p><strong>Desde que se disput\u00f3 la \u00faltima etapa de Par\u00eds Niza, all\u00e1 por el lejano 13 de marzo, no ha vuelto a ver ciclismo profesional. Por lo tanto, tampoco retransmisiones en directo, ni cr\u00f3nica de etapas, ni an\u00e1lisis de recorridos, ni debates en redes sociales sobre si un ciclista\/equipo hab\u00eda acertado o no en la t\u00e1ctica en carrera. Pero el &#8216;pueblo&#8217; quiere ciclismo. Soluci\u00f3n, ciclismo vintage.<\/strong><!--more--><\/p>\n<p>Aunque parezca mentira, en las \u00faltimas semanas es m\u00e1s f\u00e1cil ver por televisi\u00f3n a Pedro Delgado que a Messi. No es porque el ciclismo genere m\u00e1s inter\u00e9s que el f\u00fatbol, sino porque Perico se ha erigido como el totem del ciclismo vintage. No<strong> hay dia que no aparezca el segoviano en Teledeporte o RTVE para explicar una de sus etapas del Tour o la Vuelta<\/strong>, responder en Twitter a las dudas que gener\u00f3 la retransmisi\u00f3n o participar en una charla en Instagram. Estamos echando mano de hemeroteca e incluso generando buenas audiencias de televisi\u00f3n.<\/p>\n<p><a href=\"https:\/\/twitter.com\/pedrodelgadoweb\/status\/1250446323830206466\">https:\/\/twitter.com\/pedrodelgadoweb\/status\/1250446323830206466<\/a><\/p>\n<p>Cada d\u00eda Teledeporte est\u00e1 repitiendo algunas de las <strong>etapas, cl\u00e1sicas o Mundiales<\/strong> que tiene en sus archivos. Suelen ser las m\u00e1s interesantes de los \u00faltimos 35 a\u00f1os, pero si las comparamos con las reposiciones de otros deportes est\u00e1n teniendo mucha mejor audiencia, con <strong>d\u00edas de m\u00e1s de 100.000 espectadores<\/strong> y casi siempre por encima del share de la cadena.<\/p>\n<h2><strong>Debates, pol\u00e9micas, recuerdos<\/strong><\/h2>\n<p>La falta de informaci\u00f3n diaria ciclista sobre competici\u00f3n ha dejado espacio para recordar viejas gestas y antiguas pol\u00e9micas. Por raro que parezca, el Tour de Francia de 2009 y las luchas entre <strong>Alberto Contador<\/strong> y la dupla Armstrong y Bruyneel volvieron a ser noticia durante casi una semana. En una entrevista online el de Pinto cont\u00f3 que el equipo le hizo el vac\u00edo en ese Tour y se las tuvo que apa\u00f1ar \u00e9l solo para ganarlo. <strong>Lance Armstrong<\/strong> a trav\u00e9s de sus redes sociales no quiso entrar al trapo, pero\u00a0<strong>Johan Bruyneel<\/strong> si. Y no solo a trav\u00e9s de las redes sociales, ni con entrevistas escritas, sino que hizo ronda por programas deportivos de radio generalista para contar lo que sucedi\u00f3. Algo que jam\u00e1s hubiese pasado si la informaci\u00f3n hubiera seguido su rumbo normal.<\/p>\n<p>No ha sido el \u00fanico. Tambi\u00e9n <strong>Pedro Delgado y Peio Ruiz Cabestany<\/strong> tuvieron su debate sobre la famosa etapa del Tour 85 en Luz Ardiden. Aquel d\u00eda gan\u00f3 el segoviano y el vasco, que estaba tambi\u00e9n en el equipo Reynolds, le ayud\u00f3 a vencer cuando estaba escapado en el Tourmalet. Hasta aqu\u00ed la versi\u00f3n que se vi\u00f3 por televisi\u00f3n ese d\u00eda. Pero al reponer en Teledeporte la etapa y comentarla Perico en twitter, Peio dijo que ese d\u00eda Perico no se ten\u00eda que haber escapado y que \u00e9l le esper\u00f3, pero por \u00f3rdenes de equipo. Lo dijo en twitter, no hab\u00eda otra informaci\u00f3n ciclista relevante&#8230; y salt\u00f3 la pol\u00e9mica. Eso mismo lo hab\u00eda escrito en JotDown meses antes y pas\u00f3 inadvertido.<\/p>\n<lite-youtube videoid=vs5U7Vc_Ckk params=\"enablejsapi=1\" style=\"background-image: url('https:\/\/i.ytimg.com\/vi_webp\/vs5U7Vc_Ckk\/maxresdefault.webp');\"><\/lite-youtube>\n<p><strong>Alberto Contador<\/strong> a trav\u00e9s de sus redes sociales tambi\u00e9n ha dado mucho juego en estos d\u00edas. Sin duda una de sus conversaciones m\u00e1s celebradas en Instagram fue la que tuvo con <strong>Purito Rodr\u00edguez<\/strong>. Entre ambos fueron recordando todas la batallas que tuvieron. No solo en la recordada Vuelta de 2012, sino en la de 2014, en el Giro, en el Tour de Francia.<\/p>\n<p>Ese mismo formato, pero a tres bandas, lo ha utilizado la periodista <a href=\"https:\/\/www.youtube.com\/user\/arualmm83\/videos\">Laura Meseguer<\/a> para hacer una serie de entrevistas sobre recuerdos ciclistas titulado Confina2. Su idea ha sido unir a amigos del pelot\u00f3n para que contasen juntos como fueron sus a\u00f1os de corredor y las experiencias que vivieron. \u00d3scar Freire y Pedro Horrillo hablando de las cl\u00e1sicas, Purito y \u00c1ngel Vicioso con su toque de humor o Flecha y G\u00e1rate de sus a\u00f1os en Rabobank.<\/p>\n<lite-youtube videoid=fnvv5KbWtnM params=\"enablejsapi=1\" style=\"background-image: url('https:\/\/i.ytimg.com\/vi_webp\/fnvv5KbWtnM\/maxresdefault.webp');\"><\/lite-youtube>\n<p>Tambi\u00e9n se han recuperado n\u00fameros hist\u00f3ricos de revistas de ciclismo. Hace poco Ciclismo A Fondo liber\u00f3 el especial sobre Alberto Contador y la<strong> primera edici\u00f3n de la revista<\/strong>, que se public\u00f3 en abril de 1985.<a href=\"https:\/\/payhip.com\/b\/6eCk?fbclid=IwAR0K5_1GC5AmtuaRLx8vGfPVOvViaqEpGTkxNmn0TFb0Gx1uGu0i3JNpvTc\"> Aqu\u00ed la puedes consulta<\/a>r.<\/p>\n<p>Y luego est\u00e1n las <strong>redes sociales<\/strong>, en las que puedes encontrar debates encendidos sobre etapas de hace 20 a\u00f1os. Eso suele suceder en <strong>twitter<\/strong>, donde los aficionados al ciclismo aprovechan la retransmisi\u00f3n del d\u00eda para analizar las bicicletas que se llevaban en la \u00e9poca, la t\u00e1ctica de carrera o porque ese d\u00eda no pas\u00f3 tal o cual cosa. Tambi\u00e9n hay magn\u00edficos hilos con lo que pas\u00f3 con este o aquel ciclista, incluso juegos para adivinar quien es el ciclista vintage del d\u00eda. O sobre material ciclista y su recorrido hist\u00f3rico.\u00a0 Cualquier cosa vale para curar la falta de ciclismo.<\/p>\n","protected":false},"excerpt":{"rendered":"<p>Desde que se disput\u00f3 la \u00faltima etapa de Par\u00eds Niza, all\u00e1 por el lejano 13 de marzo, no ha vuelto [&hellip;]<\/p>\n","protected":false},"author":29,"featured_media":6124,"comment_status":"open","ping_status":"open","sticky":false,"template":"","format":"standard","meta":{"footnotes":""},"categories":[7],"tags":[1096,1541],"global-categories":[1164],"class_list":["post-6119","post","type-post","status-publish","format-standard","has-post-thumbnail","hentry","category-carretera","tag-ciclismo-vintage","tag-entrevistas-ciclismo-youtube","global-categories-cycling"],"yoast_head":"<!-- This site is optimized with the Yoast SEO Premium plugin v25.3 (Yoast SEO v25.9) - https:\/\/yoast.com\/wordpress\/plugins\/seo\/ -->\n<title>La cuarentena despierta la pasi\u00f3n por el ciclismo vintage - \u0160koda We Love Cycling - Spain<\/title>\n<meta name=\"description\" content=\"La cuarentena despierta la pasi\u00f3n por el ciclismo vintage. En estos d\u00edas las redes sociales y la televisi\u00f3n reponen etapas y entrevistas.\" \/>\n<meta name=\"robots\" content=\"index, follow, max-snippet:-1, max-image-preview:large, max-video-preview:-1\" \/>\n<link rel=\"canonical\" href=\"https:\/\/www.welovecycling.com\/es\/2020\/04\/27\/la-cuarentena-despierta-la-pasion-por-el-ciclismo-vintage\/\" \/>\n<meta property=\"og:locale\" content=\"es_ES\" \/>\n<meta property=\"og:type\" content=\"article\" \/>\n<meta property=\"og:title\" content=\"La cuarentena despierta la pasi\u00f3n por el ciclismo vintage\" \/>\n<meta property=\"og:description\" content=\"La cuarentena despierta la pasi\u00f3n por el ciclismo vintage. En estos d\u00edas las redes sociales y la televisi\u00f3n reponen etapas y entrevistas.\" \/>\n<meta property=\"og:url\" content=\"https:\/\/www.welovecycling.com\/es\/2020\/04\/27\/la-cuarentena-despierta-la-pasion-por-el-ciclismo-vintage\/\" \/>\n<meta property=\"og:site_name\" content=\"\u0160koda We Love Cycling - Spain\" \/>\n<meta property=\"article:published_time\" content=\"2020-04-27T17:02:53+00:00\" \/>\n<meta property=\"article:modified_time\" content=\"2020-04-27T17:10:11+00:00\" \/>\n<meta property=\"og:image\" content=\"https:\/\/d2p6e6u75xmxt8.cloudfront.net\/6\/2020\/04\/rasmussen-tour.jpg\" \/>\n\t<meta property=\"og:image:width\" content=\"604\" \/>\n\t<meta property=\"og:image:height\" content=\"453\" \/>\n\t<meta property=\"og:image:type\" content=\"image\/jpeg\" \/>\n<meta name=\"author\" content=\"We Love Cycling Spain\" \/>\n<meta name=\"twitter:card\" content=\"summary_large_image\" \/>\n<meta name=\"twitter:title\" content=\"La cuarentena despierta la pasi\u00f3n por el ciclismo vintage\" \/>\n<meta name=\"twitter:description\" content=\"La cuarentena despierta la pasi\u00f3n por el ciclismo vintage. En estos d\u00edas las redes sociales y la televisi\u00f3n reponen etapas y entrevistas.\" \/>\n<meta name=\"twitter:label1\" content=\"Written by\" \/>\n\t<meta name=\"twitter:data1\" content=\"Luis Ortega @ciclored\" \/>\n\t<meta name=\"twitter:label2\" content=\"Est. reading time\" \/>\n\t<meta name=\"twitter:data2\" content=\"4 minutes\" \/>\n<script type=\"application\/ld+json\" class=\"yoast-schema-graph\">{\"@context\":\"https:\/\/schema.org\",\"@graph\":[{\"@type\":\"WebPage\",\"@id\":\"https:\/\/www.welovecycling.com\/es\/2020\/04\/27\/la-cuarentena-despierta-la-pasion-por-el-ciclismo-vintage\/\",\"url\":\"https:\/\/www.welovecycling.com\/es\/2020\/04\/27\/la-cuarentena-despierta-la-pasion-por-el-ciclismo-vintage\/\",\"name\":\"La cuarentena despierta la pasi\u00f3n por el ciclismo vintage - \u0160koda We Love Cycling - Spain\",\"isPartOf\":{\"@id\":\"https:\/\/www.welovecycling.com\/es\/#website\"},\"primaryImageOfPage\":{\"@id\":\"https:\/\/www.welovecycling.com\/es\/2020\/04\/27\/la-cuarentena-despierta-la-pasion-por-el-ciclismo-vintage\/#primaryimage\"},\"image\":{\"@id\":\"https:\/\/www.welovecycling.com\/es\/2020\/04\/27\/la-cuarentena-despierta-la-pasion-por-el-ciclismo-vintage\/#primaryimage\"},\"thumbnailUrl\":\"https:\/\/d2p6e6u75xmxt8.cloudfront.net\/6\/2020\/04\/rasmussen-tour.jpg\",\"datePublished\":\"2020-04-27T17:02:53+00:00\",\"dateModified\":\"2020-04-27T17:10:11+00:00\",\"author\":{\"@id\":\"https:\/\/www.welovecycling.com\/es\/#\/schema\/person\/deb61715b5812698ee79fb96f343ccd4\"},\"description\":\"La cuarentena despierta la pasi\u00f3n por el ciclismo vintage. En estos d\u00edas las redes sociales y la televisi\u00f3n reponen etapas y entrevistas.\",\"breadcrumb\":{\"@id\":\"https:\/\/www.welovecycling.com\/es\/2020\/04\/27\/la-cuarentena-despierta-la-pasion-por-el-ciclismo-vintage\/#breadcrumb\"},\"inLanguage\":\"es-ES\",\"potentialAction\":[{\"@type\":\"ReadAction\",\"target\":[\"https:\/\/www.welovecycling.com\/es\/2020\/04\/27\/la-cuarentena-despierta-la-pasion-por-el-ciclismo-vintage\/\"]}]},{\"@type\":\"ImageObject\",\"inLanguage\":\"es-ES\",\"@id\":\"https:\/\/www.welovecycling.com\/es\/2020\/04\/27\/la-cuarentena-despierta-la-pasion-por-el-ciclismo-vintage\/#primaryimage\",\"url\":\"https:\/\/d2p6e6u75xmxt8.cloudfront.net\/6\/2020\/04\/rasmussen-tour.jpg\",\"contentUrl\":\"https:\/\/d2p6e6u75xmxt8.cloudfront.net\/6\/2020\/04\/rasmussen-tour.jpg\",\"width\":604,\"height\":453},{\"@type\":\"BreadcrumbList\",\"@id\":\"https:\/\/www.welovecycling.com\/es\/2020\/04\/27\/la-cuarentena-despierta-la-pasion-por-el-ciclismo-vintage\/#breadcrumb\",\"itemListElement\":[{\"@type\":\"ListItem\",\"position\":1,\"name\":\"Home\",\"item\":\"https:\/\/www.welovecycling.com\/es\/\"},{\"@type\":\"ListItem\",\"position\":2,\"name\":\"La cuarentena despierta la pasi\u00f3n por el ciclismo vintage\"}]},{\"@type\":\"WebSite\",\"@id\":\"https:\/\/www.welovecycling.com\/es\/#website\",\"url\":\"https:\/\/www.welovecycling.com\/es\/\",\"name\":\"\u0160koda We Love Cycling - Spain\",\"description\":\"\u0160koda WeLoveCycling Spain\",\"potentialAction\":[{\"@type\":\"SearchAction\",\"target\":{\"@type\":\"EntryPoint\",\"urlTemplate\":\"https:\/\/www.welovecycling.com\/es\/?s={search_term_string}\"},\"query-input\":{\"@type\":\"PropertyValueSpecification\",\"valueRequired\":true,\"valueName\":\"search_term_string\"}}],\"inLanguage\":\"es-ES\"},{\"@type\":\"Person\",\"@id\":\"https:\/\/www.welovecycling.com\/es\/#\/schema\/person\/deb61715b5812698ee79fb96f343ccd4\",\"name\":\"We Love Cycling Spain\",\"image\":{\"@type\":\"ImageObject\",\"inLanguage\":\"es-ES\",\"@id\":\"https:\/\/www.welovecycling.com\/es\/#\/schema\/person\/image\/\",\"url\":\"https:\/\/secure.gravatar.com\/avatar\/c824b04e6df0e37a03219d0b6481672889df542894588964102459e46513159c?s=96&d=mm&r=g\",\"contentUrl\":\"https:\/\/secure.gravatar.com\/avatar\/c824b04e6df0e37a03219d0b6481672889df542894588964102459e46513159c?s=96&d=mm&r=g\",\"caption\":\"We Love Cycling Spain\"},\"url\":\"https:\/\/www.welovecycling.com\/es\/author\/amunoz\/\"}]}<\/script>\n<!-- \/ Yoast SEO Premium plugin. -->","yoast_head_json":{"title":"La cuarentena despierta la pasi\u00f3n por el ciclismo vintage - \u0160koda We Love Cycling - Spain","description":"La cuarentena despierta la pasi\u00f3n por el ciclismo vintage. En estos d\u00edas las redes sociales y la televisi\u00f3n reponen etapas y entrevistas.","robots":{"index":"index","follow":"follow","max-snippet":"max-snippet:-1","max-image-preview":"max-image-preview:large","max-video-preview":"max-video-preview:-1"},"canonical":"https:\/\/www.welovecycling.com\/es\/2020\/04\/27\/la-cuarentena-despierta-la-pasion-por-el-ciclismo-vintage\/","og_locale":"es_ES","og_type":"article","og_title":"La cuarentena despierta la pasi\u00f3n por el ciclismo vintage","og_description":"La cuarentena despierta la pasi\u00f3n por el ciclismo vintage. En estos d\u00edas las redes sociales y la televisi\u00f3n reponen etapas y entrevistas.","og_url":"https:\/\/www.welovecycling.com\/es\/2020\/04\/27\/la-cuarentena-despierta-la-pasion-por-el-ciclismo-vintage\/","og_site_name":"\u0160koda We Love Cycling - Spain","article_published_time":"2020-04-27T17:02:53+00:00","article_modified_time":"2020-04-27T17:10:11+00:00","og_image":[{"width":604,"height":453,"url":"https:\/\/d2p6e6u75xmxt8.cloudfront.net\/6\/2020\/04\/rasmussen-tour.jpg","type":"image\/jpeg"}],"author":"We Love Cycling Spain","twitter_card":"summary_large_image","twitter_title":"La cuarentena despierta la pasi\u00f3n por el ciclismo vintage","twitter_description":"La cuarentena despierta la pasi\u00f3n por el ciclismo vintage. En estos d\u00edas las redes sociales y la televisi\u00f3n reponen etapas y entrevistas.","twitter_misc":{"Written by":"Luis Ortega @ciclored","Est. reading time":"4 minutes"},"schema":{"@context":"https:\/\/schema.org","@graph":[{"@type":"WebPage","@id":"https:\/\/www.welovecycling.com\/es\/2020\/04\/27\/la-cuarentena-despierta-la-pasion-por-el-ciclismo-vintage\/","url":"https:\/\/www.welovecycling.com\/es\/2020\/04\/27\/la-cuarentena-despierta-la-pasion-por-el-ciclismo-vintage\/","name":"La cuarentena despierta la pasi\u00f3n por el ciclismo vintage - \u0160koda We Love Cycling - Spain","isPartOf":{"@id":"https:\/\/www.welovecycling.com\/es\/#website"},"primaryImageOfPage":{"@id":"https:\/\/www.welovecycling.com\/es\/2020\/04\/27\/la-cuarentena-despierta-la-pasion-por-el-ciclismo-vintage\/#primaryimage"},"image":{"@id":"https:\/\/www.welovecycling.com\/es\/2020\/04\/27\/la-cuarentena-despierta-la-pasion-por-el-ciclismo-vintage\/#primaryimage"},"thumbnailUrl":"https:\/\/d2p6e6u75xmxt8.cloudfront.net\/6\/2020\/04\/rasmussen-tour.jpg","datePublished":"2020-04-27T17:02:53+00:00","dateModified":"2020-04-27T17:10:11+00:00","author":{"@id":"https:\/\/www.welovecycling.com\/es\/#\/schema\/person\/deb61715b5812698ee79fb96f343ccd4"},"description":"La cuarentena despierta la pasi\u00f3n por el ciclismo vintage. En estos d\u00edas las redes sociales y la televisi\u00f3n reponen etapas y entrevistas.","breadcrumb":{"@id":"https:\/\/www.welovecycling.com\/es\/2020\/04\/27\/la-cuarentena-despierta-la-pasion-por-el-ciclismo-vintage\/#breadcrumb"},"inLanguage":"es-ES","potentialAction":[{"@type":"ReadAction","target":["https:\/\/www.welovecycling.com\/es\/2020\/04\/27\/la-cuarentena-despierta-la-pasion-por-el-ciclismo-vintage\/"]}]},{"@type":"ImageObject","inLanguage":"es-ES","@id":"https:\/\/www.welovecycling.com\/es\/2020\/04\/27\/la-cuarentena-despierta-la-pasion-por-el-ciclismo-vintage\/#primaryimage","url":"https:\/\/d2p6e6u75xmxt8.cloudfront.net\/6\/2020\/04\/rasmussen-tour.jpg","contentUrl":"https:\/\/d2p6e6u75xmxt8.cloudfront.net\/6\/2020\/04\/rasmussen-tour.jpg","width":604,"height":453},{"@type":"BreadcrumbList","@id":"https:\/\/www.welovecycling.com\/es\/2020\/04\/27\/la-cuarentena-despierta-la-pasion-por-el-ciclismo-vintage\/#breadcrumb","itemListElement":[{"@type":"ListItem","position":1,"name":"Home","item":"https:\/\/www.welovecycling.com\/es\/"},{"@type":"ListItem","position":2,"name":"La cuarentena despierta la pasi\u00f3n por el ciclismo vintage"}]},{"@type":"WebSite","@id":"https:\/\/www.welovecycling.com\/es\/#website","url":"https:\/\/www.welovecycling.com\/es\/","name":"\u0160koda We Love Cycling - Spain","description":"\u0160koda WeLoveCycling Spain","potentialAction":[{"@type":"SearchAction","target":{"@type":"EntryPoint","urlTemplate":"https:\/\/www.welovecycling.com\/es\/?s={search_term_string}"},"query-input":{"@type":"PropertyValueSpecification","valueRequired":true,"valueName":"search_term_string"}}],"inLanguage":"es-ES"},{"@type":"Person","@id":"https:\/\/www.welovecycling.com\/es\/#\/schema\/person\/deb61715b5812698ee79fb96f343ccd4","name":"We Love Cycling Spain","image":{"@type":"ImageObject","inLanguage":"es-ES","@id":"https:\/\/www.welovecycling.com\/es\/#\/schema\/person\/image\/","url":"https:\/\/secure.gravatar.com\/avatar\/c824b04e6df0e37a03219d0b6481672889df542894588964102459e46513159c?s=96&d=mm&r=g","contentUrl":"https:\/\/secure.gravatar.com\/avatar\/c824b04e6df0e37a03219d0b6481672889df542894588964102459e46513159c?s=96&d=mm&r=g","caption":"We Love Cycling Spain"},"url":"https:\/\/www.welovecycling.com\/es\/author\/amunoz\/"}]}},"_links":{"self":[{"href":"https:\/\/www.welovecycling.com\/es\/wp-json\/wp\/v2\/posts\/6119","targetHints":{"allow":["GET"]}}],"collection":[{"href":"https:\/\/www.welovecycling.com\/es\/wp-json\/wp\/v2\/posts"}],"about":[{"href":"https:\/\/www.welovecycling.com\/es\/wp-json\/wp\/v2\/types\/post"}],"author":[{"embeddable":true,"href":"https:\/\/www.welovecycling.com\/es\/wp-json\/wp\/v2\/users\/29"}],"replies":[{"embeddable":true,"href":"https:\/\/www.welovecycling.com\/es\/wp-json\/wp\/v2\/comments?post=6119"}],"version-history":[{"count":2,"href":"https:\/\/www.welovecycling.com\/es\/wp-json\/wp\/v2\/posts\/6119\/revisions"}],"predecessor-version":[{"id":6126,"href":"https:\/\/www.welovecycling.com\/es\/wp-json\/wp\/v2\/posts\/6119\/revisions\/6126"}],"wp:featuredmedia":[{"embeddable":true,"href":"https:\/\/www.welovecycling.com\/es\/wp-json\/wp\/v2\/media\/6124"}],"wp:attachment":[{"href":"https:\/\/www.welovecycling.com\/es\/wp-json\/wp\/v2\/media?parent=6119"}],"wp:term":[{"taxonomy":"category","embeddable":true,"href":"https:\/\/www.welovecycling.com\/es\/wp-json\/wp\/v2\/categories?post=6119"},{"taxonomy":"post_tag","embeddable":true,"href":"https:\/\/www.welovecycling.com\/es\/wp-json\/wp\/v2\/tags?post=6119"},{"taxonomy":"global-categories","embeddable":true,"href":"https:\/\/www.welovecycling.com\/es\/wp-json\/wp\/v2\/global-categories?post=6119"}],"curies":[{"name":"wp","href":"https:\/\/api.w.org\/{rel}","templated":true}]}}