{"id":6045,"date":"2020-03-30T10:54:47","date_gmt":"2020-03-30T08:54:47","guid":{"rendered":"https:\/\/www.welovecycling.com\/es\/?p=6045"},"modified":"2020-03-30T11:25:22","modified_gmt":"2020-03-30T09:25:22","slug":"el-dia-menos-pensado-ciclismo-sin-filtros","status":"publish","type":"post","link":"https:\/\/www.welovecycling.com\/es\/2020\/03\/30\/el-dia-menos-pensado-ciclismo-sin-filtros\/","title":{"rendered":"&#8216;El d\u00eda menos pensado&#8217;, ciclismo sin filtros"},"content":{"rendered":"<p><strong>Cuando el equipo Movistar anunci\u00f3 que hab\u00eda grabado un documental sobre su la temporada 2019 nadie pensaba que fueran a salir muchas de las pol\u00e9micas que rodearon al equipo, tanto internas como externas. En &#8216;El d\u00eda menos pensado&#8217; puedes ver el ciclismo por dentro y, sobre todo, las relaciones que se establecen entre los &#8216;actores&#8217; de un equipo. .<\/strong><br \/>\n<!--more--><\/p>\n<p>El documental est\u00e1 dividido en seis cap\u00edtulos de una media hora cada uno. Un total de 3 horas de &#8216;pel\u00edcula&#8217; que arrancan en la Lieja Bastogne Lieja, la \u00fanica cita a las cl\u00e1sicas, y que est\u00e1 centrado en Giro, Tour y Vuelta, y en la preparaci\u00f3n de las mismas. Para verlo tienes<strong> Netflix y Movistar Plus<\/strong>. Y prepara palomitas porque te enganchar\u00e1.<\/p>\n<div class=\"embed-controller-wrapper\">\n<div class=\"embed-wrapper\"><iframe title=\"El D\u00eda Menos Pensado | Temporada 1 - Trailer | Inside Movistar Team\" width=\"500\" height=\"281\" data-src=\"https:\/\/www.youtube.com\/embed\/WRP7AuFibg0?feature=oembed\" frameborder=\"0\" allow=\"accelerometer; autoplay; clipboard-write; encrypted-media; gyroscope; picture-in-picture; web-share\" referrerpolicy=\"strict-origin-when-cross-origin\" allowfullscreen><\/iframe><\/div>\n<\/div>\n<p>Lo m\u00e1s curioso es que cuenta cosas que la mayor\u00eda de los aficionados ya han visto por televisi\u00f3n. Lo que sucedi\u00f3 delante de las c\u00e1maras ya lo sabemos, pero faltaba la explicaci\u00f3n de lo que no suele salir en la tele.<strong> Las discusiones en el autob\u00fas de equipo, los gritos del coche, las reflexiones en los hoteles, la fase de preparaci\u00f3n antes de la carrera<\/strong>. La sensaci\u00f3n es que ya sabes el final de la pel\u00edcula, pero quieres saber por qu\u00e9 sucedi\u00f3 cada uno de los acontecimientos y que llev\u00f3 a ello.<\/p>\n<h3><strong>GIRO DE ITALIA<\/strong><\/h3>\n<p>El documental arranca en Pamplona y de la mano de Eusebio Unzu\u00e9, el hombre que lleva 40 a\u00f1os dirigiendo la m\u00e1quina bajo una premisa, la prudencia. No en vano en vario cap\u00edtulos se &#8216;enfrenta&#8217; a sus l\u00edderes para pedirles tranquilidad\u00a0 en los momentos m\u00e1s tensos de carrera, incluso Valverde reconoce antes de \u00faltima etapa del Tour en <strong>Avoriaz que Eusebio &#8216;siempre acaba teniendo raz\u00f3n&#8217;<\/strong> cuando le dice que no puede reventar la carrera a inicio del puerto y quedarse &#8216;con el culo al aire&#8217;.<\/p>\n<p>Lo primero es la <strong>Lieja Bastogne Lieja en la que Valverde<\/strong> se tiene que subir al coche despu\u00e9s de lesionarse el sacro en una ca\u00edda entrenando por &#8216;hacer un caballito&#8217;. Y despu\u00e9s el <strong>Giro<\/strong>, la carrera que mejor rendimiento dio a Movistar en 2019. De c\u00e1maras hacia afuera todo pareci\u00f3 perfecto, pero, claro, no fue as\u00ed. <strong>Carapaz<\/strong>, que era la segunda opci\u00f3n en carrera, se acab\u00f3 convirtiendo en la primera cuando fall\u00f3<strong> Mikel Landa<\/strong>. Es el propio vitoriano el que reconoce que le cost\u00f3 asumir ese papel y que medi\u00f3 una conversaci\u00f3n con Chente Garcia Acosta.<\/p>\n<figure style=\"width: 1380px\" class=\"wp-caption aligncenter\"><img loading=\"lazy\" decoding=\"async\" class=\"size-extra-large\" src=\"https:\/\/movistarteam.com\/wp-content\/uploads\/2020\/03\/05.-Carapaz-ayuda-a-Landa-etapa-20-Giro-BETTINIPHOTO-1380x920.jpg\" alt=\"Fuente Movistar Team\" width=\"1380\" height=\"920\" \/><figcaption class=\"wp-caption-text\">Fuente Movistar Team<\/figcaption><\/figure>\n<p>&nbsp;<\/p>\n<p>La pel\u00edcula no rehuye los errores de ese Giro. Como la distracci\u00f3n de <strong>Chente cuando dirig\u00eda a Landa<\/strong> en la crono pasada por agua de San Marino, que a punto estuvo de acabar con el ciclista por los suelos en una curva. Momentos que al espectador pasan inadvertidos, pero que dentro del grupo pueden tener efectos graves si el ciclista pierde la confianza en su director.<\/p>\n<h3><strong>TOUR DE FRANCIA<\/strong><\/h3>\n<p>Pero son minucias al lado de lo que ocurri\u00f3 en el<strong> Tour. Movistar<\/strong> acud\u00eda con dos l\u00edderes, <strong>Landa y Nairo<\/strong>, y con Valverde para echar una mano. Pero pocas cosas funcionaron como estaba previsto. Ya en la crono por equipos el propio <strong>Unzu\u00e9 critica el trabajo de Verona<\/strong>: &#8220;Que miedo Carlos, vas al 80%&#8221; y lo reconoce Andrey Amador. El grupo empieza a resquebrajarse. Los resultados en carrera tampoco ayudan. Ca\u00edda de Landa y p\u00e9rdida de tiempo de Nairo antes de llegar la monta\u00f1a.<\/p>\n<p>Y todo salta por los aires el d\u00eda del <strong>Tourmalet.<\/strong> Nairo Quintana sufre en Soulor cuando el equipo, con Amador y Soler estaba con la idea de reventar la carrera en favor de Mikel Landa. Todo se para. Valverde y Landa culpan a Nairo de no decir que iba a mal, el colombiano se excusa con un &#8216;no quer\u00eda molestar al equipo&#8217;. El resultado, el Tour m\u00e1s lejos.<\/p>\n<p>Los problemas siguen en la etapa de <strong>Prat de Albis.<\/strong> Soler y Amador, metidos en la escapada, hacen un gran trabajo para que Landa llegue con ventaja al \u00faltimo puerto, all\u00ed Nairo Quintana deber\u00eda haberle ayudado a ganar la etapa, pero, no llega ni a hacerle un 100 metros de relevo.<\/p>\n<figure style=\"width: 1382px\" class=\"wp-caption aligncenter\"><img loading=\"lazy\" decoding=\"async\" class=\"size-extra-large\" src=\"https:\/\/movistarteam.com\/wp-content\/uploads\/2020\/03\/08.-Landa-y-Quintana-juntos-Tour-2019-BETTINIPHOTO-1382x920.jpg\" width=\"1382\" height=\"920\" \/><figcaption class=\"wp-caption-text\">Fuente Movistar Team<\/figcaption><\/figure>\n<p>En la etapa de <strong>Galibier vuelven a confrontar los dos l\u00edderes. Nairo<\/strong> se mete en la escapada, en un principio su objetivo era ayudar a Landa para cuando este atacase. La ventaja se amplia y Mikel y Valverde piden a Soler que acelere el ritmo en Izoard porque ven sufriendo a muchos favoritos, Pinot entre ellos. Lo hace, pero no se queda nadie y le mandan parar. Por delante Nairo se queda sin dos minutos, pero acaba ganando la etapa y se mete en la pelea por la general, aunque fuese un espejismo.<\/p>\n<p>En esa noche se ve la realidad de grupo. Lo que deber\u00eda ser una cena de fiesta en el equipo despu\u00e9s de haber ganado una etapa en el <strong>Tour, como fueron las del Giro, se convierten en algo fr\u00edo<\/strong>, sin emoci\u00f3n. De la etapa del granizo de Tignes queda la frase de Mikel Landa. &#8216;Oye, con esto solo quedan 130 kil\u00f3metros de este puto Tour&#8217;.<\/p>\n<p>Y el \u00faltimo d\u00eda. M\u00e1s pol\u00e9mica a\u00fan. Soler a medio camino sin ayudar, Quintana sin fuerzas y quit\u00e1ndose el pinganillo, ataque de Landa tambi\u00e9n con el pinganillo fuera y<strong> Nibali<\/strong> que &#8216;birla&#8217; una etapa que deber\u00eda haber sido para Valverde, segundo en meta. Peor imposible, como reconocen todos.<\/p>\n<h3><strong>LA VUELTA<\/strong><\/h3>\n<p>La Vuelta siempre hab\u00eda sido un lugar para que el equipo <strong>Movistar<\/strong> recuperase la ilusi\u00f3n tras el Tour, pero la de 2019 empez\u00f3 de la peor forma posible. <strong>Carapaz<\/strong>, que iba a ser el l\u00edder, se salta la disciplina del equipo y se cae en un Criterium en Holanda. Le descartan y sale el <strong>Pablo Lastras<\/strong> m\u00e1s duro. &#8216;Es un gran corredor pero no fue leal, y no quiero a alguien as\u00ed en mi equipo&#8217;. No ser\u00e1 su \u00fanica frase del documental. La otra para criticar a <strong>Marc Soler,<\/strong> el que deb\u00eda ser el otro l\u00edder para La Vuelta. &#8216;El primer d\u00eda se desconect\u00f3 y no estuvo atento y en la etapa de Andorra no fue solidario con su equipo. Debe aprender&#8217;.<\/p>\n<p>Quedaban <strong>Valverde<\/strong>, que nunca suele fallar, &#8216;acabo sacando las casta\u00f1as del fuego&#8217; y un Nairo dubitativo que ya hab\u00eda decidido dejar el equipo. Pese a todo la victoria de<strong> Calpe<\/strong> del colombiano con la ayuda de Valverde, y al del murciano en M\u00e1s de la Costa con el trabajo de Nairo parece calmar todo.<\/p>\n<p>La etapa de Andorra, con la discusi\u00f3n de Soler, reabre la pol\u00e9mica, pese a que Nairo se viste de l\u00edder. La crono de Pau y las etapas de monta\u00f1a devuelven el liderato del equipo a Valverde, con la alegr\u00eda del d\u00eda del Acebo. Llega la etapa de <strong>Guadalajara, viento y Nairo<\/strong> de nuevo entre los favoritos. Y los elogios de Erviti, uno de los m\u00e1s sinceros y directos del equipo. Mira, &#8216;una lecci\u00f3n t\u00e1ctica del chiquito&#8217;.<\/p>\n<p><a href=\"https:\/\/d2p6e6u75xmxt8.cloudfront.net\/6\/2020\/03\/WhatsApp-Image-2019-09-13-at-18.13.53-1.jpeg\"><img loading=\"lazy\" decoding=\"async\" class=\"aligncenter size-large wp-image-6048\" src=\"https:\/\/d2p6e6u75xmxt8.cloudfront.net\/6\/2020\/03\/WhatsApp-Image-2019-09-13-at-18.13.53-1-1024x678.jpeg\" alt=\"\" width=\"1024\" height=\"678\" srcset=\"https:\/\/d2p6e6u75xmxt8.cloudfront.net\/6\/2020\/03\/WhatsApp-Image-2019-09-13-at-18.13.53-1-1024x678.jpeg 1024w, https:\/\/d2p6e6u75xmxt8.cloudfront.net\/6\/2020\/03\/WhatsApp-Image-2019-09-13-at-18.13.53-1-300x199.jpeg 300w, https:\/\/d2p6e6u75xmxt8.cloudfront.net\/6\/2020\/03\/WhatsApp-Image-2019-09-13-at-18.13.53-1-768x509.jpeg 768w, https:\/\/d2p6e6u75xmxt8.cloudfront.net\/6\/2020\/03\/WhatsApp-Image-2019-09-13-at-18.13.53-1.jpeg 1200w\" sizes=\"auto, (max-width: 1024px) 100vw, 1024px\" \/><\/a><\/p>\n<p>Y al d\u00eda siguiente la pol\u00e9mica de<strong> Toledo. El v\u00eddeo ense\u00f1a como Arrieta<\/strong> y Lastras ten\u00edan dise\u00f1ado el ataque justo despu\u00e9s de Escalona, donde se produjo la ca\u00edda del l\u00edder Roglic. Tambi\u00e9n como los jueces y la opini\u00f3n p\u00fablica pueden cambiar el transcurso de una carrera. Arrecian las cr\u00edticas a Movistar que acaban con un Arrieta llorando y pidiendo perd\u00f3n a sus corredores por si se han podido ver perjudicados de cara al exterior.<\/p>\n<p>Para acabar la curiosidad de ver a <strong>Valverde conduciendo el coche de equipo despu\u00e9s de la etapa de la Plataforma de Gredos,<\/strong> en la que salv\u00f3 el segundo puesto. Con sus bromas y su buen rollo habitual. Y la cena post Vuelta con todos los corredores y la despedida de Nairo Quintana.<\/p>\n","protected":false},"excerpt":{"rendered":"<p>Cuando el equipo Movistar anunci\u00f3 que hab\u00eda grabado un documental sobre su la temporada 2019 nadie pensaba que fueran a [&hellip;]<\/p>\n","protected":false},"author":29,"featured_media":6050,"comment_status":"open","ping_status":"open","sticky":false,"template":"","format":"standard","meta":{"footnotes":""},"categories":[7],"tags":[1517,1515,1516,1518,1519],"global-categories":[1164],"class_list":["post-6045","post","type-post","status-publish","format-standard","has-post-thumbnail","hentry","category-carretera","tag-documental-ciclismos","tag-documental-movistar","tag-el-dia-menos-pensado","tag-movistar-el-dia-menos-pensado","tag-netflix-el-dia-menos-pensado","global-categories-cycling"],"yoast_head":"<!-- This site is optimized with the Yoast SEO Premium plugin v25.3 (Yoast SEO v25.9) - https:\/\/yoast.com\/wordpress\/plugins\/seo\/ -->\n<title>&#039;El d\u00eda menos pensado&#039;, ciclismo sin filtros - \u0160koda We Love Cycling - Spain<\/title>\n<meta name=\"description\" content=\"&#039;El d\u00eda menos pensado&#039;, ciclismo sin filtros. La temporada 2019 del Movistar contada desde dentro. Un documenta de seis cap\u00edtulos.\" \/>\n<meta name=\"robots\" content=\"index, follow, max-snippet:-1, max-image-preview:large, max-video-preview:-1\" \/>\n<link rel=\"canonical\" href=\"https:\/\/www.welovecycling.com\/es\/2020\/03\/30\/el-dia-menos-pensado-ciclismo-sin-filtros\/\" \/>\n<meta property=\"og:locale\" content=\"es_ES\" \/>\n<meta property=\"og:type\" content=\"article\" \/>\n<meta property=\"og:title\" content=\"&#039;El d\u00eda menos pensado&#039;, ciclismo sin filtros\" \/>\n<meta property=\"og:description\" content=\"&#039;El d\u00eda menos pensado&#039;, ciclismo sin filtros. La temporada 2019 del Movistar contada desde dentro. Un documenta de seis cap\u00edtulos.\" \/>\n<meta property=\"og:url\" content=\"https:\/\/www.welovecycling.com\/es\/2020\/03\/30\/el-dia-menos-pensado-ciclismo-sin-filtros\/\" \/>\n<meta property=\"og:site_name\" content=\"\u0160koda We Love Cycling - Spain\" \/>\n<meta property=\"article:published_time\" content=\"2020-03-30T08:54:47+00:00\" \/>\n<meta property=\"article:modified_time\" content=\"2020-03-30T09:25:22+00:00\" \/>\n<meta property=\"og:image\" content=\"https:\/\/d2p6e6u75xmxt8.cloudfront.net\/6\/2020\/03\/El-dia-menos-pensado.jpg\" \/>\n\t<meta property=\"og:image:width\" content=\"854\" \/>\n\t<meta property=\"og:image:height\" content=\"498\" \/>\n\t<meta property=\"og:image:type\" content=\"image\/jpeg\" \/>\n<meta name=\"author\" content=\"We Love Cycling Spain\" \/>\n<meta name=\"twitter:card\" content=\"summary_large_image\" \/>\n<meta name=\"twitter:title\" content=\"&#039;El d\u00eda menos pensado&#039;, ciclismo sin filtros\" \/>\n<meta name=\"twitter:description\" content=\"&#039;El d\u00eda menos pensado&#039;, ciclismo sin filtros. La temporada 2019 del Movistar contada desde dentro. Un documenta de seis cap\u00edtulos.\" \/>\n<meta name=\"twitter:label1\" content=\"Written by\" \/>\n\t<meta name=\"twitter:data1\" content=\"Luis Ortega @ciclored\" \/>\n\t<meta name=\"twitter:label2\" content=\"Est. reading time\" \/>\n\t<meta name=\"twitter:data2\" content=\"7 minutes\" \/>\n<script type=\"application\/ld+json\" class=\"yoast-schema-graph\">{\"@context\":\"https:\/\/schema.org\",\"@graph\":[{\"@type\":\"WebPage\",\"@id\":\"https:\/\/www.welovecycling.com\/es\/2020\/03\/30\/el-dia-menos-pensado-ciclismo-sin-filtros\/\",\"url\":\"https:\/\/www.welovecycling.com\/es\/2020\/03\/30\/el-dia-menos-pensado-ciclismo-sin-filtros\/\",\"name\":\"'El d\u00eda menos pensado', ciclismo sin filtros - \u0160koda We Love Cycling - Spain\",\"isPartOf\":{\"@id\":\"https:\/\/www.welovecycling.com\/es\/#website\"},\"primaryImageOfPage\":{\"@id\":\"https:\/\/www.welovecycling.com\/es\/2020\/03\/30\/el-dia-menos-pensado-ciclismo-sin-filtros\/#primaryimage\"},\"image\":{\"@id\":\"https:\/\/www.welovecycling.com\/es\/2020\/03\/30\/el-dia-menos-pensado-ciclismo-sin-filtros\/#primaryimage\"},\"thumbnailUrl\":\"https:\/\/d2p6e6u75xmxt8.cloudfront.net\/6\/2020\/03\/El-dia-menos-pensado.jpg\",\"datePublished\":\"2020-03-30T08:54:47+00:00\",\"dateModified\":\"2020-03-30T09:25:22+00:00\",\"author\":{\"@id\":\"https:\/\/www.welovecycling.com\/es\/#\/schema\/person\/deb61715b5812698ee79fb96f343ccd4\"},\"description\":\"'El d\u00eda menos pensado', ciclismo sin filtros. La temporada 2019 del Movistar contada desde dentro. Un documenta de seis cap\u00edtulos.\",\"breadcrumb\":{\"@id\":\"https:\/\/www.welovecycling.com\/es\/2020\/03\/30\/el-dia-menos-pensado-ciclismo-sin-filtros\/#breadcrumb\"},\"inLanguage\":\"es-ES\",\"potentialAction\":[{\"@type\":\"ReadAction\",\"target\":[\"https:\/\/www.welovecycling.com\/es\/2020\/03\/30\/el-dia-menos-pensado-ciclismo-sin-filtros\/\"]}]},{\"@type\":\"ImageObject\",\"inLanguage\":\"es-ES\",\"@id\":\"https:\/\/www.welovecycling.com\/es\/2020\/03\/30\/el-dia-menos-pensado-ciclismo-sin-filtros\/#primaryimage\",\"url\":\"https:\/\/d2p6e6u75xmxt8.cloudfront.net\/6\/2020\/03\/El-dia-menos-pensado.jpg\",\"contentUrl\":\"https:\/\/d2p6e6u75xmxt8.cloudfront.net\/6\/2020\/03\/El-dia-menos-pensado.jpg\",\"width\":854,\"height\":498},{\"@type\":\"BreadcrumbList\",\"@id\":\"https:\/\/www.welovecycling.com\/es\/2020\/03\/30\/el-dia-menos-pensado-ciclismo-sin-filtros\/#breadcrumb\",\"itemListElement\":[{\"@type\":\"ListItem\",\"position\":1,\"name\":\"Home\",\"item\":\"https:\/\/www.welovecycling.com\/es\/\"},{\"@type\":\"ListItem\",\"position\":2,\"name\":\"&#8216;El d\u00eda menos pensado&#8217;, ciclismo sin filtros\"}]},{\"@type\":\"WebSite\",\"@id\":\"https:\/\/www.welovecycling.com\/es\/#website\",\"url\":\"https:\/\/www.welovecycling.com\/es\/\",\"name\":\"\u0160koda We Love Cycling - Spain\",\"description\":\"\u0160koda WeLoveCycling Spain\",\"potentialAction\":[{\"@type\":\"SearchAction\",\"target\":{\"@type\":\"EntryPoint\",\"urlTemplate\":\"https:\/\/www.welovecycling.com\/es\/?s={search_term_string}\"},\"query-input\":{\"@type\":\"PropertyValueSpecification\",\"valueRequired\":true,\"valueName\":\"search_term_string\"}}],\"inLanguage\":\"es-ES\"},{\"@type\":\"Person\",\"@id\":\"https:\/\/www.welovecycling.com\/es\/#\/schema\/person\/deb61715b5812698ee79fb96f343ccd4\",\"name\":\"We Love Cycling Spain\",\"image\":{\"@type\":\"ImageObject\",\"inLanguage\":\"es-ES\",\"@id\":\"https:\/\/www.welovecycling.com\/es\/#\/schema\/person\/image\/\",\"url\":\"https:\/\/secure.gravatar.com\/avatar\/c824b04e6df0e37a03219d0b6481672889df542894588964102459e46513159c?s=96&d=mm&r=g\",\"contentUrl\":\"https:\/\/secure.gravatar.com\/avatar\/c824b04e6df0e37a03219d0b6481672889df542894588964102459e46513159c?s=96&d=mm&r=g\",\"caption\":\"We Love Cycling Spain\"},\"url\":\"https:\/\/www.welovecycling.com\/es\/author\/amunoz\/\"}]}<\/script>\n<!-- \/ Yoast SEO Premium plugin. -->","yoast_head_json":{"title":"'El d\u00eda menos pensado', ciclismo sin filtros - \u0160koda We Love Cycling - Spain","description":"'El d\u00eda menos pensado', ciclismo sin filtros. La temporada 2019 del Movistar contada desde dentro. Un documenta de seis cap\u00edtulos.","robots":{"index":"index","follow":"follow","max-snippet":"max-snippet:-1","max-image-preview":"max-image-preview:large","max-video-preview":"max-video-preview:-1"},"canonical":"https:\/\/www.welovecycling.com\/es\/2020\/03\/30\/el-dia-menos-pensado-ciclismo-sin-filtros\/","og_locale":"es_ES","og_type":"article","og_title":"'El d\u00eda menos pensado', ciclismo sin filtros","og_description":"'El d\u00eda menos pensado', ciclismo sin filtros. La temporada 2019 del Movistar contada desde dentro. Un documenta de seis cap\u00edtulos.","og_url":"https:\/\/www.welovecycling.com\/es\/2020\/03\/30\/el-dia-menos-pensado-ciclismo-sin-filtros\/","og_site_name":"\u0160koda We Love Cycling - Spain","article_published_time":"2020-03-30T08:54:47+00:00","article_modified_time":"2020-03-30T09:25:22+00:00","og_image":[{"width":854,"height":498,"url":"https:\/\/d2p6e6u75xmxt8.cloudfront.net\/6\/2020\/03\/El-dia-menos-pensado.jpg","type":"image\/jpeg"}],"author":"We Love Cycling Spain","twitter_card":"summary_large_image","twitter_title":"'El d\u00eda menos pensado', ciclismo sin filtros","twitter_description":"'El d\u00eda menos pensado', ciclismo sin filtros. La temporada 2019 del Movistar contada desde dentro. Un documenta de seis cap\u00edtulos.","twitter_misc":{"Written by":"Luis Ortega @ciclored","Est. reading time":"7 minutes"},"schema":{"@context":"https:\/\/schema.org","@graph":[{"@type":"WebPage","@id":"https:\/\/www.welovecycling.com\/es\/2020\/03\/30\/el-dia-menos-pensado-ciclismo-sin-filtros\/","url":"https:\/\/www.welovecycling.com\/es\/2020\/03\/30\/el-dia-menos-pensado-ciclismo-sin-filtros\/","name":"'El d\u00eda menos pensado', ciclismo sin filtros - \u0160koda We Love Cycling - Spain","isPartOf":{"@id":"https:\/\/www.welovecycling.com\/es\/#website"},"primaryImageOfPage":{"@id":"https:\/\/www.welovecycling.com\/es\/2020\/03\/30\/el-dia-menos-pensado-ciclismo-sin-filtros\/#primaryimage"},"image":{"@id":"https:\/\/www.welovecycling.com\/es\/2020\/03\/30\/el-dia-menos-pensado-ciclismo-sin-filtros\/#primaryimage"},"thumbnailUrl":"https:\/\/d2p6e6u75xmxt8.cloudfront.net\/6\/2020\/03\/El-dia-menos-pensado.jpg","datePublished":"2020-03-30T08:54:47+00:00","dateModified":"2020-03-30T09:25:22+00:00","author":{"@id":"https:\/\/www.welovecycling.com\/es\/#\/schema\/person\/deb61715b5812698ee79fb96f343ccd4"},"description":"'El d\u00eda menos pensado', ciclismo sin filtros. La temporada 2019 del Movistar contada desde dentro. Un documenta de seis cap\u00edtulos.","breadcrumb":{"@id":"https:\/\/www.welovecycling.com\/es\/2020\/03\/30\/el-dia-menos-pensado-ciclismo-sin-filtros\/#breadcrumb"},"inLanguage":"es-ES","potentialAction":[{"@type":"ReadAction","target":["https:\/\/www.welovecycling.com\/es\/2020\/03\/30\/el-dia-menos-pensado-ciclismo-sin-filtros\/"]}]},{"@type":"ImageObject","inLanguage":"es-ES","@id":"https:\/\/www.welovecycling.com\/es\/2020\/03\/30\/el-dia-menos-pensado-ciclismo-sin-filtros\/#primaryimage","url":"https:\/\/d2p6e6u75xmxt8.cloudfront.net\/6\/2020\/03\/El-dia-menos-pensado.jpg","contentUrl":"https:\/\/d2p6e6u75xmxt8.cloudfront.net\/6\/2020\/03\/El-dia-menos-pensado.jpg","width":854,"height":498},{"@type":"BreadcrumbList","@id":"https:\/\/www.welovecycling.com\/es\/2020\/03\/30\/el-dia-menos-pensado-ciclismo-sin-filtros\/#breadcrumb","itemListElement":[{"@type":"ListItem","position":1,"name":"Home","item":"https:\/\/www.welovecycling.com\/es\/"},{"@type":"ListItem","position":2,"name":"&#8216;El d\u00eda menos pensado&#8217;, ciclismo sin filtros"}]},{"@type":"WebSite","@id":"https:\/\/www.welovecycling.com\/es\/#website","url":"https:\/\/www.welovecycling.com\/es\/","name":"\u0160koda We Love Cycling - Spain","description":"\u0160koda WeLoveCycling Spain","potentialAction":[{"@type":"SearchAction","target":{"@type":"EntryPoint","urlTemplate":"https:\/\/www.welovecycling.com\/es\/?s={search_term_string}"},"query-input":{"@type":"PropertyValueSpecification","valueRequired":true,"valueName":"search_term_string"}}],"inLanguage":"es-ES"},{"@type":"Person","@id":"https:\/\/www.welovecycling.com\/es\/#\/schema\/person\/deb61715b5812698ee79fb96f343ccd4","name":"We Love Cycling Spain","image":{"@type":"ImageObject","inLanguage":"es-ES","@id":"https:\/\/www.welovecycling.com\/es\/#\/schema\/person\/image\/","url":"https:\/\/secure.gravatar.com\/avatar\/c824b04e6df0e37a03219d0b6481672889df542894588964102459e46513159c?s=96&d=mm&r=g","contentUrl":"https:\/\/secure.gravatar.com\/avatar\/c824b04e6df0e37a03219d0b6481672889df542894588964102459e46513159c?s=96&d=mm&r=g","caption":"We Love Cycling Spain"},"url":"https:\/\/www.welovecycling.com\/es\/author\/amunoz\/"}]}},"_links":{"self":[{"href":"https:\/\/www.welovecycling.com\/es\/wp-json\/wp\/v2\/posts\/6045","targetHints":{"allow":["GET"]}}],"collection":[{"href":"https:\/\/www.welovecycling.com\/es\/wp-json\/wp\/v2\/posts"}],"about":[{"href":"https:\/\/www.welovecycling.com\/es\/wp-json\/wp\/v2\/types\/post"}],"author":[{"embeddable":true,"href":"https:\/\/www.welovecycling.com\/es\/wp-json\/wp\/v2\/users\/29"}],"replies":[{"embeddable":true,"href":"https:\/\/www.welovecycling.com\/es\/wp-json\/wp\/v2\/comments?post=6045"}],"version-history":[{"count":2,"href":"https:\/\/www.welovecycling.com\/es\/wp-json\/wp\/v2\/posts\/6045\/revisions"}],"predecessor-version":[{"id":6053,"href":"https:\/\/www.welovecycling.com\/es\/wp-json\/wp\/v2\/posts\/6045\/revisions\/6053"}],"wp:featuredmedia":[{"embeddable":true,"href":"https:\/\/www.welovecycling.com\/es\/wp-json\/wp\/v2\/media\/6050"}],"wp:attachment":[{"href":"https:\/\/www.welovecycling.com\/es\/wp-json\/wp\/v2\/media?parent=6045"}],"wp:term":[{"taxonomy":"category","embeddable":true,"href":"https:\/\/www.welovecycling.com\/es\/wp-json\/wp\/v2\/categories?post=6045"},{"taxonomy":"post_tag","embeddable":true,"href":"https:\/\/www.welovecycling.com\/es\/wp-json\/wp\/v2\/tags?post=6045"},{"taxonomy":"global-categories","embeddable":true,"href":"https:\/\/www.welovecycling.com\/es\/wp-json\/wp\/v2\/global-categories?post=6045"}],"curies":[{"name":"wp","href":"https:\/\/api.w.org\/{rel}","templated":true}]}}