{"id":6025,"date":"2020-03-26T18:41:33","date_gmt":"2020-03-26T16:41:33","guid":{"rendered":"https:\/\/www.welovecycling.com\/es\/?p=6025"},"modified":"2020-03-26T18:41:33","modified_gmt":"2020-03-26T16:41:33","slug":"el-ciclismo-profesional-y-amateur-en-vilo-para-la-temporada-2020","status":"publish","type":"post","link":"https:\/\/www.welovecycling.com\/es\/2020\/03\/26\/el-ciclismo-profesional-y-amateur-en-vilo-para-la-temporada-2020\/","title":{"rendered":"El ciclismo profesional y amateur, en vilo para la temporada 2020"},"content":{"rendered":"<p><strong>La Paris-Niza fue la \u00faltima carrera profesional. La temporada cicloturista, ni tan siquiera lleg\u00f3 a abrirse en la GF Strade Bianche. Despu\u00e9s llegaron las cancelaciones de pruebas profesionales y las nuevas fechas de la cicloturistas. Y ahora mismo, todo lo dem\u00e1s sobre la temporada 2020 esta en el aire.<\/strong><br \/>\n<!--more--><\/p>\n<p>Esa es la gran incertidumbre. Nadie sabe lo que va a ocurrir ni como va a evolucionar la pandemia del Coronavirus. Tampoco en qu\u00e9 territorios ni si acabar\u00e1 en con la llegada del calor o no. Por eso las organizaciones de eventos ciclistas y cicloturistas est\u00e1n sobre un terreno pantanoso y que cambia a cada momento, con lo que tomar decisiones a corto e incluso a largo plazo son m\u00e1s complicadas de lo que parece.<\/p>\n<h2><strong>Las cl\u00e1sicas de marzo y abril<\/strong><\/h2>\n<p>Los primeros que se vieron afectados fueron los organizadores de la temporada de las cl\u00e1sicas del mes de marzo y abril. Se pudo disputar la Omloop y la Kuurne, ambas en B\u00e9lgica, y el GP Monsere. Pero la temporada italiana, que deb\u00eda arrancar con la <strong>Strade Bianche y la GF Strade Bianche<\/strong>, se cort\u00f3 a tres d\u00edas de empezar. El mi\u00e9rcoles 4 de marzo se cancelaba la prueba cicloturista hasta nueva fecha y el jueves la carrera profesional con id\u00e9ntico panorama. Italia era el pa\u00eds europeo m\u00e1s afectado por la crisis. En los d\u00edas posteriores, Tirreno Adri\u00e1tico y Milan Sanremo tambi\u00e9n dejaban sin disputarse y, a\u00fan, sin fecha de celebraci\u00f3n.<\/p>\n<p><strong>RCS todav\u00eda mantiene las dudas del Giro en mayo<\/strong>, descartada ya la salida en Hungr\u00eda, y los problemas para acomodar las carreras en los meses de septiembre y octubre. No solo por lo apretado del calendario, sino por la ola de cancelaciones que le siguieron.<\/p>\n<p><a href=\"https:\/\/d2p6e6u75xmxt8.cloudfront.net\/6\/2020\/03\/ROUBAIX-20.JPG.jpg\"><img loading=\"lazy\" decoding=\"async\" class=\"aligncenter size-large wp-image-6028\" src=\"https:\/\/d2p6e6u75xmxt8.cloudfront.net\/6\/2020\/03\/ROUBAIX-20.JPG-1024x572.jpg\" alt=\"\" width=\"1024\" height=\"572\" srcset=\"https:\/\/d2p6e6u75xmxt8.cloudfront.net\/6\/2020\/03\/ROUBAIX-20.JPG-1024x572.jpg 1024w, https:\/\/d2p6e6u75xmxt8.cloudfront.net\/6\/2020\/03\/ROUBAIX-20.JPG-300x168.jpg 300w, https:\/\/d2p6e6u75xmxt8.cloudfront.net\/6\/2020\/03\/ROUBAIX-20.JPG-768x429.jpg 768w, https:\/\/d2p6e6u75xmxt8.cloudfront.net\/6\/2020\/03\/ROUBAIX-20.JPG.jpg 1200w\" sizes=\"auto, (max-width: 1024px) 100vw, 1024px\" \/><\/a><\/p>\n<p>Con la propagaci\u00f3n del virus por toda Europa se fueron cancelado el resto de los grandes carreras de un d\u00eda. <strong>Tour de Flandes, Par\u00eds-Roubaix, Amstel Gold Race y Lieja Bastogne Lieja.<\/strong> Todas con su prueba cicloturista correspondiente y en cada uno de los fines de semana de abril. Al igual que Strade, siguen buscando fecha en el calendario.<\/p>\n<h2><strong>Pendientes del Tour<\/strong><\/h2>\n<p>Aunque hay muchas carreras que tienen su importancia, el gran totem del ciclismo, deportiva y econ\u00f3micamente, es el <strong>Tour de Francia<\/strong>, y su decisi\u00f3n marcar\u00e1 el camino para el resto.\u00a0 Para 2020 se hab\u00eda adelantado una semana por los Juegos Ol\u00edmpicos y esa es una baza que puede jugar, toda vez que la cita de Jap\u00f3n ya se ha retrasado hasta 2021.<\/p>\n<p>La gran ventaja del Tour es que se disputa en junio y julio, cuando en teor\u00eda la pandemia tiene que haber remitido por el efecto de las medidas que se est\u00e1n tomando y por el calor. Tambi\u00e9n, que su gran fuente de ingresos no son las entradas, como otros deportes, sino los derechos de televisi\u00f3n, los patrocinadores y las ciudades que son salida y meta. Por eso se puede <strong>plantear un Tour a puerta cerrada<\/strong>, como ya hizo con <strong>Par\u00eds Niza<\/strong>. Una hip\u00f3tesis que por ahora no es descabellada y que estaba en la mesa de la organizaci\u00f3n, como reconoci\u00f3 la ministra francesa de deportes.<\/p>\n<p><a href=\"https:\/\/d2p6e6u75xmxt8.cloudfront.net\/6\/2020\/03\/TOUR-2018-21.JPG.jpg\"><img loading=\"lazy\" decoding=\"async\" class=\"aligncenter size-large wp-image-6027\" src=\"https:\/\/d2p6e6u75xmxt8.cloudfront.net\/6\/2020\/03\/TOUR-2018-21.JPG-1024x678.jpg\" alt=\"\" width=\"1024\" height=\"678\" srcset=\"https:\/\/d2p6e6u75xmxt8.cloudfront.net\/6\/2020\/03\/TOUR-2018-21.JPG.jpg 1024w, https:\/\/d2p6e6u75xmxt8.cloudfront.net\/6\/2020\/03\/TOUR-2018-21.JPG-300x199.jpg 300w, https:\/\/d2p6e6u75xmxt8.cloudfront.net\/6\/2020\/03\/TOUR-2018-21.JPG-768x509.jpg 768w\" sizes=\"auto, (max-width: 1024px) 100vw, 1024px\" \/><\/a><\/p>\n<p>En su contra est\u00e1 la procedencia de todo un pelot\u00f3n ciclista que llega de todas las partes del globo. No solo ciclistas, sino auxiliares, mec\u00e1nicos, jueces&#8230; y la doble velocidad que est\u00e1 siguiendo la pandemia, que se manifiesta en cada regi\u00f3n del planeta con fecha diferente.<\/p>\n<h2><strong>Las cicloturistas<\/strong><\/h2>\n<p>Para los organizadores de<strong> marchas y eventos cicloturistas, la mayor\u00eda masivo<\/strong>s, la situaci\u00f3n es similar a la de las marchas relacionadas con carreras profesionales. Lo \u00fanico que para su celebraci\u00f3n no dependen del calendario UCI, sino de ponerse de acuerdo con las autoridades de cada regi\u00f3n y obtener los permisos y la viabilidad necesaria para cambiarlas de fecha.<\/p>\n<p>Evidentemente las que se ten\u00edan que celebrar en marzo, abril y mayo en Europa est\u00e1n siendo modificadas. Algunas de ellas canceladas hasta 2021, y otras han cambiado su fecha a los meses de agosto, septiembre y octubre con la esperanza de que cambie la situaci\u00f3n. Ejemplos, desde los<strong> 10.000 del Soplao a La Rioja Bike Race<\/strong>, por poner algunos.<br \/>\n<a href=\"https:\/\/d2p6e6u75xmxt8.cloudfront.net\/6\/2020\/03\/maratona-43.JPG.jpg\"><img loading=\"lazy\" decoding=\"async\" class=\"aligncenter size-large wp-image-6029\" src=\"https:\/\/d2p6e6u75xmxt8.cloudfront.net\/6\/2020\/03\/maratona-43.JPG-1024x704.jpg\" alt=\"\" width=\"1024\" height=\"704\" srcset=\"https:\/\/d2p6e6u75xmxt8.cloudfront.net\/6\/2020\/03\/maratona-43.JPG.jpg 1024w, https:\/\/d2p6e6u75xmxt8.cloudfront.net\/6\/2020\/03\/maratona-43.JPG-300x206.jpg 300w, https:\/\/d2p6e6u75xmxt8.cloudfront.net\/6\/2020\/03\/maratona-43.JPG-768x528.jpg 768w\" sizes=\"auto, (max-width: 1024px) 100vw, 1024px\" \/><\/a><\/p>\n<p>La gran duda, al igual que el Tour de Francia, viene con los eventos masivos de verano. Quebrantahuesos, Marmotte Alpes y Maratona de los Dolomitas congregan desde el 20 de junio al 5 de julio a m\u00e1s de 20.000 ciclistas de todas las partes del planeta en sus carreteras. En su favor tienen el tiempo, ya que todav\u00eda faltan tres meses, en su contra, la cantidad de gente que son capaces de reunir y la procedencia de los mismos, que es mundial.<\/p>\n","protected":false},"excerpt":{"rendered":"<p>La Paris-Niza fue la \u00faltima carrera profesional. La temporada cicloturista, ni tan siquiera lleg\u00f3 a abrirse en la GF Strade [&hellip;]<\/p>\n","protected":false},"author":29,"featured_media":6026,"comment_status":"open","ping_status":"open","sticky":false,"template":"","format":"standard","meta":{"footnotes":""},"categories":[7,9],"tags":[1404,1401,1506,1507,1505,1504],"global-categories":[1164],"class_list":["post-6025","post","type-post","status-publish","format-standard","has-post-thumbnail","hentry","category-carretera","category-mtb-aventura","tag-calendario-ciclista-2020","tag-calendario-cicloturista-2020","tag-maratona-2020","tag-marmotte-2020","tag-qh-2020","tag-tour-francia-2020","global-categories-cycling"],"yoast_head":"<!-- This site is optimized with the Yoast SEO Premium plugin v25.3 (Yoast SEO v25.9) - https:\/\/yoast.com\/wordpress\/plugins\/seo\/ -->\n<title>El ciclismo profesional y amateur, en vilo para la temporada 2020 - \u0160koda We Love Cycling - Spain<\/title>\n<meta name=\"description\" content=\"El ciclismo profesional y amateur, en vilo. Las dudas y pocas certezas sobre c\u00f3mo seguira la temporada ciclista y cicloturista de 2020.\" \/>\n<meta name=\"robots\" content=\"index, follow, max-snippet:-1, max-image-preview:large, max-video-preview:-1\" \/>\n<link rel=\"canonical\" href=\"https:\/\/www.welovecycling.com\/es\/2020\/03\/26\/el-ciclismo-profesional-y-amateur-en-vilo-para-la-temporada-2020\/\" \/>\n<meta property=\"og:locale\" content=\"es_ES\" \/>\n<meta property=\"og:type\" content=\"article\" \/>\n<meta property=\"og:title\" content=\"El ciclismo profesional y amateur, en vilo\" \/>\n<meta property=\"og:description\" content=\"El ciclismo profesional y amateur, en vilo. Las dudas y pocas certezas sobre c\u00f3mo seguira la temporada ciclista y cicloturista de 2020.\" \/>\n<meta property=\"og:url\" content=\"https:\/\/www.welovecycling.com\/es\/2020\/03\/26\/el-ciclismo-profesional-y-amateur-en-vilo-para-la-temporada-2020\/\" \/>\n<meta property=\"og:site_name\" content=\"\u0160koda We Love Cycling - Spain\" \/>\n<meta property=\"article:published_time\" content=\"2020-03-26T16:41:33+00:00\" \/>\n<meta property=\"og:image\" content=\"https:\/\/d2p6e6u75xmxt8.cloudfront.net\/6\/2020\/03\/TOUR-2018-3.JPG.jpg\" \/>\n\t<meta property=\"og:image:width\" content=\"1024\" \/>\n\t<meta property=\"og:image:height\" content=\"600\" \/>\n\t<meta property=\"og:image:type\" content=\"image\/jpeg\" \/>\n<meta name=\"author\" content=\"We Love Cycling Spain\" \/>\n<meta name=\"twitter:card\" content=\"summary_large_image\" \/>\n<meta name=\"twitter:title\" content=\"El ciclismo profesional y amateur, en vilo\" \/>\n<meta name=\"twitter:description\" content=\"El ciclismo profesional y amateur, en vilo. Las dudas y pocas certezas sobre c\u00f3mo seguira la temporada ciclista y cicloturista de 2020.\" \/>\n<meta name=\"twitter:label1\" content=\"Written by\" \/>\n\t<meta name=\"twitter:data1\" content=\"Luis @Ciclored\" \/>\n\t<meta name=\"twitter:label2\" content=\"Est. reading time\" \/>\n\t<meta name=\"twitter:data2\" content=\"4 minutes\" \/>\n<script type=\"application\/ld+json\" class=\"yoast-schema-graph\">{\"@context\":\"https:\/\/schema.org\",\"@graph\":[{\"@type\":\"WebPage\",\"@id\":\"https:\/\/www.welovecycling.com\/es\/2020\/03\/26\/el-ciclismo-profesional-y-amateur-en-vilo-para-la-temporada-2020\/\",\"url\":\"https:\/\/www.welovecycling.com\/es\/2020\/03\/26\/el-ciclismo-profesional-y-amateur-en-vilo-para-la-temporada-2020\/\",\"name\":\"El ciclismo profesional y amateur, en vilo para la temporada 2020 - \u0160koda We Love Cycling - Spain\",\"isPartOf\":{\"@id\":\"https:\/\/www.welovecycling.com\/es\/#website\"},\"primaryImageOfPage\":{\"@id\":\"https:\/\/www.welovecycling.com\/es\/2020\/03\/26\/el-ciclismo-profesional-y-amateur-en-vilo-para-la-temporada-2020\/#primaryimage\"},\"image\":{\"@id\":\"https:\/\/www.welovecycling.com\/es\/2020\/03\/26\/el-ciclismo-profesional-y-amateur-en-vilo-para-la-temporada-2020\/#primaryimage\"},\"thumbnailUrl\":\"https:\/\/d2p6e6u75xmxt8.cloudfront.net\/6\/2020\/03\/TOUR-2018-3.JPG.jpg\",\"datePublished\":\"2020-03-26T16:41:33+00:00\",\"author\":{\"@id\":\"https:\/\/www.welovecycling.com\/es\/#\/schema\/person\/deb61715b5812698ee79fb96f343ccd4\"},\"description\":\"El ciclismo profesional y amateur, en vilo. Las dudas y pocas certezas sobre c\u00f3mo seguira la temporada ciclista y cicloturista de 2020.\",\"breadcrumb\":{\"@id\":\"https:\/\/www.welovecycling.com\/es\/2020\/03\/26\/el-ciclismo-profesional-y-amateur-en-vilo-para-la-temporada-2020\/#breadcrumb\"},\"inLanguage\":\"es-ES\",\"potentialAction\":[{\"@type\":\"ReadAction\",\"target\":[\"https:\/\/www.welovecycling.com\/es\/2020\/03\/26\/el-ciclismo-profesional-y-amateur-en-vilo-para-la-temporada-2020\/\"]}]},{\"@type\":\"ImageObject\",\"inLanguage\":\"es-ES\",\"@id\":\"https:\/\/www.welovecycling.com\/es\/2020\/03\/26\/el-ciclismo-profesional-y-amateur-en-vilo-para-la-temporada-2020\/#primaryimage\",\"url\":\"https:\/\/d2p6e6u75xmxt8.cloudfront.net\/6\/2020\/03\/TOUR-2018-3.JPG.jpg\",\"contentUrl\":\"https:\/\/d2p6e6u75xmxt8.cloudfront.net\/6\/2020\/03\/TOUR-2018-3.JPG.jpg\",\"width\":1024,\"height\":600},{\"@type\":\"BreadcrumbList\",\"@id\":\"https:\/\/www.welovecycling.com\/es\/2020\/03\/26\/el-ciclismo-profesional-y-amateur-en-vilo-para-la-temporada-2020\/#breadcrumb\",\"itemListElement\":[{\"@type\":\"ListItem\",\"position\":1,\"name\":\"Home\",\"item\":\"https:\/\/www.welovecycling.com\/es\/\"},{\"@type\":\"ListItem\",\"position\":2,\"name\":\"El ciclismo profesional y amateur, en vilo para la temporada 2020\"}]},{\"@type\":\"WebSite\",\"@id\":\"https:\/\/www.welovecycling.com\/es\/#website\",\"url\":\"https:\/\/www.welovecycling.com\/es\/\",\"name\":\"\u0160koda We Love Cycling - Spain\",\"description\":\"\u0160koda WeLoveCycling Spain\",\"potentialAction\":[{\"@type\":\"SearchAction\",\"target\":{\"@type\":\"EntryPoint\",\"urlTemplate\":\"https:\/\/www.welovecycling.com\/es\/?s={search_term_string}\"},\"query-input\":{\"@type\":\"PropertyValueSpecification\",\"valueRequired\":true,\"valueName\":\"search_term_string\"}}],\"inLanguage\":\"es-ES\"},{\"@type\":\"Person\",\"@id\":\"https:\/\/www.welovecycling.com\/es\/#\/schema\/person\/deb61715b5812698ee79fb96f343ccd4\",\"name\":\"We Love Cycling Spain\",\"image\":{\"@type\":\"ImageObject\",\"inLanguage\":\"es-ES\",\"@id\":\"https:\/\/www.welovecycling.com\/es\/#\/schema\/person\/image\/\",\"url\":\"https:\/\/secure.gravatar.com\/avatar\/c824b04e6df0e37a03219d0b6481672889df542894588964102459e46513159c?s=96&d=mm&r=g\",\"contentUrl\":\"https:\/\/secure.gravatar.com\/avatar\/c824b04e6df0e37a03219d0b6481672889df542894588964102459e46513159c?s=96&d=mm&r=g\",\"caption\":\"We Love Cycling Spain\"},\"url\":\"https:\/\/www.welovecycling.com\/es\/author\/amunoz\/\"}]}<\/script>\n<!-- \/ Yoast SEO Premium plugin. -->","yoast_head_json":{"title":"El ciclismo profesional y amateur, en vilo para la temporada 2020 - \u0160koda We Love Cycling - Spain","description":"El ciclismo profesional y amateur, en vilo. Las dudas y pocas certezas sobre c\u00f3mo seguira la temporada ciclista y cicloturista de 2020.","robots":{"index":"index","follow":"follow","max-snippet":"max-snippet:-1","max-image-preview":"max-image-preview:large","max-video-preview":"max-video-preview:-1"},"canonical":"https:\/\/www.welovecycling.com\/es\/2020\/03\/26\/el-ciclismo-profesional-y-amateur-en-vilo-para-la-temporada-2020\/","og_locale":"es_ES","og_type":"article","og_title":"El ciclismo profesional y amateur, en vilo","og_description":"El ciclismo profesional y amateur, en vilo. Las dudas y pocas certezas sobre c\u00f3mo seguira la temporada ciclista y cicloturista de 2020.","og_url":"https:\/\/www.welovecycling.com\/es\/2020\/03\/26\/el-ciclismo-profesional-y-amateur-en-vilo-para-la-temporada-2020\/","og_site_name":"\u0160koda We Love Cycling - Spain","article_published_time":"2020-03-26T16:41:33+00:00","og_image":[{"width":1024,"height":600,"url":"https:\/\/d2p6e6u75xmxt8.cloudfront.net\/6\/2020\/03\/TOUR-2018-3.JPG.jpg","type":"image\/jpeg"}],"author":"We Love Cycling Spain","twitter_card":"summary_large_image","twitter_title":"El ciclismo profesional y amateur, en vilo","twitter_description":"El ciclismo profesional y amateur, en vilo. Las dudas y pocas certezas sobre c\u00f3mo seguira la temporada ciclista y cicloturista de 2020.","twitter_misc":{"Written by":"Luis @Ciclored","Est. reading time":"4 minutes"},"schema":{"@context":"https:\/\/schema.org","@graph":[{"@type":"WebPage","@id":"https:\/\/www.welovecycling.com\/es\/2020\/03\/26\/el-ciclismo-profesional-y-amateur-en-vilo-para-la-temporada-2020\/","url":"https:\/\/www.welovecycling.com\/es\/2020\/03\/26\/el-ciclismo-profesional-y-amateur-en-vilo-para-la-temporada-2020\/","name":"El ciclismo profesional y amateur, en vilo para la temporada 2020 - \u0160koda We Love Cycling - Spain","isPartOf":{"@id":"https:\/\/www.welovecycling.com\/es\/#website"},"primaryImageOfPage":{"@id":"https:\/\/www.welovecycling.com\/es\/2020\/03\/26\/el-ciclismo-profesional-y-amateur-en-vilo-para-la-temporada-2020\/#primaryimage"},"image":{"@id":"https:\/\/www.welovecycling.com\/es\/2020\/03\/26\/el-ciclismo-profesional-y-amateur-en-vilo-para-la-temporada-2020\/#primaryimage"},"thumbnailUrl":"https:\/\/d2p6e6u75xmxt8.cloudfront.net\/6\/2020\/03\/TOUR-2018-3.JPG.jpg","datePublished":"2020-03-26T16:41:33+00:00","author":{"@id":"https:\/\/www.welovecycling.com\/es\/#\/schema\/person\/deb61715b5812698ee79fb96f343ccd4"},"description":"El ciclismo profesional y amateur, en vilo. Las dudas y pocas certezas sobre c\u00f3mo seguira la temporada ciclista y cicloturista de 2020.","breadcrumb":{"@id":"https:\/\/www.welovecycling.com\/es\/2020\/03\/26\/el-ciclismo-profesional-y-amateur-en-vilo-para-la-temporada-2020\/#breadcrumb"},"inLanguage":"es-ES","potentialAction":[{"@type":"ReadAction","target":["https:\/\/www.welovecycling.com\/es\/2020\/03\/26\/el-ciclismo-profesional-y-amateur-en-vilo-para-la-temporada-2020\/"]}]},{"@type":"ImageObject","inLanguage":"es-ES","@id":"https:\/\/www.welovecycling.com\/es\/2020\/03\/26\/el-ciclismo-profesional-y-amateur-en-vilo-para-la-temporada-2020\/#primaryimage","url":"https:\/\/d2p6e6u75xmxt8.cloudfront.net\/6\/2020\/03\/TOUR-2018-3.JPG.jpg","contentUrl":"https:\/\/d2p6e6u75xmxt8.cloudfront.net\/6\/2020\/03\/TOUR-2018-3.JPG.jpg","width":1024,"height":600},{"@type":"BreadcrumbList","@id":"https:\/\/www.welovecycling.com\/es\/2020\/03\/26\/el-ciclismo-profesional-y-amateur-en-vilo-para-la-temporada-2020\/#breadcrumb","itemListElement":[{"@type":"ListItem","position":1,"name":"Home","item":"https:\/\/www.welovecycling.com\/es\/"},{"@type":"ListItem","position":2,"name":"El ciclismo profesional y amateur, en vilo para la temporada 2020"}]},{"@type":"WebSite","@id":"https:\/\/www.welovecycling.com\/es\/#website","url":"https:\/\/www.welovecycling.com\/es\/","name":"\u0160koda We Love Cycling - Spain","description":"\u0160koda WeLoveCycling Spain","potentialAction":[{"@type":"SearchAction","target":{"@type":"EntryPoint","urlTemplate":"https:\/\/www.welovecycling.com\/es\/?s={search_term_string}"},"query-input":{"@type":"PropertyValueSpecification","valueRequired":true,"valueName":"search_term_string"}}],"inLanguage":"es-ES"},{"@type":"Person","@id":"https:\/\/www.welovecycling.com\/es\/#\/schema\/person\/deb61715b5812698ee79fb96f343ccd4","name":"We Love Cycling Spain","image":{"@type":"ImageObject","inLanguage":"es-ES","@id":"https:\/\/www.welovecycling.com\/es\/#\/schema\/person\/image\/","url":"https:\/\/secure.gravatar.com\/avatar\/c824b04e6df0e37a03219d0b6481672889df542894588964102459e46513159c?s=96&d=mm&r=g","contentUrl":"https:\/\/secure.gravatar.com\/avatar\/c824b04e6df0e37a03219d0b6481672889df542894588964102459e46513159c?s=96&d=mm&r=g","caption":"We Love Cycling Spain"},"url":"https:\/\/www.welovecycling.com\/es\/author\/amunoz\/"}]}},"_links":{"self":[{"href":"https:\/\/www.welovecycling.com\/es\/wp-json\/wp\/v2\/posts\/6025","targetHints":{"allow":["GET"]}}],"collection":[{"href":"https:\/\/www.welovecycling.com\/es\/wp-json\/wp\/v2\/posts"}],"about":[{"href":"https:\/\/www.welovecycling.com\/es\/wp-json\/wp\/v2\/types\/post"}],"author":[{"embeddable":true,"href":"https:\/\/www.welovecycling.com\/es\/wp-json\/wp\/v2\/users\/29"}],"replies":[{"embeddable":true,"href":"https:\/\/www.welovecycling.com\/es\/wp-json\/wp\/v2\/comments?post=6025"}],"version-history":[{"count":2,"href":"https:\/\/www.welovecycling.com\/es\/wp-json\/wp\/v2\/posts\/6025\/revisions"}],"predecessor-version":[{"id":6031,"href":"https:\/\/www.welovecycling.com\/es\/wp-json\/wp\/v2\/posts\/6025\/revisions\/6031"}],"wp:featuredmedia":[{"embeddable":true,"href":"https:\/\/www.welovecycling.com\/es\/wp-json\/wp\/v2\/media\/6026"}],"wp:attachment":[{"href":"https:\/\/www.welovecycling.com\/es\/wp-json\/wp\/v2\/media?parent=6025"}],"wp:term":[{"taxonomy":"category","embeddable":true,"href":"https:\/\/www.welovecycling.com\/es\/wp-json\/wp\/v2\/categories?post=6025"},{"taxonomy":"post_tag","embeddable":true,"href":"https:\/\/www.welovecycling.com\/es\/wp-json\/wp\/v2\/tags?post=6025"},{"taxonomy":"global-categories","embeddable":true,"href":"https:\/\/www.welovecycling.com\/es\/wp-json\/wp\/v2\/global-categories?post=6025"}],"curies":[{"name":"wp","href":"https:\/\/api.w.org\/{rel}","templated":true}]}}