{"id":6014,"date":"2020-03-21T13:05:54","date_gmt":"2020-03-21T11:05:54","guid":{"rendered":"https:\/\/www.welovecycling.com\/es\/?p=6014"},"modified":"2020-04-24T15:33:03","modified_gmt":"2020-04-24T13:33:03","slug":"material-equipo-ciclista-profesional","status":"publish","type":"post","link":"https:\/\/www.welovecycling.com\/es\/2020\/03\/21\/material-equipo-ciclista-profesional\/","title":{"rendered":"\u00bfCuanto material gasta un equipo ciclista profesional?"},"content":{"rendered":"<p><strong>La incertidumbre marca ahora mismo al ciclismo y a sus equipos. En una temporada normal a estas alturas (mes de marzo) el gran problema log\u00edstico ser\u00eda organizar a ciclistas, auxiliares, mec\u00e1nicos y veh\u00edculos en dos o tres pa\u00edses diferentes para disputar desde Mil\u00e1n San Remo a las Cl\u00e1sicas belgas, las francesas o alguna carrera de \u00faltima hora en los Emiratos \u00c1rabes. Vuelos, traslados y hoteles.<\/strong><!--more--><\/p>\n<p>Sin embargo el dichoso virus ha hecho que todo esto se pare y que el gran problema ahora sea como conseguir que la temporada no se vaya al traste. Pero vamos a los datos y a ver, con el ejemplo del <a href=\"https:\/\/www.deceuninck-quickstep.com\/en\/team\/staff\">Deceuninck Quick Step,<\/a>\u00a0una aut\u00e9ntica multinacional con intereses en todo el planeta, como se organizaba hasta ahora una temporada ciclista desde el punto de visa de la log\u00edstica.<\/p>\n<p>En primer lugar, un equipo World Tour como el Deceuninck, con 26 ciclistas en la plantilla, necesita <strong>25 coches y 7 veh\u00edculos pesados<\/strong> (buses y camiones) para disputar 272 d\u00edas de competici\u00f3n, repartidos en<strong> 79 carreras en 20 pa\u00edse<\/strong>s diferentes y recorrer, en total, la cifra de 325.000 kil\u00f3metros. Casi nada.\u00a0 Pero claro, para atender todo esto el equipo necesita alrededor a 55 personas que hacen desde las labores de oficina y marketing a directores, entrenadores, m\u00e9dicos, nutricionistas, mec\u00e1nicos, masajistas, conductores&#8230;.<br \/>\n<a href=\"https:\/\/d2p6e6u75xmxt8.cloudfront.net\/6\/2020\/03\/deceuninck-2.JPG.jpg\"><img loading=\"lazy\" decoding=\"async\" class=\"aligncenter size-large wp-image-6015\" src=\"https:\/\/d2p6e6u75xmxt8.cloudfront.net\/6\/2020\/03\/deceuninck-2.JPG-1024x768.jpg\" alt=\"\" width=\"1024\" height=\"768\" srcset=\"https:\/\/d2p6e6u75xmxt8.cloudfront.net\/6\/2020\/03\/deceuninck-2.JPG-1024x768.jpg 1024w, https:\/\/d2p6e6u75xmxt8.cloudfront.net\/6\/2020\/03\/deceuninck-2.JPG-300x225.jpg 300w, https:\/\/d2p6e6u75xmxt8.cloudfront.net\/6\/2020\/03\/deceuninck-2.JPG-768x576.jpg 768w, https:\/\/d2p6e6u75xmxt8.cloudfront.net\/6\/2020\/03\/deceuninck-2.JPG.jpg 1067w\" sizes=\"auto, (max-width: 1024px) 100vw, 1024px\" \/><\/a><br \/>\nOtra de las cifras que suelen impresionar es la utilizaci\u00f3n de los productos relacionados con el ciclismo. En el apartado de alimentaci\u00f3n hacen falta <strong>27.000 bidones<\/strong> con alimento o liquido, m\u00e1s<strong> 12.500 geles y 14.000 barritas<\/strong>, todo ello organizado en 2000 bolsas de avituallamiento.<\/p>\n<p>En el apartado de <strong>equipaciones<\/strong> hay que tener en cuenta que el ciclista siempre tiene que llegar a la salida con la ropa impulota, igual que las bicicletas y todos los materiales y veh\u00edculos del equipo. Hay que dar imagen de marca y eso es importantismo para todos los patrocinadores. Por eso al cabo del a\u00f1o el Deceuninck utiliz\u00f3 350 monos de contrarreloj, <strong>500 culottes, 750 maillots, 180 cascos y 2500 gorras<\/strong>.<\/p>\n<p><a href=\"https:\/\/d2p6e6u75xmxt8.cloudfront.net\/6\/2020\/03\/VUELTA-92.JPG.jpg\"><img loading=\"lazy\" decoding=\"async\" class=\"aligncenter size-large wp-image-6020\" src=\"https:\/\/d2p6e6u75xmxt8.cloudfront.net\/6\/2020\/03\/VUELTA-92.JPG-1024x678.jpg\" alt=\"\" width=\"1024\" height=\"678\" srcset=\"https:\/\/d2p6e6u75xmxt8.cloudfront.net\/6\/2020\/03\/VUELTA-92.JPG-1024x678.jpg 1024w, https:\/\/d2p6e6u75xmxt8.cloudfront.net\/6\/2020\/03\/VUELTA-92.JPG-300x199.jpg 300w, https:\/\/d2p6e6u75xmxt8.cloudfront.net\/6\/2020\/03\/VUELTA-92.JPG-768x509.jpg 768w, https:\/\/d2p6e6u75xmxt8.cloudfront.net\/6\/2020\/03\/VUELTA-92.JPG.jpg 1200w\" sizes=\"auto, (max-width: 1024px) 100vw, 1024px\" \/><\/a><\/p>\n<p>&nbsp;<\/p>\n<p>Las grandes mimadas en un equipo ciclistas, aparte de los propios corredores, claro, son las bicicletas. Para que te puedas hacer una idea. <strong>Cada d\u00eda, el ciclista pr\u00e1cticamente estrena bicicleta. No una m\u00e1quina nueva, claro, pero si perfectamente engrasada<\/strong> y con cualquiera de los componentes que puedan tener un m\u00ednimo desgaste, cadenas, tubulares, discos, ruedas, zapatas de freno&#8230; nuevos. La mec\u00e1nica jam\u00e1s puede echar por los suelos una temporada de preparaci\u00f3n.<\/p>\n<p>En total por las manos de los mec\u00e1nicos del Deceuninck Quick Step<strong> pasaron 280 Specialized,<\/strong> ya sean Tarmac o Venge, m\u00e1s de 400 pares de ruedas, 600 cadenas y 300 grupos completos Shimano para equiparlas.<\/p>\n<p>Y claro, para llevar adelante todo esos gastos, a los que hay que unir sueldos, vuelos, noches de hotel, concentraciones&#8230; al equipo adem\u00e1s de un s\u00f3lido presupuesto le hacen falta proveedores que le surtan material a precios muy bajos o incluso de forma gratuita a cambio de la publicidad de verse unidos a un conjunto que en 2019 bati\u00f3 el r\u00e9cord de victorias.<\/p>\n<p>Por eso entre la n\u00f3mina de principales sponsors estan Specialized (bicicletas), Lidl y Crivit Pro (proveedor de alimentos y de ropa deportiva)\u00a0 y Vermac (ropa ciclista). De co-esponsors, Shimano (grupos par la bici) Retul (biomec\u00e1nica), Tacx (Rodillos), Oakley (gafas), 6D (comida ciclista) o Coca Cola.\u00a0 Y de patrocinadores oficiales la ruedas Roval, las herramientas Unioa, las medias de compresi\u00f3n Compressport, la crema QM Sports, los portagps K-Edege o las roldanas de CeramicSpeed.<\/p>\n<p>Pese a todo, el presupuesto final se marcha casi siempre por encima de los 10 millones de euros cada temporada.<\/p>\n","protected":false},"excerpt":{"rendered":"<p>La incertidumbre marca ahora mismo al ciclismo y a sus equipos. En una temporada normal a estas alturas (mes de [&hellip;]<\/p>\n","protected":false},"author":29,"featured_media":6111,"comment_status":"open","ping_status":"open","sticky":false,"template":"","format":"standard","meta":{"footnotes":""},"categories":[7],"tags":[1499,1498,1500,1501],"global-categories":[1164],"class_list":["post-6014","post","type-post","status-publish","format-standard","has-post-thumbnail","hentry","category-carretera","tag-barritas-equipos-profesionales","tag-bicicletas-equipo-profesional","tag-coches-equipos-profesionales","tag-logistica-equipos-profesionales","global-categories-cycling"],"yoast_head":"<!-- This site is optimized with the Yoast SEO Premium plugin v25.3 (Yoast SEO v25.9) - https:\/\/yoast.com\/wordpress\/plugins\/seo\/ -->\n<title>\u00bfCuanto material gasta un equipo ciclista profesional? - \u0160koda We Love Cycling - Spain<\/title>\n<meta name=\"description\" content=\"\u00bfCuanto material gasta un equipo profesional durante una temporada? Te los explicamos en n\u00fameros, desde bicicletas hasta barritas.\" \/>\n<meta name=\"robots\" content=\"index, follow, max-snippet:-1, max-image-preview:large, max-video-preview:-1\" \/>\n<link rel=\"canonical\" href=\"https:\/\/www.welovecycling.com\/es\/2020\/03\/21\/material-equipo-ciclista-profesional\/\" \/>\n<meta property=\"og:locale\" content=\"es_ES\" \/>\n<meta property=\"og:type\" content=\"article\" \/>\n<meta property=\"og:title\" content=\"\u00bfCuanto material gasta un equipo profesional durante una temporada?\" \/>\n<meta property=\"og:description\" content=\"\u00bfCuanto material gasta un equipo profesional durante una temporada? Te los explicamos en n\u00fameros, desde bicicletas hasta barritas.\" \/>\n<meta property=\"og:url\" content=\"https:\/\/www.welovecycling.com\/es\/2020\/03\/21\/material-equipo-ciclista-profesional\/\" \/>\n<meta property=\"og:site_name\" content=\"\u0160koda We Love Cycling - Spain\" \/>\n<meta property=\"article:published_time\" content=\"2020-03-21T11:05:54+00:00\" \/>\n<meta property=\"article:modified_time\" content=\"2020-04-24T13:33:03+00:00\" \/>\n<meta property=\"og:image\" content=\"https:\/\/d2p6e6u75xmxt8.cloudfront.net\/6\/2020\/03\/VUELTA-100.JPG.jpg\" \/>\n\t<meta property=\"og:image:width\" content=\"1200\" \/>\n\t<meta property=\"og:image:height\" content=\"795\" \/>\n\t<meta property=\"og:image:type\" content=\"image\/jpeg\" \/>\n<meta name=\"author\" content=\"We Love Cycling Spain\" \/>\n<meta name=\"twitter:card\" content=\"summary_large_image\" \/>\n<meta name=\"twitter:title\" content=\"\u00bfCuanto material gasta un equipo profesional durante una temporada?\" \/>\n<meta name=\"twitter:description\" content=\"\u00bfCuanto material gasta un equipo profesional durante una temporada? Te los explicamos en n\u00fameros, desde bicicletas hasta barritas.\" \/>\n<meta name=\"twitter:label1\" content=\"Written by\" \/>\n\t<meta name=\"twitter:data1\" content=\"Luis @ciclored\" \/>\n\t<meta name=\"twitter:label2\" content=\"Est. reading time\" \/>\n\t<meta name=\"twitter:data2\" content=\"3 minutes\" \/>\n<script type=\"application\/ld+json\" class=\"yoast-schema-graph\">{\"@context\":\"https:\/\/schema.org\",\"@graph\":[{\"@type\":\"WebPage\",\"@id\":\"https:\/\/www.welovecycling.com\/es\/2020\/03\/21\/material-equipo-ciclista-profesional\/\",\"url\":\"https:\/\/www.welovecycling.com\/es\/2020\/03\/21\/material-equipo-ciclista-profesional\/\",\"name\":\"\u00bfCuanto material gasta un equipo ciclista profesional? - \u0160koda We Love Cycling - Spain\",\"isPartOf\":{\"@id\":\"https:\/\/www.welovecycling.com\/es\/#website\"},\"primaryImageOfPage\":{\"@id\":\"https:\/\/www.welovecycling.com\/es\/2020\/03\/21\/material-equipo-ciclista-profesional\/#primaryimage\"},\"image\":{\"@id\":\"https:\/\/www.welovecycling.com\/es\/2020\/03\/21\/material-equipo-ciclista-profesional\/#primaryimage\"},\"thumbnailUrl\":\"https:\/\/d2p6e6u75xmxt8.cloudfront.net\/6\/2020\/03\/VUELTA-100.JPG.jpg\",\"datePublished\":\"2020-03-21T11:05:54+00:00\",\"dateModified\":\"2020-04-24T13:33:03+00:00\",\"author\":{\"@id\":\"https:\/\/www.welovecycling.com\/es\/#\/schema\/person\/deb61715b5812698ee79fb96f343ccd4\"},\"description\":\"\u00bfCuanto material gasta un equipo profesional durante una temporada? Te los explicamos en n\u00fameros, desde bicicletas hasta barritas.\",\"breadcrumb\":{\"@id\":\"https:\/\/www.welovecycling.com\/es\/2020\/03\/21\/material-equipo-ciclista-profesional\/#breadcrumb\"},\"inLanguage\":\"es-ES\",\"potentialAction\":[{\"@type\":\"ReadAction\",\"target\":[\"https:\/\/www.welovecycling.com\/es\/2020\/03\/21\/material-equipo-ciclista-profesional\/\"]}]},{\"@type\":\"ImageObject\",\"inLanguage\":\"es-ES\",\"@id\":\"https:\/\/www.welovecycling.com\/es\/2020\/03\/21\/material-equipo-ciclista-profesional\/#primaryimage\",\"url\":\"https:\/\/d2p6e6u75xmxt8.cloudfront.net\/6\/2020\/03\/VUELTA-100.JPG.jpg\",\"contentUrl\":\"https:\/\/d2p6e6u75xmxt8.cloudfront.net\/6\/2020\/03\/VUELTA-100.JPG.jpg\",\"width\":1200,\"height\":795},{\"@type\":\"BreadcrumbList\",\"@id\":\"https:\/\/www.welovecycling.com\/es\/2020\/03\/21\/material-equipo-ciclista-profesional\/#breadcrumb\",\"itemListElement\":[{\"@type\":\"ListItem\",\"position\":1,\"name\":\"Home\",\"item\":\"https:\/\/www.welovecycling.com\/es\/\"},{\"@type\":\"ListItem\",\"position\":2,\"name\":\"\u00bfCuanto material gasta un equipo ciclista profesional?\"}]},{\"@type\":\"WebSite\",\"@id\":\"https:\/\/www.welovecycling.com\/es\/#website\",\"url\":\"https:\/\/www.welovecycling.com\/es\/\",\"name\":\"\u0160koda We Love Cycling - Spain\",\"description\":\"\u0160koda WeLoveCycling Spain\",\"potentialAction\":[{\"@type\":\"SearchAction\",\"target\":{\"@type\":\"EntryPoint\",\"urlTemplate\":\"https:\/\/www.welovecycling.com\/es\/?s={search_term_string}\"},\"query-input\":{\"@type\":\"PropertyValueSpecification\",\"valueRequired\":true,\"valueName\":\"search_term_string\"}}],\"inLanguage\":\"es-ES\"},{\"@type\":\"Person\",\"@id\":\"https:\/\/www.welovecycling.com\/es\/#\/schema\/person\/deb61715b5812698ee79fb96f343ccd4\",\"name\":\"We Love Cycling Spain\",\"image\":{\"@type\":\"ImageObject\",\"inLanguage\":\"es-ES\",\"@id\":\"https:\/\/www.welovecycling.com\/es\/#\/schema\/person\/image\/\",\"url\":\"https:\/\/secure.gravatar.com\/avatar\/c824b04e6df0e37a03219d0b6481672889df542894588964102459e46513159c?s=96&d=mm&r=g\",\"contentUrl\":\"https:\/\/secure.gravatar.com\/avatar\/c824b04e6df0e37a03219d0b6481672889df542894588964102459e46513159c?s=96&d=mm&r=g\",\"caption\":\"We Love Cycling Spain\"},\"url\":\"https:\/\/www.welovecycling.com\/es\/author\/amunoz\/\"}]}<\/script>\n<!-- \/ Yoast SEO Premium plugin. -->","yoast_head_json":{"title":"\u00bfCuanto material gasta un equipo ciclista profesional? - \u0160koda We Love Cycling - Spain","description":"\u00bfCuanto material gasta un equipo profesional durante una temporada? Te los explicamos en n\u00fameros, desde bicicletas hasta barritas.","robots":{"index":"index","follow":"follow","max-snippet":"max-snippet:-1","max-image-preview":"max-image-preview:large","max-video-preview":"max-video-preview:-1"},"canonical":"https:\/\/www.welovecycling.com\/es\/2020\/03\/21\/material-equipo-ciclista-profesional\/","og_locale":"es_ES","og_type":"article","og_title":"\u00bfCuanto material gasta un equipo profesional durante una temporada?","og_description":"\u00bfCuanto material gasta un equipo profesional durante una temporada? Te los explicamos en n\u00fameros, desde bicicletas hasta barritas.","og_url":"https:\/\/www.welovecycling.com\/es\/2020\/03\/21\/material-equipo-ciclista-profesional\/","og_site_name":"\u0160koda We Love Cycling - Spain","article_published_time":"2020-03-21T11:05:54+00:00","article_modified_time":"2020-04-24T13:33:03+00:00","og_image":[{"width":1200,"height":795,"url":"https:\/\/d2p6e6u75xmxt8.cloudfront.net\/6\/2020\/03\/VUELTA-100.JPG.jpg","type":"image\/jpeg"}],"author":"We Love Cycling Spain","twitter_card":"summary_large_image","twitter_title":"\u00bfCuanto material gasta un equipo profesional durante una temporada?","twitter_description":"\u00bfCuanto material gasta un equipo profesional durante una temporada? Te los explicamos en n\u00fameros, desde bicicletas hasta barritas.","twitter_misc":{"Written by":"Luis @ciclored","Est. reading time":"3 minutes"},"schema":{"@context":"https:\/\/schema.org","@graph":[{"@type":"WebPage","@id":"https:\/\/www.welovecycling.com\/es\/2020\/03\/21\/material-equipo-ciclista-profesional\/","url":"https:\/\/www.welovecycling.com\/es\/2020\/03\/21\/material-equipo-ciclista-profesional\/","name":"\u00bfCuanto material gasta un equipo ciclista profesional? - \u0160koda We Love Cycling - Spain","isPartOf":{"@id":"https:\/\/www.welovecycling.com\/es\/#website"},"primaryImageOfPage":{"@id":"https:\/\/www.welovecycling.com\/es\/2020\/03\/21\/material-equipo-ciclista-profesional\/#primaryimage"},"image":{"@id":"https:\/\/www.welovecycling.com\/es\/2020\/03\/21\/material-equipo-ciclista-profesional\/#primaryimage"},"thumbnailUrl":"https:\/\/d2p6e6u75xmxt8.cloudfront.net\/6\/2020\/03\/VUELTA-100.JPG.jpg","datePublished":"2020-03-21T11:05:54+00:00","dateModified":"2020-04-24T13:33:03+00:00","author":{"@id":"https:\/\/www.welovecycling.com\/es\/#\/schema\/person\/deb61715b5812698ee79fb96f343ccd4"},"description":"\u00bfCuanto material gasta un equipo profesional durante una temporada? Te los explicamos en n\u00fameros, desde bicicletas hasta barritas.","breadcrumb":{"@id":"https:\/\/www.welovecycling.com\/es\/2020\/03\/21\/material-equipo-ciclista-profesional\/#breadcrumb"},"inLanguage":"es-ES","potentialAction":[{"@type":"ReadAction","target":["https:\/\/www.welovecycling.com\/es\/2020\/03\/21\/material-equipo-ciclista-profesional\/"]}]},{"@type":"ImageObject","inLanguage":"es-ES","@id":"https:\/\/www.welovecycling.com\/es\/2020\/03\/21\/material-equipo-ciclista-profesional\/#primaryimage","url":"https:\/\/d2p6e6u75xmxt8.cloudfront.net\/6\/2020\/03\/VUELTA-100.JPG.jpg","contentUrl":"https:\/\/d2p6e6u75xmxt8.cloudfront.net\/6\/2020\/03\/VUELTA-100.JPG.jpg","width":1200,"height":795},{"@type":"BreadcrumbList","@id":"https:\/\/www.welovecycling.com\/es\/2020\/03\/21\/material-equipo-ciclista-profesional\/#breadcrumb","itemListElement":[{"@type":"ListItem","position":1,"name":"Home","item":"https:\/\/www.welovecycling.com\/es\/"},{"@type":"ListItem","position":2,"name":"\u00bfCuanto material gasta un equipo ciclista profesional?"}]},{"@type":"WebSite","@id":"https:\/\/www.welovecycling.com\/es\/#website","url":"https:\/\/www.welovecycling.com\/es\/","name":"\u0160koda We Love Cycling - Spain","description":"\u0160koda WeLoveCycling Spain","potentialAction":[{"@type":"SearchAction","target":{"@type":"EntryPoint","urlTemplate":"https:\/\/www.welovecycling.com\/es\/?s={search_term_string}"},"query-input":{"@type":"PropertyValueSpecification","valueRequired":true,"valueName":"search_term_string"}}],"inLanguage":"es-ES"},{"@type":"Person","@id":"https:\/\/www.welovecycling.com\/es\/#\/schema\/person\/deb61715b5812698ee79fb96f343ccd4","name":"We Love Cycling Spain","image":{"@type":"ImageObject","inLanguage":"es-ES","@id":"https:\/\/www.welovecycling.com\/es\/#\/schema\/person\/image\/","url":"https:\/\/secure.gravatar.com\/avatar\/c824b04e6df0e37a03219d0b6481672889df542894588964102459e46513159c?s=96&d=mm&r=g","contentUrl":"https:\/\/secure.gravatar.com\/avatar\/c824b04e6df0e37a03219d0b6481672889df542894588964102459e46513159c?s=96&d=mm&r=g","caption":"We Love Cycling Spain"},"url":"https:\/\/www.welovecycling.com\/es\/author\/amunoz\/"}]}},"_links":{"self":[{"href":"https:\/\/www.welovecycling.com\/es\/wp-json\/wp\/v2\/posts\/6014","targetHints":{"allow":["GET"]}}],"collection":[{"href":"https:\/\/www.welovecycling.com\/es\/wp-json\/wp\/v2\/posts"}],"about":[{"href":"https:\/\/www.welovecycling.com\/es\/wp-json\/wp\/v2\/types\/post"}],"author":[{"embeddable":true,"href":"https:\/\/www.welovecycling.com\/es\/wp-json\/wp\/v2\/users\/29"}],"replies":[{"embeddable":true,"href":"https:\/\/www.welovecycling.com\/es\/wp-json\/wp\/v2\/comments?post=6014"}],"version-history":[{"count":2,"href":"https:\/\/www.welovecycling.com\/es\/wp-json\/wp\/v2\/posts\/6014\/revisions"}],"predecessor-version":[{"id":6021,"href":"https:\/\/www.welovecycling.com\/es\/wp-json\/wp\/v2\/posts\/6014\/revisions\/6021"}],"wp:featuredmedia":[{"embeddable":true,"href":"https:\/\/www.welovecycling.com\/es\/wp-json\/wp\/v2\/media\/6111"}],"wp:attachment":[{"href":"https:\/\/www.welovecycling.com\/es\/wp-json\/wp\/v2\/media?parent=6014"}],"wp:term":[{"taxonomy":"category","embeddable":true,"href":"https:\/\/www.welovecycling.com\/es\/wp-json\/wp\/v2\/categories?post=6014"},{"taxonomy":"post_tag","embeddable":true,"href":"https:\/\/www.welovecycling.com\/es\/wp-json\/wp\/v2\/tags?post=6014"},{"taxonomy":"global-categories","embeddable":true,"href":"https:\/\/www.welovecycling.com\/es\/wp-json\/wp\/v2\/global-categories?post=6014"}],"curies":[{"name":"wp","href":"https:\/\/api.w.org\/{rel}","templated":true}]}}