{"id":6000,"date":"2020-03-20T13:06:12","date_gmt":"2020-03-20T11:06:12","guid":{"rendered":"https:\/\/www.welovecycling.com\/es\/?p=6000"},"modified":"2020-03-20T13:06:12","modified_gmt":"2020-03-20T11:06:12","slug":"vatios-mueven-ciclistas-profesionales","status":"publish","type":"post","link":"https:\/\/www.welovecycling.com\/es\/2020\/03\/20\/vatios-mueven-ciclistas-profesionales\/","title":{"rendered":"\u00bfCuantos vatios mueven los ciclistas profesionales?"},"content":{"rendered":"<p><strong>\u00bfQu\u00e9 relaci\u00f3n peso\/potencia (PWR) necesitar\u00edas para ser un ciclista profesional? \u00bfCu\u00e1l es la cifra que necesitas para rodar delante en una cicloturista? Echemos un vistazo a algunos ejemplos del mundo del ciclismo profesional para tener una mejor idea.<\/strong><br \/>\n<!--more--><\/p>\n<h2><strong>Relaciones t\u00edpicas entre potencia y peso<\/strong><\/h2>\n<p>Si eres un ciclista recreativo, entonces tu relaci\u00f3n potencia-peso en una hora es probablemente algo as\u00ed como 1,8W\/kg. Esto significar\u00eda que un ciclista recreativo de 80 kg podr\u00eda sostener un promedio de 144W de potencia durante una hora. Su PWR de 5 minutos ser\u00eda probablemente de 2,5W\/kg, lo que equivale a 200W sostenidos durante 5 minutos. Si nuestro ciclista quisiera llamarse a s\u00ed mismo un ciclista aficionado regular, tendr\u00eda que mejorar su PWR de 1 hora a 3,0W\/kg o, en otras palabras, ser capaz de sostener 240W durante una hora (pesando 80 kilos). Y tambi\u00e9n deber\u00edan ser capaces de sostener casi 300W durante 5 minutos para lograr un PWR de 3,7W\/kg en 5 minutos.<\/p>\n<p>Cuando se trata de profesionales, la diferencia es a\u00fan m\u00e1s sorprendente. La mayor\u00eda de los profesionales tienen alrededor de 6,0W\/kg de PWR de 1 hora, lo que significa que un profesional de 65 kg puede sostener 390W durante una hora. Y hasta 455W durante 5 minutos, lo que equivale a un PWR de 7,0W\/kg en 5 minutos.<\/p>\n<figure id=\"attachment_6002\" aria-describedby=\"caption-attachment-6002\" style=\"width: 1250px\" class=\"wp-caption alignnone\"><img loading=\"lazy\" decoding=\"async\" class=\"size-full wp-image-6002\" src=\"https:\/\/d2p6e6u75xmxt8.cloudfront.net\/6\/2020\/03\/Milan-San-Remo-profimedia-0421641889.jpg\" alt=\"\" width=\"1250\" height=\"833\" srcset=\"https:\/\/d2p6e6u75xmxt8.cloudfront.net\/6\/2020\/03\/Milan-San-Remo-profimedia-0421641889.jpg 1250w, https:\/\/d2p6e6u75xmxt8.cloudfront.net\/6\/2020\/03\/Milan-San-Remo-profimedia-0421641889-300x200.jpg 300w, https:\/\/d2p6e6u75xmxt8.cloudfront.net\/6\/2020\/03\/Milan-San-Remo-profimedia-0421641889-768x512.jpg 768w, https:\/\/d2p6e6u75xmxt8.cloudfront.net\/6\/2020\/03\/Milan-San-Remo-profimedia-0421641889-1024x682.jpg 1024w, https:\/\/d2p6e6u75xmxt8.cloudfront.net\/6\/2020\/03\/Milan-San-Remo-profimedia-0421641889-272x182.jpg 272w\" sizes=\"auto, (max-width: 1250px) 100vw, 1250px\" \/><figcaption id=\"caption-attachment-6002\" class=\"wp-caption-text\">El pelot\u00f3n en Capo Berta durante la Milan &#8211; San Remo. \u00a9 Marco BERTORELLO \/ AFP \/ Profimedia<\/figcaption><\/figure>\n<h2><strong><br \/>\nSigue al pelot\u00f3n<\/strong><\/h2>\n<p>En la Mil\u00e1n-San Remo de 2018, Jos van Emden promedi\u00f3 138W en los primeros 10 km, lo que equivale a s\u00f3lo 1,86W\/kg. Esto significa que con una bicicleta profesional y algunas habilidades en la conducci\u00f3n de pelotones, casi cualquiera podr\u00eda aguantar a mitad de carrera en la salida de Mil\u00e1n-San Remo. Pero, para que quede claro, los primeros clasificados promediaron m\u00e1s de 300W durante la carrera, lo que significa mantener un PWR de m\u00e1s de 4W\/kg durante m\u00e1s de 7 horas. Eso es algo que la mayor\u00eda de nosotros encontrar\u00eda dif\u00edcil de mantener durante media hora.<\/p>\n<h2><strong>Ataque en subida<\/strong><\/h2>\n<p>En la misma carrera, Peter Sagan atac\u00f3 en la \u00faltima subida. Michal Kwiatkowski, el ganador de la carrera, fue uno de los dos \u00fanicos ciclistas capaces de igualar su velocidad. Produjo un promedio de 443W de potencia en esta subida de 3,5 km, lo que lo puso en un incre\u00edble PWR de 6,51W\/kg. Es un n\u00famero impresionante, especialmente cuando te das cuenta de que ha estado corriendo durante casi 7 horas antes de esto.<\/p>\n<figure id=\"attachment_6003\" aria-describedby=\"caption-attachment-6003\" style=\"width: 1250px\" class=\"wp-caption alignnone\"><img loading=\"lazy\" decoding=\"async\" class=\"size-full wp-image-6003\" src=\"https:\/\/d2p6e6u75xmxt8.cloudfront.net\/6\/2020\/03\/Peter-Sagan-Julian-Alaphilippe-profimedia-0421694563.jpg\" alt=\"\" width=\"1250\" height=\"833\" srcset=\"https:\/\/d2p6e6u75xmxt8.cloudfront.net\/6\/2020\/03\/Peter-Sagan-Julian-Alaphilippe-profimedia-0421694563.jpg 1250w, https:\/\/d2p6e6u75xmxt8.cloudfront.net\/6\/2020\/03\/Peter-Sagan-Julian-Alaphilippe-profimedia-0421694563-300x200.jpg 300w, https:\/\/d2p6e6u75xmxt8.cloudfront.net\/6\/2020\/03\/Peter-Sagan-Julian-Alaphilippe-profimedia-0421694563-768x512.jpg 768w, https:\/\/d2p6e6u75xmxt8.cloudfront.net\/6\/2020\/03\/Peter-Sagan-Julian-Alaphilippe-profimedia-0421694563-1024x682.jpg 1024w, https:\/\/d2p6e6u75xmxt8.cloudfront.net\/6\/2020\/03\/Peter-Sagan-Julian-Alaphilippe-profimedia-0421694563-272x182.jpg 272w\" sizes=\"auto, (max-width: 1250px) 100vw, 1250px\" \/><figcaption id=\"caption-attachment-6003\" class=\"wp-caption-text\">Julian Alaphilippe y Peter Sagan durante la Milan-San Remo.\u00a0\u00a9 Bettini Luca \/ AFP \/ Profimedia<\/figcaption><\/figure>\n<h2><strong><br \/>\nContarreloj del Tour de Francia<\/strong><\/h2>\n<p>Julian Alaphilippe gan\u00f3 una etapa de contrarreloj individual en el Tour de Francia de 2019 en 35 minutos. Rigoberto Ur\u00e1n termin\u00f3 4\u00ba s\u00f3lo 36 segundos despu\u00e9s y lo que sabemos por sus datos publicados, promedi\u00f3 378 vatios lo que significa que tuvo que sostener un incre\u00edble PWR de 6,2W\/kg.<\/p>\n<p>Los siguientes dos art\u00edculos de esta serie tratar\u00e1n sobre c\u00f3mo puede mejorar su PWR. La mayor\u00eda de nosotros nunca llegaremos tan alto como los profesionales del Tour de Francia, pero a\u00fan podemos progresar con el entrenamiento y la nutrici\u00f3n adecuados.<\/p>\n","protected":false},"excerpt":{"rendered":"<p>\u00bfQu\u00e9 relaci\u00f3n peso\/potencia (PWR) necesitar\u00edas para ser un ciclista profesional? \u00bfCu\u00e1l es la cifra que necesitas para rodar delante en [&hellip;]<\/p>\n","protected":false},"author":29,"featured_media":6007,"comment_status":"open","ping_status":"open","sticky":false,"template":"","format":"standard","meta":{"footnotes":""},"categories":[7],"tags":[1495,1479,1494,1492,1493],"global-categories":[],"class_list":["post-6000","post","type-post","status-publish","format-standard","has-post-thumbnail","hentry","category-carretera","tag-relacion-peso-potencia-ciclista-profesional","tag-relacion-vatios-peso","tag-vatios-alaphilippe","tag-vatios-ciclstas-profesionales","tag-vatios-peter-sagan"],"yoast_head":"<!-- This site is optimized with the Yoast SEO Premium plugin v25.3 (Yoast SEO v25.9) - https:\/\/yoast.com\/wordpress\/plugins\/seo\/ -->\n<title>\u00bfCuantos vatios mueven los ciclistas profesionales? - \u0160koda We Love Cycling - Spain<\/title>\n<meta name=\"description\" content=\"\u00bfCuantos vatios mueven los profesionales? \u00bfQu\u00e9 relaci\u00f3n peso\/potencia (PWR) necesitar\u00edas para ser un ciclista profesional? Aqui tienes una explicaci\u00f3n\" \/>\n<meta name=\"robots\" content=\"index, follow, max-snippet:-1, max-image-preview:large, max-video-preview:-1\" \/>\n<link rel=\"canonical\" href=\"https:\/\/www.welovecycling.com\/es\/2020\/03\/20\/vatios-mueven-ciclistas-profesionales\/\" \/>\n<meta property=\"og:locale\" content=\"es_ES\" \/>\n<meta property=\"og:type\" content=\"article\" \/>\n<meta property=\"og:title\" content=\"\u00bfCuantos vatios mueven los profesionales?\" \/>\n<meta property=\"og:description\" content=\"\u00bfCuantos vatios mueven los profesionales? \u00bfQu\u00e9 relaci\u00f3n peso\/potencia (PWR) necesitar\u00edas para ser un ciclista profesional? Aqui tienes una explicaci\u00f3n\" \/>\n<meta property=\"og:url\" content=\"https:\/\/www.welovecycling.com\/es\/2020\/03\/20\/vatios-mueven-ciclistas-profesionales\/\" \/>\n<meta property=\"og:site_name\" content=\"\u0160koda We Love Cycling - Spain\" \/>\n<meta property=\"article:published_time\" content=\"2020-03-20T11:06:12+00:00\" \/>\n<meta property=\"og:image\" content=\"https:\/\/d2p6e6u75xmxt8.cloudfront.net\/6\/2020\/03\/Peter-Sagan-CVR-profimedia-0325768200.jpg\" \/>\n\t<meta property=\"og:image:width\" content=\"1366\" \/>\n\t<meta property=\"og:image:height\" content=\"600\" \/>\n\t<meta property=\"og:image:type\" content=\"image\/jpeg\" \/>\n<meta name=\"author\" content=\"We Love Cycling Spain\" \/>\n<meta name=\"twitter:card\" content=\"summary_large_image\" \/>\n<meta name=\"twitter:title\" content=\"\u00bfCuantos vatios mueven los profesionales?\" \/>\n<meta name=\"twitter:description\" content=\"\u00bfCuantos vatios mueven los profesionales? \u00bfQu\u00e9 relaci\u00f3n peso\/potencia (PWR) necesitar\u00edas para ser un ciclista profesional? Aqui tienes una explicaci\u00f3n\" \/>\n<meta name=\"twitter:label1\" content=\"Written by\" \/>\n\t<meta name=\"twitter:data1\" content=\"Jiri Kaloc\" \/>\n\t<meta name=\"twitter:label2\" content=\"Est. reading time\" \/>\n\t<meta name=\"twitter:data2\" content=\"5\" \/>\n<script type=\"application\/ld+json\" class=\"yoast-schema-graph\">{\"@context\":\"https:\/\/schema.org\",\"@graph\":[{\"@type\":\"WebPage\",\"@id\":\"https:\/\/www.welovecycling.com\/es\/2020\/03\/20\/vatios-mueven-ciclistas-profesionales\/\",\"url\":\"https:\/\/www.welovecycling.com\/es\/2020\/03\/20\/vatios-mueven-ciclistas-profesionales\/\",\"name\":\"\u00bfCuantos vatios mueven los ciclistas profesionales? - \u0160koda We Love Cycling - Spain\",\"isPartOf\":{\"@id\":\"https:\/\/www.welovecycling.com\/es\/#website\"},\"primaryImageOfPage\":{\"@id\":\"https:\/\/www.welovecycling.com\/es\/2020\/03\/20\/vatios-mueven-ciclistas-profesionales\/#primaryimage\"},\"image\":{\"@id\":\"https:\/\/www.welovecycling.com\/es\/2020\/03\/20\/vatios-mueven-ciclistas-profesionales\/#primaryimage\"},\"thumbnailUrl\":\"https:\/\/d2p6e6u75xmxt8.cloudfront.net\/6\/2020\/03\/Peter-Sagan-CVR-profimedia-0325768200.jpg\",\"datePublished\":\"2020-03-20T11:06:12+00:00\",\"author\":{\"@id\":\"https:\/\/www.welovecycling.com\/es\/#\/schema\/person\/deb61715b5812698ee79fb96f343ccd4\"},\"description\":\"\u00bfCuantos vatios mueven los profesionales? \u00bfQu\u00e9 relaci\u00f3n peso\/potencia (PWR) necesitar\u00edas para ser un ciclista profesional? Aqui tienes una explicaci\u00f3n\",\"breadcrumb\":{\"@id\":\"https:\/\/www.welovecycling.com\/es\/2020\/03\/20\/vatios-mueven-ciclistas-profesionales\/#breadcrumb\"},\"inLanguage\":\"es-ES\",\"potentialAction\":[{\"@type\":\"ReadAction\",\"target\":[\"https:\/\/www.welovecycling.com\/es\/2020\/03\/20\/vatios-mueven-ciclistas-profesionales\/\"]}]},{\"@type\":\"ImageObject\",\"inLanguage\":\"es-ES\",\"@id\":\"https:\/\/www.welovecycling.com\/es\/2020\/03\/20\/vatios-mueven-ciclistas-profesionales\/#primaryimage\",\"url\":\"https:\/\/d2p6e6u75xmxt8.cloudfront.net\/6\/2020\/03\/Peter-Sagan-CVR-profimedia-0325768200.jpg\",\"contentUrl\":\"https:\/\/d2p6e6u75xmxt8.cloudfront.net\/6\/2020\/03\/Peter-Sagan-CVR-profimedia-0325768200.jpg\",\"width\":1366,\"height\":600},{\"@type\":\"BreadcrumbList\",\"@id\":\"https:\/\/www.welovecycling.com\/es\/2020\/03\/20\/vatios-mueven-ciclistas-profesionales\/#breadcrumb\",\"itemListElement\":[{\"@type\":\"ListItem\",\"position\":1,\"name\":\"Home\",\"item\":\"https:\/\/www.welovecycling.com\/es\/\"},{\"@type\":\"ListItem\",\"position\":2,\"name\":\"\u00bfCuantos vatios mueven los ciclistas profesionales?\"}]},{\"@type\":\"WebSite\",\"@id\":\"https:\/\/www.welovecycling.com\/es\/#website\",\"url\":\"https:\/\/www.welovecycling.com\/es\/\",\"name\":\"\u0160koda We Love Cycling - Spain\",\"description\":\"\u0160koda WeLoveCycling Spain\",\"potentialAction\":[{\"@type\":\"SearchAction\",\"target\":{\"@type\":\"EntryPoint\",\"urlTemplate\":\"https:\/\/www.welovecycling.com\/es\/?s={search_term_string}\"},\"query-input\":{\"@type\":\"PropertyValueSpecification\",\"valueRequired\":true,\"valueName\":\"search_term_string\"}}],\"inLanguage\":\"es-ES\"},{\"@type\":\"Person\",\"@id\":\"https:\/\/www.welovecycling.com\/es\/#\/schema\/person\/deb61715b5812698ee79fb96f343ccd4\",\"name\":\"We Love Cycling Spain\",\"image\":{\"@type\":\"ImageObject\",\"inLanguage\":\"es-ES\",\"@id\":\"https:\/\/www.welovecycling.com\/es\/#\/schema\/person\/image\/\",\"url\":\"https:\/\/secure.gravatar.com\/avatar\/c824b04e6df0e37a03219d0b6481672889df542894588964102459e46513159c?s=96&d=mm&r=g\",\"contentUrl\":\"https:\/\/secure.gravatar.com\/avatar\/c824b04e6df0e37a03219d0b6481672889df542894588964102459e46513159c?s=96&d=mm&r=g\",\"caption\":\"We Love Cycling Spain\"},\"url\":\"https:\/\/www.welovecycling.com\/es\/author\/amunoz\/\"}]}<\/script>\n<!-- \/ Yoast SEO Premium plugin. -->","yoast_head_json":{"title":"\u00bfCuantos vatios mueven los ciclistas profesionales? - \u0160koda We Love Cycling - Spain","description":"\u00bfCuantos vatios mueven los profesionales? \u00bfQu\u00e9 relaci\u00f3n peso\/potencia (PWR) necesitar\u00edas para ser un ciclista profesional? Aqui tienes una explicaci\u00f3n","robots":{"index":"index","follow":"follow","max-snippet":"max-snippet:-1","max-image-preview":"max-image-preview:large","max-video-preview":"max-video-preview:-1"},"canonical":"https:\/\/www.welovecycling.com\/es\/2020\/03\/20\/vatios-mueven-ciclistas-profesionales\/","og_locale":"es_ES","og_type":"article","og_title":"\u00bfCuantos vatios mueven los profesionales?","og_description":"\u00bfCuantos vatios mueven los profesionales? \u00bfQu\u00e9 relaci\u00f3n peso\/potencia (PWR) necesitar\u00edas para ser un ciclista profesional? Aqui tienes una explicaci\u00f3n","og_url":"https:\/\/www.welovecycling.com\/es\/2020\/03\/20\/vatios-mueven-ciclistas-profesionales\/","og_site_name":"\u0160koda We Love Cycling - Spain","article_published_time":"2020-03-20T11:06:12+00:00","og_image":[{"width":1366,"height":600,"url":"https:\/\/d2p6e6u75xmxt8.cloudfront.net\/6\/2020\/03\/Peter-Sagan-CVR-profimedia-0325768200.jpg","type":"image\/jpeg"}],"author":"We Love Cycling Spain","twitter_card":"summary_large_image","twitter_title":"\u00bfCuantos vatios mueven los profesionales?","twitter_description":"\u00bfCuantos vatios mueven los profesionales? \u00bfQu\u00e9 relaci\u00f3n peso\/potencia (PWR) necesitar\u00edas para ser un ciclista profesional? Aqui tienes una explicaci\u00f3n","twitter_misc":{"Written by":"Jiri Kaloc","Est. reading time":"5"},"schema":{"@context":"https:\/\/schema.org","@graph":[{"@type":"WebPage","@id":"https:\/\/www.welovecycling.com\/es\/2020\/03\/20\/vatios-mueven-ciclistas-profesionales\/","url":"https:\/\/www.welovecycling.com\/es\/2020\/03\/20\/vatios-mueven-ciclistas-profesionales\/","name":"\u00bfCuantos vatios mueven los ciclistas profesionales? - \u0160koda We Love Cycling - Spain","isPartOf":{"@id":"https:\/\/www.welovecycling.com\/es\/#website"},"primaryImageOfPage":{"@id":"https:\/\/www.welovecycling.com\/es\/2020\/03\/20\/vatios-mueven-ciclistas-profesionales\/#primaryimage"},"image":{"@id":"https:\/\/www.welovecycling.com\/es\/2020\/03\/20\/vatios-mueven-ciclistas-profesionales\/#primaryimage"},"thumbnailUrl":"https:\/\/d2p6e6u75xmxt8.cloudfront.net\/6\/2020\/03\/Peter-Sagan-CVR-profimedia-0325768200.jpg","datePublished":"2020-03-20T11:06:12+00:00","author":{"@id":"https:\/\/www.welovecycling.com\/es\/#\/schema\/person\/deb61715b5812698ee79fb96f343ccd4"},"description":"\u00bfCuantos vatios mueven los profesionales? \u00bfQu\u00e9 relaci\u00f3n peso\/potencia (PWR) necesitar\u00edas para ser un ciclista profesional? Aqui tienes una explicaci\u00f3n","breadcrumb":{"@id":"https:\/\/www.welovecycling.com\/es\/2020\/03\/20\/vatios-mueven-ciclistas-profesionales\/#breadcrumb"},"inLanguage":"es-ES","potentialAction":[{"@type":"ReadAction","target":["https:\/\/www.welovecycling.com\/es\/2020\/03\/20\/vatios-mueven-ciclistas-profesionales\/"]}]},{"@type":"ImageObject","inLanguage":"es-ES","@id":"https:\/\/www.welovecycling.com\/es\/2020\/03\/20\/vatios-mueven-ciclistas-profesionales\/#primaryimage","url":"https:\/\/d2p6e6u75xmxt8.cloudfront.net\/6\/2020\/03\/Peter-Sagan-CVR-profimedia-0325768200.jpg","contentUrl":"https:\/\/d2p6e6u75xmxt8.cloudfront.net\/6\/2020\/03\/Peter-Sagan-CVR-profimedia-0325768200.jpg","width":1366,"height":600},{"@type":"BreadcrumbList","@id":"https:\/\/www.welovecycling.com\/es\/2020\/03\/20\/vatios-mueven-ciclistas-profesionales\/#breadcrumb","itemListElement":[{"@type":"ListItem","position":1,"name":"Home","item":"https:\/\/www.welovecycling.com\/es\/"},{"@type":"ListItem","position":2,"name":"\u00bfCuantos vatios mueven los ciclistas profesionales?"}]},{"@type":"WebSite","@id":"https:\/\/www.welovecycling.com\/es\/#website","url":"https:\/\/www.welovecycling.com\/es\/","name":"\u0160koda We Love Cycling - Spain","description":"\u0160koda WeLoveCycling Spain","potentialAction":[{"@type":"SearchAction","target":{"@type":"EntryPoint","urlTemplate":"https:\/\/www.welovecycling.com\/es\/?s={search_term_string}"},"query-input":{"@type":"PropertyValueSpecification","valueRequired":true,"valueName":"search_term_string"}}],"inLanguage":"es-ES"},{"@type":"Person","@id":"https:\/\/www.welovecycling.com\/es\/#\/schema\/person\/deb61715b5812698ee79fb96f343ccd4","name":"We Love Cycling Spain","image":{"@type":"ImageObject","inLanguage":"es-ES","@id":"https:\/\/www.welovecycling.com\/es\/#\/schema\/person\/image\/","url":"https:\/\/secure.gravatar.com\/avatar\/c824b04e6df0e37a03219d0b6481672889df542894588964102459e46513159c?s=96&d=mm&r=g","contentUrl":"https:\/\/secure.gravatar.com\/avatar\/c824b04e6df0e37a03219d0b6481672889df542894588964102459e46513159c?s=96&d=mm&r=g","caption":"We Love Cycling Spain"},"url":"https:\/\/www.welovecycling.com\/es\/author\/amunoz\/"}]}},"_links":{"self":[{"href":"https:\/\/www.welovecycling.com\/es\/wp-json\/wp\/v2\/posts\/6000","targetHints":{"allow":["GET"]}}],"collection":[{"href":"https:\/\/www.welovecycling.com\/es\/wp-json\/wp\/v2\/posts"}],"about":[{"href":"https:\/\/www.welovecycling.com\/es\/wp-json\/wp\/v2\/types\/post"}],"author":[{"embeddable":true,"href":"https:\/\/www.welovecycling.com\/es\/wp-json\/wp\/v2\/users\/29"}],"replies":[{"embeddable":true,"href":"https:\/\/www.welovecycling.com\/es\/wp-json\/wp\/v2\/comments?post=6000"}],"version-history":[{"count":2,"href":"https:\/\/www.welovecycling.com\/es\/wp-json\/wp\/v2\/posts\/6000\/revisions"}],"predecessor-version":[{"id":6012,"href":"https:\/\/www.welovecycling.com\/es\/wp-json\/wp\/v2\/posts\/6000\/revisions\/6012"}],"wp:featuredmedia":[{"embeddable":true,"href":"https:\/\/www.welovecycling.com\/es\/wp-json\/wp\/v2\/media\/6007"}],"wp:attachment":[{"href":"https:\/\/www.welovecycling.com\/es\/wp-json\/wp\/v2\/media?parent=6000"}],"wp:term":[{"taxonomy":"category","embeddable":true,"href":"https:\/\/www.welovecycling.com\/es\/wp-json\/wp\/v2\/categories?post=6000"},{"taxonomy":"post_tag","embeddable":true,"href":"https:\/\/www.welovecycling.com\/es\/wp-json\/wp\/v2\/tags?post=6000"},{"taxonomy":"global-categories","embeddable":true,"href":"https:\/\/www.welovecycling.com\/es\/wp-json\/wp\/v2\/global-categories?post=6000"}],"curies":[{"name":"wp","href":"https:\/\/api.w.org\/{rel}","templated":true}]}}