{"id":5999,"date":"2020-03-21T11:34:49","date_gmt":"2020-03-21T09:34:49","guid":{"rendered":"https:\/\/www.welovecycling.com\/es\/?p=5999"},"modified":"2020-03-21T11:35:26","modified_gmt":"2020-03-21T09:35:26","slug":"transportar-bici-monte","status":"publish","type":"post","link":"https:\/\/www.welovecycling.com\/es\/2020\/03\/21\/transportar-bici-monte\/","title":{"rendered":"\u00bfComo transportar tu bici por el monte?"},"content":{"rendered":"<p><strong>Incluso las cosas m\u00e1s ordinarias pueden ser mejoradas, incluyendo la forma en que llevas tu bicicleta. Estos simples consejos lo har\u00e1n m\u00e1s f\u00e1cil. Siga estos pasos recomendados por el ciclista de monta\u00f1a profesional Richard Gasperotti..<\/strong><!--more--><\/p>\n<p>Empujar la bicicleta por una subida puede ser bastante agotador ya que la rueda delantera choca con varios obst\u00e1culos dispersos en el suelo. Todos tenemos nuestro lado favorito de la bicicleta que subconscientemente elegimos para caminar cuando empujamos la bicicleta por una colina. Para subidas m\u00e1s largas, cuando el empuje es inevitable, es aconsejable alternar los lados para cargar el cuerpo uniformemente. Poner la biela con el pedal de manera que se gire hacia delante en tu lado de caminar para evitar que te des en la espinilla &#8211; exactamente al rev\u00e9s de como lo ves hecho incorrectamente en la foto.<\/p>\n<p><img loading=\"lazy\" decoding=\"async\" class=\"alignnone size-full wp-image-6001\" src=\"https:\/\/d2p6e6u75xmxt8.cloudfront.net\/6\/2020\/03\/Carrying-Bicycle-1.jpg\" alt=\"\" width=\"928\" height=\"1392\" srcset=\"https:\/\/d2p6e6u75xmxt8.cloudfront.net\/6\/2020\/03\/Carrying-Bicycle-1.jpg 928w, https:\/\/d2p6e6u75xmxt8.cloudfront.net\/6\/2020\/03\/Carrying-Bicycle-1-200x300.jpg 200w, https:\/\/d2p6e6u75xmxt8.cloudfront.net\/6\/2020\/03\/Carrying-Bicycle-1-768x1152.jpg 768w, https:\/\/d2p6e6u75xmxt8.cloudfront.net\/6\/2020\/03\/Carrying-Bicycle-1-683x1024.jpg 683w\" sizes=\"auto, (max-width: 928px) 100vw, 928px\" \/><\/p>\n<p>Especialmente si hay una subida empinada, te sugiero que agarres el sill\u00edn para facilitarle las cosas. Una mano sostiene el manillar, la otra levanta el sillin. Gracias a este agarre, no te encorvar\u00e1s sobre el cuadro de la bici, lo que podr\u00eda agotarte despu\u00e9s de un rato de empujar.<\/p>\n<p><img loading=\"lazy\" decoding=\"async\" class=\"alignnone size-full wp-image-6004\" src=\"https:\/\/d2p6e6u75xmxt8.cloudfront.net\/6\/2020\/03\/Carrying-Bicycle-2.jpg\" alt=\"\" width=\"1392\" height=\"928\" srcset=\"https:\/\/d2p6e6u75xmxt8.cloudfront.net\/6\/2020\/03\/Carrying-Bicycle-2.jpg 1392w, https:\/\/d2p6e6u75xmxt8.cloudfront.net\/6\/2020\/03\/Carrying-Bicycle-2-300x200.jpg 300w, https:\/\/d2p6e6u75xmxt8.cloudfront.net\/6\/2020\/03\/Carrying-Bicycle-2-768x512.jpg 768w, https:\/\/d2p6e6u75xmxt8.cloudfront.net\/6\/2020\/03\/Carrying-Bicycle-2-1024x683.jpg 1024w, https:\/\/d2p6e6u75xmxt8.cloudfront.net\/6\/2020\/03\/Carrying-Bicycle-2-272x182.jpg 272w\" sizes=\"auto, (max-width: 1392px) 100vw, 1392px\" \/><\/p>\n<p>Al pasar por encima de los obst\u00e1culos, no puedes evitar levantar la bici. La mejor manera es agarrar el cuadro por la estructura trasera y llevarlo usando el muslo como base de apoyo adicional. Deja que la rueda delantera descargada ruede por el suelo.<\/p>\n<p><img loading=\"lazy\" decoding=\"async\" class=\"alignnone size-full wp-image-6006\" src=\"https:\/\/d2p6e6u75xmxt8.cloudfront.net\/6\/2020\/03\/Carrying-Bicycle-3.jpg\" alt=\"\" width=\"1392\" height=\"928\" srcset=\"https:\/\/d2p6e6u75xmxt8.cloudfront.net\/6\/2020\/03\/Carrying-Bicycle-3.jpg 1392w, https:\/\/d2p6e6u75xmxt8.cloudfront.net\/6\/2020\/03\/Carrying-Bicycle-3-300x200.jpg 300w, https:\/\/d2p6e6u75xmxt8.cloudfront.net\/6\/2020\/03\/Carrying-Bicycle-3-768x512.jpg 768w, https:\/\/d2p6e6u75xmxt8.cloudfront.net\/6\/2020\/03\/Carrying-Bicycle-3-1024x683.jpg 1024w, https:\/\/d2p6e6u75xmxt8.cloudfront.net\/6\/2020\/03\/Carrying-Bicycle-3-272x182.jpg 272w\" sizes=\"auto, (max-width: 1392px) 100vw, 1392px\" \/><\/p>\n<p>En terrenos dif\u00edciles, la \u00fanica opci\u00f3n es llevar la bicicleta a la espalda. \u00bfC\u00f3mo hacerlo con el menor esfuerzo posible? Coloca la bicicleta delante de ti para que el plato est\u00e9 orientado en la misma direcci\u00f3n que t\u00fa. La biela con el pedal debe estar apuntando hacia abajo. Agarra la biela con la mano derecha y la horquilla con la mano izquierda. Levanta la bicicleta y ponla en tu espalda, con el tubo inferior contra la nuca. Si la bicicleta est\u00e1 bien equilibrada, puedes llevarla f\u00e1cilmente, sujet\u00e1ndola con una mano (ya sea por la horquilla o por la biela), as\u00ed siempre tendr\u00e1s una mano libre para sujetar algo como apoyo de emergencia mientras subes.<\/p>\n<p><img loading=\"lazy\" decoding=\"async\" class=\"alignnone size-full wp-image-6008\" src=\"https:\/\/d2p6e6u75xmxt8.cloudfront.net\/6\/2020\/03\/Carrying-Bicycle-4.jpg\" alt=\"\" width=\"1392\" height=\"928\" srcset=\"https:\/\/d2p6e6u75xmxt8.cloudfront.net\/6\/2020\/03\/Carrying-Bicycle-4.jpg 1392w, https:\/\/d2p6e6u75xmxt8.cloudfront.net\/6\/2020\/03\/Carrying-Bicycle-4-300x200.jpg 300w, https:\/\/d2p6e6u75xmxt8.cloudfront.net\/6\/2020\/03\/Carrying-Bicycle-4-768x512.jpg 768w, https:\/\/d2p6e6u75xmxt8.cloudfront.net\/6\/2020\/03\/Carrying-Bicycle-4-1024x683.jpg 1024w, https:\/\/d2p6e6u75xmxt8.cloudfront.net\/6\/2020\/03\/Carrying-Bicycle-4-272x182.jpg 272w\" sizes=\"auto, (max-width: 1392px) 100vw, 1392px\" \/><\/p>\n<p>Cuando bajas una colina o una escalera, puedes ahorrar mucho esfuerzo empujando la bicicleta como se muestra en la foto. Coloca la bicicleta en posici\u00f3n vertical sobre la rueda trasera. Agarrando el manillar con ambas manos, puedes moverte f\u00e1cilmente hacia adelante. Apreciar\u00e1s este simple truco tambi\u00e9n cuando necesite empujar la bicicleta a trav\u00e9s de un port\u00f3n estrecho, una puerta o bajando una escalera de caracol con s\u00f3lo un peque\u00f1o espacio para caminar a lo largo de la bicicleta. Tambi\u00e9n es perfecto para viajar en bicicleta cuando se utiliza el metro, las escaleras mec\u00e1nicas, etc.<\/p>\n<p><img loading=\"lazy\" decoding=\"async\" class=\"alignnone size-full wp-image-6009\" src=\"https:\/\/d2p6e6u75xmxt8.cloudfront.net\/6\/2020\/03\/Carrying-Bicycle-5.jpg\" alt=\"\" width=\"1504\" height=\"1004\" srcset=\"https:\/\/d2p6e6u75xmxt8.cloudfront.net\/6\/2020\/03\/Carrying-Bicycle-5.jpg 1504w, https:\/\/d2p6e6u75xmxt8.cloudfront.net\/6\/2020\/03\/Carrying-Bicycle-5-300x200.jpg 300w, https:\/\/d2p6e6u75xmxt8.cloudfront.net\/6\/2020\/03\/Carrying-Bicycle-5-768x513.jpg 768w, https:\/\/d2p6e6u75xmxt8.cloudfront.net\/6\/2020\/03\/Carrying-Bicycle-5-1024x684.jpg 1024w, https:\/\/d2p6e6u75xmxt8.cloudfront.net\/6\/2020\/03\/Carrying-Bicycle-5-272x182.jpg 272w\" sizes=\"auto, (max-width: 1504px) 100vw, 1504px\" \/><\/p>\n","protected":false},"excerpt":{"rendered":"<p>Incluso las cosas m\u00e1s ordinarias pueden ser mejoradas, incluyendo la forma en que llevas tu bicicleta. Estos simples consejos lo [&hellip;]<\/p>\n","protected":false},"author":29,"featured_media":6011,"comment_status":"open","ping_status":"open","sticky":false,"template":"","format":"standard","meta":{"footnotes":""},"categories":[9],"tags":[1497,1496],"global-categories":[],"class_list":["post-5999","post","type-post","status-publish","format-standard","has-post-thumbnail","hentry","category-mtb-aventura","tag-cargar-bici-mtb","tag-guia-para-transportar-bicicleta"],"yoast_head":"<!-- This site is optimized with the Yoast SEO Premium plugin v25.3 (Yoast SEO v25.9) - https:\/\/yoast.com\/wordpress\/plugins\/seo\/ -->\n<title>\u00bfComo transportar tu bici por el monte? - \u0160koda We Love Cycling - Spain<\/title>\n<meta name=\"description\" content=\"\u00bfComo transportar tu bici por el monte? Consejos para cuando el terreno es demasiado abrupto como para ir subido en la MTB.\" \/>\n<meta name=\"robots\" content=\"index, follow, max-snippet:-1, max-image-preview:large, max-video-preview:-1\" \/>\n<link rel=\"canonical\" href=\"https:\/\/www.welovecycling.com\/es\/2020\/03\/21\/transportar-bici-monte\/\" \/>\n<meta property=\"og:locale\" content=\"es_ES\" \/>\n<meta property=\"og:type\" content=\"article\" \/>\n<meta property=\"og:title\" content=\"\u00bfComo transportar tu bici por el monte?\" \/>\n<meta property=\"og:description\" content=\"\u00bfComo transportar tu bici por el monte? Consejos para cuando el terreno es demasiado abrupto como para ir subido en la MTB.\" \/>\n<meta property=\"og:url\" content=\"https:\/\/www.welovecycling.com\/es\/2020\/03\/21\/transportar-bici-monte\/\" \/>\n<meta property=\"og:site_name\" content=\"\u0160koda We Love Cycling - Spain\" \/>\n<meta property=\"article:published_time\" content=\"2020-03-21T09:34:49+00:00\" \/>\n<meta property=\"article:modified_time\" content=\"2020-03-21T09:35:26+00:00\" \/>\n<meta property=\"og:image\" content=\"https:\/\/d2p6e6u75xmxt8.cloudfront.net\/6\/2020\/03\/Carrying-Bicycle-CVR.jpg\" \/>\n\t<meta property=\"og:image:width\" content=\"1366\" \/>\n\t<meta property=\"og:image:height\" content=\"600\" \/>\n\t<meta property=\"og:image:type\" content=\"image\/jpeg\" \/>\n<meta name=\"author\" content=\"We Love Cycling Spain\" \/>\n<meta name=\"twitter:card\" content=\"summary_large_image\" \/>\n<meta name=\"twitter:title\" content=\"\u00bfComo transportar tu bici por el monte?\" \/>\n<meta name=\"twitter:description\" content=\"\u00bfComo transportar tu bici por el monte? Consejos para cuando el terreno es demasiado abrupto como para ir subido en la MTB.\" \/>\n<meta name=\"twitter:label1\" content=\"Written by\" \/>\n\t<meta name=\"twitter:data1\" content=\"Adam Marsal\/ Photo: Milo\u0161 \u0160t\u00e1fek\" \/>\n\t<meta name=\"twitter:label2\" content=\"Est. reading time\" \/>\n\t<meta name=\"twitter:data2\" content=\"5\" \/>\n<script type=\"application\/ld+json\" class=\"yoast-schema-graph\">{\"@context\":\"https:\/\/schema.org\",\"@graph\":[{\"@type\":\"WebPage\",\"@id\":\"https:\/\/www.welovecycling.com\/es\/2020\/03\/21\/transportar-bici-monte\/\",\"url\":\"https:\/\/www.welovecycling.com\/es\/2020\/03\/21\/transportar-bici-monte\/\",\"name\":\"\u00bfComo transportar tu bici por el monte? - \u0160koda We Love Cycling - Spain\",\"isPartOf\":{\"@id\":\"https:\/\/www.welovecycling.com\/es\/#website\"},\"primaryImageOfPage\":{\"@id\":\"https:\/\/www.welovecycling.com\/es\/2020\/03\/21\/transportar-bici-monte\/#primaryimage\"},\"image\":{\"@id\":\"https:\/\/www.welovecycling.com\/es\/2020\/03\/21\/transportar-bici-monte\/#primaryimage\"},\"thumbnailUrl\":\"https:\/\/d2p6e6u75xmxt8.cloudfront.net\/6\/2020\/03\/Carrying-Bicycle-CVR.jpg\",\"datePublished\":\"2020-03-21T09:34:49+00:00\",\"dateModified\":\"2020-03-21T09:35:26+00:00\",\"author\":{\"@id\":\"https:\/\/www.welovecycling.com\/es\/#\/schema\/person\/deb61715b5812698ee79fb96f343ccd4\"},\"description\":\"\u00bfComo transportar tu bici por el monte? Consejos para cuando el terreno es demasiado abrupto como para ir subido en la MTB.\",\"breadcrumb\":{\"@id\":\"https:\/\/www.welovecycling.com\/es\/2020\/03\/21\/transportar-bici-monte\/#breadcrumb\"},\"inLanguage\":\"es-ES\",\"potentialAction\":[{\"@type\":\"ReadAction\",\"target\":[\"https:\/\/www.welovecycling.com\/es\/2020\/03\/21\/transportar-bici-monte\/\"]}]},{\"@type\":\"ImageObject\",\"inLanguage\":\"es-ES\",\"@id\":\"https:\/\/www.welovecycling.com\/es\/2020\/03\/21\/transportar-bici-monte\/#primaryimage\",\"url\":\"https:\/\/d2p6e6u75xmxt8.cloudfront.net\/6\/2020\/03\/Carrying-Bicycle-CVR.jpg\",\"contentUrl\":\"https:\/\/d2p6e6u75xmxt8.cloudfront.net\/6\/2020\/03\/Carrying-Bicycle-CVR.jpg\",\"width\":1366,\"height\":600},{\"@type\":\"BreadcrumbList\",\"@id\":\"https:\/\/www.welovecycling.com\/es\/2020\/03\/21\/transportar-bici-monte\/#breadcrumb\",\"itemListElement\":[{\"@type\":\"ListItem\",\"position\":1,\"name\":\"Home\",\"item\":\"https:\/\/www.welovecycling.com\/es\/\"},{\"@type\":\"ListItem\",\"position\":2,\"name\":\"\u00bfComo transportar tu bici por el monte?\"}]},{\"@type\":\"WebSite\",\"@id\":\"https:\/\/www.welovecycling.com\/es\/#website\",\"url\":\"https:\/\/www.welovecycling.com\/es\/\",\"name\":\"\u0160koda We Love Cycling - Spain\",\"description\":\"\u0160koda WeLoveCycling Spain\",\"potentialAction\":[{\"@type\":\"SearchAction\",\"target\":{\"@type\":\"EntryPoint\",\"urlTemplate\":\"https:\/\/www.welovecycling.com\/es\/?s={search_term_string}\"},\"query-input\":{\"@type\":\"PropertyValueSpecification\",\"valueRequired\":true,\"valueName\":\"search_term_string\"}}],\"inLanguage\":\"es-ES\"},{\"@type\":\"Person\",\"@id\":\"https:\/\/www.welovecycling.com\/es\/#\/schema\/person\/deb61715b5812698ee79fb96f343ccd4\",\"name\":\"We Love Cycling Spain\",\"image\":{\"@type\":\"ImageObject\",\"inLanguage\":\"es-ES\",\"@id\":\"https:\/\/www.welovecycling.com\/es\/#\/schema\/person\/image\/\",\"url\":\"https:\/\/secure.gravatar.com\/avatar\/c824b04e6df0e37a03219d0b6481672889df542894588964102459e46513159c?s=96&d=mm&r=g\",\"contentUrl\":\"https:\/\/secure.gravatar.com\/avatar\/c824b04e6df0e37a03219d0b6481672889df542894588964102459e46513159c?s=96&d=mm&r=g\",\"caption\":\"We Love Cycling Spain\"},\"url\":\"https:\/\/www.welovecycling.com\/es\/author\/amunoz\/\"}]}<\/script>\n<!-- \/ Yoast SEO Premium plugin. -->","yoast_head_json":{"title":"\u00bfComo transportar tu bici por el monte? - \u0160koda We Love Cycling - Spain","description":"\u00bfComo transportar tu bici por el monte? Consejos para cuando el terreno es demasiado abrupto como para ir subido en la MTB.","robots":{"index":"index","follow":"follow","max-snippet":"max-snippet:-1","max-image-preview":"max-image-preview:large","max-video-preview":"max-video-preview:-1"},"canonical":"https:\/\/www.welovecycling.com\/es\/2020\/03\/21\/transportar-bici-monte\/","og_locale":"es_ES","og_type":"article","og_title":"\u00bfComo transportar tu bici por el monte?","og_description":"\u00bfComo transportar tu bici por el monte? Consejos para cuando el terreno es demasiado abrupto como para ir subido en la MTB.","og_url":"https:\/\/www.welovecycling.com\/es\/2020\/03\/21\/transportar-bici-monte\/","og_site_name":"\u0160koda We Love Cycling - Spain","article_published_time":"2020-03-21T09:34:49+00:00","article_modified_time":"2020-03-21T09:35:26+00:00","og_image":[{"width":1366,"height":600,"url":"https:\/\/d2p6e6u75xmxt8.cloudfront.net\/6\/2020\/03\/Carrying-Bicycle-CVR.jpg","type":"image\/jpeg"}],"author":"We Love Cycling Spain","twitter_card":"summary_large_image","twitter_title":"\u00bfComo transportar tu bici por el monte?","twitter_description":"\u00bfComo transportar tu bici por el monte? Consejos para cuando el terreno es demasiado abrupto como para ir subido en la MTB.","twitter_misc":{"Written by":"Adam Marsal\/ Photo: Milo\u0161 \u0160t\u00e1fek","Est. reading time":"5"},"schema":{"@context":"https:\/\/schema.org","@graph":[{"@type":"WebPage","@id":"https:\/\/www.welovecycling.com\/es\/2020\/03\/21\/transportar-bici-monte\/","url":"https:\/\/www.welovecycling.com\/es\/2020\/03\/21\/transportar-bici-monte\/","name":"\u00bfComo transportar tu bici por el monte? - \u0160koda We Love Cycling - Spain","isPartOf":{"@id":"https:\/\/www.welovecycling.com\/es\/#website"},"primaryImageOfPage":{"@id":"https:\/\/www.welovecycling.com\/es\/2020\/03\/21\/transportar-bici-monte\/#primaryimage"},"image":{"@id":"https:\/\/www.welovecycling.com\/es\/2020\/03\/21\/transportar-bici-monte\/#primaryimage"},"thumbnailUrl":"https:\/\/d2p6e6u75xmxt8.cloudfront.net\/6\/2020\/03\/Carrying-Bicycle-CVR.jpg","datePublished":"2020-03-21T09:34:49+00:00","dateModified":"2020-03-21T09:35:26+00:00","author":{"@id":"https:\/\/www.welovecycling.com\/es\/#\/schema\/person\/deb61715b5812698ee79fb96f343ccd4"},"description":"\u00bfComo transportar tu bici por el monte? Consejos para cuando el terreno es demasiado abrupto como para ir subido en la MTB.","breadcrumb":{"@id":"https:\/\/www.welovecycling.com\/es\/2020\/03\/21\/transportar-bici-monte\/#breadcrumb"},"inLanguage":"es-ES","potentialAction":[{"@type":"ReadAction","target":["https:\/\/www.welovecycling.com\/es\/2020\/03\/21\/transportar-bici-monte\/"]}]},{"@type":"ImageObject","inLanguage":"es-ES","@id":"https:\/\/www.welovecycling.com\/es\/2020\/03\/21\/transportar-bici-monte\/#primaryimage","url":"https:\/\/d2p6e6u75xmxt8.cloudfront.net\/6\/2020\/03\/Carrying-Bicycle-CVR.jpg","contentUrl":"https:\/\/d2p6e6u75xmxt8.cloudfront.net\/6\/2020\/03\/Carrying-Bicycle-CVR.jpg","width":1366,"height":600},{"@type":"BreadcrumbList","@id":"https:\/\/www.welovecycling.com\/es\/2020\/03\/21\/transportar-bici-monte\/#breadcrumb","itemListElement":[{"@type":"ListItem","position":1,"name":"Home","item":"https:\/\/www.welovecycling.com\/es\/"},{"@type":"ListItem","position":2,"name":"\u00bfComo transportar tu bici por el monte?"}]},{"@type":"WebSite","@id":"https:\/\/www.welovecycling.com\/es\/#website","url":"https:\/\/www.welovecycling.com\/es\/","name":"\u0160koda We Love Cycling - Spain","description":"\u0160koda WeLoveCycling Spain","potentialAction":[{"@type":"SearchAction","target":{"@type":"EntryPoint","urlTemplate":"https:\/\/www.welovecycling.com\/es\/?s={search_term_string}"},"query-input":{"@type":"PropertyValueSpecification","valueRequired":true,"valueName":"search_term_string"}}],"inLanguage":"es-ES"},{"@type":"Person","@id":"https:\/\/www.welovecycling.com\/es\/#\/schema\/person\/deb61715b5812698ee79fb96f343ccd4","name":"We Love Cycling Spain","image":{"@type":"ImageObject","inLanguage":"es-ES","@id":"https:\/\/www.welovecycling.com\/es\/#\/schema\/person\/image\/","url":"https:\/\/secure.gravatar.com\/avatar\/c824b04e6df0e37a03219d0b6481672889df542894588964102459e46513159c?s=96&d=mm&r=g","contentUrl":"https:\/\/secure.gravatar.com\/avatar\/c824b04e6df0e37a03219d0b6481672889df542894588964102459e46513159c?s=96&d=mm&r=g","caption":"We Love Cycling Spain"},"url":"https:\/\/www.welovecycling.com\/es\/author\/amunoz\/"}]}},"_links":{"self":[{"href":"https:\/\/www.welovecycling.com\/es\/wp-json\/wp\/v2\/posts\/5999","targetHints":{"allow":["GET"]}}],"collection":[{"href":"https:\/\/www.welovecycling.com\/es\/wp-json\/wp\/v2\/posts"}],"about":[{"href":"https:\/\/www.welovecycling.com\/es\/wp-json\/wp\/v2\/types\/post"}],"author":[{"embeddable":true,"href":"https:\/\/www.welovecycling.com\/es\/wp-json\/wp\/v2\/users\/29"}],"replies":[{"embeddable":true,"href":"https:\/\/www.welovecycling.com\/es\/wp-json\/wp\/v2\/comments?post=5999"}],"version-history":[{"count":2,"href":"https:\/\/www.welovecycling.com\/es\/wp-json\/wp\/v2\/posts\/5999\/revisions"}],"predecessor-version":[{"id":6013,"href":"https:\/\/www.welovecycling.com\/es\/wp-json\/wp\/v2\/posts\/5999\/revisions\/6013"}],"wp:featuredmedia":[{"embeddable":true,"href":"https:\/\/www.welovecycling.com\/es\/wp-json\/wp\/v2\/media\/6011"}],"wp:attachment":[{"href":"https:\/\/www.welovecycling.com\/es\/wp-json\/wp\/v2\/media?parent=5999"}],"wp:term":[{"taxonomy":"category","embeddable":true,"href":"https:\/\/www.welovecycling.com\/es\/wp-json\/wp\/v2\/categories?post=5999"},{"taxonomy":"post_tag","embeddable":true,"href":"https:\/\/www.welovecycling.com\/es\/wp-json\/wp\/v2\/tags?post=5999"},{"taxonomy":"global-categories","embeddable":true,"href":"https:\/\/www.welovecycling.com\/es\/wp-json\/wp\/v2\/global-categories?post=5999"}],"curies":[{"name":"wp","href":"https:\/\/api.w.org\/{rel}","templated":true}]}}