{"id":5985,"date":"2020-03-16T19:16:51","date_gmt":"2020-03-16T17:16:51","guid":{"rendered":"https:\/\/www.welovecycling.com\/es\/?p=5985"},"modified":"2020-03-16T19:16:51","modified_gmt":"2020-03-16T17:16:51","slug":"frases-ciclistas","status":"publish","type":"post","link":"https:\/\/www.welovecycling.com\/es\/2020\/03\/16\/frases-ciclistas\/","title":{"rendered":"10 frases que solo dicen los ciclistas"},"content":{"rendered":"<p><strong>\u00bfHas o\u00eddo alguna vez a los ciclistas decir tonter\u00edas? La jerga del mundo sobre dos ruedas tiene t\u00e9rminos, palabras y frases que pueden ser dif\u00edciles de entender a menos que te hayas unido al grupo. Para complicar a\u00fan m\u00e1s las cosas, tanto los ciclistas de carretera como los de MTB tienen su propio lenguaje. \u00bfPuedes reconocer qu\u00e9 frase utiliza el MTB y qu\u00e9 vocabulario es de carretera?<\/strong><br \/>\n<!--more--><\/p>\n<p><strong>Debido al fuerte viento, intent\u00e9 chupar la rueda del ciclista que ten\u00eda delante como si mi vida dependiera de ello. (Carreteros)<\/strong><\/p>\n<p>El ciclista describe que trat\u00f3 de acercarse lo m\u00e1s posible a la rueda trasera de un ciclista delante de ellos para usar una corriente de aire perfecta en un d\u00eda ventoso.<\/p>\n<p><img loading=\"lazy\" decoding=\"async\" class=\"alignnone size-full wp-image-5991\" src=\"https:\/\/d2p6e6u75xmxt8.cloudfront.net\/6\/2020\/03\/Headwind-Cycling-CVR-profimedia-0497339230.jpg\" alt=\"\" width=\"1366\" height=\"600\" srcset=\"https:\/\/d2p6e6u75xmxt8.cloudfront.net\/6\/2020\/03\/Headwind-Cycling-CVR-profimedia-0497339230.jpg 1366w, https:\/\/d2p6e6u75xmxt8.cloudfront.net\/6\/2020\/03\/Headwind-Cycling-CVR-profimedia-0497339230-300x132.jpg 300w, https:\/\/d2p6e6u75xmxt8.cloudfront.net\/6\/2020\/03\/Headwind-Cycling-CVR-profimedia-0497339230-768x337.jpg 768w, https:\/\/d2p6e6u75xmxt8.cloudfront.net\/6\/2020\/03\/Headwind-Cycling-CVR-profimedia-0497339230-1024x450.jpg 1024w\" sizes=\"auto, (max-width: 1366px) 100vw, 1366px\" \/><\/p>\n<p><strong>Ese flaco me pareci\u00f3 demasiado aterrador. (MTB)<\/strong><\/p>\n<p>Una viga de madera utilizada como parte de un obst\u00e1culo para la bicicleta de monta\u00f1a era demasiado dif\u00edcil de atravesar porque era demasiado estrecha o demasiado elevada sobre el suelo.<\/p>\n<p><strong>Como las condiciones eran inestables y hab\u00eda viento de costado, no hubo otra soluci\u00f3n que montar un abanico. (Roadies)<\/strong><\/p>\n<p>El ciclista explica que su grupo utiliz\u00f3 el m\u00e1ximo drafting en un viento cruzado, creando una l\u00ednea diagonal de bicicletas a trav\u00e9s de la carretera. Los ciclistas suelen formar un &#8216;abanico&#8217; movi\u00e9ndose ligeramente al lado del ciclista en la parte delantera y justo detr\u00e1s de su rueda, dependiendo del \u00e1ngulo del viento. Si el viento sopla de la izquierda, se mueve a la derecha, y viceversa.<\/p>\n<p><strong>\u00a1Oh Dios, realmente lo pas\u00e9 mal en ese jard\u00edn de rocas! (MTB)<\/strong><\/p>\n<p>Se requer\u00eda un gran esfuerzo para que el ciclista no se estrellara al pasar por una secci\u00f3n de una pista hecha de numerosas rocas, dise\u00f1ada para desafiar las habilidades t\u00e9cnicas del ciclista.<\/p>\n<p>https:\/\/www.instagram.com\/p\/B9M2nxCgsLh\/<\/p>\n<p><strong>Hoy he hecho 150 km con un incre\u00edble viento de cara y estoy cocido. (ambos)<\/strong><\/p>\n<p>Totalmente exhausto despu\u00e9s de una etapa exigente.<\/p>\n<p><strong>A pesar del esfuerzo, me solt\u00e9 antes de lacima. (Roadies)<\/strong><\/p>\n<p>El ciclista perdi\u00f3 el contacto con el pelot\u00f3n y termin\u00f3 subiendo por su cuenta.<\/p>\n<p><strong>No entiendo c\u00f3mo pudo haber invitado a ese &#8216;globero&#8217; a nuestro club. (Roadies)<\/strong><\/p>\n<p>El corredor se enfad\u00f3 con su compa\u00f1ero por haber tra\u00eddo a un nuevo miembro del club que se puede identificar por su torpeza en el ciclismo, sus piernas sin afeitar, su escaso conocimiento del deporte y un equipo inadecuado.<\/p>\n<p><img loading=\"lazy\" decoding=\"async\" class=\"alignnone size-full wp-image-5993\" src=\"https:\/\/d2p6e6u75xmxt8.cloudfront.net\/6\/2020\/03\/stoneman-bikepacking.jpg\" alt=\"\" width=\"2000\" height=\"1333\" srcset=\"https:\/\/d2p6e6u75xmxt8.cloudfront.net\/6\/2020\/03\/stoneman-bikepacking.jpg 2000w, https:\/\/d2p6e6u75xmxt8.cloudfront.net\/6\/2020\/03\/stoneman-bikepacking-300x200.jpg 300w, https:\/\/d2p6e6u75xmxt8.cloudfront.net\/6\/2020\/03\/stoneman-bikepacking-768x512.jpg 768w, https:\/\/d2p6e6u75xmxt8.cloudfront.net\/6\/2020\/03\/stoneman-bikepacking-1024x682.jpg 1024w, https:\/\/d2p6e6u75xmxt8.cloudfront.net\/6\/2020\/03\/stoneman-bikepacking-1920x1280.jpg 1920w, https:\/\/d2p6e6u75xmxt8.cloudfront.net\/6\/2020\/03\/stoneman-bikepacking-272x182.jpg 272w, https:\/\/d2p6e6u75xmxt8.cloudfront.net\/6\/2020\/03\/stoneman-bikepacking-1920x1280.jpg 1920w\" sizes=\"auto, (max-width: 2000px) 100vw, 2000px\" \/><\/p>\n<p><strong>Estoy pensando cambiar de 27,5&#8221; a 29&#8221; esta primavera. (MTB)<\/strong><\/p>\n<p>Un ciclista de monta\u00f1a est\u00e1 a punto de comprar una nueva bicicleta de monta\u00f1a equipada con ruedas de un di\u00e1metro mayor.<\/p>\n<p><strong>Necesito ver a mi mec\u00e1nico. Hay un sonido extra\u00f1o que viene del pedalier. (ambos)<\/strong><\/p>\n<p>Un soporte inferior es un conjunto de cojinetes que permite que las bielas giren en el cuadro. A veces produce sonidos molestos como chirridos o grietas. En tales casos se recomienda tenerlo afinado en un taller.<\/p>\n<p><strong>Estamos planeando pasar unas maravillosas vacaciones en el C\u00edrculo de la Muerte. (Roadies)<\/strong><\/p>\n<p>La zona llamada C\u00edrculo de la muerte se considera la parte m\u00e1s dura del Tour de Francia y abarca cuatro pasos altos en los Pirineos. La etapa que atraviesa los puertos de Peyresourde, Aspin, Tourmalet y Aubisque fue introducida en 1910.<\/p>\n","protected":false},"excerpt":{"rendered":"<p>\u00bfHas o\u00eddo alguna vez a los ciclistas decir tonter\u00edas? La jerga del mundo sobre dos ruedas tiene t\u00e9rminos, palabras y [&hellip;]<\/p>\n","protected":false},"author":29,"featured_media":5995,"comment_status":"open","ping_status":"open","sticky":false,"template":"","format":"standard","meta":{"footnotes":""},"categories":[7,9],"tags":[1490,1253,1491],"global-categories":[],"class_list":["post-5985","post","type-post","status-publish","format-standard","has-post-thumbnail","hentry","category-carretera","category-mtb-aventura","tag-frases-ciclistas","tag-jerga-ciclista","tag-palabras-de-ciclistas"],"yoast_head":"<!-- This site is optimized with the Yoast SEO Premium plugin v25.3 (Yoast SEO v25.9) - https:\/\/yoast.com\/wordpress\/plugins\/seo\/ -->\n<title>10 frases que solo dicen los ciclistas - \u0160koda We Love Cycling - Spain<\/title>\n<meta name=\"description\" content=\"10 frases que solo dicen los ciclistas. Las palabras y la jerga que utilizan los ciclistas y diferenciada entre ciclistas de carretera y de MTB\" \/>\n<meta name=\"robots\" content=\"index, follow, max-snippet:-1, max-image-preview:large, max-video-preview:-1\" \/>\n<link rel=\"canonical\" href=\"https:\/\/www.welovecycling.com\/es\/2020\/03\/16\/frases-ciclistas\/\" \/>\n<meta property=\"og:locale\" content=\"es_ES\" \/>\n<meta property=\"og:type\" content=\"article\" \/>\n<meta property=\"og:title\" content=\"10 frases que solo dicen los ciclistas\" \/>\n<meta property=\"og:description\" content=\"10 frases que solo dicen los ciclistas. Las palabras y la jerga que utilizan los ciclistas y diferenciada entre ciclistas de carretera y de MTB\" \/>\n<meta property=\"og:url\" content=\"https:\/\/www.welovecycling.com\/es\/2020\/03\/16\/frases-ciclistas\/\" \/>\n<meta property=\"og:site_name\" content=\"\u0160koda We Love Cycling - Spain\" \/>\n<meta property=\"article:published_time\" content=\"2020-03-16T17:16:51+00:00\" \/>\n<meta property=\"og:image\" content=\"https:\/\/d2p6e6u75xmxt8.cloudfront.net\/6\/2020\/03\/Friends-CVR-profimedia-0281706490.jpg\" \/>\n\t<meta property=\"og:image:width\" content=\"1366\" \/>\n\t<meta property=\"og:image:height\" content=\"600\" \/>\n\t<meta property=\"og:image:type\" content=\"image\/jpeg\" \/>\n<meta name=\"author\" content=\"We Love Cycling Spain\" \/>\n<meta name=\"twitter:card\" content=\"summary_large_image\" \/>\n<meta name=\"twitter:label1\" content=\"Written by\" \/>\n\t<meta name=\"twitter:data1\" content=\"Adam Marsal\" \/>\n\t<meta name=\"twitter:label2\" content=\"Est. reading time\" \/>\n\t<meta name=\"twitter:data2\" content=\"5\" \/>\n<script type=\"application\/ld+json\" class=\"yoast-schema-graph\">{\"@context\":\"https:\/\/schema.org\",\"@graph\":[{\"@type\":\"WebPage\",\"@id\":\"https:\/\/www.welovecycling.com\/es\/2020\/03\/16\/frases-ciclistas\/\",\"url\":\"https:\/\/www.welovecycling.com\/es\/2020\/03\/16\/frases-ciclistas\/\",\"name\":\"10 frases que solo dicen los ciclistas - \u0160koda We Love Cycling - Spain\",\"isPartOf\":{\"@id\":\"https:\/\/www.welovecycling.com\/es\/#website\"},\"primaryImageOfPage\":{\"@id\":\"https:\/\/www.welovecycling.com\/es\/2020\/03\/16\/frases-ciclistas\/#primaryimage\"},\"image\":{\"@id\":\"https:\/\/www.welovecycling.com\/es\/2020\/03\/16\/frases-ciclistas\/#primaryimage\"},\"thumbnailUrl\":\"https:\/\/d2p6e6u75xmxt8.cloudfront.net\/6\/2020\/03\/Friends-CVR-profimedia-0281706490.jpg\",\"datePublished\":\"2020-03-16T17:16:51+00:00\",\"author\":{\"@id\":\"https:\/\/www.welovecycling.com\/es\/#\/schema\/person\/deb61715b5812698ee79fb96f343ccd4\"},\"description\":\"10 frases que solo dicen los ciclistas. Las palabras y la jerga que utilizan los ciclistas y diferenciada entre ciclistas de carretera y de MTB\",\"breadcrumb\":{\"@id\":\"https:\/\/www.welovecycling.com\/es\/2020\/03\/16\/frases-ciclistas\/#breadcrumb\"},\"inLanguage\":\"es-ES\",\"potentialAction\":[{\"@type\":\"ReadAction\",\"target\":[\"https:\/\/www.welovecycling.com\/es\/2020\/03\/16\/frases-ciclistas\/\"]}]},{\"@type\":\"ImageObject\",\"inLanguage\":\"es-ES\",\"@id\":\"https:\/\/www.welovecycling.com\/es\/2020\/03\/16\/frases-ciclistas\/#primaryimage\",\"url\":\"https:\/\/d2p6e6u75xmxt8.cloudfront.net\/6\/2020\/03\/Friends-CVR-profimedia-0281706490.jpg\",\"contentUrl\":\"https:\/\/d2p6e6u75xmxt8.cloudfront.net\/6\/2020\/03\/Friends-CVR-profimedia-0281706490.jpg\",\"width\":1366,\"height\":600},{\"@type\":\"BreadcrumbList\",\"@id\":\"https:\/\/www.welovecycling.com\/es\/2020\/03\/16\/frases-ciclistas\/#breadcrumb\",\"itemListElement\":[{\"@type\":\"ListItem\",\"position\":1,\"name\":\"Home\",\"item\":\"https:\/\/www.welovecycling.com\/es\/\"},{\"@type\":\"ListItem\",\"position\":2,\"name\":\"10 frases que solo dicen los ciclistas\"}]},{\"@type\":\"WebSite\",\"@id\":\"https:\/\/www.welovecycling.com\/es\/#website\",\"url\":\"https:\/\/www.welovecycling.com\/es\/\",\"name\":\"\u0160koda We Love Cycling - Spain\",\"description\":\"\u0160koda WeLoveCycling Spain\",\"potentialAction\":[{\"@type\":\"SearchAction\",\"target\":{\"@type\":\"EntryPoint\",\"urlTemplate\":\"https:\/\/www.welovecycling.com\/es\/?s={search_term_string}\"},\"query-input\":{\"@type\":\"PropertyValueSpecification\",\"valueRequired\":true,\"valueName\":\"search_term_string\"}}],\"inLanguage\":\"es-ES\"},{\"@type\":\"Person\",\"@id\":\"https:\/\/www.welovecycling.com\/es\/#\/schema\/person\/deb61715b5812698ee79fb96f343ccd4\",\"name\":\"We Love Cycling Spain\",\"image\":{\"@type\":\"ImageObject\",\"inLanguage\":\"es-ES\",\"@id\":\"https:\/\/www.welovecycling.com\/es\/#\/schema\/person\/image\/\",\"url\":\"https:\/\/secure.gravatar.com\/avatar\/c824b04e6df0e37a03219d0b6481672889df542894588964102459e46513159c?s=96&d=mm&r=g\",\"contentUrl\":\"https:\/\/secure.gravatar.com\/avatar\/c824b04e6df0e37a03219d0b6481672889df542894588964102459e46513159c?s=96&d=mm&r=g\",\"caption\":\"We Love Cycling Spain\"},\"url\":\"https:\/\/www.welovecycling.com\/es\/author\/amunoz\/\"}]}<\/script>\n<!-- \/ Yoast SEO Premium plugin. -->","yoast_head_json":{"title":"10 frases que solo dicen los ciclistas - \u0160koda We Love Cycling - Spain","description":"10 frases que solo dicen los ciclistas. Las palabras y la jerga que utilizan los ciclistas y diferenciada entre ciclistas de carretera y de MTB","robots":{"index":"index","follow":"follow","max-snippet":"max-snippet:-1","max-image-preview":"max-image-preview:large","max-video-preview":"max-video-preview:-1"},"canonical":"https:\/\/www.welovecycling.com\/es\/2020\/03\/16\/frases-ciclistas\/","og_locale":"es_ES","og_type":"article","og_title":"10 frases que solo dicen los ciclistas","og_description":"10 frases que solo dicen los ciclistas. Las palabras y la jerga que utilizan los ciclistas y diferenciada entre ciclistas de carretera y de MTB","og_url":"https:\/\/www.welovecycling.com\/es\/2020\/03\/16\/frases-ciclistas\/","og_site_name":"\u0160koda We Love Cycling - Spain","article_published_time":"2020-03-16T17:16:51+00:00","og_image":[{"width":1366,"height":600,"url":"https:\/\/d2p6e6u75xmxt8.cloudfront.net\/6\/2020\/03\/Friends-CVR-profimedia-0281706490.jpg","type":"image\/jpeg"}],"author":"We Love Cycling Spain","twitter_card":"summary_large_image","twitter_misc":{"Written by":"Adam Marsal","Est. reading time":"5"},"schema":{"@context":"https:\/\/schema.org","@graph":[{"@type":"WebPage","@id":"https:\/\/www.welovecycling.com\/es\/2020\/03\/16\/frases-ciclistas\/","url":"https:\/\/www.welovecycling.com\/es\/2020\/03\/16\/frases-ciclistas\/","name":"10 frases que solo dicen los ciclistas - \u0160koda We Love Cycling - Spain","isPartOf":{"@id":"https:\/\/www.welovecycling.com\/es\/#website"},"primaryImageOfPage":{"@id":"https:\/\/www.welovecycling.com\/es\/2020\/03\/16\/frases-ciclistas\/#primaryimage"},"image":{"@id":"https:\/\/www.welovecycling.com\/es\/2020\/03\/16\/frases-ciclistas\/#primaryimage"},"thumbnailUrl":"https:\/\/d2p6e6u75xmxt8.cloudfront.net\/6\/2020\/03\/Friends-CVR-profimedia-0281706490.jpg","datePublished":"2020-03-16T17:16:51+00:00","author":{"@id":"https:\/\/www.welovecycling.com\/es\/#\/schema\/person\/deb61715b5812698ee79fb96f343ccd4"},"description":"10 frases que solo dicen los ciclistas. Las palabras y la jerga que utilizan los ciclistas y diferenciada entre ciclistas de carretera y de MTB","breadcrumb":{"@id":"https:\/\/www.welovecycling.com\/es\/2020\/03\/16\/frases-ciclistas\/#breadcrumb"},"inLanguage":"es-ES","potentialAction":[{"@type":"ReadAction","target":["https:\/\/www.welovecycling.com\/es\/2020\/03\/16\/frases-ciclistas\/"]}]},{"@type":"ImageObject","inLanguage":"es-ES","@id":"https:\/\/www.welovecycling.com\/es\/2020\/03\/16\/frases-ciclistas\/#primaryimage","url":"https:\/\/d2p6e6u75xmxt8.cloudfront.net\/6\/2020\/03\/Friends-CVR-profimedia-0281706490.jpg","contentUrl":"https:\/\/d2p6e6u75xmxt8.cloudfront.net\/6\/2020\/03\/Friends-CVR-profimedia-0281706490.jpg","width":1366,"height":600},{"@type":"BreadcrumbList","@id":"https:\/\/www.welovecycling.com\/es\/2020\/03\/16\/frases-ciclistas\/#breadcrumb","itemListElement":[{"@type":"ListItem","position":1,"name":"Home","item":"https:\/\/www.welovecycling.com\/es\/"},{"@type":"ListItem","position":2,"name":"10 frases que solo dicen los ciclistas"}]},{"@type":"WebSite","@id":"https:\/\/www.welovecycling.com\/es\/#website","url":"https:\/\/www.welovecycling.com\/es\/","name":"\u0160koda We Love Cycling - Spain","description":"\u0160koda WeLoveCycling Spain","potentialAction":[{"@type":"SearchAction","target":{"@type":"EntryPoint","urlTemplate":"https:\/\/www.welovecycling.com\/es\/?s={search_term_string}"},"query-input":{"@type":"PropertyValueSpecification","valueRequired":true,"valueName":"search_term_string"}}],"inLanguage":"es-ES"},{"@type":"Person","@id":"https:\/\/www.welovecycling.com\/es\/#\/schema\/person\/deb61715b5812698ee79fb96f343ccd4","name":"We Love Cycling Spain","image":{"@type":"ImageObject","inLanguage":"es-ES","@id":"https:\/\/www.welovecycling.com\/es\/#\/schema\/person\/image\/","url":"https:\/\/secure.gravatar.com\/avatar\/c824b04e6df0e37a03219d0b6481672889df542894588964102459e46513159c?s=96&d=mm&r=g","contentUrl":"https:\/\/secure.gravatar.com\/avatar\/c824b04e6df0e37a03219d0b6481672889df542894588964102459e46513159c?s=96&d=mm&r=g","caption":"We Love Cycling Spain"},"url":"https:\/\/www.welovecycling.com\/es\/author\/amunoz\/"}]}},"_links":{"self":[{"href":"https:\/\/www.welovecycling.com\/es\/wp-json\/wp\/v2\/posts\/5985","targetHints":{"allow":["GET"]}}],"collection":[{"href":"https:\/\/www.welovecycling.com\/es\/wp-json\/wp\/v2\/posts"}],"about":[{"href":"https:\/\/www.welovecycling.com\/es\/wp-json\/wp\/v2\/types\/post"}],"author":[{"embeddable":true,"href":"https:\/\/www.welovecycling.com\/es\/wp-json\/wp\/v2\/users\/29"}],"replies":[{"embeddable":true,"href":"https:\/\/www.welovecycling.com\/es\/wp-json\/wp\/v2\/comments?post=5985"}],"version-history":[{"count":2,"href":"https:\/\/www.welovecycling.com\/es\/wp-json\/wp\/v2\/posts\/5985\/revisions"}],"predecessor-version":[{"id":5998,"href":"https:\/\/www.welovecycling.com\/es\/wp-json\/wp\/v2\/posts\/5985\/revisions\/5998"}],"wp:featuredmedia":[{"embeddable":true,"href":"https:\/\/www.welovecycling.com\/es\/wp-json\/wp\/v2\/media\/5995"}],"wp:attachment":[{"href":"https:\/\/www.welovecycling.com\/es\/wp-json\/wp\/v2\/media?parent=5985"}],"wp:term":[{"taxonomy":"category","embeddable":true,"href":"https:\/\/www.welovecycling.com\/es\/wp-json\/wp\/v2\/categories?post=5985"},{"taxonomy":"post_tag","embeddable":true,"href":"https:\/\/www.welovecycling.com\/es\/wp-json\/wp\/v2\/tags?post=5985"},{"taxonomy":"global-categories","embeddable":true,"href":"https:\/\/www.welovecycling.com\/es\/wp-json\/wp\/v2\/global-categories?post=5985"}],"curies":[{"name":"wp","href":"https:\/\/api.w.org\/{rel}","templated":true}]}}