{"id":5972,"date":"2020-03-09T21:25:09","date_gmt":"2020-03-09T19:25:09","guid":{"rendered":"https:\/\/www.welovecycling.com\/es\/?p=5972"},"modified":"2020-03-09T21:25:09","modified_gmt":"2020-03-09T19:25:09","slug":"bicicletas-cambiaron-historia-ciclismo","status":"publish","type":"post","link":"https:\/\/www.welovecycling.com\/es\/2020\/03\/09\/bicicletas-cambiaron-historia-ciclismo\/","title":{"rendered":"Las bicicletas que cambiaron la historia del ciclismo"},"content":{"rendered":"<p><strong>Incluso la bici m\u00e1s barata que puedas encontrar en una tienda es mejor que la bicicleta m\u00e1s avanzada usada en el primer Tour de Francia. La asombrosa tecnolog\u00eda que damos por sentado fue ganada con esfuerzo y bien apreciada por aficionados y profesionales por igual. Entonces, \u00bfqu\u00e9 bicicletas hicieron historia y por qu\u00e9?<\/strong><br \/>\n<!--more--><\/p>\n<h2><strong>1937 \u2013 Royal Fabric<\/strong><\/h2>\n<p>Este invento franc\u00e9s fue la primera bicicleta con desviador delantero que se permiti\u00f3 para competir en el Tour de Francia. Antes de 1937, se le permit\u00edan tantas marchas como quisiera, pero si quer\u00eda 22 marchas ten\u00eda que llevar 22 ruedas en la espalda y cambiar la rueda cada vez que quisieras cambiar de marcha. La mayor\u00eda de los ciclistas optaban por una o dos marchas por etapa.<\/p>\n<p>https:\/\/www.youtube.com\/watch?v=j3-as2mpwp4&#038;feature=youtu.be<\/p>\n<p>Este desviador parece muy diferente a lo que disfrutamos hoy en d\u00eda &#8211; pero cambiar de marcha sin dejar el sill\u00edn debe haber sido como si el futuro llegara pronto para los ciclistas. Y dada la obsesi\u00f3n del ciclista moderno con el peso, estoy seguro de que no necesito decirles lo que esto debe haber significado subiendo un puerto.<\/p>\n<h2><strong>1948 \u2013\u00a0 Bicicleta Legnano\u00a0<\/strong><\/h2>\n<p>Gino Bartali ser\u00e1 recordado por muchas <a href=\"https:\/\/www.welovecycling.com\/wide\/2017\/09\/07\/gino-bartali-cycling-champion-helped-jews-escape-nazis\/\">razones gloriosas<\/a>, pero tambi\u00e9n ser\u00e1 recordado por montar el primer cambio &#8216;Corsa&#8217; en el ciclismo de competici\u00f3n. Esta fue la soluci\u00f3n un poco menos elegante de Campagnolo &#8211; cambiar de marcha implicaba andar a tientas alrededor del soporte del asiento para encontrar la palanca de cambios.<\/p>\n<lite-youtube videoid=dlbBCYA82uE params=\"enablejsapi=1\" style=\"background-image: url('https:\/\/i.ytimg.com\/vi_webp\/dlbBCYA82uE\/maxresdefault.webp');\"><\/lite-youtube>\n<p>Pero Campagnolo sacrific\u00f3 todo en favor de la fiabilidad, permitiendo a Bartali cambiar de marcha f\u00e1cilmente durante las duras etapas de monta\u00f1a de 1948. Bartali explot\u00f3 la fiabilidad del Legnano, consiguiendo la victoria en el vel\u00f3dromo del Parque de los Pr\u00edncipes durante la primera emisi\u00f3n en directo de Le Tour.<\/p>\n<h2><strong>1986 \u2013 Look KG86 Tour de France<\/strong><\/h2>\n<p>Mi padre una vez nos ret\u00f3 a mi hermano y a m\u00ed a romper una pieza de 2&#215;4 hecha de fibra de carbono con un martillo en nuestro garaje. Fue a finales de los 80 y nos maravillamos de la resistencia de un material tan ingr\u00e1vido. Mientras nos instal\u00e1bamos para ver los momentos m\u00e1s destacados del Tour en la televisi\u00f3n brit\u00e1nica, el entusiasmo de mi padre empez\u00f3 a tener sentido&#8230;<\/p>\n<lite-youtube videoid=mZMkZN-PGCo params=\"enablejsapi=1\" style=\"background-image: url('https:\/\/i.ytimg.com\/vi_webp\/mZMkZN-PGCo\/maxresdefault.webp');\"><\/lite-youtube>\n<p>En 1986, los fabricantes de bicicletas no pudieron explotar plenamente el potencial de la fibra de carbono, sino que confiaban a terceros la fabricaci\u00f3n de tubos de carbono y luego los un\u00edan con racores de aluminio. Pero incluso esta soluci\u00f3n fue suficiente para ayudar a impulsar a Greg LeMond a la victoria en el Tour 86.<\/p>\n","protected":false},"excerpt":{"rendered":"<p>Incluso la bici m\u00e1s barata que puedas encontrar en una tienda es mejor que la bicicleta m\u00e1s avanzada usada en [&hellip;]<\/p>\n","protected":false},"author":29,"featured_media":5008,"comment_status":"open","ping_status":"open","sticky":false,"template":"","format":"standard","meta":{"footnotes":""},"categories":[7],"tags":[1481,1484,1480,267,1483,1482],"global-categories":[],"class_list":["post-5972","post","type-post","status-publish","format-standard","has-post-thumbnail","hentry","category-carretera","tag-avances-del-ciclismo","tag-bartali-y-el-cambio-corsa","tag-bicicletas-historicas","tag-mecanica-bicicletas","tag-primer-cuadro-de-carbono","tag-primer-desviador-bicicleta"],"yoast_head":"<!-- This site is optimized with the Yoast SEO Premium plugin v25.3 (Yoast SEO v25.9) - https:\/\/yoast.com\/wordpress\/plugins\/seo\/ -->\n<title>Las bicicletas que cambiaron la historia del ciclismo - \u0160koda We Love Cycling - Spain<\/title>\n<meta name=\"description\" content=\"Las bicicletas que cambiaron la historia del ciclismo. Desde el primer desviador, al cambio corsa de Campagnolo para Bartali o la fibra de carbono.\" \/>\n<meta name=\"robots\" content=\"index, follow, max-snippet:-1, max-image-preview:large, max-video-preview:-1\" \/>\n<link rel=\"canonical\" href=\"https:\/\/www.welovecycling.com\/es\/2020\/03\/09\/bicicletas-cambiaron-historia-ciclismo\/\" \/>\n<meta property=\"og:locale\" content=\"es_ES\" \/>\n<meta property=\"og:type\" content=\"article\" \/>\n<meta property=\"og:title\" content=\"Las bicicletas que cambiaron la historia del ciclismo\" \/>\n<meta property=\"og:description\" content=\"Las bicicletas que cambiaron la historia del ciclismo. Desde el primer desviador, al cambio corsa de Campagnolo para Bartali o la fibra de carbono.\" \/>\n<meta property=\"og:url\" content=\"https:\/\/www.welovecycling.com\/es\/2020\/03\/09\/bicicletas-cambiaron-historia-ciclismo\/\" \/>\n<meta property=\"og:site_name\" content=\"\u0160koda We Love Cycling - Spain\" \/>\n<meta property=\"article:published_time\" content=\"2020-03-09T19:25:09+00:00\" \/>\n<meta property=\"og:image\" content=\"https:\/\/d2p6e6u75xmxt8.cloudfront.net\/6\/2019\/06\/profimedia-0067993549.jpg\" \/>\n\t<meta property=\"og:image:width\" content=\"1250\" \/>\n\t<meta property=\"og:image:height\" content=\"838\" \/>\n\t<meta property=\"og:image:type\" content=\"image\/jpeg\" \/>\n<meta name=\"author\" content=\"We Love Cycling Spain\" \/>\n<meta name=\"twitter:card\" content=\"summary_large_image\" \/>\n<meta name=\"twitter:title\" content=\"Las bicicletas que cambiaron la historia del ciclismo\" \/>\n<meta name=\"twitter:description\" content=\"Las bicicletas que cambiaron la historia del ciclismo. Desde el primer desviador, al cambio corsa de Campagnolo para Bartali o la fibra de carbono.\" \/>\n<meta name=\"twitter:label1\" content=\"Written by\" \/>\n\t<meta name=\"twitter:data1\" content=\"Christopher Ashley\" \/>\n\t<meta name=\"twitter:label2\" content=\"Est. reading time\" \/>\n\t<meta name=\"twitter:data2\" content=\"5\" \/>\n<script type=\"application\/ld+json\" class=\"yoast-schema-graph\">{\"@context\":\"https:\/\/schema.org\",\"@graph\":[{\"@type\":\"WebPage\",\"@id\":\"https:\/\/www.welovecycling.com\/es\/2020\/03\/09\/bicicletas-cambiaron-historia-ciclismo\/\",\"url\":\"https:\/\/www.welovecycling.com\/es\/2020\/03\/09\/bicicletas-cambiaron-historia-ciclismo\/\",\"name\":\"Las bicicletas que cambiaron la historia del ciclismo - \u0160koda We Love Cycling - Spain\",\"isPartOf\":{\"@id\":\"https:\/\/www.welovecycling.com\/es\/#website\"},\"primaryImageOfPage\":{\"@id\":\"https:\/\/www.welovecycling.com\/es\/2020\/03\/09\/bicicletas-cambiaron-historia-ciclismo\/#primaryimage\"},\"image\":{\"@id\":\"https:\/\/www.welovecycling.com\/es\/2020\/03\/09\/bicicletas-cambiaron-historia-ciclismo\/#primaryimage\"},\"thumbnailUrl\":\"https:\/\/d2p6e6u75xmxt8.cloudfront.net\/6\/2019\/06\/profimedia-0067993549.jpg\",\"datePublished\":\"2020-03-09T19:25:09+00:00\",\"author\":{\"@id\":\"https:\/\/www.welovecycling.com\/es\/#\/schema\/person\/deb61715b5812698ee79fb96f343ccd4\"},\"description\":\"Las bicicletas que cambiaron la historia del ciclismo. Desde el primer desviador, al cambio corsa de Campagnolo para Bartali o la fibra de carbono.\",\"breadcrumb\":{\"@id\":\"https:\/\/www.welovecycling.com\/es\/2020\/03\/09\/bicicletas-cambiaron-historia-ciclismo\/#breadcrumb\"},\"inLanguage\":\"es-ES\",\"potentialAction\":[{\"@type\":\"ReadAction\",\"target\":[\"https:\/\/www.welovecycling.com\/es\/2020\/03\/09\/bicicletas-cambiaron-historia-ciclismo\/\"]}]},{\"@type\":\"ImageObject\",\"inLanguage\":\"es-ES\",\"@id\":\"https:\/\/www.welovecycling.com\/es\/2020\/03\/09\/bicicletas-cambiaron-historia-ciclismo\/#primaryimage\",\"url\":\"https:\/\/d2p6e6u75xmxt8.cloudfront.net\/6\/2019\/06\/profimedia-0067993549.jpg\",\"contentUrl\":\"https:\/\/d2p6e6u75xmxt8.cloudfront.net\/6\/2019\/06\/profimedia-0067993549.jpg\",\"width\":1250,\"height\":838,\"caption\":\"L'italien Gino Bartali grimpe le Col du Galibier, le 7 juillet 1939, lors de la 7\u00e8me \u00e9tape du Tour de France entre Aix-les-Bains et Grenoble., Image: 67993549, License: Rights-managed, Restrictions: , Model Release: no, Credit line: Profimedia, AFP\"},{\"@type\":\"BreadcrumbList\",\"@id\":\"https:\/\/www.welovecycling.com\/es\/2020\/03\/09\/bicicletas-cambiaron-historia-ciclismo\/#breadcrumb\",\"itemListElement\":[{\"@type\":\"ListItem\",\"position\":1,\"name\":\"Home\",\"item\":\"https:\/\/www.welovecycling.com\/es\/\"},{\"@type\":\"ListItem\",\"position\":2,\"name\":\"Las bicicletas que cambiaron la historia del ciclismo\"}]},{\"@type\":\"WebSite\",\"@id\":\"https:\/\/www.welovecycling.com\/es\/#website\",\"url\":\"https:\/\/www.welovecycling.com\/es\/\",\"name\":\"\u0160koda We Love Cycling - Spain\",\"description\":\"\u0160koda WeLoveCycling Spain\",\"potentialAction\":[{\"@type\":\"SearchAction\",\"target\":{\"@type\":\"EntryPoint\",\"urlTemplate\":\"https:\/\/www.welovecycling.com\/es\/?s={search_term_string}\"},\"query-input\":{\"@type\":\"PropertyValueSpecification\",\"valueRequired\":true,\"valueName\":\"search_term_string\"}}],\"inLanguage\":\"es-ES\"},{\"@type\":\"Person\",\"@id\":\"https:\/\/www.welovecycling.com\/es\/#\/schema\/person\/deb61715b5812698ee79fb96f343ccd4\",\"name\":\"We Love Cycling Spain\",\"image\":{\"@type\":\"ImageObject\",\"inLanguage\":\"es-ES\",\"@id\":\"https:\/\/www.welovecycling.com\/es\/#\/schema\/person\/image\/\",\"url\":\"https:\/\/secure.gravatar.com\/avatar\/c824b04e6df0e37a03219d0b6481672889df542894588964102459e46513159c?s=96&d=mm&r=g\",\"contentUrl\":\"https:\/\/secure.gravatar.com\/avatar\/c824b04e6df0e37a03219d0b6481672889df542894588964102459e46513159c?s=96&d=mm&r=g\",\"caption\":\"We Love Cycling Spain\"},\"url\":\"https:\/\/www.welovecycling.com\/es\/author\/amunoz\/\"}]}<\/script>\n<!-- \/ Yoast SEO Premium plugin. -->","yoast_head_json":{"title":"Las bicicletas que cambiaron la historia del ciclismo - \u0160koda We Love Cycling - Spain","description":"Las bicicletas que cambiaron la historia del ciclismo. Desde el primer desviador, al cambio corsa de Campagnolo para Bartali o la fibra de carbono.","robots":{"index":"index","follow":"follow","max-snippet":"max-snippet:-1","max-image-preview":"max-image-preview:large","max-video-preview":"max-video-preview:-1"},"canonical":"https:\/\/www.welovecycling.com\/es\/2020\/03\/09\/bicicletas-cambiaron-historia-ciclismo\/","og_locale":"es_ES","og_type":"article","og_title":"Las bicicletas que cambiaron la historia del ciclismo","og_description":"Las bicicletas que cambiaron la historia del ciclismo. Desde el primer desviador, al cambio corsa de Campagnolo para Bartali o la fibra de carbono.","og_url":"https:\/\/www.welovecycling.com\/es\/2020\/03\/09\/bicicletas-cambiaron-historia-ciclismo\/","og_site_name":"\u0160koda We Love Cycling - Spain","article_published_time":"2020-03-09T19:25:09+00:00","og_image":[{"width":1250,"height":838,"url":"https:\/\/d2p6e6u75xmxt8.cloudfront.net\/6\/2019\/06\/profimedia-0067993549.jpg","type":"image\/jpeg"}],"author":"We Love Cycling Spain","twitter_card":"summary_large_image","twitter_title":"Las bicicletas que cambiaron la historia del ciclismo","twitter_description":"Las bicicletas que cambiaron la historia del ciclismo. Desde el primer desviador, al cambio corsa de Campagnolo para Bartali o la fibra de carbono.","twitter_misc":{"Written by":"Christopher Ashley","Est. reading time":"5"},"schema":{"@context":"https:\/\/schema.org","@graph":[{"@type":"WebPage","@id":"https:\/\/www.welovecycling.com\/es\/2020\/03\/09\/bicicletas-cambiaron-historia-ciclismo\/","url":"https:\/\/www.welovecycling.com\/es\/2020\/03\/09\/bicicletas-cambiaron-historia-ciclismo\/","name":"Las bicicletas que cambiaron la historia del ciclismo - \u0160koda We Love Cycling - Spain","isPartOf":{"@id":"https:\/\/www.welovecycling.com\/es\/#website"},"primaryImageOfPage":{"@id":"https:\/\/www.welovecycling.com\/es\/2020\/03\/09\/bicicletas-cambiaron-historia-ciclismo\/#primaryimage"},"image":{"@id":"https:\/\/www.welovecycling.com\/es\/2020\/03\/09\/bicicletas-cambiaron-historia-ciclismo\/#primaryimage"},"thumbnailUrl":"https:\/\/d2p6e6u75xmxt8.cloudfront.net\/6\/2019\/06\/profimedia-0067993549.jpg","datePublished":"2020-03-09T19:25:09+00:00","author":{"@id":"https:\/\/www.welovecycling.com\/es\/#\/schema\/person\/deb61715b5812698ee79fb96f343ccd4"},"description":"Las bicicletas que cambiaron la historia del ciclismo. Desde el primer desviador, al cambio corsa de Campagnolo para Bartali o la fibra de carbono.","breadcrumb":{"@id":"https:\/\/www.welovecycling.com\/es\/2020\/03\/09\/bicicletas-cambiaron-historia-ciclismo\/#breadcrumb"},"inLanguage":"es-ES","potentialAction":[{"@type":"ReadAction","target":["https:\/\/www.welovecycling.com\/es\/2020\/03\/09\/bicicletas-cambiaron-historia-ciclismo\/"]}]},{"@type":"ImageObject","inLanguage":"es-ES","@id":"https:\/\/www.welovecycling.com\/es\/2020\/03\/09\/bicicletas-cambiaron-historia-ciclismo\/#primaryimage","url":"https:\/\/d2p6e6u75xmxt8.cloudfront.net\/6\/2019\/06\/profimedia-0067993549.jpg","contentUrl":"https:\/\/d2p6e6u75xmxt8.cloudfront.net\/6\/2019\/06\/profimedia-0067993549.jpg","width":1250,"height":838,"caption":"L'italien Gino Bartali grimpe le Col du Galibier, le 7 juillet 1939, lors de la 7\u00e8me \u00e9tape du Tour de France entre Aix-les-Bains et Grenoble., Image: 67993549, License: Rights-managed, Restrictions: , Model Release: no, Credit line: Profimedia, AFP"},{"@type":"BreadcrumbList","@id":"https:\/\/www.welovecycling.com\/es\/2020\/03\/09\/bicicletas-cambiaron-historia-ciclismo\/#breadcrumb","itemListElement":[{"@type":"ListItem","position":1,"name":"Home","item":"https:\/\/www.welovecycling.com\/es\/"},{"@type":"ListItem","position":2,"name":"Las bicicletas que cambiaron la historia del ciclismo"}]},{"@type":"WebSite","@id":"https:\/\/www.welovecycling.com\/es\/#website","url":"https:\/\/www.welovecycling.com\/es\/","name":"\u0160koda We Love Cycling - Spain","description":"\u0160koda WeLoveCycling Spain","potentialAction":[{"@type":"SearchAction","target":{"@type":"EntryPoint","urlTemplate":"https:\/\/www.welovecycling.com\/es\/?s={search_term_string}"},"query-input":{"@type":"PropertyValueSpecification","valueRequired":true,"valueName":"search_term_string"}}],"inLanguage":"es-ES"},{"@type":"Person","@id":"https:\/\/www.welovecycling.com\/es\/#\/schema\/person\/deb61715b5812698ee79fb96f343ccd4","name":"We Love Cycling Spain","image":{"@type":"ImageObject","inLanguage":"es-ES","@id":"https:\/\/www.welovecycling.com\/es\/#\/schema\/person\/image\/","url":"https:\/\/secure.gravatar.com\/avatar\/c824b04e6df0e37a03219d0b6481672889df542894588964102459e46513159c?s=96&d=mm&r=g","contentUrl":"https:\/\/secure.gravatar.com\/avatar\/c824b04e6df0e37a03219d0b6481672889df542894588964102459e46513159c?s=96&d=mm&r=g","caption":"We Love Cycling Spain"},"url":"https:\/\/www.welovecycling.com\/es\/author\/amunoz\/"}]}},"_links":{"self":[{"href":"https:\/\/www.welovecycling.com\/es\/wp-json\/wp\/v2\/posts\/5972","targetHints":{"allow":["GET"]}}],"collection":[{"href":"https:\/\/www.welovecycling.com\/es\/wp-json\/wp\/v2\/posts"}],"about":[{"href":"https:\/\/www.welovecycling.com\/es\/wp-json\/wp\/v2\/types\/post"}],"author":[{"embeddable":true,"href":"https:\/\/www.welovecycling.com\/es\/wp-json\/wp\/v2\/users\/29"}],"replies":[{"embeddable":true,"href":"https:\/\/www.welovecycling.com\/es\/wp-json\/wp\/v2\/comments?post=5972"}],"version-history":[{"count":1,"href":"https:\/\/www.welovecycling.com\/es\/wp-json\/wp\/v2\/posts\/5972\/revisions"}],"predecessor-version":[{"id":5981,"href":"https:\/\/www.welovecycling.com\/es\/wp-json\/wp\/v2\/posts\/5972\/revisions\/5981"}],"wp:featuredmedia":[{"embeddable":true,"href":"https:\/\/www.welovecycling.com\/es\/wp-json\/wp\/v2\/media\/5008"}],"wp:attachment":[{"href":"https:\/\/www.welovecycling.com\/es\/wp-json\/wp\/v2\/media?parent=5972"}],"wp:term":[{"taxonomy":"category","embeddable":true,"href":"https:\/\/www.welovecycling.com\/es\/wp-json\/wp\/v2\/categories?post=5972"},{"taxonomy":"post_tag","embeddable":true,"href":"https:\/\/www.welovecycling.com\/es\/wp-json\/wp\/v2\/tags?post=5972"},{"taxonomy":"global-categories","embeddable":true,"href":"https:\/\/www.welovecycling.com\/es\/wp-json\/wp\/v2\/global-categories?post=5972"}],"curies":[{"name":"wp","href":"https:\/\/api.w.org\/{rel}","templated":true}]}}