{"id":5942,"date":"2020-02-28T21:35:12","date_gmt":"2020-02-28T19:35:12","guid":{"rendered":"https:\/\/www.welovecycling.com\/es\/?p=5942"},"modified":"2020-02-28T21:35:12","modified_gmt":"2020-02-28T19:35:12","slug":"el-ciclocross-pasion-en-flandes","status":"publish","type":"post","link":"https:\/\/www.welovecycling.com\/es\/2020\/02\/28\/el-ciclocross-pasion-en-flandes\/","title":{"rendered":"El ciclocross, pasi\u00f3n en Flandes"},"content":{"rendered":"<p><strong>En la regi\u00f3n belga de Flandes cualquier cosa que huela a ciclismo aglutina masas. Es el deporte nacional y no solo el de carretera, como se podr\u00eda pensar. All\u00ed se sigue con la misma pasi\u00f3n el Tour de Flandes, el Giro de Italia, que los 6 d\u00edas de Gante de pista o toda la temporada de ciclocross. Las razones, pues voy a intentar desentra\u00f1arlas.<\/strong><\/p>\n<p><!--more--><\/p>\n<p>El ciclismo siempre <strong>ha sido una referencia en Flandes<\/strong>, pero claro, con la llegada del invierno, del fr\u00edo y de la lluvia muchas de sus carreteras y zonas de adoquines se convert\u00edan en aut\u00e9nticas pistas de barro. Los inviernos de Flandes comienzan en octubre y acaban pasado marzo y eran demasiados meses sin poder entrenar en bici de carretera, por eso el ciclista <strong>profesional y aficionado de Flandes<\/strong> se hizo una competici\u00f3n a medida.<\/p>\n<p>Como el terreno estaba embarrado, pues bicicletas de carretera con tacos (muchos a\u00f1os antes de la invenci\u00f3n del MTB) y carreras cortas, de no m\u00e1s de dos horas, para que el ciclista y el aficionado no pasara demasiado fr\u00edo, y en circuito, claro, <strong>igual que los Criterium que en el verano reun\u00edan a los ciclistas despu\u00e9s del Tour.<\/strong> Una opci\u00f3n m\u00e1s a las carreras de pista al estilo de los 6 d\u00edas de Gante y que permit\u00eda a los aficionados seguir teniendo ciclismo en invierno y a los profesionales no perder la forma antes de carreras tan importantes para ellos como la Het Volk de finales de febrero o el Tour de Flandes de principios de abril. Eso si, la afici\u00f3n y los inicios los compartieron con el norte de Francia, con un clima y condiciones similares.<\/p>\n<div class=\"embed-controller-wrapper\">\n<div class=\"embed-wrapper\"><iframe title=\"FULL REPLAY: Koksijde Telenet UCI World Cup Men&#039;s &amp; Women&#039;s Races | GCN Racing\" width=\"500\" height=\"281\" data-src=\"https:\/\/www.youtube.com\/embed\/ezSdnvIHkOg?start=2491&#038;feature=oembed&#038;t=2491&#038;enablejsapi=1\" frameborder=\"0\" allow=\"accelerometer; autoplay; clipboard-write; encrypted-media; gyroscope; picture-in-picture; web-share\" referrerpolicy=\"strict-origin-when-cross-origin\" allowfullscreen><\/iframe><\/div>\n<\/div>\n<p>Desde su nacimiento como disciplina en los Mundiales en 1950 han conseguido 30 medallas de oro, por 10 de Francia, y eso que no comenzaron a sumar hasta 1968 con el m\u00edtico Eric De Vlaeminck, que gan\u00f3 siete. Y si miramos los \u00faltimos <strong>25 a\u00f1os solo Stybar, Lars Boom y Van der Poel<\/strong> (de padre belga aunque nacionalidad holandesa) han conseguido ganar un oro sin llevar el maillot de la selecci\u00f3n belga. No en vano, desde 1997 siempre ha habido un belga en el podio del Mundial masculino.<\/p>\n<p>Adem\u00e1s, como suelen ser un \u00e9xito de p\u00fablico, los<strong> Mundiales cada cuatro o cinco a\u00f1o<\/strong>s se celebra en Flandes. Y cuando se celebran en alg\u00fan pais cercano la afici\u00f3n m\u00e1s numerosa suele ser la suya, con las banderas amarillas y le\u00f3n rampante.<\/p>\n<div class=\"embed-controller-wrapper\">\n<div class=\"embed-wrapper\"><iframe title=\"Highlights Cyclocross DVV Trophy Koppenbergcross - Round #2 2017\/18 Men Elite HD\" width=\"500\" height=\"281\" data-src=\"https:\/\/www.youtube.com\/embed\/xKIJihaR80M?feature=oembed\" frameborder=\"0\" allow=\"accelerometer; autoplay; clipboard-write; encrypted-media; gyroscope; picture-in-picture; web-share\" referrerpolicy=\"strict-origin-when-cross-origin\" allowfullscreen><\/iframe><\/div>\n<\/div>\n<p>En Flandes el ciclocross se ha convertido en una <strong>atracci\u00f3n m\u00e1s para los aficionados, que copan las cunetas con su cerveza, igual que en el Tour de Flandes,<\/strong> para vivir las carreras a pie de barro. Da igual que haya dos grados bajo cero y est\u00e9 lloviendo. Siempre hay p\u00fablico con botas de agua animando. Una fiesta de fin de semana para un pa\u00eds que se desplaza en bicicleta a diario. Aderezada con <strong>cerveza, la bebida nacional<\/strong>, y m\u00fasica en muchos casos.<\/p>\n<p>Tal es el ambiente que de la Copa del Mundo de 2019\/2020, la prueba m\u00e1s importante despu\u00e9s del Mundial, de las nueve pruebas que la componen tres se disputaron en <strong>B\u00e9lgica\u00a0Koksijde,\u00a0Namur y Zolder<\/strong>.\u00a0 La siguiente es el Superprestigio, con nueve carreras que se disputan todas en B\u00e9lgica, al igual que el Trofeo DVV con otras ocho pruebas belgas. As\u00ed que desde mediados de octubre hasta mediados de febrero raro es el fin de semana que no hay una carrera de ciclocross en Flandes o alrededores.<\/p>\n<p>Pero esa afici\u00f3n tambi\u00e9n est\u00e1 apoyada desde abajo con las escuelas de ciclismo. La mayor\u00eda en invierno lleva a los ni\u00f1os a hacer ciclocross e incluso hay algunas especializadas en la materia, como la del m\u00edtico <strong>Sven Nijs<\/strong>, que es una aut\u00e9ntica celebridad en Flandes, casi a la altura de Tom Boonen.<\/p>\n","protected":false},"excerpt":{"rendered":"<p>En la regi\u00f3n belga de Flandes cualquier cosa que huela a ciclismo aglutina masas. Es el deporte nacional y no [&hellip;]<\/p>\n","protected":false},"author":29,"featured_media":5945,"comment_status":"open","ping_status":"open","sticky":false,"template":"","format":"standard","meta":{"footnotes":""},"categories":[9],"tags":[751,1465,1466],"global-categories":[1164],"class_list":["post-5942","post","type-post","status-publish","format-standard","has-post-thumbnail","hentry","category-mtb-aventura","tag-ciclocross","tag-ciclocross-belgica","tag-ciclocross-flandes","global-categories-cycling"],"yoast_head":"<!-- This site is optimized with the Yoast SEO Premium plugin v25.3 (Yoast SEO v25.9) - https:\/\/yoast.com\/wordpress\/plugins\/seo\/ -->\n<title>El ciclocross, pasi\u00f3n en Flandes - \u0160koda We Love Cycling - Spain<\/title>\n<meta name=\"description\" content=\"El ciclocross, pasi\u00f3n en Flandes. Las razones por las que el ciclocross se vive como una religi\u00f3n ciclista de barro en Flandes.\" \/>\n<meta name=\"robots\" content=\"index, follow, max-snippet:-1, max-image-preview:large, max-video-preview:-1\" \/>\n<link rel=\"canonical\" href=\"https:\/\/www.welovecycling.com\/es\/2020\/02\/28\/el-ciclocross-pasion-en-flandes\/\" \/>\n<meta property=\"og:locale\" content=\"es_ES\" \/>\n<meta property=\"og:type\" content=\"article\" \/>\n<meta property=\"og:title\" content=\"El ciclocross, pasi\u00f3n en Flandes\" \/>\n<meta property=\"og:description\" content=\"El ciclocross, pasi\u00f3n en Flandes. Las razones por las que el ciclocross se vive como una religi\u00f3n ciclista de barro en Flandes.\" \/>\n<meta property=\"og:url\" content=\"https:\/\/www.welovecycling.com\/es\/2020\/02\/28\/el-ciclocross-pasion-en-flandes\/\" \/>\n<meta property=\"og:site_name\" content=\"\u0160koda We Love Cycling - Spain\" \/>\n<meta property=\"article:published_time\" content=\"2020-02-28T19:35:12+00:00\" \/>\n<meta property=\"og:image\" content=\"https:\/\/d2p6e6u75xmxt8.cloudfront.net\/6\/2020\/02\/Ciclocross.jpg\" \/>\n\t<meta property=\"og:image:width\" content=\"1280\" \/>\n\t<meta property=\"og:image:height\" content=\"720\" \/>\n\t<meta property=\"og:image:type\" content=\"image\/jpeg\" \/>\n<meta name=\"author\" content=\"We Love Cycling Spain\" \/>\n<meta name=\"twitter:card\" content=\"summary_large_image\" \/>\n<meta name=\"twitter:title\" content=\"El ciclocross, pasi\u00f3n en Flandes\" \/>\n<meta name=\"twitter:description\" content=\"El ciclocross, pasi\u00f3n en Flandes. Las razones por las que el ciclocross se vive como una religi\u00f3n ciclista de barro en Flandes.\" \/>\n<meta name=\"twitter:label1\" content=\"Written by\" \/>\n\t<meta name=\"twitter:data1\" content=\"Luis Ortega @ciclored\" \/>\n\t<meta name=\"twitter:label2\" content=\"Est. reading time\" \/>\n\t<meta name=\"twitter:data2\" content=\"3 minutes\" \/>\n<script type=\"application\/ld+json\" class=\"yoast-schema-graph\">{\"@context\":\"https:\/\/schema.org\",\"@graph\":[{\"@type\":\"WebPage\",\"@id\":\"https:\/\/www.welovecycling.com\/es\/2020\/02\/28\/el-ciclocross-pasion-en-flandes\/\",\"url\":\"https:\/\/www.welovecycling.com\/es\/2020\/02\/28\/el-ciclocross-pasion-en-flandes\/\",\"name\":\"El ciclocross, pasi\u00f3n en Flandes - \u0160koda We Love Cycling - Spain\",\"isPartOf\":{\"@id\":\"https:\/\/www.welovecycling.com\/es\/#website\"},\"primaryImageOfPage\":{\"@id\":\"https:\/\/www.welovecycling.com\/es\/2020\/02\/28\/el-ciclocross-pasion-en-flandes\/#primaryimage\"},\"image\":{\"@id\":\"https:\/\/www.welovecycling.com\/es\/2020\/02\/28\/el-ciclocross-pasion-en-flandes\/#primaryimage\"},\"thumbnailUrl\":\"https:\/\/d2p6e6u75xmxt8.cloudfront.net\/6\/2020\/02\/Ciclocross.jpg\",\"datePublished\":\"2020-02-28T19:35:12+00:00\",\"author\":{\"@id\":\"https:\/\/www.welovecycling.com\/es\/#\/schema\/person\/deb61715b5812698ee79fb96f343ccd4\"},\"description\":\"El ciclocross, pasi\u00f3n en Flandes. Las razones por las que el ciclocross se vive como una religi\u00f3n ciclista de barro en Flandes.\",\"breadcrumb\":{\"@id\":\"https:\/\/www.welovecycling.com\/es\/2020\/02\/28\/el-ciclocross-pasion-en-flandes\/#breadcrumb\"},\"inLanguage\":\"es-ES\",\"potentialAction\":[{\"@type\":\"ReadAction\",\"target\":[\"https:\/\/www.welovecycling.com\/es\/2020\/02\/28\/el-ciclocross-pasion-en-flandes\/\"]}]},{\"@type\":\"ImageObject\",\"inLanguage\":\"es-ES\",\"@id\":\"https:\/\/www.welovecycling.com\/es\/2020\/02\/28\/el-ciclocross-pasion-en-flandes\/#primaryimage\",\"url\":\"https:\/\/d2p6e6u75xmxt8.cloudfront.net\/6\/2020\/02\/Ciclocross.jpg\",\"contentUrl\":\"https:\/\/d2p6e6u75xmxt8.cloudfront.net\/6\/2020\/02\/Ciclocross.jpg\",\"width\":1280,\"height\":720},{\"@type\":\"BreadcrumbList\",\"@id\":\"https:\/\/www.welovecycling.com\/es\/2020\/02\/28\/el-ciclocross-pasion-en-flandes\/#breadcrumb\",\"itemListElement\":[{\"@type\":\"ListItem\",\"position\":1,\"name\":\"Home\",\"item\":\"https:\/\/www.welovecycling.com\/es\/\"},{\"@type\":\"ListItem\",\"position\":2,\"name\":\"El ciclocross, pasi\u00f3n en Flandes\"}]},{\"@type\":\"WebSite\",\"@id\":\"https:\/\/www.welovecycling.com\/es\/#website\",\"url\":\"https:\/\/www.welovecycling.com\/es\/\",\"name\":\"\u0160koda We Love Cycling - Spain\",\"description\":\"\u0160koda WeLoveCycling Spain\",\"potentialAction\":[{\"@type\":\"SearchAction\",\"target\":{\"@type\":\"EntryPoint\",\"urlTemplate\":\"https:\/\/www.welovecycling.com\/es\/?s={search_term_string}\"},\"query-input\":{\"@type\":\"PropertyValueSpecification\",\"valueRequired\":true,\"valueName\":\"search_term_string\"}}],\"inLanguage\":\"es-ES\"},{\"@type\":\"Person\",\"@id\":\"https:\/\/www.welovecycling.com\/es\/#\/schema\/person\/deb61715b5812698ee79fb96f343ccd4\",\"name\":\"We Love Cycling Spain\",\"image\":{\"@type\":\"ImageObject\",\"inLanguage\":\"es-ES\",\"@id\":\"https:\/\/www.welovecycling.com\/es\/#\/schema\/person\/image\/\",\"url\":\"https:\/\/secure.gravatar.com\/avatar\/c824b04e6df0e37a03219d0b6481672889df542894588964102459e46513159c?s=96&d=mm&r=g\",\"contentUrl\":\"https:\/\/secure.gravatar.com\/avatar\/c824b04e6df0e37a03219d0b6481672889df542894588964102459e46513159c?s=96&d=mm&r=g\",\"caption\":\"We Love Cycling Spain\"},\"url\":\"https:\/\/www.welovecycling.com\/es\/author\/amunoz\/\"}]}<\/script>\n<!-- \/ Yoast SEO Premium plugin. -->","yoast_head_json":{"title":"El ciclocross, pasi\u00f3n en Flandes - \u0160koda We Love Cycling - Spain","description":"El ciclocross, pasi\u00f3n en Flandes. Las razones por las que el ciclocross se vive como una religi\u00f3n ciclista de barro en Flandes.","robots":{"index":"index","follow":"follow","max-snippet":"max-snippet:-1","max-image-preview":"max-image-preview:large","max-video-preview":"max-video-preview:-1"},"canonical":"https:\/\/www.welovecycling.com\/es\/2020\/02\/28\/el-ciclocross-pasion-en-flandes\/","og_locale":"es_ES","og_type":"article","og_title":"El ciclocross, pasi\u00f3n en Flandes","og_description":"El ciclocross, pasi\u00f3n en Flandes. Las razones por las que el ciclocross se vive como una religi\u00f3n ciclista de barro en Flandes.","og_url":"https:\/\/www.welovecycling.com\/es\/2020\/02\/28\/el-ciclocross-pasion-en-flandes\/","og_site_name":"\u0160koda We Love Cycling - Spain","article_published_time":"2020-02-28T19:35:12+00:00","og_image":[{"width":1280,"height":720,"url":"https:\/\/d2p6e6u75xmxt8.cloudfront.net\/6\/2020\/02\/Ciclocross.jpg","type":"image\/jpeg"}],"author":"We Love Cycling Spain","twitter_card":"summary_large_image","twitter_title":"El ciclocross, pasi\u00f3n en Flandes","twitter_description":"El ciclocross, pasi\u00f3n en Flandes. Las razones por las que el ciclocross se vive como una religi\u00f3n ciclista de barro en Flandes.","twitter_misc":{"Written by":"Luis Ortega @ciclored","Est. reading time":"3 minutes"},"schema":{"@context":"https:\/\/schema.org","@graph":[{"@type":"WebPage","@id":"https:\/\/www.welovecycling.com\/es\/2020\/02\/28\/el-ciclocross-pasion-en-flandes\/","url":"https:\/\/www.welovecycling.com\/es\/2020\/02\/28\/el-ciclocross-pasion-en-flandes\/","name":"El ciclocross, pasi\u00f3n en Flandes - \u0160koda We Love Cycling - Spain","isPartOf":{"@id":"https:\/\/www.welovecycling.com\/es\/#website"},"primaryImageOfPage":{"@id":"https:\/\/www.welovecycling.com\/es\/2020\/02\/28\/el-ciclocross-pasion-en-flandes\/#primaryimage"},"image":{"@id":"https:\/\/www.welovecycling.com\/es\/2020\/02\/28\/el-ciclocross-pasion-en-flandes\/#primaryimage"},"thumbnailUrl":"https:\/\/d2p6e6u75xmxt8.cloudfront.net\/6\/2020\/02\/Ciclocross.jpg","datePublished":"2020-02-28T19:35:12+00:00","author":{"@id":"https:\/\/www.welovecycling.com\/es\/#\/schema\/person\/deb61715b5812698ee79fb96f343ccd4"},"description":"El ciclocross, pasi\u00f3n en Flandes. Las razones por las que el ciclocross se vive como una religi\u00f3n ciclista de barro en Flandes.","breadcrumb":{"@id":"https:\/\/www.welovecycling.com\/es\/2020\/02\/28\/el-ciclocross-pasion-en-flandes\/#breadcrumb"},"inLanguage":"es-ES","potentialAction":[{"@type":"ReadAction","target":["https:\/\/www.welovecycling.com\/es\/2020\/02\/28\/el-ciclocross-pasion-en-flandes\/"]}]},{"@type":"ImageObject","inLanguage":"es-ES","@id":"https:\/\/www.welovecycling.com\/es\/2020\/02\/28\/el-ciclocross-pasion-en-flandes\/#primaryimage","url":"https:\/\/d2p6e6u75xmxt8.cloudfront.net\/6\/2020\/02\/Ciclocross.jpg","contentUrl":"https:\/\/d2p6e6u75xmxt8.cloudfront.net\/6\/2020\/02\/Ciclocross.jpg","width":1280,"height":720},{"@type":"BreadcrumbList","@id":"https:\/\/www.welovecycling.com\/es\/2020\/02\/28\/el-ciclocross-pasion-en-flandes\/#breadcrumb","itemListElement":[{"@type":"ListItem","position":1,"name":"Home","item":"https:\/\/www.welovecycling.com\/es\/"},{"@type":"ListItem","position":2,"name":"El ciclocross, pasi\u00f3n en Flandes"}]},{"@type":"WebSite","@id":"https:\/\/www.welovecycling.com\/es\/#website","url":"https:\/\/www.welovecycling.com\/es\/","name":"\u0160koda We Love Cycling - Spain","description":"\u0160koda WeLoveCycling Spain","potentialAction":[{"@type":"SearchAction","target":{"@type":"EntryPoint","urlTemplate":"https:\/\/www.welovecycling.com\/es\/?s={search_term_string}"},"query-input":{"@type":"PropertyValueSpecification","valueRequired":true,"valueName":"search_term_string"}}],"inLanguage":"es-ES"},{"@type":"Person","@id":"https:\/\/www.welovecycling.com\/es\/#\/schema\/person\/deb61715b5812698ee79fb96f343ccd4","name":"We Love Cycling Spain","image":{"@type":"ImageObject","inLanguage":"es-ES","@id":"https:\/\/www.welovecycling.com\/es\/#\/schema\/person\/image\/","url":"https:\/\/secure.gravatar.com\/avatar\/c824b04e6df0e37a03219d0b6481672889df542894588964102459e46513159c?s=96&d=mm&r=g","contentUrl":"https:\/\/secure.gravatar.com\/avatar\/c824b04e6df0e37a03219d0b6481672889df542894588964102459e46513159c?s=96&d=mm&r=g","caption":"We Love Cycling Spain"},"url":"https:\/\/www.welovecycling.com\/es\/author\/amunoz\/"}]}},"_links":{"self":[{"href":"https:\/\/www.welovecycling.com\/es\/wp-json\/wp\/v2\/posts\/5942","targetHints":{"allow":["GET"]}}],"collection":[{"href":"https:\/\/www.welovecycling.com\/es\/wp-json\/wp\/v2\/posts"}],"about":[{"href":"https:\/\/www.welovecycling.com\/es\/wp-json\/wp\/v2\/types\/post"}],"author":[{"embeddable":true,"href":"https:\/\/www.welovecycling.com\/es\/wp-json\/wp\/v2\/users\/29"}],"replies":[{"embeddable":true,"href":"https:\/\/www.welovecycling.com\/es\/wp-json\/wp\/v2\/comments?post=5942"}],"version-history":[{"count":1,"href":"https:\/\/www.welovecycling.com\/es\/wp-json\/wp\/v2\/posts\/5942\/revisions"}],"predecessor-version":[{"id":5946,"href":"https:\/\/www.welovecycling.com\/es\/wp-json\/wp\/v2\/posts\/5942\/revisions\/5946"}],"wp:featuredmedia":[{"embeddable":true,"href":"https:\/\/www.welovecycling.com\/es\/wp-json\/wp\/v2\/media\/5945"}],"wp:attachment":[{"href":"https:\/\/www.welovecycling.com\/es\/wp-json\/wp\/v2\/media?parent=5942"}],"wp:term":[{"taxonomy":"category","embeddable":true,"href":"https:\/\/www.welovecycling.com\/es\/wp-json\/wp\/v2\/categories?post=5942"},{"taxonomy":"post_tag","embeddable":true,"href":"https:\/\/www.welovecycling.com\/es\/wp-json\/wp\/v2\/tags?post=5942"},{"taxonomy":"global-categories","embeddable":true,"href":"https:\/\/www.welovecycling.com\/es\/wp-json\/wp\/v2\/global-categories?post=5942"}],"curies":[{"name":"wp","href":"https:\/\/api.w.org\/{rel}","templated":true}]}}