{"id":5933,"date":"2020-02-25T20:10:14","date_gmt":"2020-02-25T18:10:14","guid":{"rendered":"https:\/\/www.welovecycling.com\/es\/?p=5933"},"modified":"2020-02-25T20:14:32","modified_gmt":"2020-02-25T18:14:32","slug":"paradojas-vuelta-andalucia","status":"publish","type":"post","link":"https:\/\/www.welovecycling.com\/es\/2020\/02\/25\/paradojas-vuelta-andalucia\/","title":{"rendered":"Las paradojas de la Vuelta a Andaluc\u00eda"},"content":{"rendered":"<p><strong>Desde que apareci\u00f3 el nuevo World Tour el mes de febrero es uno en los que hay m\u00e1s pruebas por etapas al m\u00e1s alto nivel. En 2020 los equipos aprovechan este mes para empezar a probar la forma de sus corredores, no solo de los segundos espadas, sino de los l\u00edderes, que ahora mismo ya pelean por ganar carreras, cuando hace 20 a\u00f1os era imposible verlos en cabeza a las primeras de cambio.<\/strong><\/p>\n<p><!--more--><\/p>\n<p>La Vuelta a Andaluc\u00eda Rutas del Sol tambi\u00e9n ha sufrido este cambio nombres. En una semana en la que compet\u00eda con La Vuelta al Algarve portuguesa, el Tour Haut Var franc\u00e9s y el UAE Tour \u00e1rabe ha tenido a ocho equipos Pro Tour y nombres ilustres entre los primeros como <strong>Jakob Fuglsang, ganador de Lieja 19, o Mikel Landa<\/strong>. Lejos quedan aquellas ediciones con Stefano Della Santa como ganador, que luego no sol\u00eda brillar en el resto de la temporada.<br \/>\n<a href=\"https:\/\/d2p6e6u75xmxt8.cloudfront.net\/6\/2020\/02\/vuelta-andalucia-55.JPG.jpg\"><img loading=\"lazy\" decoding=\"async\" class=\"aligncenter size-large wp-image-5935\" src=\"https:\/\/d2p6e6u75xmxt8.cloudfront.net\/6\/2020\/02\/vuelta-andalucia-55.JPG-1024x490.jpg\" alt=\"\" width=\"1024\" height=\"490\" srcset=\"https:\/\/d2p6e6u75xmxt8.cloudfront.net\/6\/2020\/02\/vuelta-andalucia-55.JPG-1024x490.jpg 1024w, https:\/\/d2p6e6u75xmxt8.cloudfront.net\/6\/2020\/02\/vuelta-andalucia-55.JPG-300x144.jpg 300w, https:\/\/d2p6e6u75xmxt8.cloudfront.net\/6\/2020\/02\/vuelta-andalucia-55.JPG-768x367.jpg 768w, https:\/\/d2p6e6u75xmxt8.cloudfront.net\/6\/2020\/02\/vuelta-andalucia-55.JPG.jpg 1200w\" sizes=\"auto, (max-width: 1024px) 100vw, 1024px\" \/><\/a><\/p>\n<p>Lo que tambi\u00e9n se ve en la Vuelta a Andaluc\u00eda es la diferencia de presupuesto entre unos equipos y otros y lo que implica. Desde los World Tour, con autobuses para cambiarse de ropa antes de la salida y ducharse al llegar a meta, entre otras comodidades, a los equipos peque\u00f1os continentales que se tienen que<strong> &#8216;apa\u00f1ar&#8217; con una furgoneta para llevar las bicicletas y una autocaravana multiusos<\/strong>. La ventaja, que al menos en Andaluc\u00eda hizo unos d\u00edas perfectos de sol y calor y los directores pod\u00edan dar la charla en la calle con los ciclistas sentados en sillas de camping.<\/p>\n<p>En la Vuelta a Andaluc\u00eda tambi\u00e9n se dio una paradoja, competici\u00f3n y entrenamientos en el mismo terreno, incluso equipos que ten\u00edan las dos versiones. Sucedi\u00f3 con el <strong>Mitchelton Scott<\/strong> en la etapa de Granada. Mientras una parte de la infraestructura estaba protegiendo las opciones de podio de <strong>Jack Haig<\/strong>, otra parte segu\u00eda concentrada en el Hotel Guerra en Sierra Nevada con <strong>Simon Yates<\/strong> pensando en lo que resta de temporada.<\/p>\n<p><a href=\"https:\/\/d2p6e6u75xmxt8.cloudfront.net\/6\/2020\/02\/vuelta-andalucia-30.JPG.jpg\"><img loading=\"lazy\" decoding=\"async\" class=\"aligncenter size-large wp-image-5936\" src=\"https:\/\/d2p6e6u75xmxt8.cloudfront.net\/6\/2020\/02\/vuelta-andalucia-30.JPG-1024x644.jpg\" alt=\"\" width=\"1024\" height=\"644\" srcset=\"https:\/\/d2p6e6u75xmxt8.cloudfront.net\/6\/2020\/02\/vuelta-andalucia-30.JPG-1024x644.jpg 1024w, https:\/\/d2p6e6u75xmxt8.cloudfront.net\/6\/2020\/02\/vuelta-andalucia-30.JPG-300x189.jpg 300w, https:\/\/d2p6e6u75xmxt8.cloudfront.net\/6\/2020\/02\/vuelta-andalucia-30.JPG-768x483.jpg 768w, https:\/\/d2p6e6u75xmxt8.cloudfront.net\/6\/2020\/02\/vuelta-andalucia-30.JPG.jpg 1200w\" sizes=\"auto, (max-width: 1024px) 100vw, 1024px\" \/><\/a><\/p>\n<p>El Bora, por ejemplo, no lleg\u00f3 a participar en la ronda andaluza, pero varios de sus ciclistas llevan una semana entrenando en altura en Sierra Nevada, igual que hizo hace poco <strong>Tadej Pogacar y el UAE, y a donde ha ido Remco Evenepoel<\/strong> despu\u00e9s de su \u00e9xito en La Vuelta al Algarve.<\/p>\n<p>En Andaluc\u00eda tambi\u00e9n se vieron las Pinarello F12 disc, no las del Team Ineos, el principal equipo de la marca, que todav\u00eda sigue utilizando zapatas, sino las del modesto <a href=\"https:\/\/riwalcyclingteam.dk\/\">Riwal Readynez dan\u00e9s<\/a>, que comparte con los ingleses proveedor de bicicletas, pero con un presupuesto m\u00e1s de 10 veces inferior. Tambi\u00e9n las<strong> KTM<\/strong> del B&amp;B Vital Concept, una marca que llevaba tiempo sin acercarse al m\u00e1ximo nivel del ciclismo. O tres equipos compartiendo marca, las Canyon disc de Movistar, Arkea y Alpecin. Y tambi\u00e9n las <strong>cadenas con los colores del equipo<\/strong>, como la verde de las De Rosa del Caja Rural.<\/p>\n<p><a href=\"https:\/\/d2p6e6u75xmxt8.cloudfront.net\/6\/2020\/02\/vuelta-andalucia-8.JPG.jpg\"><img loading=\"lazy\" decoding=\"async\" class=\"aligncenter size-large wp-image-5938\" src=\"https:\/\/d2p6e6u75xmxt8.cloudfront.net\/6\/2020\/02\/vuelta-andalucia-8.JPG-1024x768.jpg\" alt=\"\" width=\"1024\" height=\"768\" srcset=\"https:\/\/d2p6e6u75xmxt8.cloudfront.net\/6\/2020\/02\/vuelta-andalucia-8.JPG-1024x768.jpg 1024w, https:\/\/d2p6e6u75xmxt8.cloudfront.net\/6\/2020\/02\/vuelta-andalucia-8.JPG-300x225.jpg 300w, https:\/\/d2p6e6u75xmxt8.cloudfront.net\/6\/2020\/02\/vuelta-andalucia-8.JPG-768x576.jpg 768w, https:\/\/d2p6e6u75xmxt8.cloudfront.net\/6\/2020\/02\/vuelta-andalucia-8.JPG.jpg 1067w\" sizes=\"auto, (max-width: 1024px) 100vw, 1024px\" \/><\/a><\/p>\n<p>Y como no, el resurgir de <strong>Mikel Landa<\/strong> despu\u00e9s de una temporada m\u00e1s oscura que otras. Con un nivel recuperado de alta monta\u00f1a solo superado por Fuglsang. Y eso de que el \u00faltimo repecho despu\u00e9s de coronar Monachil hace mucho da\u00f1o. Lo sufri\u00f3 <strong>Ion Izaguirre<\/strong>, que pas\u00f3 de estar a 10 metros de coronar con el grupo de cabeza a perder contacto definitivo y cualquier opci\u00f3n de victoria. Lo mismo que le sucedi\u00f3 al americano McNulty.<\/p>\n<p>Tambi\u00e9n fue para muchos la \u00faltima prueba con calor antes de meterse en la temporada del fr\u00edo.<strong> Circus Wanty, Sport Vlaanderen, Lotto Soudal, Total Direct Energie, Arkea o AG2R<\/strong> tienen como grandes objetivos las cl\u00e1sicas del norte que arrancan la pr\u00f3xima semana con la Omloop Het Niewsblad en Flandes. Y no fue nada mala la n\u00f3mina de clasic\u00f3manos, con <strong>Dillier, Naesen, Vakoc, Debusschere, Coquard, Colbrelli, Bakelandts, Roelandts o Terpstra, todo un ganador de Flandes y Roubaix<\/strong>. Seguro que all\u00ed echar\u00e1n de menos el sol andaluz, pero no tanto las rampas prolongadas de Monachil, en las que a muchos de ellos les toc\u00f3 sufrir con esos cuerpos de m\u00e1s de 1,80 que luego son perfectos para &#8216;aplastar&#8217; adoquines.<br \/>\n<a href=\"https:\/\/d2p6e6u75xmxt8.cloudfront.net\/6\/2020\/02\/vuelta-andalucia-91.JPG.jpg\"><img loading=\"lazy\" decoding=\"async\" class=\"aligncenter size-full wp-image-5939\" src=\"https:\/\/d2p6e6u75xmxt8.cloudfront.net\/6\/2020\/02\/vuelta-andalucia-91.JPG.jpg\" alt=\"\" width=\"986\" height=\"800\" srcset=\"https:\/\/d2p6e6u75xmxt8.cloudfront.net\/6\/2020\/02\/vuelta-andalucia-91.JPG.jpg 986w, https:\/\/d2p6e6u75xmxt8.cloudfront.net\/6\/2020\/02\/vuelta-andalucia-91.JPG-300x243.jpg 300w, https:\/\/d2p6e6u75xmxt8.cloudfront.net\/6\/2020\/02\/vuelta-andalucia-91.JPG-768x623.jpg 768w\" sizes=\"auto, (max-width: 986px) 100vw, 986px\" \/><\/a><\/p>\n<p>Para los equipos espa\u00f1oles una oportunidad m\u00e1s para buscar un hueco entre los aficionados y los medios de comunicaci\u00f3n. La Fundaci\u00f3n Euskadi-Orbea, que ha ascendido a la segunda divisi\u00f3n, tuvo el color de Lobato con el segundo puesto en Iznajar y la pelea de <strong>Rub\u00e9n Fern\u00e1ndez y Mikel Bizkarra<\/strong>, siempre a un paso de los favoritos. Para el <strong>Kern Pharma<\/strong> el debut en la carrera en su primer a\u00f1o de vida y para el <strong>Burgos y el Caja Rural<\/strong> la confirmaci\u00f3n de que sigue haciendo las cosas bien&#8230;y que est\u00e1n en la pelea por una plaza en La Vuelta a Espa\u00f1a, el evento que m\u00e1s rentabilidad publicitaria les puede dar.<\/p>\n<p><a href=\"https:\/\/d2p6e6u75xmxt8.cloudfront.net\/6\/2020\/02\/vuelta-andalucia-61.JPG.jpg\"><img loading=\"lazy\" decoding=\"async\" class=\"aligncenter size-large wp-image-5937\" src=\"https:\/\/d2p6e6u75xmxt8.cloudfront.net\/6\/2020\/02\/vuelta-andalucia-61.JPG-1024x486.jpg\" alt=\"\" width=\"1024\" height=\"486\" srcset=\"https:\/\/d2p6e6u75xmxt8.cloudfront.net\/6\/2020\/02\/vuelta-andalucia-61.JPG-1024x486.jpg 1024w, https:\/\/d2p6e6u75xmxt8.cloudfront.net\/6\/2020\/02\/vuelta-andalucia-61.JPG-300x143.jpg 300w, https:\/\/d2p6e6u75xmxt8.cloudfront.net\/6\/2020\/02\/vuelta-andalucia-61.JPG-768x365.jpg 768w, https:\/\/d2p6e6u75xmxt8.cloudfront.net\/6\/2020\/02\/vuelta-andalucia-61.JPG.jpg 1200w\" sizes=\"auto, (max-width: 1024px) 100vw, 1024px\" \/><\/a><\/p>\n","protected":false},"excerpt":{"rendered":"<p>Desde que apareci\u00f3 el nuevo World Tour el mes de febrero es uno en los que hay m\u00e1s pruebas por [&hellip;]<\/p>\n","protected":false},"author":29,"featured_media":5941,"comment_status":"open","ping_status":"open","sticky":false,"template":"","format":"standard","meta":{"footnotes":""},"categories":[7],"tags":[1461,1463,1464,1462,1460],"global-categories":[1164],"class_list":["post-5933","post","type-post","status-publish","format-standard","has-post-thumbnail","hentry","category-carretera","tag-cronica-ruta-del-sol","tag-ktm-vital-concept","tag-pinarello-f12","tag-sierra-nevada-ciclistas","tag-vuelta-a-andalucia","global-categories-cycling"],"yoast_head":"<!-- This site is optimized with the Yoast SEO Premium plugin v25.3 (Yoast SEO v25.9) - https:\/\/yoast.com\/wordpress\/plugins\/seo\/ -->\n<title>Las paradojas de la Vuelta a Andaluc\u00eda - \u0160koda We Love Cycling - Spain<\/title>\n<meta name=\"description\" content=\"Las paradojas de La Vuelta a Andalucia. Cr\u00f3nica y an\u00e9cdotas de la edici\u00f3n 2020, de Mikel Landa a los clasic\u00f3manos y Sierra Nevada.\" \/>\n<meta name=\"robots\" content=\"index, follow, max-snippet:-1, max-image-preview:large, max-video-preview:-1\" \/>\n<link rel=\"canonical\" href=\"https:\/\/www.welovecycling.com\/es\/2020\/02\/25\/paradojas-vuelta-andalucia\/\" \/>\n<meta property=\"og:locale\" content=\"es_ES\" \/>\n<meta property=\"og:type\" content=\"article\" \/>\n<meta property=\"og:title\" content=\"Las paradojas de La Vuelta a Andalucia\" \/>\n<meta property=\"og:description\" content=\"Las paradojas de La Vuelta a Andalucia. Cr\u00f3nica y an\u00e9cdotas de la edici\u00f3n 2020, de Mikel Landa a los clasic\u00f3manos y Sierra Nevada.\" \/>\n<meta property=\"og:url\" content=\"https:\/\/www.welovecycling.com\/es\/2020\/02\/25\/paradojas-vuelta-andalucia\/\" \/>\n<meta property=\"og:site_name\" content=\"\u0160koda We Love Cycling - Spain\" \/>\n<meta property=\"article:published_time\" content=\"2020-02-25T18:10:14+00:00\" \/>\n<meta property=\"article:modified_time\" content=\"2020-02-25T18:14:32+00:00\" \/>\n<meta property=\"og:image\" content=\"https:\/\/d2p6e6u75xmxt8.cloudfront.net\/6\/2020\/02\/vuelta-andalucia-57.JPG.jpg\" \/>\n\t<meta property=\"og:image:width\" content=\"1067\" \/>\n\t<meta property=\"og:image:height\" content=\"800\" \/>\n\t<meta property=\"og:image:type\" content=\"image\/jpeg\" \/>\n<meta name=\"author\" content=\"We Love Cycling Spain\" \/>\n<meta name=\"twitter:card\" content=\"summary_large_image\" \/>\n<meta name=\"twitter:title\" content=\"Las paradojas de La Vuelta a Andalucia\" \/>\n<meta name=\"twitter:description\" content=\"Las paradojas de La Vuelta a Andalucia. Cr\u00f3nica y an\u00e9cdotas de la edici\u00f3n 2020, de Mikel Landa a los clasic\u00f3manos y Sierra Nevada.\" \/>\n<meta name=\"twitter:label1\" content=\"Written by\" \/>\n\t<meta name=\"twitter:data1\" content=\"Luis Ortega @Ciclored\" \/>\n\t<meta name=\"twitter:label2\" content=\"Est. reading time\" \/>\n\t<meta name=\"twitter:data2\" content=\"4 minutes\" \/>\n<script type=\"application\/ld+json\" class=\"yoast-schema-graph\">{\"@context\":\"https:\/\/schema.org\",\"@graph\":[{\"@type\":\"WebPage\",\"@id\":\"https:\/\/www.welovecycling.com\/es\/2020\/02\/25\/paradojas-vuelta-andalucia\/\",\"url\":\"https:\/\/www.welovecycling.com\/es\/2020\/02\/25\/paradojas-vuelta-andalucia\/\",\"name\":\"Las paradojas de la Vuelta a Andaluc\u00eda - \u0160koda We Love Cycling - Spain\",\"isPartOf\":{\"@id\":\"https:\/\/www.welovecycling.com\/es\/#website\"},\"primaryImageOfPage\":{\"@id\":\"https:\/\/www.welovecycling.com\/es\/2020\/02\/25\/paradojas-vuelta-andalucia\/#primaryimage\"},\"image\":{\"@id\":\"https:\/\/www.welovecycling.com\/es\/2020\/02\/25\/paradojas-vuelta-andalucia\/#primaryimage\"},\"thumbnailUrl\":\"https:\/\/d2p6e6u75xmxt8.cloudfront.net\/6\/2020\/02\/vuelta-andalucia-57.JPG.jpg\",\"datePublished\":\"2020-02-25T18:10:14+00:00\",\"dateModified\":\"2020-02-25T18:14:32+00:00\",\"author\":{\"@id\":\"https:\/\/www.welovecycling.com\/es\/#\/schema\/person\/deb61715b5812698ee79fb96f343ccd4\"},\"description\":\"Las paradojas de La Vuelta a Andalucia. Cr\u00f3nica y an\u00e9cdotas de la edici\u00f3n 2020, de Mikel Landa a los clasic\u00f3manos y Sierra Nevada.\",\"breadcrumb\":{\"@id\":\"https:\/\/www.welovecycling.com\/es\/2020\/02\/25\/paradojas-vuelta-andalucia\/#breadcrumb\"},\"inLanguage\":\"es-ES\",\"potentialAction\":[{\"@type\":\"ReadAction\",\"target\":[\"https:\/\/www.welovecycling.com\/es\/2020\/02\/25\/paradojas-vuelta-andalucia\/\"]}]},{\"@type\":\"ImageObject\",\"inLanguage\":\"es-ES\",\"@id\":\"https:\/\/www.welovecycling.com\/es\/2020\/02\/25\/paradojas-vuelta-andalucia\/#primaryimage\",\"url\":\"https:\/\/d2p6e6u75xmxt8.cloudfront.net\/6\/2020\/02\/vuelta-andalucia-57.JPG.jpg\",\"contentUrl\":\"https:\/\/d2p6e6u75xmxt8.cloudfront.net\/6\/2020\/02\/vuelta-andalucia-57.JPG.jpg\",\"width\":1067,\"height\":800},{\"@type\":\"BreadcrumbList\",\"@id\":\"https:\/\/www.welovecycling.com\/es\/2020\/02\/25\/paradojas-vuelta-andalucia\/#breadcrumb\",\"itemListElement\":[{\"@type\":\"ListItem\",\"position\":1,\"name\":\"Home\",\"item\":\"https:\/\/www.welovecycling.com\/es\/\"},{\"@type\":\"ListItem\",\"position\":2,\"name\":\"Las paradojas de la Vuelta a Andaluc\u00eda\"}]},{\"@type\":\"WebSite\",\"@id\":\"https:\/\/www.welovecycling.com\/es\/#website\",\"url\":\"https:\/\/www.welovecycling.com\/es\/\",\"name\":\"\u0160koda We Love Cycling - Spain\",\"description\":\"\u0160koda WeLoveCycling Spain\",\"potentialAction\":[{\"@type\":\"SearchAction\",\"target\":{\"@type\":\"EntryPoint\",\"urlTemplate\":\"https:\/\/www.welovecycling.com\/es\/?s={search_term_string}\"},\"query-input\":{\"@type\":\"PropertyValueSpecification\",\"valueRequired\":true,\"valueName\":\"search_term_string\"}}],\"inLanguage\":\"es-ES\"},{\"@type\":\"Person\",\"@id\":\"https:\/\/www.welovecycling.com\/es\/#\/schema\/person\/deb61715b5812698ee79fb96f343ccd4\",\"name\":\"We Love Cycling Spain\",\"image\":{\"@type\":\"ImageObject\",\"inLanguage\":\"es-ES\",\"@id\":\"https:\/\/www.welovecycling.com\/es\/#\/schema\/person\/image\/\",\"url\":\"https:\/\/secure.gravatar.com\/avatar\/c824b04e6df0e37a03219d0b6481672889df542894588964102459e46513159c?s=96&d=mm&r=g\",\"contentUrl\":\"https:\/\/secure.gravatar.com\/avatar\/c824b04e6df0e37a03219d0b6481672889df542894588964102459e46513159c?s=96&d=mm&r=g\",\"caption\":\"We Love Cycling Spain\"},\"url\":\"https:\/\/www.welovecycling.com\/es\/author\/amunoz\/\"}]}<\/script>\n<!-- \/ Yoast SEO Premium plugin. -->","yoast_head_json":{"title":"Las paradojas de la Vuelta a Andaluc\u00eda - \u0160koda We Love Cycling - Spain","description":"Las paradojas de La Vuelta a Andalucia. Cr\u00f3nica y an\u00e9cdotas de la edici\u00f3n 2020, de Mikel Landa a los clasic\u00f3manos y Sierra Nevada.","robots":{"index":"index","follow":"follow","max-snippet":"max-snippet:-1","max-image-preview":"max-image-preview:large","max-video-preview":"max-video-preview:-1"},"canonical":"https:\/\/www.welovecycling.com\/es\/2020\/02\/25\/paradojas-vuelta-andalucia\/","og_locale":"es_ES","og_type":"article","og_title":"Las paradojas de La Vuelta a Andalucia","og_description":"Las paradojas de La Vuelta a Andalucia. Cr\u00f3nica y an\u00e9cdotas de la edici\u00f3n 2020, de Mikel Landa a los clasic\u00f3manos y Sierra Nevada.","og_url":"https:\/\/www.welovecycling.com\/es\/2020\/02\/25\/paradojas-vuelta-andalucia\/","og_site_name":"\u0160koda We Love Cycling - Spain","article_published_time":"2020-02-25T18:10:14+00:00","article_modified_time":"2020-02-25T18:14:32+00:00","og_image":[{"width":1067,"height":800,"url":"https:\/\/d2p6e6u75xmxt8.cloudfront.net\/6\/2020\/02\/vuelta-andalucia-57.JPG.jpg","type":"image\/jpeg"}],"author":"We Love Cycling Spain","twitter_card":"summary_large_image","twitter_title":"Las paradojas de La Vuelta a Andalucia","twitter_description":"Las paradojas de La Vuelta a Andalucia. Cr\u00f3nica y an\u00e9cdotas de la edici\u00f3n 2020, de Mikel Landa a los clasic\u00f3manos y Sierra Nevada.","twitter_misc":{"Written by":"Luis Ortega @Ciclored","Est. reading time":"4 minutes"},"schema":{"@context":"https:\/\/schema.org","@graph":[{"@type":"WebPage","@id":"https:\/\/www.welovecycling.com\/es\/2020\/02\/25\/paradojas-vuelta-andalucia\/","url":"https:\/\/www.welovecycling.com\/es\/2020\/02\/25\/paradojas-vuelta-andalucia\/","name":"Las paradojas de la Vuelta a Andaluc\u00eda - \u0160koda We Love Cycling - Spain","isPartOf":{"@id":"https:\/\/www.welovecycling.com\/es\/#website"},"primaryImageOfPage":{"@id":"https:\/\/www.welovecycling.com\/es\/2020\/02\/25\/paradojas-vuelta-andalucia\/#primaryimage"},"image":{"@id":"https:\/\/www.welovecycling.com\/es\/2020\/02\/25\/paradojas-vuelta-andalucia\/#primaryimage"},"thumbnailUrl":"https:\/\/d2p6e6u75xmxt8.cloudfront.net\/6\/2020\/02\/vuelta-andalucia-57.JPG.jpg","datePublished":"2020-02-25T18:10:14+00:00","dateModified":"2020-02-25T18:14:32+00:00","author":{"@id":"https:\/\/www.welovecycling.com\/es\/#\/schema\/person\/deb61715b5812698ee79fb96f343ccd4"},"description":"Las paradojas de La Vuelta a Andalucia. Cr\u00f3nica y an\u00e9cdotas de la edici\u00f3n 2020, de Mikel Landa a los clasic\u00f3manos y Sierra Nevada.","breadcrumb":{"@id":"https:\/\/www.welovecycling.com\/es\/2020\/02\/25\/paradojas-vuelta-andalucia\/#breadcrumb"},"inLanguage":"es-ES","potentialAction":[{"@type":"ReadAction","target":["https:\/\/www.welovecycling.com\/es\/2020\/02\/25\/paradojas-vuelta-andalucia\/"]}]},{"@type":"ImageObject","inLanguage":"es-ES","@id":"https:\/\/www.welovecycling.com\/es\/2020\/02\/25\/paradojas-vuelta-andalucia\/#primaryimage","url":"https:\/\/d2p6e6u75xmxt8.cloudfront.net\/6\/2020\/02\/vuelta-andalucia-57.JPG.jpg","contentUrl":"https:\/\/d2p6e6u75xmxt8.cloudfront.net\/6\/2020\/02\/vuelta-andalucia-57.JPG.jpg","width":1067,"height":800},{"@type":"BreadcrumbList","@id":"https:\/\/www.welovecycling.com\/es\/2020\/02\/25\/paradojas-vuelta-andalucia\/#breadcrumb","itemListElement":[{"@type":"ListItem","position":1,"name":"Home","item":"https:\/\/www.welovecycling.com\/es\/"},{"@type":"ListItem","position":2,"name":"Las paradojas de la Vuelta a Andaluc\u00eda"}]},{"@type":"WebSite","@id":"https:\/\/www.welovecycling.com\/es\/#website","url":"https:\/\/www.welovecycling.com\/es\/","name":"\u0160koda We Love Cycling - Spain","description":"\u0160koda WeLoveCycling Spain","potentialAction":[{"@type":"SearchAction","target":{"@type":"EntryPoint","urlTemplate":"https:\/\/www.welovecycling.com\/es\/?s={search_term_string}"},"query-input":{"@type":"PropertyValueSpecification","valueRequired":true,"valueName":"search_term_string"}}],"inLanguage":"es-ES"},{"@type":"Person","@id":"https:\/\/www.welovecycling.com\/es\/#\/schema\/person\/deb61715b5812698ee79fb96f343ccd4","name":"We Love Cycling Spain","image":{"@type":"ImageObject","inLanguage":"es-ES","@id":"https:\/\/www.welovecycling.com\/es\/#\/schema\/person\/image\/","url":"https:\/\/secure.gravatar.com\/avatar\/c824b04e6df0e37a03219d0b6481672889df542894588964102459e46513159c?s=96&d=mm&r=g","contentUrl":"https:\/\/secure.gravatar.com\/avatar\/c824b04e6df0e37a03219d0b6481672889df542894588964102459e46513159c?s=96&d=mm&r=g","caption":"We Love Cycling Spain"},"url":"https:\/\/www.welovecycling.com\/es\/author\/amunoz\/"}]}},"_links":{"self":[{"href":"https:\/\/www.welovecycling.com\/es\/wp-json\/wp\/v2\/posts\/5933","targetHints":{"allow":["GET"]}}],"collection":[{"href":"https:\/\/www.welovecycling.com\/es\/wp-json\/wp\/v2\/posts"}],"about":[{"href":"https:\/\/www.welovecycling.com\/es\/wp-json\/wp\/v2\/types\/post"}],"author":[{"embeddable":true,"href":"https:\/\/www.welovecycling.com\/es\/wp-json\/wp\/v2\/users\/29"}],"replies":[{"embeddable":true,"href":"https:\/\/www.welovecycling.com\/es\/wp-json\/wp\/v2\/comments?post=5933"}],"version-history":[{"count":1,"href":"https:\/\/www.welovecycling.com\/es\/wp-json\/wp\/v2\/posts\/5933\/revisions"}],"predecessor-version":[{"id":5940,"href":"https:\/\/www.welovecycling.com\/es\/wp-json\/wp\/v2\/posts\/5933\/revisions\/5940"}],"wp:featuredmedia":[{"embeddable":true,"href":"https:\/\/www.welovecycling.com\/es\/wp-json\/wp\/v2\/media\/5941"}],"wp:attachment":[{"href":"https:\/\/www.welovecycling.com\/es\/wp-json\/wp\/v2\/media?parent=5933"}],"wp:term":[{"taxonomy":"category","embeddable":true,"href":"https:\/\/www.welovecycling.com\/es\/wp-json\/wp\/v2\/categories?post=5933"},{"taxonomy":"post_tag","embeddable":true,"href":"https:\/\/www.welovecycling.com\/es\/wp-json\/wp\/v2\/tags?post=5933"},{"taxonomy":"global-categories","embeddable":true,"href":"https:\/\/www.welovecycling.com\/es\/wp-json\/wp\/v2\/global-categories?post=5933"}],"curies":[{"name":"wp","href":"https:\/\/api.w.org\/{rel}","templated":true}]}}