{"id":5927,"date":"2020-02-28T13:47:04","date_gmt":"2020-02-28T11:47:04","guid":{"rendered":"https:\/\/www.welovecycling.com\/es\/?p=5927"},"modified":"2020-02-28T13:47:04","modified_gmt":"2020-02-28T11:47:04","slug":"carreras-de-gravel","status":"publish","type":"post","link":"https:\/\/www.welovecycling.com\/es\/2020\/02\/28\/carreras-de-gravel\/","title":{"rendered":"Cual es el futuro de las carreras de gravel"},"content":{"rendered":"<p><strong>Hace menos de una d\u00e9cada, el t\u00e9rmino &#8220;gravel&#8221; no significaba mucho en el mundo del ciclismo. Eras un ciclista de monta\u00f1a o un ciclista de carretera, y eso era todo. Pero hoy en d\u00eda&#8230; no se puede discutir el hecho de que hay un chico nuevo en la ciudad. En los \u00faltimos a\u00f1os, el gravel se ha establecido como un jugador principal de la industria con un devoto y entusiasta seguimiento. Hay carreras y lo que empez\u00f3 como un fen\u00f3meno americano se ha convertido r\u00e1pidamente en internacional. Hay docenas de nuevos eventos de gravel que aparecen cada a\u00f1o.<\/strong><\/p>\n<p><!--more--><\/p>\n<p>Las bicis de gravel han evolucionado para incluir espacio para neum\u00e1ticos m\u00e1s gruesos, un cuadro m\u00e1s bajo y largo para una mejor estabilidad, y una posici\u00f3n m\u00e1s erguida para la comodidad. Los fabricantes est\u00e1n haciendo equipos especializados y en general, es seguro decir el gravel vive un momento dulce. \u00bfHasta d\u00f3nde va a llegar? Veamos algunas de las oportunidades \u00fanicas que ofrece la gravel y veamos hacia d\u00f3nde puede dirigirse la escena de las carreras en los a\u00f1os venideros.<\/p>\n<lite-youtube videoid=grmh4TZVWe8 params=\"enablejsapi=1\" style=\"background-image: url('https:\/\/i.ytimg.com\/vi_webp\/grmh4TZVWe8\/maxresdefault.webp');\"><\/lite-youtube>\n<h2><strong>El camino de las carreras gravel<\/strong><\/h2>\n<p>Cuando se trata de lo que se puede esperar encontrar en una carrera de grava, la reacci\u00f3n es un\u00e1nimemente positiva. Desde el ambiente relajado hasta la atm\u00f3sfera de apoyo de los participantes ansiosos, la comunidad del gravel ha logrado crear algo bastante impresionante. Tomando una pizarra en blanco y haci\u00e9ndola suya, las carreras de grava no tienen la misma larga historia que las de carretera, ciclocross o incluso ciclismo de monta\u00f1a, por lo que las carreras no tienen que operar dentro de ning\u00fan conjunto de reglas o estructura en particular. Las carreras m\u00e1s grandes han hecho un gran trabajo en crear una cultura positiva, incluyendo asegurarse de que no s\u00f3lo la carrera est\u00e1 bien organizada, sino que el pre y el post partido que la rodea est\u00e1n en el punto tambi\u00e9n.<\/p>\n<h2><strong>Mas mujeres en las carreras de gravel<\/strong><\/h2>\n<p>El n\u00famero de mujeres que compiten en los eventos de gravel est\u00e1 creciendo exponencialmente de a\u00f1o en a\u00f1o. En algunos eventos se han llevado a cabo campa\u00f1as centradas en la mujer, como el Belgian Waffle Ride, que realiz\u00f3 una promoci\u00f3n en 2019 en la que cada mujer pod\u00eda inscribir a una amiga (mujer) de forma gratuita.<\/p>\n<p>Esto llev\u00f3 a un aumento significativo en la inscripci\u00f3n de mujeres, triplicando el n\u00famero del a\u00f1o anterior. Las mujeres est\u00e1n felizmente a bordo con eventos m\u00e1s largos y formidables tambi\u00e9n. Tomemos como ejemplo el famoso Dirty Kanza de 200 millas. En 2010, s\u00f3lo 2 mujeres terminaron la carrera, pero en 2019, ese n\u00famero salt\u00f3 a 142. Y mientras que eso es s\u00f3lo el 20% del total de inscripciones, tambi\u00e9n es un 7.000% de aumento en 9 a\u00f1os.<\/p>\n<p>https:\/\/www.youtube.com\/watch?v=7MJFHWd3XcY<\/p>\n<h2><strong>La UCI toma nota<\/strong><\/h2>\n<p>En enero de este a\u00f1o, mientras estaba en Adelaida para el Tour Down Under, el presidente de la UCI, David Lappartient, dijo a los medios de comunicaci\u00f3n presentes que la UCI reconoce el creciente inter\u00e9s del p\u00fablico en las carreras de grava y que, por lo tanto, considerar\u00eda la posibilidad de crear un campeonato mundial de carreras de grava. Aunque los detalles de tal evento est\u00e1n por verse, dice mucho del impacto que la disciplina est\u00e1 teniendo.<\/p>\n<h2><strong>Preocupados por la accesibilidad<\/strong><\/h2>\n<p>Los eventos de grava en su conjunto parecen ser conscientes de hacer sus carreras accesibles al mayor n\u00famero de participantes posible. La carrera extraoficial Gravel Worlds en Lincoln, Nebraska, por ejemplo, es una carrera de 150 millas con las siguientes categor\u00edas: Men\/Women Open, Men\/Women Master, Single Speed, y Fatbike\/Cargo Bike\/Recumbent Men\/Women. En su und\u00e9cimo a\u00f1o, tambi\u00e9n organizan una carrera de &#8220;Bucaneros&#8221;, que es un evento no competitivo de 50 km para aquellos que quieren mojarse los pies en un recorrido menos exigente. La carrera tambi\u00e9n ofrece entrada gratuita a los corredores que no pueden pagar la cuota de inscripci\u00f3n, con el objetivo de animar a personas de todos los \u00e1mbitos a participar en el evento.<\/p>\n<p>https:\/\/www.instagram.com\/p\/B5-QohflVSX\/<\/p>\n<h2><strong>Punto de entrada a nuevos ciclistas<\/strong><\/h2>\n<p>Hablando de accesibilidad, el gravel tambi\u00e9n proporciona un nuevo punto de entrada al ciclismo para los ciclistas que pueden sentirse intimidados por la carretera, o que simplemente quieren redescubrir el sentido de la diversi\u00f3n y la aventura que el ciclismo les proporcion\u00f3 de ni\u00f1os. Cuando se trata de gravel, el enfoque es simplemente divertirse en la bicicleta y ver a d\u00f3nde puede llevarte. Las bicicletas de gravel te dan opciones y presentan todo tipo de oportunidades para cursos din\u00e1micos y creativos. Siempre nos alegra ver que una nueva carrera de grava se hace famosa y estamos ansiosos por ver lo que nos depara el futuro. Esperemos que este movimiento de esp\u00edritu libre siga ganando fuerza y que introduzca m\u00e1s pilotos nuevos en el deporte que todos amamos.<\/p>\n","protected":false},"excerpt":{"rendered":"<p>Hace menos de una d\u00e9cada, el t\u00e9rmino &#8220;gravel&#8221; no significaba mucho en el mundo del ciclismo. Eras un ciclista de [&hellip;]<\/p>\n","protected":false},"author":29,"featured_media":5931,"comment_status":"open","ping_status":"open","sticky":false,"template":"","format":"standard","meta":{"footnotes":""},"categories":[7,9],"tags":[1458,1459],"global-categories":[],"class_list":["post-5927","post","type-post","status-publish","format-standard","has-post-thumbnail","hentry","category-carretera","category-mtb-aventura","tag-carreras-de-gravel","tag-futuro-carreras-gravel"],"yoast_head":"<!-- This site is optimized with the Yoast SEO Premium plugin v25.3 (Yoast SEO v25.9) - https:\/\/yoast.com\/wordpress\/plugins\/seo\/ -->\n<title>Cual es el futuro de las carreras de gravel - \u0160koda We Love Cycling - Spain<\/title>\n<meta name=\"description\" content=\"Cual es el futuro de las carreras de gravel. Bicicletas y carreras de gravel se est\u00e1n poniendo de moda. Que aportan al ciclismo.\" \/>\n<meta name=\"robots\" content=\"index, follow, max-snippet:-1, max-image-preview:large, max-video-preview:-1\" \/>\n<link rel=\"canonical\" href=\"https:\/\/www.welovecycling.com\/es\/2020\/02\/28\/carreras-de-gravel\/\" \/>\n<meta property=\"og:locale\" content=\"es_ES\" \/>\n<meta property=\"og:type\" content=\"article\" \/>\n<meta property=\"og:title\" content=\"Cual es el futuro de las carreras de gravel\" \/>\n<meta property=\"og:description\" content=\"Cual es el futuro de las carreras de gravel. Bicicletas y carreras de gravel se est\u00e1n poniendo de moda. Que aportan al ciclismo.\" \/>\n<meta property=\"og:url\" content=\"https:\/\/www.welovecycling.com\/es\/2020\/02\/28\/carreras-de-gravel\/\" \/>\n<meta property=\"og:site_name\" content=\"\u0160koda We Love Cycling - Spain\" \/>\n<meta property=\"article:published_time\" content=\"2020-02-28T11:47:04+00:00\" \/>\n<meta property=\"og:image\" content=\"https:\/\/d2p6e6u75xmxt8.cloudfront.net\/6\/2020\/02\/Canyon-Belgian-Waffle-Ride-CVR.jpg\" \/>\n\t<meta property=\"og:image:width\" content=\"1366\" \/>\n\t<meta property=\"og:image:height\" content=\"600\" \/>\n\t<meta property=\"og:image:type\" content=\"image\/jpeg\" \/>\n<meta name=\"author\" content=\"We Love Cycling Spain\" \/>\n<meta name=\"twitter:card\" content=\"summary_large_image\" \/>\n<meta name=\"twitter:title\" content=\"Cual es el futuro de las carreras de gravel\" \/>\n<meta name=\"twitter:description\" content=\"Cual es el futuro de las carreras de gravel. Bicicletas y carreras de gravel se est\u00e1n poniendo de moda. Que aportan al ciclismo.\" \/>\n<meta name=\"twitter:label1\" content=\"Written by\" \/>\n\t<meta name=\"twitter:data1\" content=\"Megan Flottorp\" \/>\n\t<meta name=\"twitter:label2\" content=\"Est. reading time\" \/>\n\t<meta name=\"twitter:data2\" content=\"7\" \/>\n<script type=\"application\/ld+json\" class=\"yoast-schema-graph\">{\"@context\":\"https:\/\/schema.org\",\"@graph\":[{\"@type\":\"WebPage\",\"@id\":\"https:\/\/www.welovecycling.com\/es\/2020\/02\/28\/carreras-de-gravel\/\",\"url\":\"https:\/\/www.welovecycling.com\/es\/2020\/02\/28\/carreras-de-gravel\/\",\"name\":\"Cual es el futuro de las carreras de gravel - \u0160koda We Love Cycling - Spain\",\"isPartOf\":{\"@id\":\"https:\/\/www.welovecycling.com\/es\/#website\"},\"primaryImageOfPage\":{\"@id\":\"https:\/\/www.welovecycling.com\/es\/2020\/02\/28\/carreras-de-gravel\/#primaryimage\"},\"image\":{\"@id\":\"https:\/\/www.welovecycling.com\/es\/2020\/02\/28\/carreras-de-gravel\/#primaryimage\"},\"thumbnailUrl\":\"https:\/\/d2p6e6u75xmxt8.cloudfront.net\/6\/2020\/02\/Canyon-Belgian-Waffle-Ride-CVR.jpg\",\"datePublished\":\"2020-02-28T11:47:04+00:00\",\"author\":{\"@id\":\"https:\/\/www.welovecycling.com\/es\/#\/schema\/person\/deb61715b5812698ee79fb96f343ccd4\"},\"description\":\"Cual es el futuro de las carreras de gravel. Bicicletas y carreras de gravel se est\u00e1n poniendo de moda. Que aportan al ciclismo.\",\"breadcrumb\":{\"@id\":\"https:\/\/www.welovecycling.com\/es\/2020\/02\/28\/carreras-de-gravel\/#breadcrumb\"},\"inLanguage\":\"es-ES\",\"potentialAction\":[{\"@type\":\"ReadAction\",\"target\":[\"https:\/\/www.welovecycling.com\/es\/2020\/02\/28\/carreras-de-gravel\/\"]}]},{\"@type\":\"ImageObject\",\"inLanguage\":\"es-ES\",\"@id\":\"https:\/\/www.welovecycling.com\/es\/2020\/02\/28\/carreras-de-gravel\/#primaryimage\",\"url\":\"https:\/\/d2p6e6u75xmxt8.cloudfront.net\/6\/2020\/02\/Canyon-Belgian-Waffle-Ride-CVR.jpg\",\"contentUrl\":\"https:\/\/d2p6e6u75xmxt8.cloudfront.net\/6\/2020\/02\/Canyon-Belgian-Waffle-Ride-CVR.jpg\",\"width\":1366,\"height\":600},{\"@type\":\"BreadcrumbList\",\"@id\":\"https:\/\/www.welovecycling.com\/es\/2020\/02\/28\/carreras-de-gravel\/#breadcrumb\",\"itemListElement\":[{\"@type\":\"ListItem\",\"position\":1,\"name\":\"Home\",\"item\":\"https:\/\/www.welovecycling.com\/es\/\"},{\"@type\":\"ListItem\",\"position\":2,\"name\":\"Cual es el futuro de las carreras de gravel\"}]},{\"@type\":\"WebSite\",\"@id\":\"https:\/\/www.welovecycling.com\/es\/#website\",\"url\":\"https:\/\/www.welovecycling.com\/es\/\",\"name\":\"\u0160koda We Love Cycling - Spain\",\"description\":\"\u0160koda WeLoveCycling Spain\",\"potentialAction\":[{\"@type\":\"SearchAction\",\"target\":{\"@type\":\"EntryPoint\",\"urlTemplate\":\"https:\/\/www.welovecycling.com\/es\/?s={search_term_string}\"},\"query-input\":{\"@type\":\"PropertyValueSpecification\",\"valueRequired\":true,\"valueName\":\"search_term_string\"}}],\"inLanguage\":\"es-ES\"},{\"@type\":\"Person\",\"@id\":\"https:\/\/www.welovecycling.com\/es\/#\/schema\/person\/deb61715b5812698ee79fb96f343ccd4\",\"name\":\"We Love Cycling Spain\",\"image\":{\"@type\":\"ImageObject\",\"inLanguage\":\"es-ES\",\"@id\":\"https:\/\/www.welovecycling.com\/es\/#\/schema\/person\/image\/\",\"url\":\"https:\/\/secure.gravatar.com\/avatar\/c824b04e6df0e37a03219d0b6481672889df542894588964102459e46513159c?s=96&d=mm&r=g\",\"contentUrl\":\"https:\/\/secure.gravatar.com\/avatar\/c824b04e6df0e37a03219d0b6481672889df542894588964102459e46513159c?s=96&d=mm&r=g\",\"caption\":\"We Love Cycling Spain\"},\"url\":\"https:\/\/www.welovecycling.com\/es\/author\/amunoz\/\"}]}<\/script>\n<!-- \/ Yoast SEO Premium plugin. -->","yoast_head_json":{"title":"Cual es el futuro de las carreras de gravel - \u0160koda We Love Cycling - Spain","description":"Cual es el futuro de las carreras de gravel. Bicicletas y carreras de gravel se est\u00e1n poniendo de moda. Que aportan al ciclismo.","robots":{"index":"index","follow":"follow","max-snippet":"max-snippet:-1","max-image-preview":"max-image-preview:large","max-video-preview":"max-video-preview:-1"},"canonical":"https:\/\/www.welovecycling.com\/es\/2020\/02\/28\/carreras-de-gravel\/","og_locale":"es_ES","og_type":"article","og_title":"Cual es el futuro de las carreras de gravel","og_description":"Cual es el futuro de las carreras de gravel. Bicicletas y carreras de gravel se est\u00e1n poniendo de moda. Que aportan al ciclismo.","og_url":"https:\/\/www.welovecycling.com\/es\/2020\/02\/28\/carreras-de-gravel\/","og_site_name":"\u0160koda We Love Cycling - Spain","article_published_time":"2020-02-28T11:47:04+00:00","og_image":[{"width":1366,"height":600,"url":"https:\/\/d2p6e6u75xmxt8.cloudfront.net\/6\/2020\/02\/Canyon-Belgian-Waffle-Ride-CVR.jpg","type":"image\/jpeg"}],"author":"We Love Cycling Spain","twitter_card":"summary_large_image","twitter_title":"Cual es el futuro de las carreras de gravel","twitter_description":"Cual es el futuro de las carreras de gravel. Bicicletas y carreras de gravel se est\u00e1n poniendo de moda. Que aportan al ciclismo.","twitter_misc":{"Written by":"Megan Flottorp","Est. reading time":"7"},"schema":{"@context":"https:\/\/schema.org","@graph":[{"@type":"WebPage","@id":"https:\/\/www.welovecycling.com\/es\/2020\/02\/28\/carreras-de-gravel\/","url":"https:\/\/www.welovecycling.com\/es\/2020\/02\/28\/carreras-de-gravel\/","name":"Cual es el futuro de las carreras de gravel - \u0160koda We Love Cycling - Spain","isPartOf":{"@id":"https:\/\/www.welovecycling.com\/es\/#website"},"primaryImageOfPage":{"@id":"https:\/\/www.welovecycling.com\/es\/2020\/02\/28\/carreras-de-gravel\/#primaryimage"},"image":{"@id":"https:\/\/www.welovecycling.com\/es\/2020\/02\/28\/carreras-de-gravel\/#primaryimage"},"thumbnailUrl":"https:\/\/d2p6e6u75xmxt8.cloudfront.net\/6\/2020\/02\/Canyon-Belgian-Waffle-Ride-CVR.jpg","datePublished":"2020-02-28T11:47:04+00:00","author":{"@id":"https:\/\/www.welovecycling.com\/es\/#\/schema\/person\/deb61715b5812698ee79fb96f343ccd4"},"description":"Cual es el futuro de las carreras de gravel. Bicicletas y carreras de gravel se est\u00e1n poniendo de moda. Que aportan al ciclismo.","breadcrumb":{"@id":"https:\/\/www.welovecycling.com\/es\/2020\/02\/28\/carreras-de-gravel\/#breadcrumb"},"inLanguage":"es-ES","potentialAction":[{"@type":"ReadAction","target":["https:\/\/www.welovecycling.com\/es\/2020\/02\/28\/carreras-de-gravel\/"]}]},{"@type":"ImageObject","inLanguage":"es-ES","@id":"https:\/\/www.welovecycling.com\/es\/2020\/02\/28\/carreras-de-gravel\/#primaryimage","url":"https:\/\/d2p6e6u75xmxt8.cloudfront.net\/6\/2020\/02\/Canyon-Belgian-Waffle-Ride-CVR.jpg","contentUrl":"https:\/\/d2p6e6u75xmxt8.cloudfront.net\/6\/2020\/02\/Canyon-Belgian-Waffle-Ride-CVR.jpg","width":1366,"height":600},{"@type":"BreadcrumbList","@id":"https:\/\/www.welovecycling.com\/es\/2020\/02\/28\/carreras-de-gravel\/#breadcrumb","itemListElement":[{"@type":"ListItem","position":1,"name":"Home","item":"https:\/\/www.welovecycling.com\/es\/"},{"@type":"ListItem","position":2,"name":"Cual es el futuro de las carreras de gravel"}]},{"@type":"WebSite","@id":"https:\/\/www.welovecycling.com\/es\/#website","url":"https:\/\/www.welovecycling.com\/es\/","name":"\u0160koda We Love Cycling - Spain","description":"\u0160koda WeLoveCycling Spain","potentialAction":[{"@type":"SearchAction","target":{"@type":"EntryPoint","urlTemplate":"https:\/\/www.welovecycling.com\/es\/?s={search_term_string}"},"query-input":{"@type":"PropertyValueSpecification","valueRequired":true,"valueName":"search_term_string"}}],"inLanguage":"es-ES"},{"@type":"Person","@id":"https:\/\/www.welovecycling.com\/es\/#\/schema\/person\/deb61715b5812698ee79fb96f343ccd4","name":"We Love Cycling Spain","image":{"@type":"ImageObject","inLanguage":"es-ES","@id":"https:\/\/www.welovecycling.com\/es\/#\/schema\/person\/image\/","url":"https:\/\/secure.gravatar.com\/avatar\/c824b04e6df0e37a03219d0b6481672889df542894588964102459e46513159c?s=96&d=mm&r=g","contentUrl":"https:\/\/secure.gravatar.com\/avatar\/c824b04e6df0e37a03219d0b6481672889df542894588964102459e46513159c?s=96&d=mm&r=g","caption":"We Love Cycling Spain"},"url":"https:\/\/www.welovecycling.com\/es\/author\/amunoz\/"}]}},"_links":{"self":[{"href":"https:\/\/www.welovecycling.com\/es\/wp-json\/wp\/v2\/posts\/5927","targetHints":{"allow":["GET"]}}],"collection":[{"href":"https:\/\/www.welovecycling.com\/es\/wp-json\/wp\/v2\/posts"}],"about":[{"href":"https:\/\/www.welovecycling.com\/es\/wp-json\/wp\/v2\/types\/post"}],"author":[{"embeddable":true,"href":"https:\/\/www.welovecycling.com\/es\/wp-json\/wp\/v2\/users\/29"}],"replies":[{"embeddable":true,"href":"https:\/\/www.welovecycling.com\/es\/wp-json\/wp\/v2\/comments?post=5927"}],"version-history":[{"count":1,"href":"https:\/\/www.welovecycling.com\/es\/wp-json\/wp\/v2\/posts\/5927\/revisions"}],"predecessor-version":[{"id":5932,"href":"https:\/\/www.welovecycling.com\/es\/wp-json\/wp\/v2\/posts\/5927\/revisions\/5932"}],"wp:featuredmedia":[{"embeddable":true,"href":"https:\/\/www.welovecycling.com\/es\/wp-json\/wp\/v2\/media\/5931"}],"wp:attachment":[{"href":"https:\/\/www.welovecycling.com\/es\/wp-json\/wp\/v2\/media?parent=5927"}],"wp:term":[{"taxonomy":"category","embeddable":true,"href":"https:\/\/www.welovecycling.com\/es\/wp-json\/wp\/v2\/categories?post=5927"},{"taxonomy":"post_tag","embeddable":true,"href":"https:\/\/www.welovecycling.com\/es\/wp-json\/wp\/v2\/tags?post=5927"},{"taxonomy":"global-categories","embeddable":true,"href":"https:\/\/www.welovecycling.com\/es\/wp-json\/wp\/v2\/global-categories?post=5927"}],"curies":[{"name":"wp","href":"https:\/\/api.w.org\/{rel}","templated":true}]}}