{"id":5913,"date":"2020-02-19T19:26:44","date_gmt":"2020-02-19T17:26:44","guid":{"rendered":"https:\/\/www.welovecycling.com\/es\/?p=5913"},"modified":"2020-02-19T19:26:44","modified_gmt":"2020-02-19T17:26:44","slug":"zugasti-espargaro-mediterranean-epic","status":"publish","type":"post","link":"https:\/\/www.welovecycling.com\/es\/2020\/02\/19\/zugasti-espargaro-mediterranean-epic\/","title":{"rendered":"Zugasti y Espargar\u00f3 vuelven a unir caminos en la Mediterranean Epic"},"content":{"rendered":"<p><strong><a href=\"https:\/\/www.instagram.com\/ibzugasti\/\">Ib\u00f3n Zugasti<\/a> y <a href=\"https:\/\/www.instagram.com\/aleixespargaro\/\">Aleix Espargar\u00f3<\/a>, dos de los ilustres veteranos del Orbea Factory Team, volvieron a unir sus caminos para participar en la Mediterranean Epic. El objetivo era reencontrarse, pedalear juntos sobre la Orbea Oiz edici\u00f3n especial Cape Epic 19, recuperar sensaciones de equipo y preparar los objetivos de esta temporada, que, por cierto, traen alguna sorpresa. El que se sali\u00f3 del mapa fue el embajador de Orbea <a href=\"https:\/\/www.instagram.com\/oliveraviles88\/\">Oliver Avil\u00e9s<\/a>, que termin\u00f3 und\u00e9cimo.<\/strong><br \/>\n<!--more--><\/p>\n<p>Por eso, pese a que la <a href=\"https:\/\/www.mediterraneanepic.com\/\">Mediterranean \u00c9pic<\/a> de Oropesa del Mar era una competici\u00f3n individual, no como la Costa Blanca Bike Race, Zugasti y Espargar\u00f3 decidieron rodar juntos para ir meti\u00e9ndose en faena y trabajar como un equipo. La idea era sobre todo entenderse en carrera, ayudarse y ver como puede rodar el otro y que en facetas se pueden apoyar. Para Oliver, en cambio, que ven\u00eda con el trabajo hecho de la CBBR, el objetivo era pelear por estar delante, y vaya si lo consigui\u00f3.<\/p>\n<div class=\"embed-controller-wrapper\">\n<div class=\"embed-wrapper\"><iframe title=\"Mediterranean Epic MTB 2020 I Orbea Factory Team\" width=\"500\" height=\"281\" data-src=\"https:\/\/www.youtube.com\/embed\/NYjdk5OQVdc?feature=oembed\" frameborder=\"0\" allow=\"accelerometer; autoplay; clipboard-write; encrypted-media; gyroscope; picture-in-picture; web-share\" referrerpolicy=\"strict-origin-when-cross-origin\" allowfullscreen><\/iframe><\/div>\n<\/div>\n<h2><strong>Etapa 1. Jueves 13 de febrero<\/strong><\/h2>\n<p>As\u00ed que el jueves 13 de febrero Aleix Espargar\u00f3, Ib\u00f3n Zugasti y Oliver Avil\u00e9s se plantaron en la salida de la primera etapa de la Mediterraean \u00c9pic junto a m\u00e1s de 700 ciclistas. Lo que estaba m\u00e1s que claro es que el recorrido iba a ser t\u00e9cnico y con descenso peligrosos, ideal para la <strong>Orbea Oiz edici\u00f3n especial Cape Epic 19 con doble suspensi\u00f3n, delantera y central.<\/strong><\/p>\n<p>Por delante ten\u00edan\u00a063 kil\u00f3metros y\u00a0\u00a0<strong>1.350m<\/strong> en los que se enfrentaron a la subida del Desierto de las Palmas (habitual del ciclismo de carretera) y un mont\u00f3n de\u00a0 sendas boscosas, caminos de arena y duras zonas de piedra. Las sensaciones nada m\u00e1s pasar la meta de Aleix, &#8220;50% bici, 50% trekking&#8221;, lo que dejaba a las claras la dureza t\u00e9cnica, eso si con 258 vatios de normalizada y casi tres horas de bici.<br \/>\nEl gran \u00e9xito vino de la <strong>mano de Oliver,<\/strong> que termin\u00f3 a solo tres minutos del l\u00edder y en el puesto 18, que le hac\u00eda estar metido en la pelea.<\/p>\n<blockquote class=\"instagram-media\" style=\"background: #FFF; border: 0; border-radius: 3px; box-shadow: 0 0 1px 0 rgba(0,0,0,0.5),0 1px 10px 0 rgba(0,0,0,0.15); margin: 1px; max-width: 540px; min-width: 326px; padding: 0; width: calc(100% - 2px);\" data-instgrm-captioned=\"\" data-instgrm-permalink=\"https:\/\/www.instagram.com\/p\/B8hKDnbnN8Z\/?utm_source=ig_embed&amp;utm_campaign=loading\" data-instgrm-version=\"12\">\n<div style=\"padding: 16px;\">\n<p>&nbsp;<\/p>\n<div style=\"display: flex; flex-direction: row; align-items: center;\">\n<div style=\"background-color: #f4f4f4; border-radius: 50%; flex-grow: 0; height: 40px; margin-right: 14px; width: 40px;\"><\/div>\n<div style=\"display: flex; flex-direction: column; flex-grow: 1; justify-content: center;\">\n<div style=\"background-color: #f4f4f4; border-radius: 4px; flex-grow: 0; height: 14px; margin-bottom: 6px; width: 100px;\"><\/div>\n<div style=\"background-color: #f4f4f4; border-radius: 4px; flex-grow: 0; height: 14px; width: 60px;\"><\/div>\n<\/div>\n<\/div>\n<div style=\"padding: 19% 0;\"><\/div>\n<div style=\"display: block; height: 50px; margin: 0 auto 12px; width: 50px;\"><\/div>\n<div style=\"padding-top: 8px;\">\n<div style=\"color: #3897f0; font-family: Arial,sans-serif; font-size: 14px; font-style: normal; font-weight: 550; line-height: 18px;\">Ver esta publicaci\u00f3n en Instagram<\/div>\n<\/div>\n<div style=\"padding: 12.5% 0;\"><\/div>\n<div style=\"display: flex; flex-direction: row; margin-bottom: 14px; align-items: center;\">\n<div>\n<div style=\"background-color: #f4f4f4; border-radius: 50%; height: 12.5px; width: 12.5px; transform: translateX(0px) translateY(7px);\"><\/div>\n<div style=\"background-color: #f4f4f4; height: 12.5px; transform: rotate(-45deg) translateX(3px) translateY(1px); width: 12.5px; flex-grow: 0; margin-right: 14px; margin-left: 2px;\"><\/div>\n<div style=\"background-color: #f4f4f4; border-radius: 50%; height: 12.5px; width: 12.5px; transform: translateX(9px) translateY(-18px);\"><\/div>\n<\/div>\n<div style=\"margin-left: 8px;\">\n<div style=\"background-color: #f4f4f4; border-radius: 50%; flex-grow: 0; height: 20px; width: 20px;\"><\/div>\n<div style=\"width: 0; height: 0; border-top: 2px solid transparent; border-left: 6px solid #f4f4f4; border-bottom: 2px solid transparent; transform: translateX(16px) translateY(-4px) rotate(30deg);\"><\/div>\n<\/div>\n<div style=\"margin-left: auto;\">\n<div style=\"width: 0px; border-top: 8px solid #F4F4F4; border-right: 8px solid transparent; transform: translateY(16px);\"><\/div>\n<div style=\"background-color: #f4f4f4; flex-grow: 0; height: 12px; width: 16px; transform: translateY(-4px);\"><\/div>\n<div style=\"width: 0; height: 0; border-top: 8px solid #F4F4F4; border-left: 8px solid transparent; transform: translateY(-4px) translateX(8px);\"><\/div>\n<\/div>\n<\/div>\n<p>&nbsp;<\/p>\n<p style=\"margin: 8px 0 0 0; padding: 0 4px;\"><a style=\"color: #000; font-family: Arial,sans-serif; font-size: 14px; font-style: normal; font-weight: normal; line-height: 17px; text-decoration: none; word-wrap: break-word;\" href=\"https:\/\/www.instagram.com\/p\/B8hKDnbnN8Z\/?utm_source=ig_embed&amp;utm_campaign=loading\" target=\"_blank\" rel=\"noopener\">Primera etapa de la @mediterraneanepic hecha, terreno muy tecnico, piedras para aburrir! He hecho 50% bici y 50% trekking ? Ma\u00f1ana m\u00e1s y mejor! &#8211; Posc.94 \/ 2h57m \/ 63km\/ +1550mt \/ 161ppm \/ 285w NP<\/a><\/p>\n<p style=\"color: #c9c8cd; font-family: Arial,sans-serif; font-size: 14px; line-height: 17px; margin-bottom: 0; margin-top: 8px; overflow: hidden; padding: 8px 0 7px; text-align: center; text-overflow: ellipsis; white-space: nowrap;\">Una publicaci\u00f3n compartida de <a style=\"color: #c9c8cd; font-family: Arial,sans-serif; font-size: 14px; font-style: normal; font-weight: normal; line-height: 17px;\" href=\"https:\/\/www.instagram.com\/aleixespargaro\/?utm_source=ig_embed&amp;utm_campaign=loading\" target=\"_blank\" rel=\"noopener\"> Aleix 41<\/a> (@aleixespargaro) el <time style=\"font-family: Arial,sans-serif; font-size: 14px; line-height: 17px;\" datetime=\"2020-02-13T19:02:42+00:00\">13 Feb, 2020 a las 11:02 PST<\/time><\/p>\n<\/div>\n<\/blockquote>\n<p><script async src=\"\/\/www.instagram.com\/embed.js\"><\/script><\/p>\n<h2><strong>Etapa 2. Viernes 14 de febrero<\/strong><\/h2>\n<p>La segunda etapa cambiaba el lugar de salida y se trasladaba a Castell\u00f3n de la Plana. Delante estaba la Sierra del Borriol y un trazado a\u00fan m\u00e1s t\u00e9cnico que el d\u00eda anterior que se complicaba con repechos de altos porcentajes. Los n\u00fameros dec\u00edan que en los 56 kil\u00f3metros se iban a subir 1580 metros de desnivel.\u00a0 No le vino mal a la pareja Zugasti y Espargar\u00f3, mejores sensaciones y m\u00e1s velocidad para mejorar 30 puestos con respecto a la primera etapa.<br \/>\nEl que se sali\u00f3 fue Oliver Aviles, con su Top 10 que le sirvi\u00f3 para subir a decimotercer puesto de la general.<\/p>\n<blockquote class=\"instagram-media\" style=\"background: #FFF; border: 0; border-radius: 3px; box-shadow: 0 0 1px 0 rgba(0,0,0,0.5),0 1px 10px 0 rgba(0,0,0,0.15); margin: 1px; max-width: 540px; min-width: 326px; padding: 0; width: calc(100% - 2px);\" data-instgrm-captioned=\"\" data-instgrm-permalink=\"https:\/\/www.instagram.com\/p\/B8jrH58qTxj\/?utm_source=ig_embed&amp;utm_campaign=loading\" data-instgrm-version=\"12\">\n<div style=\"padding: 16px;\">\n<p>&nbsp;<\/p>\n<div style=\"display: flex; flex-direction: row; align-items: center;\">\n<div style=\"background-color: #f4f4f4; border-radius: 50%; flex-grow: 0; height: 40px; margin-right: 14px; width: 40px;\"><\/div>\n<div style=\"display: flex; flex-direction: column; flex-grow: 1; justify-content: center;\">\n<div style=\"background-color: #f4f4f4; border-radius: 4px; flex-grow: 0; height: 14px; margin-bottom: 6px; width: 100px;\"><\/div>\n<div style=\"background-color: #f4f4f4; border-radius: 4px; flex-grow: 0; height: 14px; width: 60px;\"><\/div>\n<\/div>\n<\/div>\n<div style=\"padding: 19% 0;\"><\/div>\n<div style=\"display: block; height: 50px; margin: 0 auto 12px; width: 50px;\"><\/div>\n<div style=\"padding-top: 8px;\">\n<div style=\"color: #3897f0; font-family: Arial,sans-serif; font-size: 14px; font-style: normal; font-weight: 550; line-height: 18px;\">Ver esta publicaci\u00f3n en Instagram<\/div>\n<\/div>\n<div style=\"padding: 12.5% 0;\"><\/div>\n<div style=\"display: flex; flex-direction: row; margin-bottom: 14px; align-items: center;\">\n<div>\n<div style=\"background-color: #f4f4f4; border-radius: 50%; height: 12.5px; width: 12.5px; transform: translateX(0px) translateY(7px);\"><\/div>\n<div style=\"background-color: #f4f4f4; height: 12.5px; transform: rotate(-45deg) translateX(3px) translateY(1px); width: 12.5px; flex-grow: 0; margin-right: 14px; margin-left: 2px;\"><\/div>\n<div style=\"background-color: #f4f4f4; border-radius: 50%; height: 12.5px; width: 12.5px; transform: translateX(9px) translateY(-18px);\"><\/div>\n<\/div>\n<div style=\"margin-left: 8px;\">\n<div style=\"background-color: #f4f4f4; border-radius: 50%; flex-grow: 0; height: 20px; width: 20px;\"><\/div>\n<div style=\"width: 0; height: 0; border-top: 2px solid transparent; border-left: 6px solid #f4f4f4; border-bottom: 2px solid transparent; transform: translateX(16px) translateY(-4px) rotate(30deg);\"><\/div>\n<\/div>\n<div style=\"margin-left: auto;\">\n<div style=\"width: 0px; border-top: 8px solid #F4F4F4; border-right: 8px solid transparent; transform: translateY(16px);\"><\/div>\n<div style=\"background-color: #f4f4f4; flex-grow: 0; height: 12px; width: 16px; transform: translateY(-4px);\"><\/div>\n<div style=\"width: 0; height: 0; border-top: 8px solid #F4F4F4; border-left: 8px solid transparent; transform: translateY(-4px) translateX(8px);\"><\/div>\n<\/div>\n<\/div>\n<p>&nbsp;<\/p>\n<p style=\"margin: 8px 0 0 0; padding: 0 4px;\"><a style=\"color: #000; font-family: Arial,sans-serif; font-size: 14px; font-style: normal; font-weight: normal; line-height: 17px; text-decoration: none; word-wrap: break-word;\" href=\"https:\/\/www.instagram.com\/p\/B8jrH58qTxj\/?utm_source=ig_embed&amp;utm_campaign=loading\" target=\"_blank\" rel=\"noopener\">Segundo d\u00eda en la @mediterraneanepic superado por la pareja @ibzugasti &#8211; @aleixespargaro. Aqu\u00ed sus impresiones post etapa. Para quitarse el sombrero tambi\u00e9n el TOP 10 conseguido por el embajador del equipo @oliveraviles88. \u00a1Grande Olivilla! #OrbeaFactoryTeam #MyOrbea #Orbea ?: @enriccabotmedia<\/a><\/p>\n<p style=\"color: #c9c8cd; font-family: Arial,sans-serif; font-size: 14px; line-height: 17px; margin-bottom: 0; margin-top: 8px; overflow: hidden; padding: 8px 0 7px; text-align: center; text-overflow: ellipsis; white-space: nowrap;\">Una publicaci\u00f3n compartida de <a style=\"color: #c9c8cd; font-family: Arial,sans-serif; font-size: 14px; font-style: normal; font-weight: normal; line-height: 17px;\" href=\"https:\/\/www.instagram.com\/orbeafactoryteam\/?utm_source=ig_embed&amp;utm_campaign=loading\" target=\"_blank\" rel=\"noopener\"> Orbea Factory Team<\/a> (@orbeafactoryteam) el <time style=\"font-family: Arial,sans-serif; font-size: 14px; line-height: 17px;\" datetime=\"2020-02-14T18:32:41+00:00\">14 Feb, 2020 a las 10:32 PST<\/time><\/p>\n<\/div>\n<\/blockquote>\n<p><script async src=\"\/\/www.instagram.com\/embed.js\"><\/script><\/p>\n<h2><strong>Etapa 3. S\u00e1bado 15 de febrero<\/strong><\/h2>\n<p>La tercera etapa era la m\u00e1s larga y menos t\u00e9cnica de toda la carrera. La etapa marat\u00f3n de 84 kil\u00f3metros y 1.300 metros de desnivel con salida y meta en Oropesa y que se adentraba en el entornodel Prat de Cabanes-Torreblanca. Este d\u00eda Aleix sac\u00f3 todo su potencial para acabar\u00a0en una buena 59 posici\u00f3n con 3h15m de carrera y 299w NP . Zugasti en cambio pinchazo, rama en el cambio&#8230; y a sufrir. Para Oliver Avil\u00e9s puesto 14.<\/p>\n<blockquote class=\"instagram-media\" style=\"background: #FFF; border: 0; border-radius: 3px; box-shadow: 0 0 1px 0 rgba(0,0,0,0.5),0 1px 10px 0 rgba(0,0,0,0.15); margin: 1px; max-width: 540px; min-width: 326px; padding: 0; width: calc(100% - 2px);\" data-instgrm-captioned=\"\" data-instgrm-permalink=\"https:\/\/www.instagram.com\/p\/B8mY686H8Z6\/?utm_source=ig_embed&amp;utm_campaign=loading\" data-instgrm-version=\"12\">\n<div style=\"padding: 16px;\">\n<p>&nbsp;<\/p>\n<div style=\"display: flex; flex-direction: row; align-items: center;\">\n<div style=\"background-color: #f4f4f4; border-radius: 50%; flex-grow: 0; height: 40px; margin-right: 14px; width: 40px;\"><\/div>\n<div style=\"display: flex; flex-direction: column; flex-grow: 1; justify-content: center;\">\n<div style=\"background-color: #f4f4f4; border-radius: 4px; flex-grow: 0; height: 14px; margin-bottom: 6px; width: 100px;\"><\/div>\n<div style=\"background-color: #f4f4f4; border-radius: 4px; flex-grow: 0; height: 14px; width: 60px;\"><\/div>\n<\/div>\n<\/div>\n<div style=\"padding: 19% 0;\"><\/div>\n<div style=\"display: block; height: 50px; margin: 0 auto 12px; width: 50px;\"><\/div>\n<div style=\"padding-top: 8px;\">\n<div style=\"color: #3897f0; font-family: Arial,sans-serif; font-size: 14px; font-style: normal; font-weight: 550; line-height: 18px;\">Ver esta publicaci\u00f3n en Instagram<\/div>\n<\/div>\n<div style=\"padding: 12.5% 0;\"><\/div>\n<div style=\"display: flex; flex-direction: row; margin-bottom: 14px; align-items: center;\">\n<div>\n<div style=\"background-color: #f4f4f4; border-radius: 50%; height: 12.5px; width: 12.5px; transform: translateX(0px) translateY(7px);\"><\/div>\n<div style=\"background-color: #f4f4f4; height: 12.5px; transform: rotate(-45deg) translateX(3px) translateY(1px); width: 12.5px; flex-grow: 0; margin-right: 14px; margin-left: 2px;\"><\/div>\n<div style=\"background-color: #f4f4f4; border-radius: 50%; height: 12.5px; width: 12.5px; transform: translateX(9px) translateY(-18px);\"><\/div>\n<\/div>\n<div style=\"margin-left: 8px;\">\n<div style=\"background-color: #f4f4f4; border-radius: 50%; flex-grow: 0; height: 20px; width: 20px;\"><\/div>\n<div style=\"width: 0; height: 0; border-top: 2px solid transparent; border-left: 6px solid #f4f4f4; border-bottom: 2px solid transparent; transform: translateX(16px) translateY(-4px) rotate(30deg);\"><\/div>\n<\/div>\n<div style=\"margin-left: auto;\">\n<div style=\"width: 0px; border-top: 8px solid #F4F4F4; border-right: 8px solid transparent; transform: translateY(16px);\"><\/div>\n<div style=\"background-color: #f4f4f4; flex-grow: 0; height: 12px; width: 16px; transform: translateY(-4px);\"><\/div>\n<div style=\"width: 0; height: 0; border-top: 8px solid #F4F4F4; border-left: 8px solid transparent; transform: translateY(-4px) translateX(8px);\"><\/div>\n<\/div>\n<\/div>\n<p>&nbsp;<\/p>\n<p style=\"margin: 8px 0 0 0; padding: 0 4px;\"><a style=\"color: #000; font-family: Arial,sans-serif; font-size: 14px; font-style: normal; font-weight: normal; line-height: 17px; text-decoration: none; word-wrap: break-word;\" href=\"https:\/\/www.instagram.com\/p\/B8mY686H8Z6\/?utm_source=ig_embed&amp;utm_campaign=loading\" target=\"_blank\" rel=\"noopener\">Etap\u00f3n en la tercera etapa, la mas larga y &#8220;rodadora&#8221; de toda la carrera y m\u00e1s rapido que nunca! Mega contento! &#8211; Posc. 59 \/ 3h15m \/ 84km \/ +1515mt \/ 153ppm \/ 299w NP<\/a><\/p>\n<p style=\"color: #c9c8cd; font-family: Arial,sans-serif; font-size: 14px; line-height: 17px; margin-bottom: 0; margin-top: 8px; overflow: hidden; padding: 8px 0 7px; text-align: center; text-overflow: ellipsis; white-space: nowrap;\">Una publicaci\u00f3n compartida de <a style=\"color: #c9c8cd; font-family: Arial,sans-serif; font-size: 14px; font-style: normal; font-weight: normal; line-height: 17px;\" href=\"https:\/\/www.instagram.com\/aleixespargaro\/?utm_source=ig_embed&amp;utm_campaign=loading\" target=\"_blank\" rel=\"noopener\"> Aleix 41<\/a> (@aleixespargaro) el <time style=\"font-family: Arial,sans-serif; font-size: 14px; line-height: 17px;\" datetime=\"2020-02-15T19:48:48+00:00\">15 Feb, 2020 a las 11:48 PST<\/time><\/p>\n<\/div>\n<\/blockquote>\n<p><script async src=\"\/\/www.instagram.com\/embed.js\"><\/script><\/p>\n<h2><strong>Etapa 4. Domingo 16 de febrero<\/strong><\/h2>\n<p>El punto final de la Mediterranean Epic ten\u00eda 50 kil\u00f3metros y 1.480 metros de desnivel.\u00a0 De inicio el paso de los 700m de altitud del Alt del Colomer a la localidad de Benicassim y despu\u00e9s un trazado t\u00e9cnico para el final. Para Espargar\u00f3 la carrera se acab\u00f3 despu\u00e9s de reventar la rueda en la bajada, Zugasti si pudo terminar para acumular 11 horas de bici. Y Oliver Avil\u00e9s finaliz\u00f3 la etapa s\u00e9ptimo para un gran und\u00e9cimo puesto final.<\/p>\n<blockquote class=\"instagram-media\" style=\"background: #FFF; border: 0; border-radius: 3px; box-shadow: 0 0 1px 0 rgba(0,0,0,0.5),0 1px 10px 0 rgba(0,0,0,0.15); margin: 1px; max-width: 540px; min-width: 326px; padding: 0; width: calc(100% - 2px);\" data-instgrm-captioned=\"\" data-instgrm-permalink=\"https:\/\/www.instagram.com\/p\/B8oOsFMISfB\/?utm_source=ig_embed&amp;utm_campaign=loading\" data-instgrm-version=\"12\">\n<div style=\"padding: 16px;\">\n<p>&nbsp;<\/p>\n<div style=\"display: flex; flex-direction: row; align-items: center;\">\n<div style=\"background-color: #f4f4f4; border-radius: 50%; flex-grow: 0; height: 40px; margin-right: 14px; width: 40px;\"><\/div>\n<div style=\"display: flex; flex-direction: column; flex-grow: 1; justify-content: center;\">\n<div style=\"background-color: #f4f4f4; border-radius: 4px; flex-grow: 0; height: 14px; margin-bottom: 6px; width: 100px;\"><\/div>\n<div style=\"background-color: #f4f4f4; border-radius: 4px; flex-grow: 0; height: 14px; width: 60px;\"><\/div>\n<\/div>\n<\/div>\n<div style=\"padding: 19% 0;\"><\/div>\n<div style=\"display: block; height: 50px; margin: 0 auto 12px; width: 50px;\"><\/div>\n<div style=\"padding-top: 8px;\">\n<div style=\"color: #3897f0; font-family: Arial,sans-serif; font-size: 14px; font-style: normal; font-weight: 550; line-height: 18px;\">Ver esta publicaci\u00f3n en Instagram<\/div>\n<\/div>\n<div style=\"padding: 12.5% 0;\"><\/div>\n<div style=\"display: flex; flex-direction: row; margin-bottom: 14px; align-items: center;\">\n<div>\n<div style=\"background-color: #f4f4f4; border-radius: 50%; height: 12.5px; width: 12.5px; transform: translateX(0px) translateY(7px);\"><\/div>\n<div style=\"background-color: #f4f4f4; height: 12.5px; transform: rotate(-45deg) translateX(3px) translateY(1px); width: 12.5px; flex-grow: 0; margin-right: 14px; margin-left: 2px;\"><\/div>\n<div style=\"background-color: #f4f4f4; border-radius: 50%; height: 12.5px; width: 12.5px; transform: translateX(9px) translateY(-18px);\"><\/div>\n<\/div>\n<div style=\"margin-left: 8px;\">\n<div style=\"background-color: #f4f4f4; border-radius: 50%; flex-grow: 0; height: 20px; width: 20px;\"><\/div>\n<div style=\"width: 0; height: 0; border-top: 2px solid transparent; border-left: 6px solid #f4f4f4; border-bottom: 2px solid transparent; transform: translateX(16px) translateY(-4px) rotate(30deg);\"><\/div>\n<\/div>\n<div style=\"margin-left: auto;\">\n<div style=\"width: 0px; border-top: 8px solid #F4F4F4; border-right: 8px solid transparent; transform: translateY(16px);\"><\/div>\n<div style=\"background-color: #f4f4f4; flex-grow: 0; height: 12px; width: 16px; transform: translateY(-4px);\"><\/div>\n<div style=\"width: 0; height: 0; border-top: 8px solid #F4F4F4; border-left: 8px solid transparent; transform: translateY(-4px) translateX(8px);\"><\/div>\n<\/div>\n<\/div>\n<p>&nbsp;<\/p>\n<p style=\"margin: 8px 0 0 0; padding: 0 4px;\"><a style=\"color: #000; font-family: Arial,sans-serif; font-size: 14px; font-style: normal; font-weight: normal; line-height: 17px; text-decoration: none; word-wrap: break-word;\" href=\"https:\/\/www.instagram.com\/p\/B8oOsFMISfB\/?utm_source=ig_embed&amp;utm_campaign=loading\" target=\"_blank\" rel=\"noopener\">Esta es mi cara de felicidad despu\u00e9s de mi @mediterraneanepic. Una carrera donde no pensaba ni participar, no estaba en mi calendario y&#8230;. creo que una de mis mejores carreras! Hoy 7\u00ba puesto y finalmente una posici\u00f3n 11 de la general. Hoy la etapa era una carrera de xco pr\u00e1cticamente, en el km 15 pinchazo y a remontar! Muy muy feliz con mi rendimiento. Se que soy un \u201cflipaoooo\u201d pero hace 4 a\u00f1os ni montaba en bici ? muchas ganas de la pr\u00f3xima carrera, @capeepic con @puritocycling . Gracias a mi team #andbanklapuritoteam por darme esta oportunidad de hacer lo que me gusta \u2764\ufe0f<\/a><\/p>\n<p style=\"color: #c9c8cd; font-family: Arial,sans-serif; font-size: 14px; line-height: 17px; margin-bottom: 0; margin-top: 8px; overflow: hidden; padding: 8px 0 7px; text-align: center; text-overflow: ellipsis; white-space: nowrap;\">Una publicaci\u00f3n compartida de <a style=\"color: #c9c8cd; font-family: Arial,sans-serif; font-size: 14px; font-style: normal; font-weight: normal; line-height: 17px;\" href=\"https:\/\/www.instagram.com\/oliveraviles88\/?utm_source=ig_embed&amp;utm_campaign=loading\" target=\"_blank\" rel=\"noopener\"> OLIVER AVILES<\/a> (@oliveraviles88) el <time style=\"font-family: Arial,sans-serif; font-size: 14px; line-height: 17px;\" datetime=\"2020-02-16T12:57:52+00:00\">16 Feb, 2020 a las 4:57 PST<\/time><\/p>\n<\/div>\n<\/blockquote>\n<p><script async src=\"\/\/www.instagram.com\/embed.js\"><\/script><\/p>\n","protected":false},"excerpt":{"rendered":"<p>Ib\u00f3n Zugasti y Aleix Espargar\u00f3, dos de los ilustres veteranos del Orbea Factory Team, volvieron a unir sus caminos para [&hellip;]<\/p>\n","protected":false},"author":29,"featured_media":5925,"comment_status":"open","ping_status":"open","sticky":false,"template":"","format":"standard","meta":{"footnotes":""},"categories":[9],"tags":[1456,1454,1457,1455],"global-categories":[],"class_list":["post-5913","post","type-post","status-publish","format-standard","has-post-thumbnail","hentry","category-mtb-aventura","tag-espargaro-mediterranean-epci","tag-mediterranean-epic-2020","tag-orbea-factory-tema-zugasti","tag-zugasti-mediterranean-epic"],"yoast_head":"<!-- This site is optimized with the Yoast SEO Premium plugin v25.3 (Yoast SEO v25.9) - https:\/\/yoast.com\/wordpress\/plugins\/seo\/ -->\n<title>Zugasti y Espargar\u00f3 vuelven a unir caminos en la Mediterranean Epic - \u0160koda We Love Cycling - Spain<\/title>\n<meta name=\"description\" content=\"Zugasti y Espargar\u00f3 vuelven a unir caminos en la Mediterranean Epic. La cronica del Orbea Factory Team en la Mediterranean Epic\" \/>\n<meta name=\"robots\" content=\"index, follow, max-snippet:-1, max-image-preview:large, max-video-preview:-1\" \/>\n<link rel=\"canonical\" href=\"https:\/\/www.welovecycling.com\/es\/2020\/02\/19\/zugasti-espargaro-mediterranean-epic\/\" \/>\n<meta property=\"og:locale\" content=\"es_ES\" \/>\n<meta property=\"og:type\" content=\"article\" \/>\n<meta property=\"og:title\" content=\"Zugasti y Espargar\u00f3 vuelven a unir caminos en la Mediterranean Epic\" \/>\n<meta property=\"og:description\" content=\"Zugasti y Espargar\u00f3 vuelven a unir caminos en la Mediterranean Epic. La cronica del Orbea Factory Team en la Mediterranean Epic\" \/>\n<meta property=\"og:url\" content=\"https:\/\/www.welovecycling.com\/es\/2020\/02\/19\/zugasti-espargaro-mediterranean-epic\/\" \/>\n<meta property=\"og:site_name\" content=\"\u0160koda We Love Cycling - Spain\" \/>\n<meta property=\"article:published_time\" content=\"2020-02-19T17:26:44+00:00\" \/>\n<meta property=\"og:image\" content=\"https:\/\/d2p6e6u75xmxt8.cloudfront.net\/6\/2020\/02\/mediterranean-epci-2020.png\" \/>\n\t<meta property=\"og:image:width\" content=\"793\" \/>\n\t<meta property=\"og:image:height\" content=\"396\" \/>\n\t<meta property=\"og:image:type\" content=\"image\/png\" \/>\n<meta name=\"author\" content=\"We Love Cycling Spain\" \/>\n<meta name=\"twitter:card\" content=\"summary_large_image\" \/>\n<meta name=\"twitter:label1\" content=\"Written by\" \/>\n\t<meta name=\"twitter:data1\" content=\"Luis Ortega @ciclored\" \/>\n\t<meta name=\"twitter:label2\" content=\"Est. reading time\" \/>\n\t<meta name=\"twitter:data2\" content=\"5 minutes\" \/>\n<script type=\"application\/ld+json\" class=\"yoast-schema-graph\">{\"@context\":\"https:\/\/schema.org\",\"@graph\":[{\"@type\":\"WebPage\",\"@id\":\"https:\/\/www.welovecycling.com\/es\/2020\/02\/19\/zugasti-espargaro-mediterranean-epic\/\",\"url\":\"https:\/\/www.welovecycling.com\/es\/2020\/02\/19\/zugasti-espargaro-mediterranean-epic\/\",\"name\":\"Zugasti y Espargar\u00f3 vuelven a unir caminos en la Mediterranean Epic - \u0160koda We Love Cycling - Spain\",\"isPartOf\":{\"@id\":\"https:\/\/www.welovecycling.com\/es\/#website\"},\"primaryImageOfPage\":{\"@id\":\"https:\/\/www.welovecycling.com\/es\/2020\/02\/19\/zugasti-espargaro-mediterranean-epic\/#primaryimage\"},\"image\":{\"@id\":\"https:\/\/www.welovecycling.com\/es\/2020\/02\/19\/zugasti-espargaro-mediterranean-epic\/#primaryimage\"},\"thumbnailUrl\":\"https:\/\/d2p6e6u75xmxt8.cloudfront.net\/6\/2020\/02\/mediterranean-epci-2020.png\",\"datePublished\":\"2020-02-19T17:26:44+00:00\",\"author\":{\"@id\":\"https:\/\/www.welovecycling.com\/es\/#\/schema\/person\/deb61715b5812698ee79fb96f343ccd4\"},\"description\":\"Zugasti y Espargar\u00f3 vuelven a unir caminos en la Mediterranean Epic. La cronica del Orbea Factory Team en la Mediterranean Epic\",\"breadcrumb\":{\"@id\":\"https:\/\/www.welovecycling.com\/es\/2020\/02\/19\/zugasti-espargaro-mediterranean-epic\/#breadcrumb\"},\"inLanguage\":\"es-ES\",\"potentialAction\":[{\"@type\":\"ReadAction\",\"target\":[\"https:\/\/www.welovecycling.com\/es\/2020\/02\/19\/zugasti-espargaro-mediterranean-epic\/\"]}]},{\"@type\":\"ImageObject\",\"inLanguage\":\"es-ES\",\"@id\":\"https:\/\/www.welovecycling.com\/es\/2020\/02\/19\/zugasti-espargaro-mediterranean-epic\/#primaryimage\",\"url\":\"https:\/\/d2p6e6u75xmxt8.cloudfront.net\/6\/2020\/02\/mediterranean-epci-2020.png\",\"contentUrl\":\"https:\/\/d2p6e6u75xmxt8.cloudfront.net\/6\/2020\/02\/mediterranean-epci-2020.png\",\"width\":793,\"height\":396},{\"@type\":\"BreadcrumbList\",\"@id\":\"https:\/\/www.welovecycling.com\/es\/2020\/02\/19\/zugasti-espargaro-mediterranean-epic\/#breadcrumb\",\"itemListElement\":[{\"@type\":\"ListItem\",\"position\":1,\"name\":\"Home\",\"item\":\"https:\/\/www.welovecycling.com\/es\/\"},{\"@type\":\"ListItem\",\"position\":2,\"name\":\"Zugasti y Espargar\u00f3 vuelven a unir caminos en la Mediterranean Epic\"}]},{\"@type\":\"WebSite\",\"@id\":\"https:\/\/www.welovecycling.com\/es\/#website\",\"url\":\"https:\/\/www.welovecycling.com\/es\/\",\"name\":\"\u0160koda We Love Cycling - Spain\",\"description\":\"\u0160koda WeLoveCycling Spain\",\"potentialAction\":[{\"@type\":\"SearchAction\",\"target\":{\"@type\":\"EntryPoint\",\"urlTemplate\":\"https:\/\/www.welovecycling.com\/es\/?s={search_term_string}\"},\"query-input\":{\"@type\":\"PropertyValueSpecification\",\"valueRequired\":true,\"valueName\":\"search_term_string\"}}],\"inLanguage\":\"es-ES\"},{\"@type\":\"Person\",\"@id\":\"https:\/\/www.welovecycling.com\/es\/#\/schema\/person\/deb61715b5812698ee79fb96f343ccd4\",\"name\":\"We Love Cycling Spain\",\"image\":{\"@type\":\"ImageObject\",\"inLanguage\":\"es-ES\",\"@id\":\"https:\/\/www.welovecycling.com\/es\/#\/schema\/person\/image\/\",\"url\":\"https:\/\/secure.gravatar.com\/avatar\/c824b04e6df0e37a03219d0b6481672889df542894588964102459e46513159c?s=96&d=mm&r=g\",\"contentUrl\":\"https:\/\/secure.gravatar.com\/avatar\/c824b04e6df0e37a03219d0b6481672889df542894588964102459e46513159c?s=96&d=mm&r=g\",\"caption\":\"We Love Cycling Spain\"},\"url\":\"https:\/\/www.welovecycling.com\/es\/author\/amunoz\/\"}]}<\/script>\n<!-- \/ Yoast SEO Premium plugin. -->","yoast_head_json":{"title":"Zugasti y Espargar\u00f3 vuelven a unir caminos en la Mediterranean Epic - \u0160koda We Love Cycling - Spain","description":"Zugasti y Espargar\u00f3 vuelven a unir caminos en la Mediterranean Epic. La cronica del Orbea Factory Team en la Mediterranean Epic","robots":{"index":"index","follow":"follow","max-snippet":"max-snippet:-1","max-image-preview":"max-image-preview:large","max-video-preview":"max-video-preview:-1"},"canonical":"https:\/\/www.welovecycling.com\/es\/2020\/02\/19\/zugasti-espargaro-mediterranean-epic\/","og_locale":"es_ES","og_type":"article","og_title":"Zugasti y Espargar\u00f3 vuelven a unir caminos en la Mediterranean Epic","og_description":"Zugasti y Espargar\u00f3 vuelven a unir caminos en la Mediterranean Epic. La cronica del Orbea Factory Team en la Mediterranean Epic","og_url":"https:\/\/www.welovecycling.com\/es\/2020\/02\/19\/zugasti-espargaro-mediterranean-epic\/","og_site_name":"\u0160koda We Love Cycling - Spain","article_published_time":"2020-02-19T17:26:44+00:00","og_image":[{"width":793,"height":396,"url":"https:\/\/d2p6e6u75xmxt8.cloudfront.net\/6\/2020\/02\/mediterranean-epci-2020.png","type":"image\/png"}],"author":"We Love Cycling Spain","twitter_card":"summary_large_image","twitter_misc":{"Written by":"Luis Ortega @ciclored","Est. reading time":"5 minutes"},"schema":{"@context":"https:\/\/schema.org","@graph":[{"@type":"WebPage","@id":"https:\/\/www.welovecycling.com\/es\/2020\/02\/19\/zugasti-espargaro-mediterranean-epic\/","url":"https:\/\/www.welovecycling.com\/es\/2020\/02\/19\/zugasti-espargaro-mediterranean-epic\/","name":"Zugasti y Espargar\u00f3 vuelven a unir caminos en la Mediterranean Epic - \u0160koda We Love Cycling - Spain","isPartOf":{"@id":"https:\/\/www.welovecycling.com\/es\/#website"},"primaryImageOfPage":{"@id":"https:\/\/www.welovecycling.com\/es\/2020\/02\/19\/zugasti-espargaro-mediterranean-epic\/#primaryimage"},"image":{"@id":"https:\/\/www.welovecycling.com\/es\/2020\/02\/19\/zugasti-espargaro-mediterranean-epic\/#primaryimage"},"thumbnailUrl":"https:\/\/d2p6e6u75xmxt8.cloudfront.net\/6\/2020\/02\/mediterranean-epci-2020.png","datePublished":"2020-02-19T17:26:44+00:00","author":{"@id":"https:\/\/www.welovecycling.com\/es\/#\/schema\/person\/deb61715b5812698ee79fb96f343ccd4"},"description":"Zugasti y Espargar\u00f3 vuelven a unir caminos en la Mediterranean Epic. La cronica del Orbea Factory Team en la Mediterranean Epic","breadcrumb":{"@id":"https:\/\/www.welovecycling.com\/es\/2020\/02\/19\/zugasti-espargaro-mediterranean-epic\/#breadcrumb"},"inLanguage":"es-ES","potentialAction":[{"@type":"ReadAction","target":["https:\/\/www.welovecycling.com\/es\/2020\/02\/19\/zugasti-espargaro-mediterranean-epic\/"]}]},{"@type":"ImageObject","inLanguage":"es-ES","@id":"https:\/\/www.welovecycling.com\/es\/2020\/02\/19\/zugasti-espargaro-mediterranean-epic\/#primaryimage","url":"https:\/\/d2p6e6u75xmxt8.cloudfront.net\/6\/2020\/02\/mediterranean-epci-2020.png","contentUrl":"https:\/\/d2p6e6u75xmxt8.cloudfront.net\/6\/2020\/02\/mediterranean-epci-2020.png","width":793,"height":396},{"@type":"BreadcrumbList","@id":"https:\/\/www.welovecycling.com\/es\/2020\/02\/19\/zugasti-espargaro-mediterranean-epic\/#breadcrumb","itemListElement":[{"@type":"ListItem","position":1,"name":"Home","item":"https:\/\/www.welovecycling.com\/es\/"},{"@type":"ListItem","position":2,"name":"Zugasti y Espargar\u00f3 vuelven a unir caminos en la Mediterranean Epic"}]},{"@type":"WebSite","@id":"https:\/\/www.welovecycling.com\/es\/#website","url":"https:\/\/www.welovecycling.com\/es\/","name":"\u0160koda We Love Cycling - Spain","description":"\u0160koda WeLoveCycling Spain","potentialAction":[{"@type":"SearchAction","target":{"@type":"EntryPoint","urlTemplate":"https:\/\/www.welovecycling.com\/es\/?s={search_term_string}"},"query-input":{"@type":"PropertyValueSpecification","valueRequired":true,"valueName":"search_term_string"}}],"inLanguage":"es-ES"},{"@type":"Person","@id":"https:\/\/www.welovecycling.com\/es\/#\/schema\/person\/deb61715b5812698ee79fb96f343ccd4","name":"We Love Cycling Spain","image":{"@type":"ImageObject","inLanguage":"es-ES","@id":"https:\/\/www.welovecycling.com\/es\/#\/schema\/person\/image\/","url":"https:\/\/secure.gravatar.com\/avatar\/c824b04e6df0e37a03219d0b6481672889df542894588964102459e46513159c?s=96&d=mm&r=g","contentUrl":"https:\/\/secure.gravatar.com\/avatar\/c824b04e6df0e37a03219d0b6481672889df542894588964102459e46513159c?s=96&d=mm&r=g","caption":"We Love Cycling Spain"},"url":"https:\/\/www.welovecycling.com\/es\/author\/amunoz\/"}]}},"_links":{"self":[{"href":"https:\/\/www.welovecycling.com\/es\/wp-json\/wp\/v2\/posts\/5913","targetHints":{"allow":["GET"]}}],"collection":[{"href":"https:\/\/www.welovecycling.com\/es\/wp-json\/wp\/v2\/posts"}],"about":[{"href":"https:\/\/www.welovecycling.com\/es\/wp-json\/wp\/v2\/types\/post"}],"author":[{"embeddable":true,"href":"https:\/\/www.welovecycling.com\/es\/wp-json\/wp\/v2\/users\/29"}],"replies":[{"embeddable":true,"href":"https:\/\/www.welovecycling.com\/es\/wp-json\/wp\/v2\/comments?post=5913"}],"version-history":[{"count":2,"href":"https:\/\/www.welovecycling.com\/es\/wp-json\/wp\/v2\/posts\/5913\/revisions"}],"predecessor-version":[{"id":5926,"href":"https:\/\/www.welovecycling.com\/es\/wp-json\/wp\/v2\/posts\/5913\/revisions\/5926"}],"wp:featuredmedia":[{"embeddable":true,"href":"https:\/\/www.welovecycling.com\/es\/wp-json\/wp\/v2\/media\/5925"}],"wp:attachment":[{"href":"https:\/\/www.welovecycling.com\/es\/wp-json\/wp\/v2\/media?parent=5913"}],"wp:term":[{"taxonomy":"category","embeddable":true,"href":"https:\/\/www.welovecycling.com\/es\/wp-json\/wp\/v2\/categories?post=5913"},{"taxonomy":"post_tag","embeddable":true,"href":"https:\/\/www.welovecycling.com\/es\/wp-json\/wp\/v2\/tags?post=5913"},{"taxonomy":"global-categories","embeddable":true,"href":"https:\/\/www.welovecycling.com\/es\/wp-json\/wp\/v2\/global-categories?post=5913"}],"curies":[{"name":"wp","href":"https:\/\/api.w.org\/{rel}","templated":true}]}}