{"id":5895,"date":"2020-02-17T18:33:02","date_gmt":"2020-02-17T16:33:02","guid":{"rendered":"https:\/\/www.welovecycling.com\/es\/?p=5895"},"modified":"2020-02-17T18:33:02","modified_gmt":"2020-02-17T16:33:02","slug":"tendencias-mercado-ciclista-2020","status":"publish","type":"post","link":"https:\/\/www.welovecycling.com\/es\/2020\/02\/17\/tendencias-mercado-ciclista-2020\/","title":{"rendered":"Tendencias del mercado ciclista de 2020"},"content":{"rendered":"<p><strong>Dicen que la tecnolog\u00eda nunca descansa. Su prop\u00f3sito es evolucionar y perfeccionarse hasta que sea reemplazada por una nueva, mejor y, normalmente, m\u00e1s cara. Eso vale para las bicicletas tambi\u00e9n, por supuesto. Los nuevos materiales y la tecnolog\u00eda digital han desbaratado nuestro veh\u00edculo de dos ruedas favorito, haci\u00e9ndolo m\u00e1s r\u00e1pido, ligero e inteligente. Pero la tendencia m\u00e1s candente en el ciclismo este a\u00f1o comienza con una e &#8211; y no me refiero a la ergonom\u00eda.<\/strong><\/p>\n<p><!--more--><\/p>\n<p>Las ames o las odies, las e-bikes est\u00e1n de moda. Los analistas de la industria esperan que las ventas de e-bikes se tripliquen en los pr\u00f3ximos cinco a\u00f1os. Seg\u00fan Timo Ellenberger: &#8220;La e-bike est\u00e1 actualmente en desarrollo, igual que las zapatillas deportivas de los a\u00f1os 80! En ese momento, hab\u00eda tres o cuatro modelos para elegir, que estaban a mitad de camino para todas las aplicaciones. Hoy en d\u00eda, hay especiales no s\u00f3lo para cada deporte, sino que el zapato es tambi\u00e9n, al mismo tiempo, una expresi\u00f3n del estilo de vida y del car\u00e1cter de su portador&#8221;.<\/p>\n<p>Ellenberger cree que este a\u00f1o habr\u00e1 tres o cuatro modelos de bicicletas electr\u00f3nicas disponibles en el \u00e1rea de transporte de carga y humano, incluyendo soluciones para familias con m\u00e1s de un hijo y, por supuesto, para entrega comercial. Adem\u00e1s, los motores el\u00e9ctricos aparecer\u00e1n en las bicicletas plegables compactas, proporcionando un v\u00ednculo respetuoso con el clima entre el hogar, el transporte p\u00fablico y el trabajo.<\/p>\n<p>Tambi\u00e9n piensa que aparecer\u00e1n nuevos modelos bien dise\u00f1ados que integrar\u00e1n sin problemas un motor compacto y una bater\u00eda delgada, lo que convencer\u00e1 a los anteriores partidarios de la l\u00ednea dura anti-bicicleta de reconsiderar la compra de una. Un ejemplo destacado es el Cowboy de abajo, que tiene una bater\u00eda extra\u00edble.<\/p>\n<p>https:\/\/www.instagram.com\/p\/B6ffBjZArDO\/<\/p>\n<p>Otra tendencia (no el\u00e9ctrica) para este a\u00f1o ser\u00e1 el aumento de la versatilidad del ciclismo debido al aumento del tama\u00f1o de los neum\u00e1ticos. Lo que significa que podr\u00e1s usar la bicicleta de carretera todoterreno pr\u00e1cticamente en todas partes porque usar\u00e1s neum\u00e1ticos m\u00e1s anchos que son tan c\u00f3modos y estables en el asfalto como en la grava. Esto significar\u00e1 que las bicicletas de carretera ofrecer\u00e1n mucho de lo que hace una bicicleta de carreras, pero con m\u00e1s comodidad y un cambio de marchas m\u00e1s amplio.<\/p>\n<p>Algunas bicicletas ya lo hacen, como la Trek Domane de 2020, que puede montar hasta un neum\u00e1tico de 38 mm, que es realmente gordo para una bicicleta de carretera.<\/p>\n<p>Una consecuencia de que las bicicletas se conviertan en un medio de transporte tanto dentro como fuera de la carretera ser\u00e1 que la diferencia entre las bicicletas a\u00e9reas, de carretera y de grava se disolver\u00e1 y es posible que al final acabemos teniendo s\u00f3lo unas pocas categor\u00edas, por ejemplo, de carretera, de carreras y de BTT.<\/p>\n<figure id=\"attachment_5902\" aria-describedby=\"caption-attachment-5902\" style=\"width: 1920px\" class=\"wp-caption alignnone\"><img loading=\"lazy\" decoding=\"async\" class=\"size-full wp-image-5902\" src=\"https:\/\/d2p6e6u75xmxt8.cloudfront.net\/6\/2020\/02\/DomaneSL6_20_28313_C_Alt1_2000x.jpg\" alt=\"\" width=\"1920\" height=\"1440\" srcset=\"https:\/\/d2p6e6u75xmxt8.cloudfront.net\/6\/2020\/02\/DomaneSL6_20_28313_C_Alt1_2000x.jpg 1920w, https:\/\/d2p6e6u75xmxt8.cloudfront.net\/6\/2020\/02\/DomaneSL6_20_28313_C_Alt1_2000x-300x225.jpg 300w, https:\/\/d2p6e6u75xmxt8.cloudfront.net\/6\/2020\/02\/DomaneSL6_20_28313_C_Alt1_2000x-768x576.jpg 768w, https:\/\/d2p6e6u75xmxt8.cloudfront.net\/6\/2020\/02\/DomaneSL6_20_28313_C_Alt1_2000x-1024x768.jpg 1024w, https:\/\/d2p6e6u75xmxt8.cloudfront.net\/6\/2020\/02\/DomaneSL6_20_28313_C_Alt1_2000x-1920x1440.jpg 1920w\" sizes=\"auto, (max-width: 1920px) 100vw, 1920px\" \/><figcaption id=\"caption-attachment-5902\" class=\"wp-caption-text\">Trek Domane SL 6 Disc 2020<\/figcaption><\/figure>\n<p>&nbsp;<\/p>\n<p>Mencionamos lo digital al principio y la tecnolog\u00eda ya ha transformado la bicicleta en una m\u00e1quina omnisciente. Los ordenadores de a bordo eligen la mejor ruta, predicen el tiempo, y te permiten seguir tu estado f\u00edsico a lo largo del tiempo. Adem\u00e1s, los sistemas de GPS ahora a\u00f1aden una capa de seguridad al permitirte rastrear tu bicicleta si ha sido robada.<\/p>\n<p>Bueno, prep\u00e1rate para el siguiente nivel: gafas de ciclismo de realidad aumentada (AR). Estas gafas tienen todo lo que un ordenador proporciona y m\u00e1s: GPS y navegaci\u00f3n por voz, seguimiento de la condici\u00f3n f\u00edsica y el rendimiento, listas de reproducci\u00f3n de m\u00fasica y comunicaci\u00f3n manos libres con otros ciclistas. Y pueden aceptar y transmitir llamadas telef\u00f3nicas mientras vas en bicicleta. Las gafas Raptor de Everysight pueden incluso tomar fotos y videos que pueden compartirse en los medios sociales.<\/p>\n<lite-youtube videoid=KEDuG2r9a0g params=\"enablejsapi=1\" style=\"background-image: url('https:\/\/i.ytimg.com\/vi_webp\/KEDuG2r9a0g\/maxresdefault.webp');\"><\/lite-youtube>\n<p>Las gafas fabricadas por otra empresa, SOLOS, utilizan una pantalla virtual que se puede ajustar seg\u00fan tus preferencias personales. Una vez que te conectes a trav\u00e9s de Bluetooth, puedes usar comandos de voz con tu tel\u00e9fono o la herramienta de navegaci\u00f3n incorporada del sistema para elegir justo lo que quieres o\u00edr o ver en tu rango de visi\u00f3n mientras vas avanzando. Esto puede significar cosas como calor\u00edas quemadas, kil\u00f3metros recorridos o elevaci\u00f3n del terreno. El SOLOS utiliza una bater\u00eda recargable que sirve para cinco horas de ciclismo de realidad aumentada. Aqu\u00ed est\u00e1 mir\u00e1ndote, chico.<\/p>\n","protected":false},"excerpt":{"rendered":"<p>Dicen que la tecnolog\u00eda nunca descansa. Su prop\u00f3sito es evolucionar y perfeccionarse hasta que sea reemplazada por una nueva, mejor [&hellip;]<\/p>\n","protected":false},"author":29,"featured_media":5909,"comment_status":"open","ping_status":"open","sticky":false,"template":"","format":"standard","meta":{"footnotes":""},"categories":[7,8,9],"tags":[1445,1446,1444,1443],"global-categories":[],"class_list":["post-5895","post","type-post","status-publish","format-standard","has-post-thumbnail","hentry","category-carretera","category-life-style","category-mtb-aventura","tag-e-bike-2020","tag-gafas-realidad-aumentada-ciclismo","tag-mercado-ciclista-2020","tag-tendencias-mercado-ciclista"],"yoast_head":"<!-- This site is optimized with the Yoast SEO Premium plugin v25.3 (Yoast SEO v25.9) - https:\/\/yoast.com\/wordpress\/plugins\/seo\/ -->\n<title>Tendencias del mercado ciclista de 2020 - \u0160koda We Love Cycling - Spain<\/title>\n<meta name=\"description\" content=\"Tendencias del mercado ciclista de 2020. Los nuevos modelos de e bike, bicicletas gravel y gafas de realidad aumentada para ciclismo.\" \/>\n<meta name=\"robots\" content=\"index, follow, max-snippet:-1, max-image-preview:large, max-video-preview:-1\" \/>\n<link rel=\"canonical\" href=\"https:\/\/www.welovecycling.com\/es\/2020\/02\/17\/tendencias-mercado-ciclista-2020\/\" \/>\n<meta property=\"og:locale\" content=\"es_ES\" \/>\n<meta property=\"og:type\" content=\"article\" \/>\n<meta property=\"og:title\" content=\"Tendencias del mercado ciclista de 2020\" \/>\n<meta property=\"og:description\" content=\"Tendencias del mercado ciclista de 2020. Los nuevos modelos de e bike, bicicletas gravel y gafas de realidad aumentada para ciclismo.\" \/>\n<meta property=\"og:url\" content=\"https:\/\/www.welovecycling.com\/es\/2020\/02\/17\/tendencias-mercado-ciclista-2020\/\" \/>\n<meta property=\"og:site_name\" content=\"\u0160koda We Love Cycling - Spain\" \/>\n<meta property=\"article:published_time\" content=\"2020-02-17T16:33:02+00:00\" \/>\n<meta property=\"og:image\" content=\"https:\/\/d2p6e6u75xmxt8.cloudfront.net\/6\/2020\/02\/AR-CVR-Cycling.jpg\" \/>\n\t<meta property=\"og:image:width\" content=\"1366\" \/>\n\t<meta property=\"og:image:height\" content=\"600\" \/>\n\t<meta property=\"og:image:type\" content=\"image\/jpeg\" \/>\n<meta name=\"author\" content=\"We Love Cycling Spain\" \/>\n<meta name=\"twitter:card\" content=\"summary_large_image\" \/>\n<meta name=\"twitter:title\" content=\"Tendencias del mercado ciclista de 2020\" \/>\n<meta name=\"twitter:description\" content=\"Tendencias del mercado ciclista de 2020. Los nuevos modelos de e bike, bicicletas gravel y gafas de realidad aumentada para ciclismo.\" \/>\n<meta name=\"twitter:label1\" content=\"Written by\" \/>\n\t<meta name=\"twitter:data1\" content=\"Siegfried Mortkowitz\" \/>\n\t<meta name=\"twitter:label2\" content=\"Est. reading time\" \/>\n\t<meta name=\"twitter:data2\" content=\"7\" \/>\n<script type=\"application\/ld+json\" class=\"yoast-schema-graph\">{\"@context\":\"https:\/\/schema.org\",\"@graph\":[{\"@type\":\"WebPage\",\"@id\":\"https:\/\/www.welovecycling.com\/es\/2020\/02\/17\/tendencias-mercado-ciclista-2020\/\",\"url\":\"https:\/\/www.welovecycling.com\/es\/2020\/02\/17\/tendencias-mercado-ciclista-2020\/\",\"name\":\"Tendencias del mercado ciclista de 2020 - \u0160koda We Love Cycling - Spain\",\"isPartOf\":{\"@id\":\"https:\/\/www.welovecycling.com\/es\/#website\"},\"primaryImageOfPage\":{\"@id\":\"https:\/\/www.welovecycling.com\/es\/2020\/02\/17\/tendencias-mercado-ciclista-2020\/#primaryimage\"},\"image\":{\"@id\":\"https:\/\/www.welovecycling.com\/es\/2020\/02\/17\/tendencias-mercado-ciclista-2020\/#primaryimage\"},\"thumbnailUrl\":\"https:\/\/d2p6e6u75xmxt8.cloudfront.net\/6\/2020\/02\/AR-CVR-Cycling.jpg\",\"datePublished\":\"2020-02-17T16:33:02+00:00\",\"author\":{\"@id\":\"https:\/\/www.welovecycling.com\/es\/#\/schema\/person\/deb61715b5812698ee79fb96f343ccd4\"},\"description\":\"Tendencias del mercado ciclista de 2020. Los nuevos modelos de e bike, bicicletas gravel y gafas de realidad aumentada para ciclismo.\",\"breadcrumb\":{\"@id\":\"https:\/\/www.welovecycling.com\/es\/2020\/02\/17\/tendencias-mercado-ciclista-2020\/#breadcrumb\"},\"inLanguage\":\"es-ES\",\"potentialAction\":[{\"@type\":\"ReadAction\",\"target\":[\"https:\/\/www.welovecycling.com\/es\/2020\/02\/17\/tendencias-mercado-ciclista-2020\/\"]}]},{\"@type\":\"ImageObject\",\"inLanguage\":\"es-ES\",\"@id\":\"https:\/\/www.welovecycling.com\/es\/2020\/02\/17\/tendencias-mercado-ciclista-2020\/#primaryimage\",\"url\":\"https:\/\/d2p6e6u75xmxt8.cloudfront.net\/6\/2020\/02\/AR-CVR-Cycling.jpg\",\"contentUrl\":\"https:\/\/d2p6e6u75xmxt8.cloudfront.net\/6\/2020\/02\/AR-CVR-Cycling.jpg\",\"width\":1366,\"height\":600},{\"@type\":\"BreadcrumbList\",\"@id\":\"https:\/\/www.welovecycling.com\/es\/2020\/02\/17\/tendencias-mercado-ciclista-2020\/#breadcrumb\",\"itemListElement\":[{\"@type\":\"ListItem\",\"position\":1,\"name\":\"Home\",\"item\":\"https:\/\/www.welovecycling.com\/es\/\"},{\"@type\":\"ListItem\",\"position\":2,\"name\":\"Tendencias del mercado ciclista de 2020\"}]},{\"@type\":\"WebSite\",\"@id\":\"https:\/\/www.welovecycling.com\/es\/#website\",\"url\":\"https:\/\/www.welovecycling.com\/es\/\",\"name\":\"\u0160koda We Love Cycling - Spain\",\"description\":\"\u0160koda WeLoveCycling Spain\",\"potentialAction\":[{\"@type\":\"SearchAction\",\"target\":{\"@type\":\"EntryPoint\",\"urlTemplate\":\"https:\/\/www.welovecycling.com\/es\/?s={search_term_string}\"},\"query-input\":{\"@type\":\"PropertyValueSpecification\",\"valueRequired\":true,\"valueName\":\"search_term_string\"}}],\"inLanguage\":\"es-ES\"},{\"@type\":\"Person\",\"@id\":\"https:\/\/www.welovecycling.com\/es\/#\/schema\/person\/deb61715b5812698ee79fb96f343ccd4\",\"name\":\"We Love Cycling Spain\",\"image\":{\"@type\":\"ImageObject\",\"inLanguage\":\"es-ES\",\"@id\":\"https:\/\/www.welovecycling.com\/es\/#\/schema\/person\/image\/\",\"url\":\"https:\/\/secure.gravatar.com\/avatar\/c824b04e6df0e37a03219d0b6481672889df542894588964102459e46513159c?s=96&d=mm&r=g\",\"contentUrl\":\"https:\/\/secure.gravatar.com\/avatar\/c824b04e6df0e37a03219d0b6481672889df542894588964102459e46513159c?s=96&d=mm&r=g\",\"caption\":\"We Love Cycling Spain\"},\"url\":\"https:\/\/www.welovecycling.com\/es\/author\/amunoz\/\"}]}<\/script>\n<!-- \/ Yoast SEO Premium plugin. -->","yoast_head_json":{"title":"Tendencias del mercado ciclista de 2020 - \u0160koda We Love Cycling - Spain","description":"Tendencias del mercado ciclista de 2020. Los nuevos modelos de e bike, bicicletas gravel y gafas de realidad aumentada para ciclismo.","robots":{"index":"index","follow":"follow","max-snippet":"max-snippet:-1","max-image-preview":"max-image-preview:large","max-video-preview":"max-video-preview:-1"},"canonical":"https:\/\/www.welovecycling.com\/es\/2020\/02\/17\/tendencias-mercado-ciclista-2020\/","og_locale":"es_ES","og_type":"article","og_title":"Tendencias del mercado ciclista de 2020","og_description":"Tendencias del mercado ciclista de 2020. Los nuevos modelos de e bike, bicicletas gravel y gafas de realidad aumentada para ciclismo.","og_url":"https:\/\/www.welovecycling.com\/es\/2020\/02\/17\/tendencias-mercado-ciclista-2020\/","og_site_name":"\u0160koda We Love Cycling - Spain","article_published_time":"2020-02-17T16:33:02+00:00","og_image":[{"width":1366,"height":600,"url":"https:\/\/d2p6e6u75xmxt8.cloudfront.net\/6\/2020\/02\/AR-CVR-Cycling.jpg","type":"image\/jpeg"}],"author":"We Love Cycling Spain","twitter_card":"summary_large_image","twitter_title":"Tendencias del mercado ciclista de 2020","twitter_description":"Tendencias del mercado ciclista de 2020. Los nuevos modelos de e bike, bicicletas gravel y gafas de realidad aumentada para ciclismo.","twitter_misc":{"Written by":"Siegfried Mortkowitz","Est. reading time":"7"},"schema":{"@context":"https:\/\/schema.org","@graph":[{"@type":"WebPage","@id":"https:\/\/www.welovecycling.com\/es\/2020\/02\/17\/tendencias-mercado-ciclista-2020\/","url":"https:\/\/www.welovecycling.com\/es\/2020\/02\/17\/tendencias-mercado-ciclista-2020\/","name":"Tendencias del mercado ciclista de 2020 - \u0160koda We Love Cycling - Spain","isPartOf":{"@id":"https:\/\/www.welovecycling.com\/es\/#website"},"primaryImageOfPage":{"@id":"https:\/\/www.welovecycling.com\/es\/2020\/02\/17\/tendencias-mercado-ciclista-2020\/#primaryimage"},"image":{"@id":"https:\/\/www.welovecycling.com\/es\/2020\/02\/17\/tendencias-mercado-ciclista-2020\/#primaryimage"},"thumbnailUrl":"https:\/\/d2p6e6u75xmxt8.cloudfront.net\/6\/2020\/02\/AR-CVR-Cycling.jpg","datePublished":"2020-02-17T16:33:02+00:00","author":{"@id":"https:\/\/www.welovecycling.com\/es\/#\/schema\/person\/deb61715b5812698ee79fb96f343ccd4"},"description":"Tendencias del mercado ciclista de 2020. Los nuevos modelos de e bike, bicicletas gravel y gafas de realidad aumentada para ciclismo.","breadcrumb":{"@id":"https:\/\/www.welovecycling.com\/es\/2020\/02\/17\/tendencias-mercado-ciclista-2020\/#breadcrumb"},"inLanguage":"es-ES","potentialAction":[{"@type":"ReadAction","target":["https:\/\/www.welovecycling.com\/es\/2020\/02\/17\/tendencias-mercado-ciclista-2020\/"]}]},{"@type":"ImageObject","inLanguage":"es-ES","@id":"https:\/\/www.welovecycling.com\/es\/2020\/02\/17\/tendencias-mercado-ciclista-2020\/#primaryimage","url":"https:\/\/d2p6e6u75xmxt8.cloudfront.net\/6\/2020\/02\/AR-CVR-Cycling.jpg","contentUrl":"https:\/\/d2p6e6u75xmxt8.cloudfront.net\/6\/2020\/02\/AR-CVR-Cycling.jpg","width":1366,"height":600},{"@type":"BreadcrumbList","@id":"https:\/\/www.welovecycling.com\/es\/2020\/02\/17\/tendencias-mercado-ciclista-2020\/#breadcrumb","itemListElement":[{"@type":"ListItem","position":1,"name":"Home","item":"https:\/\/www.welovecycling.com\/es\/"},{"@type":"ListItem","position":2,"name":"Tendencias del mercado ciclista de 2020"}]},{"@type":"WebSite","@id":"https:\/\/www.welovecycling.com\/es\/#website","url":"https:\/\/www.welovecycling.com\/es\/","name":"\u0160koda We Love Cycling - Spain","description":"\u0160koda WeLoveCycling Spain","potentialAction":[{"@type":"SearchAction","target":{"@type":"EntryPoint","urlTemplate":"https:\/\/www.welovecycling.com\/es\/?s={search_term_string}"},"query-input":{"@type":"PropertyValueSpecification","valueRequired":true,"valueName":"search_term_string"}}],"inLanguage":"es-ES"},{"@type":"Person","@id":"https:\/\/www.welovecycling.com\/es\/#\/schema\/person\/deb61715b5812698ee79fb96f343ccd4","name":"We Love Cycling Spain","image":{"@type":"ImageObject","inLanguage":"es-ES","@id":"https:\/\/www.welovecycling.com\/es\/#\/schema\/person\/image\/","url":"https:\/\/secure.gravatar.com\/avatar\/c824b04e6df0e37a03219d0b6481672889df542894588964102459e46513159c?s=96&d=mm&r=g","contentUrl":"https:\/\/secure.gravatar.com\/avatar\/c824b04e6df0e37a03219d0b6481672889df542894588964102459e46513159c?s=96&d=mm&r=g","caption":"We Love Cycling Spain"},"url":"https:\/\/www.welovecycling.com\/es\/author\/amunoz\/"}]}},"_links":{"self":[{"href":"https:\/\/www.welovecycling.com\/es\/wp-json\/wp\/v2\/posts\/5895","targetHints":{"allow":["GET"]}}],"collection":[{"href":"https:\/\/www.welovecycling.com\/es\/wp-json\/wp\/v2\/posts"}],"about":[{"href":"https:\/\/www.welovecycling.com\/es\/wp-json\/wp\/v2\/types\/post"}],"author":[{"embeddable":true,"href":"https:\/\/www.welovecycling.com\/es\/wp-json\/wp\/v2\/users\/29"}],"replies":[{"embeddable":true,"href":"https:\/\/www.welovecycling.com\/es\/wp-json\/wp\/v2\/comments?post=5895"}],"version-history":[{"count":2,"href":"https:\/\/www.welovecycling.com\/es\/wp-json\/wp\/v2\/posts\/5895\/revisions"}],"predecessor-version":[{"id":5910,"href":"https:\/\/www.welovecycling.com\/es\/wp-json\/wp\/v2\/posts\/5895\/revisions\/5910"}],"wp:featuredmedia":[{"embeddable":true,"href":"https:\/\/www.welovecycling.com\/es\/wp-json\/wp\/v2\/media\/5909"}],"wp:attachment":[{"href":"https:\/\/www.welovecycling.com\/es\/wp-json\/wp\/v2\/media?parent=5895"}],"wp:term":[{"taxonomy":"category","embeddable":true,"href":"https:\/\/www.welovecycling.com\/es\/wp-json\/wp\/v2\/categories?post=5895"},{"taxonomy":"post_tag","embeddable":true,"href":"https:\/\/www.welovecycling.com\/es\/wp-json\/wp\/v2\/tags?post=5895"},{"taxonomy":"global-categories","embeddable":true,"href":"https:\/\/www.welovecycling.com\/es\/wp-json\/wp\/v2\/global-categories?post=5895"}],"curies":[{"name":"wp","href":"https:\/\/api.w.org\/{rel}","templated":true}]}}