{"id":5894,"date":"2020-02-18T18:41:13","date_gmt":"2020-02-18T16:41:13","guid":{"rendered":"https:\/\/www.welovecycling.com\/es\/?p=5894"},"modified":"2020-02-18T18:41:13","modified_gmt":"2020-02-18T16:41:13","slug":"nutricion-ciclista-segun-temporada","status":"publish","type":"post","link":"https:\/\/www.welovecycling.com\/es\/2020\/02\/18\/nutricion-ciclista-segun-temporada\/","title":{"rendered":"Nutrici\u00f3n ciclista seg\u00fan la fase de la temporada"},"content":{"rendered":"<p><strong>Todo ciclista que tiene un plan de entrenamiento sabe que la carga cambia mucho dependiendo de la fase de la temporada. La nutrici\u00f3n debe ser la misma. Sus elecciones de alimentos, las proporciones de macronutrientes y la ingesta total de energ\u00eda deben cambiar en funci\u00f3n de cu\u00e1nto entrena y en qu\u00e9 tipo de entrenamiento se centra. Veamos m\u00e1s de cerca los macrociclos en la nutrici\u00f3n.<\/strong><br \/>\n<!--more--><\/p>\n<p>Un macrociclo suele representar toda la temporada de ciclismo y veremos c\u00f3mo deber\u00eda cambiar la nutrici\u00f3n dentro de ese ciclo. La nutrici\u00f3n puede incluso cambiar de a\u00f1o en a\u00f1o a medida que los atletas pasan de la categor\u00eda de j\u00f3venes a la de adultos, pero ese ser\u00eda un tema ligeramente diferente. Nos centraremos en las cuatro fases principales de cada a\u00f1o: la fase fuera de temporada, la fase de entrenamiento b\u00e1sico, la fase de construcci\u00f3n y la fase de competici\u00f3n.<\/p>\n<p><img loading=\"lazy\" decoding=\"async\" class=\"alignnone size-full wp-image-5897\" src=\"https:\/\/d2p6e6u75xmxt8.cloudfront.net\/6\/2020\/02\/Woman-Exercise-CVR-profimedia-0282224331.jpg\" alt=\"\" width=\"1366\" height=\"600\" srcset=\"https:\/\/d2p6e6u75xmxt8.cloudfront.net\/6\/2020\/02\/Woman-Exercise-CVR-profimedia-0282224331.jpg 1366w, https:\/\/d2p6e6u75xmxt8.cloudfront.net\/6\/2020\/02\/Woman-Exercise-CVR-profimedia-0282224331-300x132.jpg 300w, https:\/\/d2p6e6u75xmxt8.cloudfront.net\/6\/2020\/02\/Woman-Exercise-CVR-profimedia-0282224331-768x337.jpg 768w, https:\/\/d2p6e6u75xmxt8.cloudfront.net\/6\/2020\/02\/Woman-Exercise-CVR-profimedia-0282224331-1024x450.jpg 1024w\" sizes=\"auto, (max-width: 1366px) 100vw, 1366px\" \/><\/p>\n<h2><strong>Fuera de temporada<\/strong><\/h2>\n<p>Fuera de temporada es donde muchos ciclistas aficionados cometen errores. Cuando la temporada termina y llega el bien merecido per\u00edodo de descanso, los ciclistas tambi\u00e9n tienen la sensaci\u00f3n de que la elecci\u00f3n de la comida ya no importa. Es cierto que no tendr\u00e1s que pensar en cargar carbohidratos para las carreras y tratar de cargar combustible perfectamente en la bicicleta, pero tu ingesta de energ\u00eda sigue siendo muy importante. Eso se debe a que tu gasto energ\u00e9tico probablemente disminuir\u00e1 mucho y necesitas empezar a comer menos para evitar un aumento de peso excesivo. Algunos entrenadores aconsejan no ganar m\u00e1s del 8% del peso de la competici\u00f3n durante la temporada baja.<\/p>\n<p><strong><em>\u00bfC\u00f3mo hacerlo bien?<\/em><\/strong> Puedes disminuir tu ingesta contando las calor\u00edas o creando alguna otra forma de restricci\u00f3n. Una cosa que funciona para muchos ciclistas es reducir la cantidad total de carbohidratos en su dieta. No har\u00e1s muchos esfuerzos intensos en la bicicleta, as\u00ed que puedes hacer una transici\u00f3n temporal a una dieta baja en carbohidratos o simplemente reducir los carbohidratos en una o m\u00e1s comidas todos los d\u00edas. Tambi\u00e9n puedes aumentar la cantidad de vegetales y fuentes de prote\u00edna en tu dieta porque esas cosas te ayudan a sentirte saciado y as\u00ed no tendr\u00e1s que luchar tanto contra el hambre. As\u00ed que, menos pasta y m\u00e1s carne y ensaladas.<\/p>\n<p><img loading=\"lazy\" decoding=\"async\" class=\"alignnone size-full wp-image-5900\" src=\"https:\/\/d2p6e6u75xmxt8.cloudfront.net\/6\/2020\/02\/profimedia-0355632478.jpg\" alt=\"\" width=\"1250\" height=\"834\" srcset=\"https:\/\/d2p6e6u75xmxt8.cloudfront.net\/6\/2020\/02\/profimedia-0355632478.jpg 1250w, https:\/\/d2p6e6u75xmxt8.cloudfront.net\/6\/2020\/02\/profimedia-0355632478-300x200.jpg 300w, https:\/\/d2p6e6u75xmxt8.cloudfront.net\/6\/2020\/02\/profimedia-0355632478-768x512.jpg 768w, https:\/\/d2p6e6u75xmxt8.cloudfront.net\/6\/2020\/02\/profimedia-0355632478-1024x683.jpg 1024w, https:\/\/d2p6e6u75xmxt8.cloudfront.net\/6\/2020\/02\/profimedia-0355632478-272x182.jpg 272w\" sizes=\"auto, (max-width: 1250px) 100vw, 1250px\" \/><\/p>\n<h2><strong>Nutrici\u00f3n para el entrenamiento de base<\/strong><\/h2>\n<p>El objetivo de esta fase de entrenamiento suele ser la construcci\u00f3n de una aptitud de resistencia y el desarrollo de la flexibilidad metab\u00f3lica. A veces tambi\u00e9n es cuando se intenta cambiar la composici\u00f3n del cuerpo y perder algo de peso. Esto significa que har\u00e1s muchos paseos largos y de baja intensidad. Un error com\u00fan de los nuevos corredores que reci\u00e9n se est\u00e1n iniciando en el entrenamiento serio es exagerar con los carbohidratos. Puede parecer que necesitas empezar a tragar muchos geles y barritas de energ\u00eda porque tu plan de entrenamiento ya comenz\u00f3. Pero las investigaciones sugieren que obtendr\u00e1s mejores adaptaciones de entrenamiento si entrenas la resistencia en un estado de agotamiento de gluc\u00f3geno en alguna sesi\u00f3n. Y eso significa menos carbohidratos.<\/p>\n<p><strong><em>\u00bfC\u00f3mo hacerlo bien?<\/em><\/strong> Esta fase debe ser sobre una proporci\u00f3n menor de carbohidratos y una mayor proporci\u00f3n de grasas. Esto no significa que debas ir a keto y evitar todos los carbohidratos. Entrenar mucho con pocos carbohidratos puede ser un estr\u00e9s para el sistema inmunol\u00f3gico y no querr\u00e1s enfermar. S\u00f3lo significa que debes concentrarte en cargar los carbohidratos en el momento adecuado. As\u00ed que m\u00e1s aguacates, salm\u00f3n ahumado y huevos y menos avena y zumos para tus desayunos previos al entrenamiento. En el pr\u00f3ximo art\u00edculo veremos m\u00e1s de cerca estrategias espec\u00edficas y microciclos dentro de esta fase del entrenamiento<\/p>\n<h2><strong>Fase de construcci\u00f3n<\/strong><\/h2>\n<p>Esta fase de entrenamiento est\u00e1 enfocada en la construcci\u00f3n de velocidad y potencia. Eso significa que aumentar\u00e1s la intensidad de tu entrenamiento, haciendo m\u00e1s sesiones duras y menos largas aer\u00f3bicas. Cuando se trata de nutrici\u00f3n, es cuando la mayor\u00eda de la gente lo hace bien porque simplemente necesitas comer m\u00e1s carbohidratos y alimentos en general. El truco es no subestimar la cantidad de comida que se necesita para mantener la intensidad de este tipo de entrenamiento.<\/p>\n<p><strong><em>\u00bfC\u00f3mo hacerlo bien?\u00a0<\/em><\/strong>El az\u00facar es el principal combustible para las sesiones de alta intensidad, as\u00ed que lo m\u00e1s importante para esta fase es aumentar la ingesta de carbohidratos. Esto no significa que debas empezar a comer helado, chocolate y pastel cada vez que puedas. Deber\u00edas seguir buscando fuentes de calidad de carbohidratos simples y complejos. Por ejemplo, el cl\u00e1sico desayuno de ciclismo, gachas con fruta, es una gran opci\u00f3n antes de una dura sesi\u00f3n de intervalo. Tambi\u00e9n puedes comer mucha m\u00e1s pasta, patatas y arroz como acompa\u00f1antes. Y tambi\u00e9n es el mejor momento para empezar a entrenar el intestino para el uso de bebidas y geles energ\u00e9ticos en la bicicleta y despu\u00e9s para la recuperaci\u00f3n. Veremos el entrenamiento intestinal en el pr\u00f3ximo art\u00edculo de esta serie.<\/p>\n<p><img loading=\"lazy\" decoding=\"async\" class=\"alignnone size-full wp-image-5903\" src=\"https:\/\/d2p6e6u75xmxt8.cloudfront.net\/6\/2020\/02\/potatoes-vegetables-erdfrucht-bio-144248.jpeg\" alt=\"\" width=\"640\" height=\"426\" srcset=\"https:\/\/d2p6e6u75xmxt8.cloudfront.net\/6\/2020\/02\/potatoes-vegetables-erdfrucht-bio-144248.jpeg 640w, https:\/\/d2p6e6u75xmxt8.cloudfront.net\/6\/2020\/02\/potatoes-vegetables-erdfrucht-bio-144248-300x200.jpeg 300w, https:\/\/d2p6e6u75xmxt8.cloudfront.net\/6\/2020\/02\/potatoes-vegetables-erdfrucht-bio-144248-272x182.jpeg 272w\" sizes=\"auto, (max-width: 640px) 100vw, 640px\" \/><\/p>\n<h2><strong>Fase de competici\u00f3n<\/strong><\/h2>\n<p>El entrenamiento en esta fase depende casi enteramente del tipo de carreras que planeaste. La mayor\u00eda de los ciclistas incluyen un per\u00edodo de disminuci\u00f3n antes de su gran carrera, lo que significa que reducen el volumen de entrenamiento y s\u00f3lo hacen unos pocos entrenamientos cortos de alta intensidad. La carrera en s\u00ed requiere la ingesti\u00f3n de muchos carbohidratos para maximizar la producci\u00f3n de energ\u00eda. La nutrici\u00f3n debe reflejar estos cambios en la carga de trabajo.<\/p>\n<p><em><strong>\u00bfC\u00f3mo hacerlo bien?<\/strong><\/em> Es importante ajustar la alimentaci\u00f3n en funci\u00f3n de la disminuci\u00f3n, lo que normalmente significa reducir la ingesta de energ\u00eda total. Esta vez no puedes confiar en la dieta baja en carbohidratos porque tambi\u00e9n necesitas mantener tu gluc\u00f3geno<\/p>\n","protected":false},"excerpt":{"rendered":"<p>Todo ciclista que tiene un plan de entrenamiento sabe que la carga cambia mucho dependiendo de la fase de la [&hellip;]<\/p>\n","protected":false},"author":29,"featured_media":5907,"comment_status":"open","ping_status":"open","sticky":false,"template":"","format":"standard","meta":{"footnotes":""},"categories":[7,9],"tags":[1449,1447,1448,120],"global-categories":[],"class_list":["post-5894","post","type-post","status-publish","format-standard","has-post-thumbnail","hentry","category-carretera","category-mtb-aventura","tag-entrenamiento-y-nutricion","tag-macrociclos-de-nutricion-ciclista","tag-mesociclos-de-nutricion-ciclista","tag-nutricion-ciclista"],"yoast_head":"<!-- This site is optimized with the Yoast SEO Premium plugin v25.3 (Yoast SEO v25.9) - https:\/\/yoast.com\/wordpress\/plugins\/seo\/ -->\n<title>Nutrici\u00f3n ciclista seg\u00fan la fase de la temporada - \u0160koda We Love Cycling - Spain<\/title>\n<meta name=\"description\" content=\"Nutrici\u00f3n ciclista seg\u00fan la fase de la temporada\" \/>\n<meta name=\"robots\" content=\"index, follow, max-snippet:-1, max-image-preview:large, max-video-preview:-1\" \/>\n<link rel=\"canonical\" href=\"https:\/\/www.welovecycling.com\/es\/2020\/02\/18\/nutricion-ciclista-segun-temporada\/\" \/>\n<meta property=\"og:locale\" content=\"es_ES\" \/>\n<meta property=\"og:type\" content=\"article\" \/>\n<meta property=\"og:title\" content=\"Nutrici\u00f3n ciclista seg\u00fan la fase de la temporada\" \/>\n<meta property=\"og:description\" content=\"Nutrici\u00f3n ciclista seg\u00fan la fase de la temporada. Qu\u00e9 cantidad de hidratos, grasas y prote\u00ednas comer seg\u00fan el momento de la temporada ciclista.\" \/>\n<meta property=\"og:url\" content=\"https:\/\/www.welovecycling.com\/es\/2020\/02\/18\/nutricion-ciclista-segun-temporada\/\" \/>\n<meta property=\"og:site_name\" content=\"\u0160koda We Love Cycling - Spain\" \/>\n<meta property=\"article:published_time\" content=\"2020-02-18T16:41:13+00:00\" \/>\n<meta property=\"og:image\" content=\"https:\/\/d2p6e6u75xmxt8.cloudfront.net\/6\/2020\/02\/Vegetables-Calories-Counting-CVR.jpg\" \/>\n\t<meta property=\"og:image:width\" content=\"1366\" \/>\n\t<meta property=\"og:image:height\" content=\"600\" \/>\n\t<meta property=\"og:image:type\" content=\"image\/jpeg\" \/>\n<meta name=\"author\" content=\"We Love Cycling Spain\" \/>\n<meta name=\"twitter:card\" content=\"summary_large_image\" \/>\n<meta name=\"twitter:title\" content=\"Nutrici\u00f3n ciclista seg\u00fan la fase de la temporada\" \/>\n<meta name=\"twitter:description\" content=\"Nutrici\u00f3n ciclista seg\u00fan la fase de la temporada. Qu\u00e9 cantidad de hidratos, grasas y prote\u00ednas comer seg\u00fan el momento de la temporada ciclista.\" \/>\n<meta name=\"twitter:label1\" content=\"Written by\" \/>\n\t<meta name=\"twitter:data1\" content=\"Jiri Kaloc\" \/>\n\t<meta name=\"twitter:label2\" content=\"Est. reading time\" \/>\n\t<meta name=\"twitter:data2\" content=\"7\" \/>\n<script type=\"application\/ld+json\" class=\"yoast-schema-graph\">{\"@context\":\"https:\/\/schema.org\",\"@graph\":[{\"@type\":\"WebPage\",\"@id\":\"https:\/\/www.welovecycling.com\/es\/2020\/02\/18\/nutricion-ciclista-segun-temporada\/\",\"url\":\"https:\/\/www.welovecycling.com\/es\/2020\/02\/18\/nutricion-ciclista-segun-temporada\/\",\"name\":\"Nutrici\u00f3n ciclista seg\u00fan la fase de la temporada - \u0160koda We Love Cycling - Spain\",\"isPartOf\":{\"@id\":\"https:\/\/www.welovecycling.com\/es\/#website\"},\"primaryImageOfPage\":{\"@id\":\"https:\/\/www.welovecycling.com\/es\/2020\/02\/18\/nutricion-ciclista-segun-temporada\/#primaryimage\"},\"image\":{\"@id\":\"https:\/\/www.welovecycling.com\/es\/2020\/02\/18\/nutricion-ciclista-segun-temporada\/#primaryimage\"},\"thumbnailUrl\":\"https:\/\/d2p6e6u75xmxt8.cloudfront.net\/6\/2020\/02\/Vegetables-Calories-Counting-CVR.jpg\",\"datePublished\":\"2020-02-18T16:41:13+00:00\",\"author\":{\"@id\":\"https:\/\/www.welovecycling.com\/es\/#\/schema\/person\/deb61715b5812698ee79fb96f343ccd4\"},\"description\":\"Nutrici\u00f3n ciclista seg\u00fan la fase de la temporada\",\"breadcrumb\":{\"@id\":\"https:\/\/www.welovecycling.com\/es\/2020\/02\/18\/nutricion-ciclista-segun-temporada\/#breadcrumb\"},\"inLanguage\":\"es-ES\",\"potentialAction\":[{\"@type\":\"ReadAction\",\"target\":[\"https:\/\/www.welovecycling.com\/es\/2020\/02\/18\/nutricion-ciclista-segun-temporada\/\"]}]},{\"@type\":\"ImageObject\",\"inLanguage\":\"es-ES\",\"@id\":\"https:\/\/www.welovecycling.com\/es\/2020\/02\/18\/nutricion-ciclista-segun-temporada\/#primaryimage\",\"url\":\"https:\/\/d2p6e6u75xmxt8.cloudfront.net\/6\/2020\/02\/Vegetables-Calories-Counting-CVR.jpg\",\"contentUrl\":\"https:\/\/d2p6e6u75xmxt8.cloudfront.net\/6\/2020\/02\/Vegetables-Calories-Counting-CVR.jpg\",\"width\":1366,\"height\":600},{\"@type\":\"BreadcrumbList\",\"@id\":\"https:\/\/www.welovecycling.com\/es\/2020\/02\/18\/nutricion-ciclista-segun-temporada\/#breadcrumb\",\"itemListElement\":[{\"@type\":\"ListItem\",\"position\":1,\"name\":\"Home\",\"item\":\"https:\/\/www.welovecycling.com\/es\/\"},{\"@type\":\"ListItem\",\"position\":2,\"name\":\"Nutrici\u00f3n ciclista seg\u00fan la fase de la temporada\"}]},{\"@type\":\"WebSite\",\"@id\":\"https:\/\/www.welovecycling.com\/es\/#website\",\"url\":\"https:\/\/www.welovecycling.com\/es\/\",\"name\":\"\u0160koda We Love Cycling - Spain\",\"description\":\"\u0160koda WeLoveCycling Spain\",\"potentialAction\":[{\"@type\":\"SearchAction\",\"target\":{\"@type\":\"EntryPoint\",\"urlTemplate\":\"https:\/\/www.welovecycling.com\/es\/?s={search_term_string}\"},\"query-input\":{\"@type\":\"PropertyValueSpecification\",\"valueRequired\":true,\"valueName\":\"search_term_string\"}}],\"inLanguage\":\"es-ES\"},{\"@type\":\"Person\",\"@id\":\"https:\/\/www.welovecycling.com\/es\/#\/schema\/person\/deb61715b5812698ee79fb96f343ccd4\",\"name\":\"We Love Cycling Spain\",\"image\":{\"@type\":\"ImageObject\",\"inLanguage\":\"es-ES\",\"@id\":\"https:\/\/www.welovecycling.com\/es\/#\/schema\/person\/image\/\",\"url\":\"https:\/\/secure.gravatar.com\/avatar\/c824b04e6df0e37a03219d0b6481672889df542894588964102459e46513159c?s=96&d=mm&r=g\",\"contentUrl\":\"https:\/\/secure.gravatar.com\/avatar\/c824b04e6df0e37a03219d0b6481672889df542894588964102459e46513159c?s=96&d=mm&r=g\",\"caption\":\"We Love Cycling Spain\"},\"url\":\"https:\/\/www.welovecycling.com\/es\/author\/amunoz\/\"}]}<\/script>\n<!-- \/ Yoast SEO Premium plugin. -->","yoast_head_json":{"title":"Nutrici\u00f3n ciclista seg\u00fan la fase de la temporada - \u0160koda We Love Cycling - Spain","description":"Nutrici\u00f3n ciclista seg\u00fan la fase de la temporada","robots":{"index":"index","follow":"follow","max-snippet":"max-snippet:-1","max-image-preview":"max-image-preview:large","max-video-preview":"max-video-preview:-1"},"canonical":"https:\/\/www.welovecycling.com\/es\/2020\/02\/18\/nutricion-ciclista-segun-temporada\/","og_locale":"es_ES","og_type":"article","og_title":"Nutrici\u00f3n ciclista seg\u00fan la fase de la temporada","og_description":"Nutrici\u00f3n ciclista seg\u00fan la fase de la temporada. Qu\u00e9 cantidad de hidratos, grasas y prote\u00ednas comer seg\u00fan el momento de la temporada ciclista.","og_url":"https:\/\/www.welovecycling.com\/es\/2020\/02\/18\/nutricion-ciclista-segun-temporada\/","og_site_name":"\u0160koda We Love Cycling - Spain","article_published_time":"2020-02-18T16:41:13+00:00","og_image":[{"width":1366,"height":600,"url":"https:\/\/d2p6e6u75xmxt8.cloudfront.net\/6\/2020\/02\/Vegetables-Calories-Counting-CVR.jpg","type":"image\/jpeg"}],"author":"We Love Cycling Spain","twitter_card":"summary_large_image","twitter_title":"Nutrici\u00f3n ciclista seg\u00fan la fase de la temporada","twitter_description":"Nutrici\u00f3n ciclista seg\u00fan la fase de la temporada. Qu\u00e9 cantidad de hidratos, grasas y prote\u00ednas comer seg\u00fan el momento de la temporada ciclista.","twitter_misc":{"Written by":"Jiri Kaloc","Est. reading time":"7"},"schema":{"@context":"https:\/\/schema.org","@graph":[{"@type":"WebPage","@id":"https:\/\/www.welovecycling.com\/es\/2020\/02\/18\/nutricion-ciclista-segun-temporada\/","url":"https:\/\/www.welovecycling.com\/es\/2020\/02\/18\/nutricion-ciclista-segun-temporada\/","name":"Nutrici\u00f3n ciclista seg\u00fan la fase de la temporada - \u0160koda We Love Cycling - Spain","isPartOf":{"@id":"https:\/\/www.welovecycling.com\/es\/#website"},"primaryImageOfPage":{"@id":"https:\/\/www.welovecycling.com\/es\/2020\/02\/18\/nutricion-ciclista-segun-temporada\/#primaryimage"},"image":{"@id":"https:\/\/www.welovecycling.com\/es\/2020\/02\/18\/nutricion-ciclista-segun-temporada\/#primaryimage"},"thumbnailUrl":"https:\/\/d2p6e6u75xmxt8.cloudfront.net\/6\/2020\/02\/Vegetables-Calories-Counting-CVR.jpg","datePublished":"2020-02-18T16:41:13+00:00","author":{"@id":"https:\/\/www.welovecycling.com\/es\/#\/schema\/person\/deb61715b5812698ee79fb96f343ccd4"},"description":"Nutrici\u00f3n ciclista seg\u00fan la fase de la temporada","breadcrumb":{"@id":"https:\/\/www.welovecycling.com\/es\/2020\/02\/18\/nutricion-ciclista-segun-temporada\/#breadcrumb"},"inLanguage":"es-ES","potentialAction":[{"@type":"ReadAction","target":["https:\/\/www.welovecycling.com\/es\/2020\/02\/18\/nutricion-ciclista-segun-temporada\/"]}]},{"@type":"ImageObject","inLanguage":"es-ES","@id":"https:\/\/www.welovecycling.com\/es\/2020\/02\/18\/nutricion-ciclista-segun-temporada\/#primaryimage","url":"https:\/\/d2p6e6u75xmxt8.cloudfront.net\/6\/2020\/02\/Vegetables-Calories-Counting-CVR.jpg","contentUrl":"https:\/\/d2p6e6u75xmxt8.cloudfront.net\/6\/2020\/02\/Vegetables-Calories-Counting-CVR.jpg","width":1366,"height":600},{"@type":"BreadcrumbList","@id":"https:\/\/www.welovecycling.com\/es\/2020\/02\/18\/nutricion-ciclista-segun-temporada\/#breadcrumb","itemListElement":[{"@type":"ListItem","position":1,"name":"Home","item":"https:\/\/www.welovecycling.com\/es\/"},{"@type":"ListItem","position":2,"name":"Nutrici\u00f3n ciclista seg\u00fan la fase de la temporada"}]},{"@type":"WebSite","@id":"https:\/\/www.welovecycling.com\/es\/#website","url":"https:\/\/www.welovecycling.com\/es\/","name":"\u0160koda We Love Cycling - Spain","description":"\u0160koda WeLoveCycling Spain","potentialAction":[{"@type":"SearchAction","target":{"@type":"EntryPoint","urlTemplate":"https:\/\/www.welovecycling.com\/es\/?s={search_term_string}"},"query-input":{"@type":"PropertyValueSpecification","valueRequired":true,"valueName":"search_term_string"}}],"inLanguage":"es-ES"},{"@type":"Person","@id":"https:\/\/www.welovecycling.com\/es\/#\/schema\/person\/deb61715b5812698ee79fb96f343ccd4","name":"We Love Cycling Spain","image":{"@type":"ImageObject","inLanguage":"es-ES","@id":"https:\/\/www.welovecycling.com\/es\/#\/schema\/person\/image\/","url":"https:\/\/secure.gravatar.com\/avatar\/c824b04e6df0e37a03219d0b6481672889df542894588964102459e46513159c?s=96&d=mm&r=g","contentUrl":"https:\/\/secure.gravatar.com\/avatar\/c824b04e6df0e37a03219d0b6481672889df542894588964102459e46513159c?s=96&d=mm&r=g","caption":"We Love Cycling Spain"},"url":"https:\/\/www.welovecycling.com\/es\/author\/amunoz\/"}]}},"_links":{"self":[{"href":"https:\/\/www.welovecycling.com\/es\/wp-json\/wp\/v2\/posts\/5894","targetHints":{"allow":["GET"]}}],"collection":[{"href":"https:\/\/www.welovecycling.com\/es\/wp-json\/wp\/v2\/posts"}],"about":[{"href":"https:\/\/www.welovecycling.com\/es\/wp-json\/wp\/v2\/types\/post"}],"author":[{"embeddable":true,"href":"https:\/\/www.welovecycling.com\/es\/wp-json\/wp\/v2\/users\/29"}],"replies":[{"embeddable":true,"href":"https:\/\/www.welovecycling.com\/es\/wp-json\/wp\/v2\/comments?post=5894"}],"version-history":[{"count":2,"href":"https:\/\/www.welovecycling.com\/es\/wp-json\/wp\/v2\/posts\/5894\/revisions"}],"predecessor-version":[{"id":5911,"href":"https:\/\/www.welovecycling.com\/es\/wp-json\/wp\/v2\/posts\/5894\/revisions\/5911"}],"wp:featuredmedia":[{"embeddable":true,"href":"https:\/\/www.welovecycling.com\/es\/wp-json\/wp\/v2\/media\/5907"}],"wp:attachment":[{"href":"https:\/\/www.welovecycling.com\/es\/wp-json\/wp\/v2\/media?parent=5894"}],"wp:term":[{"taxonomy":"category","embeddable":true,"href":"https:\/\/www.welovecycling.com\/es\/wp-json\/wp\/v2\/categories?post=5894"},{"taxonomy":"post_tag","embeddable":true,"href":"https:\/\/www.welovecycling.com\/es\/wp-json\/wp\/v2\/tags?post=5894"},{"taxonomy":"global-categories","embeddable":true,"href":"https:\/\/www.welovecycling.com\/es\/wp-json\/wp\/v2\/global-categories?post=5894"}],"curies":[{"name":"wp","href":"https:\/\/api.w.org\/{rel}","templated":true}]}}