{"id":5793,"date":"2020-01-19T11:47:05","date_gmt":"2020-01-19T09:47:05","guid":{"rendered":"https:\/\/www.welovecycling.com\/es\/?p=5793"},"modified":"2020-02-07T11:11:31","modified_gmt":"2020-02-07T09:11:31","slug":"cicloturistas-2020","status":"publish","type":"post","link":"https:\/\/www.welovecycling.com\/es\/2020\/01\/19\/cicloturistas-2020\/","title":{"rendered":"Cicloturistas 2020 \u00bfQu\u00e9 eventos no te puedes perder?"},"content":{"rendered":"<p><strong>Aunque a estas alturas ya habr\u00e1s reservado dorsal para muchas de ellas, el Calendario 2020 de marchas cicloturistas todav\u00eda est\u00e1 abierto y puedes conseguir tu pase para la mayor\u00eda de ellas. Y es que en 2020 es raro el fin de semana en el que no hay un evento ciclista de carretera, mtb o gravel al que no te puedas apuntar. Aqu\u00ed te vamos a recomendar algunos de ellos.<\/strong><\/p>\n<p><!--more--><\/p>\n<h2><strong>Orbea Monegros 2020 (25 de abril)<\/strong><\/h2>\n<p>Los dorsales de la<strong> Orbea Monegros<\/strong>, que llega a su 20 aniversario, solo duran unos minutos en la p\u00e1gina web, por eso ni que decir tiene que la marcha de Sari\u00f1ena tiene un encanto especial y que hacer que bikers (y algunos &#8216;carreteros&#8217;) est\u00e9n esperando al 25 de abril para rodar por el desierto de los Monegros.<\/p>\n<p>Pistas r\u00e1pidas, grandes pelotones, buen ambiente y dos recorridos, de<a href=\"https:\/\/www.orbea.com\/es-es\/eventos\/monegros-2020-aniversario\/\"> 117 y 81 kil\u00f3metros han hecho que la Orbea Monegros<\/a> sea asequible a todos los p\u00fablicos y que sea pr\u00e1cticamente imposible conseguir un alojamiento cercano a Sari\u00f1ena, el pueblo aragon\u00e9s en el que se da la salida y la meta.<\/p>\n<p>A\u00fan as\u00ed todav\u00eda hay <a href=\"https:\/\/www.orbea.com\/es-es\/eventos\/monegros-2020-aniversario\/inscripciones\/\">lista de espera en la que te puedes apuntar.<\/a> Si no hay suerte tendr\u00e1s que esperar a 2021.<\/p>\n<div class=\"embed-controller-wrapper\">\n<div class=\"embed-wrapper\"><iframe title=\"Orbea Monegros 2019\" width=\"500\" height=\"281\" data-src=\"https:\/\/www.youtube.com\/embed\/znHykBXQCFI?feature=oembed\" frameborder=\"0\" allow=\"accelerometer; autoplay; clipboard-write; encrypted-media; gyroscope; picture-in-picture; web-share\" referrerpolicy=\"strict-origin-when-cross-origin\" allowfullscreen><\/iframe><\/div>\n<\/div>\n<h2><strong><br \/>\nTitan Desert 2020 (19\/24 abril)<\/strong><\/h2>\n<p>La <a href=\"https:\/\/www.titandesert.com\/es\">Titan Desert<\/a> adelanta este a\u00f1o sus fechas y ser\u00e1 del 19 al 24 de abril. Llega a la 15 edici\u00f3n y eso siempre es algo especial. Aunque lo realmente emocionante es la aventura que conlleva atravesar el desierto marroqu\u00ed con pocos recursos y gestionando el sufrimiento y el calor.<\/p>\n<p>Si por algo ha enganchando la <strong>Titan Desert a tantos bikers (y tambi\u00e9n ciclistas profesionales, en 2020 debuta Miguel Indurain)<\/strong> es por la aventura, la navegaci\u00f3n y el retorno al ciclismo antiguo, en el que salir en cada etapa no era simplemente dar pedales, sino pensar en como gestionar tus recursos para llegar a meta.<\/p>\n<p>Para 2020 la Titan Desert todav\u00eda <a href=\"https:\/\/www.titandesert.com\/es\/participar\">tiene abiertas las inscripciones<\/a>, que se cerrar\u00e1n cuando se lleguen a los 700 inscritos o el 6 de marzo.<\/p>\n<div class=\"embed-controller-wrapper\">\n<div class=\"embed-wrapper\"><iframe title=\"GARMIN TITAN DESERT 2019 | HIGHLIGHTS\" width=\"500\" height=\"281\" data-src=\"https:\/\/www.youtube.com\/embed\/oU4siBioMeY?feature=oembed\" frameborder=\"0\" allow=\"accelerometer; autoplay; clipboard-write; encrypted-media; gyroscope; picture-in-picture; web-share\" referrerpolicy=\"strict-origin-when-cross-origin\" allowfullscreen><\/iframe><\/div>\n<\/div>\n<h2><strong><br \/>\nLa Purito Andorra (2 agosto)\u00a0<\/strong><\/h2>\n<p>A veces las ocurrencias de un ciclista profesional pasar a ser una etapa de La Vuelta a Espa\u00f1a y tambi\u00e9n una cicloturista. Si es en Andorra y est\u00e1 implicado Purito Rodr\u00edguez, pues todo se entiende m\u00e1s.<a href=\"https:\/\/www.puritorodriguez.com\/espanol\"> La Purito Andorra<\/a> naci\u00f3 hace cinco a\u00f1os como la versi\u00f3n cicloturista de la etapa de La Vuelta que se iba a disputar d\u00edas despu\u00e9s en Andorra. Con un recorrido m\u00e1s que duro no ha dejado de crecer en el n\u00famero de participantes y ya roza los 3.000.<\/p>\n<p>Para 2020 cumple su sexta edici\u00f3n y ha modificado algo el recorrido. Se siguen subiendo los mismos puertos, pero en diferente orden. <a href=\"https:\/\/www.puritorodriguez.com\/recorridos\">La Rabassa, La Gallina, La Comella, Beixalis, Ordino y Cortals d&#8217; Encamp<\/a>. Se reduce unos 10 kil\u00f3metros del trazado original de 130 pero pr\u00e1cticamente se mantienen los 5.000 metros de desnivel. Eso s\u00ed sigue habiendo dos versiones m\u00e1s cortas, de 80 y 28 kil\u00f3metros.<\/p>\n<p>A todo ello hay que unir la presencia de Purito Rodr\u00edguez y varios ciclistas y ex ciclistas profesionales, el ambiente festivo (no hay tiempos oficiales del recorrido total, solo se cronometran dos subidas) y el briefing del d\u00eda anterior. <a href=\"https:\/\/www.puritorodriguez.com\/agencias-de-viaje\">Las inscripciones todav\u00eda est\u00e1n abiertas<\/a>.<\/p>\n<div class=\"embed-controller-wrapper\">\n<div class=\"embed-wrapper\"><iframe title=\"La Purito Andorra 2019\" width=\"500\" height=\"281\" data-src=\"https:\/\/www.youtube.com\/embed\/TYNNOkKFg08?feature=oembed\" frameborder=\"0\" allow=\"accelerometer; autoplay; clipboard-write; encrypted-media; gyroscope; picture-in-picture; web-share\" referrerpolicy=\"strict-origin-when-cross-origin\" allowfullscreen><\/iframe><\/div>\n<\/div>\n<h2><strong><br \/>\nUniverso La Mussara<\/strong><\/h2>\n<p>Para 2020 <a href=\"https:\/\/mussaracycling.com\/eventos\/mussara-reus\">Gran Fondo La Mussara<\/a> da una nueva vuelta de tuerca. Nueva imagen y tres recorridos para la versi\u00f3n de carretera que llegar\u00e1 el 24 de mayo en Reus. 188 con 3.400 metros de desnivel, 135 y 2.500 metros de desnivel y 95 kil\u00f3metros con 1.500 metros de desnivel. Todos, eso s\u00ed con paso por el puerto m\u00edtico de la zona. Todav\u00eda q<a href=\"https:\/\/mussaracycling.com\/eventos\/mussara-reus\/inscripcion\">uedan inscripciones libres<\/a>.<\/p>\n<p>Antes de La Mussara Reus, el 5 de abril, llega <a href=\"https:\/\/mussaracycling.com\/eventos\/mussara-priorat\">La Mussara Priorat<\/a>, la marcha de MTB con salida y meta en Falset, la ciudad que es el centro de la comarca del Priorat.\u00a0 Dos recorridos, 94 y 60 kil\u00f3metros por las pistas y las monta\u00f1as del Priorat. Las <a href=\"https:\/\/mussaracycling.com\/eventos\/mussara-priorat\/inscripcion\">inscripciones siguen abiertas.<\/a><\/p>\n<p>Para los amantes del Ultrafondo esta <a href=\"https:\/\/mussaracycling.com\/eventos\/mussara-24h\">La Mussara 24 horas<\/a>, que llega el 20\/21 de junio. Es una competici\u00f3n de resistencia con bicicleta de carretera que se hace en el Circuito de Montmel\u00f3. La clave, rodar el m\u00e1ximo de kil\u00f3metros en la prueba elegida, 24, 12 o 6 horas. Y lo mejor, se puede competir en equipos de 2 a 8 ciclistas.<br \/>\n<a href=\"https:\/\/mussaracycling.com\/eventos\/mussara-24h\/recorridos\">Inscripciones aqu\u00ed.<\/a><\/p>\n<p>Los eventos finalizan el 19 de julio con <a href=\"https:\/\/mussaracycling.com\/eventos\/mussara-andorra\/recorridos\">La Mussara Andorra<\/a>, la carrera de MTB en el coraz\u00f3n de los Pirineos. All\u00ed todo es duro. Tienes tres recorridos para elegir, desde 24 a 93 kil\u00f3metros y con hasta 2.900 metros de desnivel. <a href=\"https:\/\/mussaracycling.com\/eventos\/mussara-andorra\/inscripcion\">Inscripciones<\/a>.<\/p>\n<lite-youtube videoid=FpbEv4B2DTw params=\"enablejsapi=1\" style=\"background-image: url('https:\/\/i.ytimg.com\/vi_webp\/FpbEv4B2DTw\/maxresdefault.webp');\"><\/lite-youtube>\n<h2><strong>Territorio Orbea (23 mayo Vitoria \/ 3 octubre Bilbao)<\/strong><\/h2>\n<p>La marca Orbea no solo es una de la m\u00e1s reconocidas del mercado, sino que desde hace a\u00f1os est\u00e1 organizando eventos cicloturistas con notable \u00e9xito. Desde aquellas Pax Avant en el Pirineo navarro y franc\u00e9s, y que pasaban por ser de las m\u00e1s duras del momento, a las ediciones de Vitoria y Bilbao que tiene preparadas para 2020.<\/p>\n<p>La <a href=\"https:\/\/www.orbea.com\/es-es\/eventos\/gran-fondo-vitoria-gasteiz-2020\/\">Orbea Gran Fondo Vitoria<\/a> propone el 23 de mayo un recorrido de 160 kil\u00f3metros con salida y llegada en la capital alavesa.\u00a0 Son m\u00e1s de 2.500 metros de desnivel con 5 puertos de monta\u00f1a y en tres de ellos con cronoescalada para decidir los ganadores,\u00a0Alto de Zabala en el km 86,\u00a0\u00a0Puerto de Bernedo en el 104 y Puerto de la Herrera en el 130.<\/p>\n<p>La <a href=\"https:\/\/www.orbea.com\/es-es\/eventos\/klasika-orbea-bilbao-bizkaia-2020\/\">Orbea Gran Fondo Bilbao<\/a> es m\u00e1s reciente y el 3 de octubre llega a su segunda edici\u00f3n. Ofrece un recorrido de 138 kil\u00f3metros y 2000 metros de desnivel con cinco puertos de monta\u00f1a y trampas escondidas con rampas de m\u00e1s del 20%.\u00a0Aretxabalgane, Balc\u00f3n de Bizkaia, Nabarniz, Bizkaigane y Urruztimendi con la cronoescalada a tres de ellos.<\/p>\n<div class=\"embed-controller-wrapper\">\n<div class=\"embed-wrapper\"><iframe title=\"Orbea Gran Fondo Vitoria - Gasteiz 2018\" width=\"500\" height=\"281\" data-src=\"https:\/\/www.youtube.com\/embed\/cMz3p5poaH4?feature=oembed\" frameborder=\"0\" allow=\"accelerometer; autoplay; clipboard-write; encrypted-media; gyroscope; picture-in-picture; web-share\" referrerpolicy=\"strict-origin-when-cross-origin\" allowfullscreen><\/iframe><\/div>\n<\/div>\n<h2><strong>QH 2020 (20 junio)<\/strong><\/h2>\n<p>Que ser\u00eda una temporada para un cicloturista sin la <a href=\"https:\/\/www.quebrantahuesos.com\/\">Quebrantahuesos<\/a>. La gran marcha de los Pirineos llega a su 30 edici\u00f3n y ha preparado algo especial. Por lo pronto su presentaci\u00f3n, que fue en La Liga, y la posibilidad de que el 20 de junio se pueda ver en directo en LaLigaSports, un paso que ya hab\u00edan dado otras marchas extranjeras, como Maratona dls Dolomitas y Gran Fondo de Roma, pero que es pionero es Espa\u00f1a.<\/p>\n<p>Lo que no cambia la QH es el recorrido, que seguir\u00e1 por el tradicional Somport, Marie Blanque, Portalet y Collado de la Hoz durante casi 200 kil\u00f3metros y que sirve al pelot\u00f3n cicloturista para medir sus fuerzas y calcular la mejora con respecto a los a\u00f1os anteriores. Y al lado, la Treparriscos, que con sus m\u00e1s de 85 kil\u00f3metros de recorrido reune a casi 3.000 ciclistas.<\/p>\n<p>Conseguir uno de los <a href=\"https:\/\/www.quebrantahuesos.com\/noticias\/907\">8.000 dorsales de la QH no es sencillo. Ya se produjo el sorteo y ahora solo quedan las opciones a trav\u00e9s de las agencias de viaje oficiales.\u00a0<\/a><\/p>\n<div class=\"embed-controller-wrapper\">\n<div class=\"embed-wrapper\"><iframe title=\"Quebrantahuesos 2019. Resumen final\" width=\"500\" height=\"281\" data-src=\"https:\/\/www.youtube.com\/embed\/kkJxSE8U7ak?feature=oembed\" frameborder=\"0\" allow=\"accelerometer; autoplay; clipboard-write; encrypted-media; gyroscope; picture-in-picture; web-share\" referrerpolicy=\"strict-origin-when-cross-origin\" allowfullscreen><\/iframe><\/div>\n<\/div>\n","protected":false},"excerpt":{"rendered":"<p>Aunque a estas alturas ya habr\u00e1s reservado dorsal para muchas de ellas, el Calendario 2020 de marchas cicloturistas todav\u00eda est\u00e1 [&hellip;]<\/p>\n","protected":false},"author":29,"featured_media":5799,"comment_status":"open","ping_status":"open","sticky":false,"template":"","format":"standard","meta":{"footnotes":""},"categories":[7,9],"tags":[1401,1402,1403],"global-categories":[1164],"class_list":["post-5793","post","type-post","status-publish","format-standard","has-post-thumbnail","hentry","category-carretera","category-mtb-aventura","tag-calendario-cicloturista-2020","tag-cicloturistas-2020","tag-marchas-cicloturistas-2020","global-categories-cycling"],"yoast_head":"<!-- This site is optimized with the Yoast SEO Premium plugin v25.3 (Yoast SEO v25.9) - https:\/\/yoast.com\/wordpress\/plugins\/seo\/ -->\n<title>Cicloturistas 2020 \u00bfQu\u00e9 eventos no te puedes perder? - \u0160koda We Love Cycling - Spain<\/title>\n<meta name=\"description\" content=\"Cicloturistas 2020. Las marchas cicloturistas m\u00e1s importantes para 2020 y como conseguir inscripci\u00f3n para Monegros, Mussara, Titan Desert, La Purito o QH.\" \/>\n<meta name=\"robots\" content=\"index, follow, max-snippet:-1, max-image-preview:large, max-video-preview:-1\" \/>\n<link rel=\"canonical\" href=\"https:\/\/www.welovecycling.com\/es\/2020\/01\/19\/cicloturistas-2020\/\" \/>\n<meta property=\"og:locale\" content=\"es_ES\" \/>\n<meta property=\"og:type\" content=\"article\" \/>\n<meta property=\"og:title\" content=\"Cicloturistas 2020 \u00bfQu\u00e9 eventos no te puedes perder?\" \/>\n<meta property=\"og:description\" content=\"Cicloturistas 2020. Las marchas cicloturistas m\u00e1s importantes para 2020 y como conseguir inscripci\u00f3n para Monegros, Mussara, Titan Desert, La Purito o QH.\" \/>\n<meta property=\"og:url\" content=\"https:\/\/www.welovecycling.com\/es\/2020\/01\/19\/cicloturistas-2020\/\" \/>\n<meta property=\"og:site_name\" content=\"\u0160koda We Love Cycling - Spain\" \/>\n<meta property=\"article:published_time\" content=\"2020-01-19T09:47:05+00:00\" \/>\n<meta property=\"article:modified_time\" content=\"2020-02-07T09:11:31+00:00\" \/>\n<meta property=\"og:image\" content=\"https:\/\/d2p6e6u75xmxt8.cloudfront.net\/6\/2020\/01\/PURITO-28.JPG.jpg\" \/>\n\t<meta property=\"og:image:width\" content=\"1200\" \/>\n\t<meta property=\"og:image:height\" content=\"677\" \/>\n\t<meta property=\"og:image:type\" content=\"image\/jpeg\" \/>\n<meta name=\"author\" content=\"We Love Cycling Spain\" \/>\n<meta name=\"twitter:card\" content=\"summary_large_image\" \/>\n<meta name=\"twitter:title\" content=\"Cicloturistas 2020 \u00bfQu\u00e9 eventos no te puedes perder?\" \/>\n<meta name=\"twitter:description\" content=\"Cicloturistas 2020. Las marchas cicloturistas m\u00e1s importantes para 2020 y como conseguir inscripci\u00f3n para Monegros, Mussara, Titan Desert, La Purito o QH.\" \/>\n<meta name=\"twitter:label1\" content=\"Written by\" \/>\n\t<meta name=\"twitter:data1\" content=\"Luis Ortega @ciclored\" \/>\n\t<meta name=\"twitter:label2\" content=\"Est. reading time\" \/>\n\t<meta name=\"twitter:data2\" content=\"6 minutes\" \/>\n<script type=\"application\/ld+json\" class=\"yoast-schema-graph\">{\"@context\":\"https:\/\/schema.org\",\"@graph\":[{\"@type\":\"WebPage\",\"@id\":\"https:\/\/www.welovecycling.com\/es\/2020\/01\/19\/cicloturistas-2020\/\",\"url\":\"https:\/\/www.welovecycling.com\/es\/2020\/01\/19\/cicloturistas-2020\/\",\"name\":\"Cicloturistas 2020 \u00bfQu\u00e9 eventos no te puedes perder? - \u0160koda We Love Cycling - Spain\",\"isPartOf\":{\"@id\":\"https:\/\/www.welovecycling.com\/es\/#website\"},\"primaryImageOfPage\":{\"@id\":\"https:\/\/www.welovecycling.com\/es\/2020\/01\/19\/cicloturistas-2020\/#primaryimage\"},\"image\":{\"@id\":\"https:\/\/www.welovecycling.com\/es\/2020\/01\/19\/cicloturistas-2020\/#primaryimage\"},\"thumbnailUrl\":\"https:\/\/d2p6e6u75xmxt8.cloudfront.net\/6\/2020\/01\/PURITO-28.JPG.jpg\",\"datePublished\":\"2020-01-19T09:47:05+00:00\",\"dateModified\":\"2020-02-07T09:11:31+00:00\",\"author\":{\"@id\":\"https:\/\/www.welovecycling.com\/es\/#\/schema\/person\/deb61715b5812698ee79fb96f343ccd4\"},\"description\":\"Cicloturistas 2020. Las marchas cicloturistas m\u00e1s importantes para 2020 y como conseguir inscripci\u00f3n para Monegros, Mussara, Titan Desert, La Purito o QH.\",\"breadcrumb\":{\"@id\":\"https:\/\/www.welovecycling.com\/es\/2020\/01\/19\/cicloturistas-2020\/#breadcrumb\"},\"inLanguage\":\"es-ES\",\"potentialAction\":[{\"@type\":\"ReadAction\",\"target\":[\"https:\/\/www.welovecycling.com\/es\/2020\/01\/19\/cicloturistas-2020\/\"]}]},{\"@type\":\"ImageObject\",\"inLanguage\":\"es-ES\",\"@id\":\"https:\/\/www.welovecycling.com\/es\/2020\/01\/19\/cicloturistas-2020\/#primaryimage\",\"url\":\"https:\/\/d2p6e6u75xmxt8.cloudfront.net\/6\/2020\/01\/PURITO-28.JPG.jpg\",\"contentUrl\":\"https:\/\/d2p6e6u75xmxt8.cloudfront.net\/6\/2020\/01\/PURITO-28.JPG.jpg\",\"width\":1200,\"height\":677},{\"@type\":\"BreadcrumbList\",\"@id\":\"https:\/\/www.welovecycling.com\/es\/2020\/01\/19\/cicloturistas-2020\/#breadcrumb\",\"itemListElement\":[{\"@type\":\"ListItem\",\"position\":1,\"name\":\"Home\",\"item\":\"https:\/\/www.welovecycling.com\/es\/\"},{\"@type\":\"ListItem\",\"position\":2,\"name\":\"Cicloturistas 2020 \u00bfQu\u00e9 eventos no te puedes perder?\"}]},{\"@type\":\"WebSite\",\"@id\":\"https:\/\/www.welovecycling.com\/es\/#website\",\"url\":\"https:\/\/www.welovecycling.com\/es\/\",\"name\":\"\u0160koda We Love Cycling - Spain\",\"description\":\"\u0160koda WeLoveCycling Spain\",\"potentialAction\":[{\"@type\":\"SearchAction\",\"target\":{\"@type\":\"EntryPoint\",\"urlTemplate\":\"https:\/\/www.welovecycling.com\/es\/?s={search_term_string}\"},\"query-input\":{\"@type\":\"PropertyValueSpecification\",\"valueRequired\":true,\"valueName\":\"search_term_string\"}}],\"inLanguage\":\"es-ES\"},{\"@type\":\"Person\",\"@id\":\"https:\/\/www.welovecycling.com\/es\/#\/schema\/person\/deb61715b5812698ee79fb96f343ccd4\",\"name\":\"We Love Cycling Spain\",\"image\":{\"@type\":\"ImageObject\",\"inLanguage\":\"es-ES\",\"@id\":\"https:\/\/www.welovecycling.com\/es\/#\/schema\/person\/image\/\",\"url\":\"https:\/\/secure.gravatar.com\/avatar\/c824b04e6df0e37a03219d0b6481672889df542894588964102459e46513159c?s=96&d=mm&r=g\",\"contentUrl\":\"https:\/\/secure.gravatar.com\/avatar\/c824b04e6df0e37a03219d0b6481672889df542894588964102459e46513159c?s=96&d=mm&r=g\",\"caption\":\"We Love Cycling Spain\"},\"url\":\"https:\/\/www.welovecycling.com\/es\/author\/amunoz\/\"}]}<\/script>\n<!-- \/ Yoast SEO Premium plugin. -->","yoast_head_json":{"title":"Cicloturistas 2020 \u00bfQu\u00e9 eventos no te puedes perder? - \u0160koda We Love Cycling - Spain","description":"Cicloturistas 2020. Las marchas cicloturistas m\u00e1s importantes para 2020 y como conseguir inscripci\u00f3n para Monegros, Mussara, Titan Desert, La Purito o QH.","robots":{"index":"index","follow":"follow","max-snippet":"max-snippet:-1","max-image-preview":"max-image-preview:large","max-video-preview":"max-video-preview:-1"},"canonical":"https:\/\/www.welovecycling.com\/es\/2020\/01\/19\/cicloturistas-2020\/","og_locale":"es_ES","og_type":"article","og_title":"Cicloturistas 2020 \u00bfQu\u00e9 eventos no te puedes perder?","og_description":"Cicloturistas 2020. Las marchas cicloturistas m\u00e1s importantes para 2020 y como conseguir inscripci\u00f3n para Monegros, Mussara, Titan Desert, La Purito o QH.","og_url":"https:\/\/www.welovecycling.com\/es\/2020\/01\/19\/cicloturistas-2020\/","og_site_name":"\u0160koda We Love Cycling - Spain","article_published_time":"2020-01-19T09:47:05+00:00","article_modified_time":"2020-02-07T09:11:31+00:00","og_image":[{"width":1200,"height":677,"url":"https:\/\/d2p6e6u75xmxt8.cloudfront.net\/6\/2020\/01\/PURITO-28.JPG.jpg","type":"image\/jpeg"}],"author":"We Love Cycling Spain","twitter_card":"summary_large_image","twitter_title":"Cicloturistas 2020 \u00bfQu\u00e9 eventos no te puedes perder?","twitter_description":"Cicloturistas 2020. Las marchas cicloturistas m\u00e1s importantes para 2020 y como conseguir inscripci\u00f3n para Monegros, Mussara, Titan Desert, La Purito o QH.","twitter_misc":{"Written by":"Luis Ortega @ciclored","Est. reading time":"6 minutes"},"schema":{"@context":"https:\/\/schema.org","@graph":[{"@type":"WebPage","@id":"https:\/\/www.welovecycling.com\/es\/2020\/01\/19\/cicloturistas-2020\/","url":"https:\/\/www.welovecycling.com\/es\/2020\/01\/19\/cicloturistas-2020\/","name":"Cicloturistas 2020 \u00bfQu\u00e9 eventos no te puedes perder? - \u0160koda We Love Cycling - Spain","isPartOf":{"@id":"https:\/\/www.welovecycling.com\/es\/#website"},"primaryImageOfPage":{"@id":"https:\/\/www.welovecycling.com\/es\/2020\/01\/19\/cicloturistas-2020\/#primaryimage"},"image":{"@id":"https:\/\/www.welovecycling.com\/es\/2020\/01\/19\/cicloturistas-2020\/#primaryimage"},"thumbnailUrl":"https:\/\/d2p6e6u75xmxt8.cloudfront.net\/6\/2020\/01\/PURITO-28.JPG.jpg","datePublished":"2020-01-19T09:47:05+00:00","dateModified":"2020-02-07T09:11:31+00:00","author":{"@id":"https:\/\/www.welovecycling.com\/es\/#\/schema\/person\/deb61715b5812698ee79fb96f343ccd4"},"description":"Cicloturistas 2020. Las marchas cicloturistas m\u00e1s importantes para 2020 y como conseguir inscripci\u00f3n para Monegros, Mussara, Titan Desert, La Purito o QH.","breadcrumb":{"@id":"https:\/\/www.welovecycling.com\/es\/2020\/01\/19\/cicloturistas-2020\/#breadcrumb"},"inLanguage":"es-ES","potentialAction":[{"@type":"ReadAction","target":["https:\/\/www.welovecycling.com\/es\/2020\/01\/19\/cicloturistas-2020\/"]}]},{"@type":"ImageObject","inLanguage":"es-ES","@id":"https:\/\/www.welovecycling.com\/es\/2020\/01\/19\/cicloturistas-2020\/#primaryimage","url":"https:\/\/d2p6e6u75xmxt8.cloudfront.net\/6\/2020\/01\/PURITO-28.JPG.jpg","contentUrl":"https:\/\/d2p6e6u75xmxt8.cloudfront.net\/6\/2020\/01\/PURITO-28.JPG.jpg","width":1200,"height":677},{"@type":"BreadcrumbList","@id":"https:\/\/www.welovecycling.com\/es\/2020\/01\/19\/cicloturistas-2020\/#breadcrumb","itemListElement":[{"@type":"ListItem","position":1,"name":"Home","item":"https:\/\/www.welovecycling.com\/es\/"},{"@type":"ListItem","position":2,"name":"Cicloturistas 2020 \u00bfQu\u00e9 eventos no te puedes perder?"}]},{"@type":"WebSite","@id":"https:\/\/www.welovecycling.com\/es\/#website","url":"https:\/\/www.welovecycling.com\/es\/","name":"\u0160koda We Love Cycling - Spain","description":"\u0160koda WeLoveCycling Spain","potentialAction":[{"@type":"SearchAction","target":{"@type":"EntryPoint","urlTemplate":"https:\/\/www.welovecycling.com\/es\/?s={search_term_string}"},"query-input":{"@type":"PropertyValueSpecification","valueRequired":true,"valueName":"search_term_string"}}],"inLanguage":"es-ES"},{"@type":"Person","@id":"https:\/\/www.welovecycling.com\/es\/#\/schema\/person\/deb61715b5812698ee79fb96f343ccd4","name":"We Love Cycling Spain","image":{"@type":"ImageObject","inLanguage":"es-ES","@id":"https:\/\/www.welovecycling.com\/es\/#\/schema\/person\/image\/","url":"https:\/\/secure.gravatar.com\/avatar\/c824b04e6df0e37a03219d0b6481672889df542894588964102459e46513159c?s=96&d=mm&r=g","contentUrl":"https:\/\/secure.gravatar.com\/avatar\/c824b04e6df0e37a03219d0b6481672889df542894588964102459e46513159c?s=96&d=mm&r=g","caption":"We Love Cycling Spain"},"url":"https:\/\/www.welovecycling.com\/es\/author\/amunoz\/"}]}},"_links":{"self":[{"href":"https:\/\/www.welovecycling.com\/es\/wp-json\/wp\/v2\/posts\/5793","targetHints":{"allow":["GET"]}}],"collection":[{"href":"https:\/\/www.welovecycling.com\/es\/wp-json\/wp\/v2\/posts"}],"about":[{"href":"https:\/\/www.welovecycling.com\/es\/wp-json\/wp\/v2\/types\/post"}],"author":[{"embeddable":true,"href":"https:\/\/www.welovecycling.com\/es\/wp-json\/wp\/v2\/users\/29"}],"replies":[{"embeddable":true,"href":"https:\/\/www.welovecycling.com\/es\/wp-json\/wp\/v2\/comments?post=5793"}],"version-history":[{"count":2,"href":"https:\/\/www.welovecycling.com\/es\/wp-json\/wp\/v2\/posts\/5793\/revisions"}],"predecessor-version":[{"id":5874,"href":"https:\/\/www.welovecycling.com\/es\/wp-json\/wp\/v2\/posts\/5793\/revisions\/5874"}],"wp:featuredmedia":[{"embeddable":true,"href":"https:\/\/www.welovecycling.com\/es\/wp-json\/wp\/v2\/media\/5799"}],"wp:attachment":[{"href":"https:\/\/www.welovecycling.com\/es\/wp-json\/wp\/v2\/media?parent=5793"}],"wp:term":[{"taxonomy":"category","embeddable":true,"href":"https:\/\/www.welovecycling.com\/es\/wp-json\/wp\/v2\/categories?post=5793"},{"taxonomy":"post_tag","embeddable":true,"href":"https:\/\/www.welovecycling.com\/es\/wp-json\/wp\/v2\/tags?post=5793"},{"taxonomy":"global-categories","embeddable":true,"href":"https:\/\/www.welovecycling.com\/es\/wp-json\/wp\/v2\/global-categories?post=5793"}],"curies":[{"name":"wp","href":"https:\/\/api.w.org\/{rel}","templated":true}]}}