{"id":5775,"date":"2020-01-15T13:48:23","date_gmt":"2020-01-15T11:48:23","guid":{"rendered":"https:\/\/www.welovecycling.com\/es\/?p=5775"},"modified":"2020-01-15T13:48:23","modified_gmt":"2020-01-15T11:48:23","slug":"entrenamiento-ciclista-de-invierno","status":"publish","type":"post","link":"https:\/\/www.welovecycling.com\/es\/2020\/01\/15\/entrenamiento-ciclista-de-invierno\/","title":{"rendered":"Entrenamiento ciclista de invierno. Series y base"},"content":{"rendered":"<p><strong>Ser\u00eda genial si todos tuvi\u00e9ramos tiempo para construir una base aer\u00f3bica como hacen los profesionales. Viajar a un lugar c\u00e1lido para el invierno y acumular varios entrenamientos largos y f\u00e1ciles cada semana. Desafortunadamente, la mayor\u00eda de los ciclistas no tienen esa opci\u00f3n. Pero como dijimos la \u00faltima vez, la periodizaci\u00f3n invertida puede ayudar a construir una buena condici\u00f3n f\u00edsica incluso con un periodo de tiempo mucho menor gracias al entrenamiento a intervalos. Veamos m\u00e1s de cerca c\u00f3mo establecer un plan de entrenamiento invernal de este tipo.<\/strong><!--more--><\/p>\n<h2><strong>\u00bfPor qu\u00e9 es importante hacer base?<\/strong><\/h2>\n<p>Uno de los principales objetivos del entrenamiento b\u00e1sico es aumentar el tama\u00f1o y la densidad de las mitocondrias, las plantas energ\u00e9ticas de las c\u00e9lulas que convierten las grasas, los carbohidratos y el lactato en energ\u00eda. Esta adaptaci\u00f3n del entrenamiento te permite producir m\u00e1s energ\u00eda en cualquier intensidad de ejercicio, lo que significa que puedes andar m\u00e1s r\u00e1pido y por m\u00e1s tiempo. Desafortunadamente, el volumen alto tradicional de entrenamiento de intensidad baja a moderada s\u00f3lo funciona cuando puedes acumular un tiempo significativo a esas intensidades cada semana, t\u00edpicamente 20-30 horas para los profesionales. El objetivo de la periodizaci\u00f3n inversa es el mismo: una mayor densidad mitocondrial. El camino es simplemente diferente, conduce a trav\u00e9s del entrenamiento a intervalos.<\/p>\n<p>Traducci\u00f3n realizada con la versi\u00f3n gratuita del traductor www.DeepL.com\/Translator<\/p>\n<figure id=\"attachment_5777\" aria-describedby=\"caption-attachment-5777\" style=\"width: 1250px\" class=\"wp-caption alignnone\"><img loading=\"lazy\" decoding=\"async\" class=\"size-full wp-image-5777\" src=\"https:\/\/d2p6e6u75xmxt8.cloudfront.net\/6\/2020\/01\/profimedia-0375793328.jpg\" alt=\"\" width=\"1250\" height=\"831\" srcset=\"https:\/\/d2p6e6u75xmxt8.cloudfront.net\/6\/2020\/01\/profimedia-0375793328.jpg 1250w, https:\/\/d2p6e6u75xmxt8.cloudfront.net\/6\/2020\/01\/profimedia-0375793328-300x199.jpg 300w, https:\/\/d2p6e6u75xmxt8.cloudfront.net\/6\/2020\/01\/profimedia-0375793328-768x511.jpg 768w, https:\/\/d2p6e6u75xmxt8.cloudfront.net\/6\/2020\/01\/profimedia-0375793328-1024x681.jpg 1024w, https:\/\/d2p6e6u75xmxt8.cloudfront.net\/6\/2020\/01\/profimedia-0375793328-272x182.jpg 272w\" sizes=\"auto, (max-width: 1250px) 100vw, 1250px\" \/><figcaption id=\"caption-attachment-5777\" class=\"wp-caption-text\">El Col de l&#8217;Iseran &#8211; el paso m\u00e1s alto de Europa a 2.764 metros sobre el nivel del mar.\u00a0\u00a9 Graham M. Lawrence \/ Alamy \/ Alamy \/ Profimedia<\/figcaption><\/figure>\n<h2><strong><br \/>\nThe alternative for time-crunched athletes<\/strong><\/h2>\n<p>La mayor\u00eda de los ciclistas aficionados no pueden dedicar 20-30 horas a su entrenamiento de invierno cada semana a menos que quieran arriesgarse a perder a todos sus amigos, familia y su trabajo. Con la periodizaci\u00f3n inversa, se vuelve mucho m\u00e1s realista. Lo ideal es 3 sesiones de intervalos y 1-2 entrenamientos m\u00e1s largos por semana, no m\u00e1s. Por lo tanto, algo as\u00ed como el martes, jueves y s\u00e1bado para los intervalos y el domingo para una salida m\u00e1s larga ser\u00eda un programa realista. Y lo mejor es que todo este entrenamiento suele durar menos de 8 horas a la semana.<\/p>\n<h2><strong>Trabajo de intervalos<\/strong><\/h2>\n<p>Es importante tener en cuenta que, aunque la mayor\u00eda de los entrenamientos se realizan a intervalos, no se trata de llegar a tope todav\u00eda. Por lo tanto, el truco es centrarse en acumular tiempo a alta intensidad en lugar de intentar alcanzar la potencia m\u00e1xima absoluta con cada sesi\u00f3n. De esta manera, el entrenamiento a intervalos ser\u00e1 mucho mejor para desarrollar el sistema aer\u00f3bico.<\/p>\n<p>Para hacerlo bien, debes planificar intervalos de umbral de lactato que duren alrededor de 6-12 minutos a un nivel entre el 80 % y el 95 % de tu frecuencia card\u00edaca m\u00e1xima. <a href=\"https:\/\/www.welovecycling.com\/es\/2019\/11\/22\/entrenamientos-ciclistas-mejorar-umbral-lactato\/\">Si quieres ver algunos ejemplos concretos, consulta nuestro art\u00edculo aqu\u00ed.<\/a><\/p>\n<p>https:\/\/www.instagram.com\/p\/B6z2yHngcq7\/<\/p>\n<p>A partir de ah\u00ed, deber\u00edas progresar a\u00a0 hacer intervalos m\u00e1ximos de VO2 que duren entre 30 segundos y 4 minutos, muy cercanos a tu esfuerzo m\u00e1ximo con cortos tiempos de recuperaci\u00f3n entre ellos. <a href=\"https:\/\/www.welovecycling.com\/es\/2019\/12\/01\/entrenamiento-mejorar-vo2-maximo\/\">Para inspirarte, consulta nuestro art\u00edculo que describe dos ejemplos de entrenamientos de VO2 max.<\/a><\/p>\n<h2><strong>Periodificaci\u00f3n m\u00e1s corta<\/strong><\/h2>\n<p>Otra cosa que te ayudar\u00e1 a hacer la periodizaci\u00f3n inversa correctamente es mantener la duraci\u00f3n del periodo apropiada. Con un entrenamiento b\u00e1sico regular, los profesionales pasan meses haciendo el entrenamiento de alto volumen y baja intensidad antes de progresar a un bloque de entrenamiento sustancialmente diferente. Como deportista de tiempo limitado, necesitar\u00e1s periodos m\u00e1s cortos y centrados de mayor intensidad seguidos de periodos de recuperaci\u00f3n sustanciales. Un ejemplo ser\u00eda 8 semanas de trabajo de intensidad creciente con intervalos seguidos de 4 semanas de pura resistencia de intensidad baja a moderada. Los per\u00edodos m\u00e1s cortos hacen que este enfoque sea sostenible durante toda la temporada baja y ayudan a evitar el sobreentrenamiento y el riesgo de lesiones. Simplemente intenta cumplir con su programa de entrenamiento incluso durante esas 4 semanas de baja intensidad porque si cambia el entrenamiento por otra cosa, ser\u00e1 muy dif\u00edcil recuperar ese tiempo de entrenamiento para el siguiente ciclo.<\/p>\n<p>El pr\u00f3ximo art\u00edculo se centrar\u00e1 en los consejos para el entrenamiento en interiores porque, seamos sinceros, si quieres no s\u00f3lo mantenerte en forma sino tambi\u00e9n mejorar durante el invierno, tendr\u00e1s que ponerte c\u00f3modo en el rodillo.<\/p>\n","protected":false},"excerpt":{"rendered":"<p>Ser\u00eda genial si todos tuvi\u00e9ramos tiempo para construir una base aer\u00f3bica como hacen los profesionales. Viajar a un lugar c\u00e1lido [&hellip;]<\/p>\n","protected":false},"author":29,"featured_media":5779,"comment_status":"open","ping_status":"open","sticky":false,"template":"","format":"standard","meta":{"footnotes":""},"categories":[7,9],"tags":[1390,1393,1392,1391],"global-categories":[],"class_list":["post-5775","post","type-post","status-publish","format-standard","has-post-thumbnail","hentry","category-carretera","category-mtb-aventura","tag-entrenamiento-ciclista-invierno","tag-entrenamiento-inverso-ciclismo","tag-hacer-base-ciclismo","tag-series-entrenamiento-invierno"],"yoast_head":"<!-- This site is optimized with the Yoast SEO Premium plugin v25.3 (Yoast SEO v25.9) - https:\/\/yoast.com\/wordpress\/plugins\/seo\/ -->\n<title>Entrenamiento ciclista de invierno. Series y base - \u0160koda We Love Cycling - Spain<\/title>\n<meta name=\"description\" content=\"Entrenamiento ciclista de invierno. Series y base. Como hacer base con periodificaci\u00f3n inversa. Entrenamiento para mejorar el umbral lactato.\" \/>\n<meta name=\"robots\" content=\"index, follow, max-snippet:-1, max-image-preview:large, max-video-preview:-1\" \/>\n<link rel=\"canonical\" href=\"https:\/\/www.welovecycling.com\/es\/2020\/01\/15\/entrenamiento-ciclista-de-invierno\/\" \/>\n<meta property=\"og:locale\" content=\"es_ES\" \/>\n<meta property=\"og:type\" content=\"article\" \/>\n<meta property=\"og:title\" content=\"Entrenamiento ciclista de invierno. Series y base\" \/>\n<meta property=\"og:description\" content=\"Entrenamiento ciclista de invierno. Series y base. Como hacer base con periodificaci\u00f3n inversa. Entrenamiento para mejorar el umbral lactato.\" \/>\n<meta property=\"og:url\" content=\"https:\/\/www.welovecycling.com\/es\/2020\/01\/15\/entrenamiento-ciclista-de-invierno\/\" \/>\n<meta property=\"og:site_name\" content=\"\u0160koda We Love Cycling - Spain\" \/>\n<meta property=\"article:published_time\" content=\"2020-01-15T11:48:23+00:00\" \/>\n<meta property=\"og:image\" content=\"https:\/\/d2p6e6u75xmxt8.cloudfront.net\/6\/2020\/01\/Winter-Cycling-CVR-profimedia-0313231898-1.jpg\" \/>\n\t<meta property=\"og:image:width\" content=\"1366\" \/>\n\t<meta property=\"og:image:height\" content=\"600\" \/>\n\t<meta property=\"og:image:type\" content=\"image\/jpeg\" \/>\n<meta name=\"author\" content=\"We Love Cycling Spain\" \/>\n<meta name=\"twitter:card\" content=\"summary_large_image\" \/>\n<meta name=\"twitter:title\" content=\"Entrenamiento ciclista de invierno. Series y base\" \/>\n<meta name=\"twitter:description\" content=\"Entrenamiento ciclista de invierno. Series y base. Como hacer base con periodificaci\u00f3n inversa. Entrenamiento para mejorar el umbral lactato.\" \/>\n<meta name=\"twitter:label1\" content=\"Written by\" \/>\n\t<meta name=\"twitter:data1\" content=\"Jiri Kaloc\" \/>\n\t<meta name=\"twitter:label2\" content=\"Est. reading time\" \/>\n\t<meta name=\"twitter:data2\" content=\"5\" \/>\n<script type=\"application\/ld+json\" class=\"yoast-schema-graph\">{\"@context\":\"https:\/\/schema.org\",\"@graph\":[{\"@type\":\"WebPage\",\"@id\":\"https:\/\/www.welovecycling.com\/es\/2020\/01\/15\/entrenamiento-ciclista-de-invierno\/\",\"url\":\"https:\/\/www.welovecycling.com\/es\/2020\/01\/15\/entrenamiento-ciclista-de-invierno\/\",\"name\":\"Entrenamiento ciclista de invierno. Series y base - \u0160koda We Love Cycling - Spain\",\"isPartOf\":{\"@id\":\"https:\/\/www.welovecycling.com\/es\/#website\"},\"primaryImageOfPage\":{\"@id\":\"https:\/\/www.welovecycling.com\/es\/2020\/01\/15\/entrenamiento-ciclista-de-invierno\/#primaryimage\"},\"image\":{\"@id\":\"https:\/\/www.welovecycling.com\/es\/2020\/01\/15\/entrenamiento-ciclista-de-invierno\/#primaryimage\"},\"thumbnailUrl\":\"https:\/\/d2p6e6u75xmxt8.cloudfront.net\/6\/2020\/01\/Winter-Cycling-CVR-profimedia-0313231898-1.jpg\",\"datePublished\":\"2020-01-15T11:48:23+00:00\",\"author\":{\"@id\":\"https:\/\/www.welovecycling.com\/es\/#\/schema\/person\/deb61715b5812698ee79fb96f343ccd4\"},\"description\":\"Entrenamiento ciclista de invierno. Series y base. Como hacer base con periodificaci\u00f3n inversa. Entrenamiento para mejorar el umbral lactato.\",\"breadcrumb\":{\"@id\":\"https:\/\/www.welovecycling.com\/es\/2020\/01\/15\/entrenamiento-ciclista-de-invierno\/#breadcrumb\"},\"inLanguage\":\"es-ES\",\"potentialAction\":[{\"@type\":\"ReadAction\",\"target\":[\"https:\/\/www.welovecycling.com\/es\/2020\/01\/15\/entrenamiento-ciclista-de-invierno\/\"]}]},{\"@type\":\"ImageObject\",\"inLanguage\":\"es-ES\",\"@id\":\"https:\/\/www.welovecycling.com\/es\/2020\/01\/15\/entrenamiento-ciclista-de-invierno\/#primaryimage\",\"url\":\"https:\/\/d2p6e6u75xmxt8.cloudfront.net\/6\/2020\/01\/Winter-Cycling-CVR-profimedia-0313231898-1.jpg\",\"contentUrl\":\"https:\/\/d2p6e6u75xmxt8.cloudfront.net\/6\/2020\/01\/Winter-Cycling-CVR-profimedia-0313231898-1.jpg\",\"width\":1366,\"height\":600},{\"@type\":\"BreadcrumbList\",\"@id\":\"https:\/\/www.welovecycling.com\/es\/2020\/01\/15\/entrenamiento-ciclista-de-invierno\/#breadcrumb\",\"itemListElement\":[{\"@type\":\"ListItem\",\"position\":1,\"name\":\"Home\",\"item\":\"https:\/\/www.welovecycling.com\/es\/\"},{\"@type\":\"ListItem\",\"position\":2,\"name\":\"Entrenamiento ciclista de invierno. Series y base\"}]},{\"@type\":\"WebSite\",\"@id\":\"https:\/\/www.welovecycling.com\/es\/#website\",\"url\":\"https:\/\/www.welovecycling.com\/es\/\",\"name\":\"\u0160koda We Love Cycling - Spain\",\"description\":\"\u0160koda WeLoveCycling Spain\",\"potentialAction\":[{\"@type\":\"SearchAction\",\"target\":{\"@type\":\"EntryPoint\",\"urlTemplate\":\"https:\/\/www.welovecycling.com\/es\/?s={search_term_string}\"},\"query-input\":{\"@type\":\"PropertyValueSpecification\",\"valueRequired\":true,\"valueName\":\"search_term_string\"}}],\"inLanguage\":\"es-ES\"},{\"@type\":\"Person\",\"@id\":\"https:\/\/www.welovecycling.com\/es\/#\/schema\/person\/deb61715b5812698ee79fb96f343ccd4\",\"name\":\"We Love Cycling Spain\",\"image\":{\"@type\":\"ImageObject\",\"inLanguage\":\"es-ES\",\"@id\":\"https:\/\/www.welovecycling.com\/es\/#\/schema\/person\/image\/\",\"url\":\"https:\/\/secure.gravatar.com\/avatar\/c824b04e6df0e37a03219d0b6481672889df542894588964102459e46513159c?s=96&d=mm&r=g\",\"contentUrl\":\"https:\/\/secure.gravatar.com\/avatar\/c824b04e6df0e37a03219d0b6481672889df542894588964102459e46513159c?s=96&d=mm&r=g\",\"caption\":\"We Love Cycling Spain\"},\"url\":\"https:\/\/www.welovecycling.com\/es\/author\/amunoz\/\"}]}<\/script>\n<!-- \/ Yoast SEO Premium plugin. -->","yoast_head_json":{"title":"Entrenamiento ciclista de invierno. Series y base - \u0160koda We Love Cycling - Spain","description":"Entrenamiento ciclista de invierno. Series y base. Como hacer base con periodificaci\u00f3n inversa. Entrenamiento para mejorar el umbral lactato.","robots":{"index":"index","follow":"follow","max-snippet":"max-snippet:-1","max-image-preview":"max-image-preview:large","max-video-preview":"max-video-preview:-1"},"canonical":"https:\/\/www.welovecycling.com\/es\/2020\/01\/15\/entrenamiento-ciclista-de-invierno\/","og_locale":"es_ES","og_type":"article","og_title":"Entrenamiento ciclista de invierno. Series y base","og_description":"Entrenamiento ciclista de invierno. Series y base. Como hacer base con periodificaci\u00f3n inversa. Entrenamiento para mejorar el umbral lactato.","og_url":"https:\/\/www.welovecycling.com\/es\/2020\/01\/15\/entrenamiento-ciclista-de-invierno\/","og_site_name":"\u0160koda We Love Cycling - Spain","article_published_time":"2020-01-15T11:48:23+00:00","og_image":[{"width":1366,"height":600,"url":"https:\/\/d2p6e6u75xmxt8.cloudfront.net\/6\/2020\/01\/Winter-Cycling-CVR-profimedia-0313231898-1.jpg","type":"image\/jpeg"}],"author":"We Love Cycling Spain","twitter_card":"summary_large_image","twitter_title":"Entrenamiento ciclista de invierno. Series y base","twitter_description":"Entrenamiento ciclista de invierno. Series y base. Como hacer base con periodificaci\u00f3n inversa. Entrenamiento para mejorar el umbral lactato.","twitter_misc":{"Written by":"Jiri Kaloc","Est. reading time":"5"},"schema":{"@context":"https:\/\/schema.org","@graph":[{"@type":"WebPage","@id":"https:\/\/www.welovecycling.com\/es\/2020\/01\/15\/entrenamiento-ciclista-de-invierno\/","url":"https:\/\/www.welovecycling.com\/es\/2020\/01\/15\/entrenamiento-ciclista-de-invierno\/","name":"Entrenamiento ciclista de invierno. Series y base - \u0160koda We Love Cycling - Spain","isPartOf":{"@id":"https:\/\/www.welovecycling.com\/es\/#website"},"primaryImageOfPage":{"@id":"https:\/\/www.welovecycling.com\/es\/2020\/01\/15\/entrenamiento-ciclista-de-invierno\/#primaryimage"},"image":{"@id":"https:\/\/www.welovecycling.com\/es\/2020\/01\/15\/entrenamiento-ciclista-de-invierno\/#primaryimage"},"thumbnailUrl":"https:\/\/d2p6e6u75xmxt8.cloudfront.net\/6\/2020\/01\/Winter-Cycling-CVR-profimedia-0313231898-1.jpg","datePublished":"2020-01-15T11:48:23+00:00","author":{"@id":"https:\/\/www.welovecycling.com\/es\/#\/schema\/person\/deb61715b5812698ee79fb96f343ccd4"},"description":"Entrenamiento ciclista de invierno. Series y base. Como hacer base con periodificaci\u00f3n inversa. Entrenamiento para mejorar el umbral lactato.","breadcrumb":{"@id":"https:\/\/www.welovecycling.com\/es\/2020\/01\/15\/entrenamiento-ciclista-de-invierno\/#breadcrumb"},"inLanguage":"es-ES","potentialAction":[{"@type":"ReadAction","target":["https:\/\/www.welovecycling.com\/es\/2020\/01\/15\/entrenamiento-ciclista-de-invierno\/"]}]},{"@type":"ImageObject","inLanguage":"es-ES","@id":"https:\/\/www.welovecycling.com\/es\/2020\/01\/15\/entrenamiento-ciclista-de-invierno\/#primaryimage","url":"https:\/\/d2p6e6u75xmxt8.cloudfront.net\/6\/2020\/01\/Winter-Cycling-CVR-profimedia-0313231898-1.jpg","contentUrl":"https:\/\/d2p6e6u75xmxt8.cloudfront.net\/6\/2020\/01\/Winter-Cycling-CVR-profimedia-0313231898-1.jpg","width":1366,"height":600},{"@type":"BreadcrumbList","@id":"https:\/\/www.welovecycling.com\/es\/2020\/01\/15\/entrenamiento-ciclista-de-invierno\/#breadcrumb","itemListElement":[{"@type":"ListItem","position":1,"name":"Home","item":"https:\/\/www.welovecycling.com\/es\/"},{"@type":"ListItem","position":2,"name":"Entrenamiento ciclista de invierno. Series y base"}]},{"@type":"WebSite","@id":"https:\/\/www.welovecycling.com\/es\/#website","url":"https:\/\/www.welovecycling.com\/es\/","name":"\u0160koda We Love Cycling - Spain","description":"\u0160koda WeLoveCycling Spain","potentialAction":[{"@type":"SearchAction","target":{"@type":"EntryPoint","urlTemplate":"https:\/\/www.welovecycling.com\/es\/?s={search_term_string}"},"query-input":{"@type":"PropertyValueSpecification","valueRequired":true,"valueName":"search_term_string"}}],"inLanguage":"es-ES"},{"@type":"Person","@id":"https:\/\/www.welovecycling.com\/es\/#\/schema\/person\/deb61715b5812698ee79fb96f343ccd4","name":"We Love Cycling Spain","image":{"@type":"ImageObject","inLanguage":"es-ES","@id":"https:\/\/www.welovecycling.com\/es\/#\/schema\/person\/image\/","url":"https:\/\/secure.gravatar.com\/avatar\/c824b04e6df0e37a03219d0b6481672889df542894588964102459e46513159c?s=96&d=mm&r=g","contentUrl":"https:\/\/secure.gravatar.com\/avatar\/c824b04e6df0e37a03219d0b6481672889df542894588964102459e46513159c?s=96&d=mm&r=g","caption":"We Love Cycling Spain"},"url":"https:\/\/www.welovecycling.com\/es\/author\/amunoz\/"}]}},"_links":{"self":[{"href":"https:\/\/www.welovecycling.com\/es\/wp-json\/wp\/v2\/posts\/5775","targetHints":{"allow":["GET"]}}],"collection":[{"href":"https:\/\/www.welovecycling.com\/es\/wp-json\/wp\/v2\/posts"}],"about":[{"href":"https:\/\/www.welovecycling.com\/es\/wp-json\/wp\/v2\/types\/post"}],"author":[{"embeddable":true,"href":"https:\/\/www.welovecycling.com\/es\/wp-json\/wp\/v2\/users\/29"}],"replies":[{"embeddable":true,"href":"https:\/\/www.welovecycling.com\/es\/wp-json\/wp\/v2\/comments?post=5775"}],"version-history":[{"count":2,"href":"https:\/\/www.welovecycling.com\/es\/wp-json\/wp\/v2\/posts\/5775\/revisions"}],"predecessor-version":[{"id":5780,"href":"https:\/\/www.welovecycling.com\/es\/wp-json\/wp\/v2\/posts\/5775\/revisions\/5780"}],"wp:featuredmedia":[{"embeddable":true,"href":"https:\/\/www.welovecycling.com\/es\/wp-json\/wp\/v2\/media\/5779"}],"wp:attachment":[{"href":"https:\/\/www.welovecycling.com\/es\/wp-json\/wp\/v2\/media?parent=5775"}],"wp:term":[{"taxonomy":"category","embeddable":true,"href":"https:\/\/www.welovecycling.com\/es\/wp-json\/wp\/v2\/categories?post=5775"},{"taxonomy":"post_tag","embeddable":true,"href":"https:\/\/www.welovecycling.com\/es\/wp-json\/wp\/v2\/tags?post=5775"},{"taxonomy":"global-categories","embeddable":true,"href":"https:\/\/www.welovecycling.com\/es\/wp-json\/wp\/v2\/global-categories?post=5775"}],"curies":[{"name":"wp","href":"https:\/\/api.w.org\/{rel}","templated":true}]}}