{"id":5711,"date":"2019-12-21T19:07:04","date_gmt":"2019-12-21T17:07:04","guid":{"rendered":"https:\/\/www.welovecycling.com\/es\/?p=5711"},"modified":"2019-12-21T19:07:04","modified_gmt":"2019-12-21T17:07:04","slug":"guia-ciclista-navidades","status":"publish","type":"post","link":"https:\/\/www.welovecycling.com\/es\/2019\/12\/21\/guia-ciclista-navidades\/","title":{"rendered":"Gu\u00eda ciclista para Navidades"},"content":{"rendered":"<p><strong>Las vacaciones est\u00e1n encima. La alegr\u00eda festiva est\u00e1 en el aire y hay una buena posibilidad de que esto influya en tu horario de entrenamiento. Especialmente si est\u00e1s metido de una gran temporada de entrenamiento de oto\u00f1o, las vacaciones pueden ser recibidas con m\u00e1s ansiedad que emoci\u00f3n. Sin embargo, nosotros los ciclistas merecemos dejarnos el pelo suelto de vez en cuando, as\u00ed que aqu\u00ed tienes algunos consejos para no s\u00f3lo sobrevivir sino prosperar en medio de todas las festividades.<\/strong><!--more--><\/p>\n<h2><strong>Una raz\u00f3n para descansar<\/strong><\/h2>\n<p>En primer lugar, definitivamente no es algo malo usar las navidades para permitir que su cuerpo se recupere, se ponga al d\u00eda con los amigos y la familia, y obtenga el tan necesitado descanso y relajaci\u00f3n. Pero te advierto que los entrenamientos perdidos pronto te pasar\u00e1n factura y te sorprender\u00e1s de lo r\u00e1pido que se puede perder la forma f\u00edsica, especialmente si la dieta y el horario de sue\u00f1o se descontrolan. La mejor manera de evitar esto es construirse una zona de amortiguaci\u00f3n para que tengas un poco m\u00e1s de flexibilidad cuando se trate del tiempo de inactividad de las vacaciones.<\/p>\n<p>En los d\u00edas previos a lo que crees que ser\u00e1 un despido prolongado, el 23-26 de diciembre por ejemplo, te puedes dar ca\u00f1a en la bicicleta. Haz algunos kil\u00f3metros extras, sube alg\u00fan puerto m\u00e1s e intenta superar una marca personal en Strava. Si tienes la motivaci\u00f3n adicional de saber que un descanso est\u00e1 en el horizonte y, habiendo establecido un amortiguador, no te ser\u00e1 tan dif\u00edcil volver a salir cuando la locura de la Navidad haya terminado.<\/p>\n<figure id=\"attachment_5713\" aria-describedby=\"caption-attachment-5713\" style=\"width: 1600px\" class=\"wp-caption alignnone\"><img loading=\"lazy\" decoding=\"async\" class=\"size-full wp-image-5713\" src=\"https:\/\/d2p6e6u75xmxt8.cloudfront.net\/6\/2019\/12\/81-4wAK6OQL.jpg\" alt=\"\" width=\"1600\" height=\"2277\" srcset=\"https:\/\/d2p6e6u75xmxt8.cloudfront.net\/6\/2019\/12\/81-4wAK6OQL.jpg 1600w, https:\/\/d2p6e6u75xmxt8.cloudfront.net\/6\/2019\/12\/81-4wAK6OQL-211x300.jpg 211w, https:\/\/d2p6e6u75xmxt8.cloudfront.net\/6\/2019\/12\/81-4wAK6OQL-768x1093.jpg 768w, https:\/\/d2p6e6u75xmxt8.cloudfront.net\/6\/2019\/12\/81-4wAK6OQL-720x1024.jpg 720w, https:\/\/d2p6e6u75xmxt8.cloudfront.net\/6\/2019\/12\/81-4wAK6OQL-1349x1920.jpg 1349w, https:\/\/d2p6e6u75xmxt8.cloudfront.net\/6\/2019\/12\/81-4wAK6OQL-1349x1920.jpg 1349w\" sizes=\"auto, (max-width: 1600px) 100vw, 1600px\" \/><figcaption id=\"caption-attachment-5713\" class=\"wp-caption-text\">Cycling Anatomy by\u00a0Shannon Sovndal<\/figcaption><\/figure>\n<h2><strong><br \/>\nAprende algo m\u00e1s sobre ciclismo<\/strong><\/h2>\n<p>Si salir a escondidas para entrenar no es realmente una opci\u00f3n, utiliza algunos de los tiempos muertos para familiarizarse mejor con la ciencia y la cultura del ciclismo. Dos grandes t\u00edtulos que salieron este a\u00f1o incluyen el de Shannon Sovndal, Cycling Anatomy: Your Illustrated Guide for Cycling Strength, Speed, and Endurance (2\u00aa edici\u00f3n), y el escrito an\u00f3nimamente, The Secret Cyclist: La vida real en el pelot\u00f3n profesional. Sovndal es un antiguo m\u00e9dico del equipo Garmin-Sharp que tambi\u00e9n es m\u00e9dico de emergencias, bombero y entrenador deportivo. Su libro presenta ejemplos ilustrados de 89 ejercicios de fuerza y acondicionamiento, cada uno de ellos con una secci\u00f3n de &#8220;enfoque ciclista&#8221; para explicar c\u00f3mo ese ejercicio en particular te ayudar\u00e1 a pedalear con mayor eficacia.<\/p>\n<p>The Secret Cyclist, por otro lado, presenta a un ciclista profesional an\u00f3nimo hablando sobre la vida en el pelot\u00f3n profesional. El autor ha corrido para equipos del World Tour durante 10 a\u00f1os y ha conseguido estar entre los 10 primeros en los Grandes Tours, por lo que tiene mucho material para contar. En el interior, encontrar\u00e1s informaci\u00f3n sobre la estructura de pago del ciclismo profesional, los patrocinadores, el dopaje, los contratos y agentes, los accidentes, el manejo de los medios de comunicaci\u00f3n, la jubilaci\u00f3n y las reglas no escritas.<\/p>\n<p><img loading=\"lazy\" decoding=\"async\" class=\"alignnone size-full wp-image-5717\" src=\"https:\/\/d2p6e6u75xmxt8.cloudfront.net\/6\/2019\/12\/marathon-bike-gif-food-2358803.gif\" alt=\"\" width=\"408\" height=\"229\" \/><\/p>\n<h2><strong>Establece objetivos para 2020<\/strong><\/h2>\n<p>Estamos hablando de establecer algunas metas realistas que te dar\u00e1n algo en lo que trabajar cuando terminen las fiestas. Tener un objetivo en mente te ayudar\u00e1 a mantenerte enfocado y a tomar decisiones m\u00e1s saludables mientras toma las festividades. O, si prefieres establecer algunas metas durante las fiestas mismas, puedes inscribirte en el RaphaFestive 500. Se trata de un reto para los ciclistas de todo el mundo en el que puedes intentar acercarte lo m\u00e1ximo posible a los 500 km durante el periodo festivo.<\/p>\n<h2><strong>Rueda en familia<\/strong><\/h2>\n<p>Si tienes la suerte de vivir en un lugar donde no necesitas equipo de alto rendimiento para disfrutar del ciclismo invernal, \u00bfpor qu\u00e9 no intentas convencer a toda la familia de que se unan a ti para dar un paseo durante las vacaciones? Busca programas de bicicletas compartidas o de alquiler a corto plazo si no todos tienen un juego de ruedas. S\u00f3lo recuerda que si logras salir a pasear con su familia, sigue una ruta y un ritmo que funcione para el ciclista menos experimentado o menos capaz.<\/p>\n<figure id=\"attachment_5720\" aria-describedby=\"caption-attachment-5720\" style=\"width: 1250px\" class=\"wp-caption alignnone\"><img loading=\"lazy\" decoding=\"async\" class=\"size-full wp-image-5720\" src=\"https:\/\/d2p6e6u75xmxt8.cloudfront.net\/6\/2019\/12\/profimedia-0334924826.jpg\" alt=\"\" width=\"1250\" height=\"832\" srcset=\"https:\/\/d2p6e6u75xmxt8.cloudfront.net\/6\/2019\/12\/profimedia-0334924826.jpg 1250w, https:\/\/d2p6e6u75xmxt8.cloudfront.net\/6\/2019\/12\/profimedia-0334924826-300x200.jpg 300w, https:\/\/d2p6e6u75xmxt8.cloudfront.net\/6\/2019\/12\/profimedia-0334924826-768x511.jpg 768w, https:\/\/d2p6e6u75xmxt8.cloudfront.net\/6\/2019\/12\/profimedia-0334924826-1024x682.jpg 1024w, https:\/\/d2p6e6u75xmxt8.cloudfront.net\/6\/2019\/12\/profimedia-0334924826-272x182.jpg 272w\" sizes=\"auto, (max-width: 1250px) 100vw, 1250px\" \/><figcaption id=\"caption-attachment-5720\" class=\"wp-caption-text\">Family trip during the holidays.\u00a0\u00a9 christopher jones \/ Alamy \/ Alamy \/ Profimedia<\/figcaption><\/figure>\n<h2><strong><br \/>\nHaz una elecci\u00f3n de alimentos inteligente<\/strong><\/h2>\n<p>Hay muchas cosas que van en contra de tu dieta saludable durante las fiestas. El marketing, la nostalgia y las tradiciones de la temporada juegan su papel para asegurar que la venta de queso, pasteles, champ\u00e1n, licores y chocolates tenga un impulso sustancial en esta \u00e9poca del a\u00f1o. Aunque definitivamente est\u00e1 dentro de lo razonable darse un gusto, tener una casa llena de golosinas puede f\u00e1cilmente llevarte a exagerar. Trata de llenar tu casa con sus alimentos b\u00e1sicos regulares y saludables para mantenerse en el camino correcto.<\/p>\n<p>Y si te vas de fiesta, toma medidas de precauci\u00f3n como comer una comida peque\u00f1a, nutritiva y con alto contenido de prote\u00ednas antes de salir de la casa. Puede parecer contrario a la intuici\u00f3n comer antes, pero creenos, si se mata de hambre todo el d\u00eda en anticipaci\u00f3n del evento, terminar\u00e1s sin autocontrol ya que tu cuerpo tendr\u00e1 antojso de alimentos dulces debido a los bajos niveles de az\u00facar en la sangre.<\/p>\n<figure id=\"attachment_5722\" aria-describedby=\"caption-attachment-5722\" style=\"width: 1250px\" class=\"wp-caption alignnone\"><img loading=\"lazy\" decoding=\"async\" class=\"size-full wp-image-5722\" src=\"https:\/\/d2p6e6u75xmxt8.cloudfront.net\/6\/2019\/12\/profimedia-0403605860-1.jpg\" alt=\"\" width=\"1250\" height=\"817\" srcset=\"https:\/\/d2p6e6u75xmxt8.cloudfront.net\/6\/2019\/12\/profimedia-0403605860-1.jpg 1250w, https:\/\/d2p6e6u75xmxt8.cloudfront.net\/6\/2019\/12\/profimedia-0403605860-1-300x196.jpg 300w, https:\/\/d2p6e6u75xmxt8.cloudfront.net\/6\/2019\/12\/profimedia-0403605860-1-768x502.jpg 768w, https:\/\/d2p6e6u75xmxt8.cloudfront.net\/6\/2019\/12\/profimedia-0403605860-1-1024x669.jpg 1024w\" sizes=\"auto, (max-width: 1250px) 100vw, 1250px\" \/><figcaption id=\"caption-attachment-5722\" class=\"wp-caption-text\">The cycling spirit of Christmas \u00a9 dpa picture alliance \/ Alamy \/ Alamy \/ Profimedia<\/figcaption><\/figure>\n<h2><strong><br \/>\nIntenta seguir la corriente<\/strong><\/h2>\n<p>Hacer planes y tomar medidas de precauci\u00f3n deber\u00eda ser parte de tu estrategia, pero no toda. Durante las vacaciones, es probable que recibas invitaciones de \u00faltimo minuto, visitas inesperadas o el clima, y todo esto puede perturbar tu agenda. Probablemente has trabajado duro todo el a\u00f1o, y est\u00e1 bien tomarse un respiro. Si el ciclismo es normalmente una parte de su rutina diaria, no renuncies a \u00e9l por completo, pero si pierdes un entrenamiento, no te des a un objetivo de entrenamiento en particular o te exceda en el ponche de huevo una noche, no pasa nada. Recuerda que un poco de alegr\u00eda navide\u00f1a es bueno para el alma y pronto volver\u00e1s a hacer kil\u00f3metros de nuevo.<\/p>\n","protected":false},"excerpt":{"rendered":"<p>Las vacaciones est\u00e1n encima. La alegr\u00eda festiva est\u00e1 en el aire y hay una buena posibilidad de que esto influya [&hellip;]<\/p>\n","protected":false},"author":29,"featured_media":4357,"comment_status":"open","ping_status":"open","sticky":false,"template":"","format":"standard","meta":{"footnotes":""},"categories":[7,8,9],"tags":[1369,1368],"global-categories":[],"class_list":["post-5711","post","type-post","status-publish","format-standard","has-post-thumbnail","hentry","category-carretera","category-life-style","category-mtb-aventura","tag-consejos-ciclistas-navidades","tag-guia-ciclista-navidades"],"yoast_head":"<!-- This site is optimized with the Yoast SEO Premium plugin v25.3 (Yoast SEO v25.9) - https:\/\/yoast.com\/wordpress\/plugins\/seo\/ -->\n<title>Gu\u00eda ciclista para Navidades - \u0160koda We Love Cycling - Spain<\/title>\n<meta name=\"description\" content=\"Guia ciclista para Navidades. Los consejos para afrontar estas Navidades de la mejor forma. Alimentaci\u00f3n y entrenamientos.\" \/>\n<meta name=\"robots\" content=\"index, follow, max-snippet:-1, max-image-preview:large, max-video-preview:-1\" \/>\n<link rel=\"canonical\" href=\"https:\/\/www.welovecycling.com\/es\/2019\/12\/21\/guia-ciclista-navidades\/\" \/>\n<meta property=\"og:locale\" content=\"es_ES\" \/>\n<meta property=\"og:type\" content=\"article\" \/>\n<meta property=\"og:title\" content=\"Guia ciclista para Navidades\" \/>\n<meta property=\"og:description\" content=\"Guia ciclista para Navidades. Los consejos para afrontar estas Navidades de la mejor forma. Alimentaci\u00f3n y entrenamientos.\" \/>\n<meta property=\"og:url\" content=\"https:\/\/www.welovecycling.com\/es\/2019\/12\/21\/guia-ciclista-navidades\/\" \/>\n<meta property=\"og:site_name\" content=\"\u0160koda We Love Cycling - Spain\" \/>\n<meta property=\"article:published_time\" content=\"2019-12-21T17:07:04+00:00\" \/>\n<meta property=\"og:image\" content=\"https:\/\/d2p6e6u75xmxt8.cloudfront.net\/6\/2019\/03\/SKODA_SCALA_Review-CVR.jpg\" \/>\n\t<meta property=\"og:image:width\" content=\"1366\" \/>\n\t<meta property=\"og:image:height\" content=\"600\" \/>\n\t<meta property=\"og:image:type\" content=\"image\/jpeg\" \/>\n<meta name=\"author\" content=\"We Love Cycling Spain\" \/>\n<meta name=\"twitter:card\" content=\"summary_large_image\" \/>\n<meta name=\"twitter:title\" content=\"Guia ciclista para Navidades\" \/>\n<meta name=\"twitter:description\" content=\"Guia ciclista para Navidades. Los consejos para afrontar estas Navidades de la mejor forma. Alimentaci\u00f3n y entrenamientos.\" \/>\n<meta name=\"twitter:label1\" content=\"Written by\" \/>\n\t<meta name=\"twitter:data1\" content=\"Megan Flottorp\" \/>\n\t<meta name=\"twitter:label2\" content=\"Est. reading time\" \/>\n\t<meta name=\"twitter:data2\" content=\"7\" \/>\n<script type=\"application\/ld+json\" class=\"yoast-schema-graph\">{\"@context\":\"https:\/\/schema.org\",\"@graph\":[{\"@type\":\"WebPage\",\"@id\":\"https:\/\/www.welovecycling.com\/es\/2019\/12\/21\/guia-ciclista-navidades\/\",\"url\":\"https:\/\/www.welovecycling.com\/es\/2019\/12\/21\/guia-ciclista-navidades\/\",\"name\":\"Gu\u00eda ciclista para Navidades - \u0160koda We Love Cycling - Spain\",\"isPartOf\":{\"@id\":\"https:\/\/www.welovecycling.com\/es\/#website\"},\"primaryImageOfPage\":{\"@id\":\"https:\/\/www.welovecycling.com\/es\/2019\/12\/21\/guia-ciclista-navidades\/#primaryimage\"},\"image\":{\"@id\":\"https:\/\/www.welovecycling.com\/es\/2019\/12\/21\/guia-ciclista-navidades\/#primaryimage\"},\"thumbnailUrl\":\"https:\/\/d2p6e6u75xmxt8.cloudfront.net\/6\/2019\/03\/SKODA_SCALA_Review-CVR.jpg\",\"datePublished\":\"2019-12-21T17:07:04+00:00\",\"author\":{\"@id\":\"https:\/\/www.welovecycling.com\/es\/#\/schema\/person\/deb61715b5812698ee79fb96f343ccd4\"},\"description\":\"Guia ciclista para Navidades. Los consejos para afrontar estas Navidades de la mejor forma. Alimentaci\u00f3n y entrenamientos.\",\"breadcrumb\":{\"@id\":\"https:\/\/www.welovecycling.com\/es\/2019\/12\/21\/guia-ciclista-navidades\/#breadcrumb\"},\"inLanguage\":\"es-ES\",\"potentialAction\":[{\"@type\":\"ReadAction\",\"target\":[\"https:\/\/www.welovecycling.com\/es\/2019\/12\/21\/guia-ciclista-navidades\/\"]}]},{\"@type\":\"ImageObject\",\"inLanguage\":\"es-ES\",\"@id\":\"https:\/\/www.welovecycling.com\/es\/2019\/12\/21\/guia-ciclista-navidades\/#primaryimage\",\"url\":\"https:\/\/d2p6e6u75xmxt8.cloudfront.net\/6\/2019\/03\/SKODA_SCALA_Review-CVR.jpg\",\"contentUrl\":\"https:\/\/d2p6e6u75xmxt8.cloudfront.net\/6\/2019\/03\/SKODA_SCALA_Review-CVR.jpg\",\"width\":1366,\"height\":600},{\"@type\":\"BreadcrumbList\",\"@id\":\"https:\/\/www.welovecycling.com\/es\/2019\/12\/21\/guia-ciclista-navidades\/#breadcrumb\",\"itemListElement\":[{\"@type\":\"ListItem\",\"position\":1,\"name\":\"Home\",\"item\":\"https:\/\/www.welovecycling.com\/es\/\"},{\"@type\":\"ListItem\",\"position\":2,\"name\":\"Gu\u00eda ciclista para Navidades\"}]},{\"@type\":\"WebSite\",\"@id\":\"https:\/\/www.welovecycling.com\/es\/#website\",\"url\":\"https:\/\/www.welovecycling.com\/es\/\",\"name\":\"\u0160koda We Love Cycling - Spain\",\"description\":\"\u0160koda WeLoveCycling Spain\",\"potentialAction\":[{\"@type\":\"SearchAction\",\"target\":{\"@type\":\"EntryPoint\",\"urlTemplate\":\"https:\/\/www.welovecycling.com\/es\/?s={search_term_string}\"},\"query-input\":{\"@type\":\"PropertyValueSpecification\",\"valueRequired\":true,\"valueName\":\"search_term_string\"}}],\"inLanguage\":\"es-ES\"},{\"@type\":\"Person\",\"@id\":\"https:\/\/www.welovecycling.com\/es\/#\/schema\/person\/deb61715b5812698ee79fb96f343ccd4\",\"name\":\"We Love Cycling Spain\",\"image\":{\"@type\":\"ImageObject\",\"inLanguage\":\"es-ES\",\"@id\":\"https:\/\/www.welovecycling.com\/es\/#\/schema\/person\/image\/\",\"url\":\"https:\/\/secure.gravatar.com\/avatar\/c824b04e6df0e37a03219d0b6481672889df542894588964102459e46513159c?s=96&d=mm&r=g\",\"contentUrl\":\"https:\/\/secure.gravatar.com\/avatar\/c824b04e6df0e37a03219d0b6481672889df542894588964102459e46513159c?s=96&d=mm&r=g\",\"caption\":\"We Love Cycling Spain\"},\"url\":\"https:\/\/www.welovecycling.com\/es\/author\/amunoz\/\"}]}<\/script>\n<!-- \/ Yoast SEO Premium plugin. -->","yoast_head_json":{"title":"Gu\u00eda ciclista para Navidades - \u0160koda We Love Cycling - Spain","description":"Guia ciclista para Navidades. Los consejos para afrontar estas Navidades de la mejor forma. Alimentaci\u00f3n y entrenamientos.","robots":{"index":"index","follow":"follow","max-snippet":"max-snippet:-1","max-image-preview":"max-image-preview:large","max-video-preview":"max-video-preview:-1"},"canonical":"https:\/\/www.welovecycling.com\/es\/2019\/12\/21\/guia-ciclista-navidades\/","og_locale":"es_ES","og_type":"article","og_title":"Guia ciclista para Navidades","og_description":"Guia ciclista para Navidades. Los consejos para afrontar estas Navidades de la mejor forma. Alimentaci\u00f3n y entrenamientos.","og_url":"https:\/\/www.welovecycling.com\/es\/2019\/12\/21\/guia-ciclista-navidades\/","og_site_name":"\u0160koda We Love Cycling - Spain","article_published_time":"2019-12-21T17:07:04+00:00","og_image":[{"width":1366,"height":600,"url":"https:\/\/d2p6e6u75xmxt8.cloudfront.net\/6\/2019\/03\/SKODA_SCALA_Review-CVR.jpg","type":"image\/jpeg"}],"author":"We Love Cycling Spain","twitter_card":"summary_large_image","twitter_title":"Guia ciclista para Navidades","twitter_description":"Guia ciclista para Navidades. Los consejos para afrontar estas Navidades de la mejor forma. Alimentaci\u00f3n y entrenamientos.","twitter_misc":{"Written by":"Megan Flottorp","Est. reading time":"7"},"schema":{"@context":"https:\/\/schema.org","@graph":[{"@type":"WebPage","@id":"https:\/\/www.welovecycling.com\/es\/2019\/12\/21\/guia-ciclista-navidades\/","url":"https:\/\/www.welovecycling.com\/es\/2019\/12\/21\/guia-ciclista-navidades\/","name":"Gu\u00eda ciclista para Navidades - \u0160koda We Love Cycling - Spain","isPartOf":{"@id":"https:\/\/www.welovecycling.com\/es\/#website"},"primaryImageOfPage":{"@id":"https:\/\/www.welovecycling.com\/es\/2019\/12\/21\/guia-ciclista-navidades\/#primaryimage"},"image":{"@id":"https:\/\/www.welovecycling.com\/es\/2019\/12\/21\/guia-ciclista-navidades\/#primaryimage"},"thumbnailUrl":"https:\/\/d2p6e6u75xmxt8.cloudfront.net\/6\/2019\/03\/SKODA_SCALA_Review-CVR.jpg","datePublished":"2019-12-21T17:07:04+00:00","author":{"@id":"https:\/\/www.welovecycling.com\/es\/#\/schema\/person\/deb61715b5812698ee79fb96f343ccd4"},"description":"Guia ciclista para Navidades. Los consejos para afrontar estas Navidades de la mejor forma. Alimentaci\u00f3n y entrenamientos.","breadcrumb":{"@id":"https:\/\/www.welovecycling.com\/es\/2019\/12\/21\/guia-ciclista-navidades\/#breadcrumb"},"inLanguage":"es-ES","potentialAction":[{"@type":"ReadAction","target":["https:\/\/www.welovecycling.com\/es\/2019\/12\/21\/guia-ciclista-navidades\/"]}]},{"@type":"ImageObject","inLanguage":"es-ES","@id":"https:\/\/www.welovecycling.com\/es\/2019\/12\/21\/guia-ciclista-navidades\/#primaryimage","url":"https:\/\/d2p6e6u75xmxt8.cloudfront.net\/6\/2019\/03\/SKODA_SCALA_Review-CVR.jpg","contentUrl":"https:\/\/d2p6e6u75xmxt8.cloudfront.net\/6\/2019\/03\/SKODA_SCALA_Review-CVR.jpg","width":1366,"height":600},{"@type":"BreadcrumbList","@id":"https:\/\/www.welovecycling.com\/es\/2019\/12\/21\/guia-ciclista-navidades\/#breadcrumb","itemListElement":[{"@type":"ListItem","position":1,"name":"Home","item":"https:\/\/www.welovecycling.com\/es\/"},{"@type":"ListItem","position":2,"name":"Gu\u00eda ciclista para Navidades"}]},{"@type":"WebSite","@id":"https:\/\/www.welovecycling.com\/es\/#website","url":"https:\/\/www.welovecycling.com\/es\/","name":"\u0160koda We Love Cycling - Spain","description":"\u0160koda WeLoveCycling Spain","potentialAction":[{"@type":"SearchAction","target":{"@type":"EntryPoint","urlTemplate":"https:\/\/www.welovecycling.com\/es\/?s={search_term_string}"},"query-input":{"@type":"PropertyValueSpecification","valueRequired":true,"valueName":"search_term_string"}}],"inLanguage":"es-ES"},{"@type":"Person","@id":"https:\/\/www.welovecycling.com\/es\/#\/schema\/person\/deb61715b5812698ee79fb96f343ccd4","name":"We Love Cycling Spain","image":{"@type":"ImageObject","inLanguage":"es-ES","@id":"https:\/\/www.welovecycling.com\/es\/#\/schema\/person\/image\/","url":"https:\/\/secure.gravatar.com\/avatar\/c824b04e6df0e37a03219d0b6481672889df542894588964102459e46513159c?s=96&d=mm&r=g","contentUrl":"https:\/\/secure.gravatar.com\/avatar\/c824b04e6df0e37a03219d0b6481672889df542894588964102459e46513159c?s=96&d=mm&r=g","caption":"We Love Cycling Spain"},"url":"https:\/\/www.welovecycling.com\/es\/author\/amunoz\/"}]}},"_links":{"self":[{"href":"https:\/\/www.welovecycling.com\/es\/wp-json\/wp\/v2\/posts\/5711","targetHints":{"allow":["GET"]}}],"collection":[{"href":"https:\/\/www.welovecycling.com\/es\/wp-json\/wp\/v2\/posts"}],"about":[{"href":"https:\/\/www.welovecycling.com\/es\/wp-json\/wp\/v2\/types\/post"}],"author":[{"embeddable":true,"href":"https:\/\/www.welovecycling.com\/es\/wp-json\/wp\/v2\/users\/29"}],"replies":[{"embeddable":true,"href":"https:\/\/www.welovecycling.com\/es\/wp-json\/wp\/v2\/comments?post=5711"}],"version-history":[{"count":2,"href":"https:\/\/www.welovecycling.com\/es\/wp-json\/wp\/v2\/posts\/5711\/revisions"}],"predecessor-version":[{"id":5727,"href":"https:\/\/www.welovecycling.com\/es\/wp-json\/wp\/v2\/posts\/5711\/revisions\/5727"}],"wp:featuredmedia":[{"embeddable":true,"href":"https:\/\/www.welovecycling.com\/es\/wp-json\/wp\/v2\/media\/4357"}],"wp:attachment":[{"href":"https:\/\/www.welovecycling.com\/es\/wp-json\/wp\/v2\/media?parent=5711"}],"wp:term":[{"taxonomy":"category","embeddable":true,"href":"https:\/\/www.welovecycling.com\/es\/wp-json\/wp\/v2\/categories?post=5711"},{"taxonomy":"post_tag","embeddable":true,"href":"https:\/\/www.welovecycling.com\/es\/wp-json\/wp\/v2\/tags?post=5711"},{"taxonomy":"global-categories","embeddable":true,"href":"https:\/\/www.welovecycling.com\/es\/wp-json\/wp\/v2\/global-categories?post=5711"}],"curies":[{"name":"wp","href":"https:\/\/api.w.org\/{rel}","templated":true}]}}