{"id":5710,"date":"2019-12-20T18:47:38","date_gmt":"2019-12-20T16:47:38","guid":{"rendered":"https:\/\/www.welovecycling.com\/es\/?p=5710"},"modified":"2019-12-20T18:47:38","modified_gmt":"2019-12-20T16:47:38","slug":"regalos-navidenos-ciclistas","status":"publish","type":"post","link":"https:\/\/www.welovecycling.com\/es\/2019\/12\/20\/regalos-navidenos-ciclistas\/","title":{"rendered":"Regalos navide\u00f1os para ciclistas"},"content":{"rendered":"<p><strong>Es la temporada de Navidad otra vez, esa \u00e9poca del a\u00f1o en la que esperas no tener otro par de Happy Socks y te preguntas qu\u00e9 regalarle a ese compa\u00f1ero\/amigo\/familiar fan\u00e1tico del ciclismo que le traer\u00e1 una amplia sonrisa a su cara. A continuaci\u00f3n te presentamos algunas sugerencias que seguramente lo har\u00e1n, organizadas desde las m\u00e1s caras hasta las m\u00e1s baratas<\/strong><!--more--><\/p>\n<p>El regalo de Navidad para darle a la persona que m\u00e1s quieres en el mundo y quieres que lo sepa: un viaje en bicicleta de dos semanas a&#8230; Brasil. \u00bfExiste un mejor lugar al que escapar cuando los d\u00edas son tan oscuros en los que es m\u00e1s luminoso tu sal\u00f3n cuando cierras las cortinas? Hay una maravillosa ruta ciclista, de m\u00e1s de 3.000 km de longitud, que va desde Porto Alegre, en el sur, hasta Salvador, Bah\u00eda, en el noreste. La carretera est\u00e1 asfaltada, es segura y evita en gran medida el tr\u00e1fico pero, lo mejor de todo, sigue la costa, lo que significa playas. Hay hermosas playas en Florian\u00f3polis y exuberantes playas verdes en el estado de S\u00e3o Paulo. Las temperaturas diurnas en enero y febrero en Porto Alegre tienen un promedio de entre 21\u00b0 y 31\u00b0C. Se puede encontrar alojamiento a lo largo de la ruta en peque\u00f1os hoteles, generalmente baratos, llamados pousadas. Y hay otra ventaja: no puede permitirse que su compa\u00f1ero viaje solo a Brasil. Lo que significa que tambi\u00e9n tendr\u00e1s que ir. El regalo perfecto. Por supuesto, no es barato.\u00a0<a href=\"http:\/\/travellingclaus.com\/tips-and-advice-for-tour-cycling-in-brazil\">Consejos ciclistas sobre Brasil<\/a>.<\/p>\n<figure id=\"attachment_5714\" aria-describedby=\"caption-attachment-5714\" style=\"width: 999px\" class=\"wp-caption alignnone\"><img loading=\"lazy\" decoding=\"async\" class=\"size-full wp-image-5714\" src=\"https:\/\/d2p6e6u75xmxt8.cloudfront.net\/6\/2019\/12\/Porto-Allegre-profimedia-0411487587.jpg\" alt=\"\" width=\"999\" height=\"331\" srcset=\"https:\/\/d2p6e6u75xmxt8.cloudfront.net\/6\/2019\/12\/Porto-Allegre-profimedia-0411487587.jpg 999w, https:\/\/d2p6e6u75xmxt8.cloudfront.net\/6\/2019\/12\/Porto-Allegre-profimedia-0411487587-300x99.jpg 300w, https:\/\/d2p6e6u75xmxt8.cloudfront.net\/6\/2019\/12\/Porto-Allegre-profimedia-0411487587-768x254.jpg 768w\" sizes=\"auto, (max-width: 999px) 100vw, 999px\" \/><figcaption id=\"caption-attachment-5714\" class=\"wp-caption-text\">Vista de la ciudad con el Gasometro y el Lago Guaiba al atardecer, Porto Alegre.\u00a0\u00a9 lltrarbach \/ DPphoto \/ Profimedia<\/figcaption><\/figure>\n<p>&nbsp;<\/p>\n<p>Pero tal vez tu amado fen\u00f3meno del ciclismo tiene la piel sensible al sol o odia las playas o tiene miedo a volar y en realidad le encanta el invierno y la nieve (nadie es perfecto). \u00bfEntonces qu\u00e9? \u00bfQu\u00e9 tal una bicicleta motorizada dual-el\u00e9ctrica totalmente equipada para las condiciones invernales? Echa un vistazo al nuevo FAT-AWD de EUNORAU. Adem\u00e1s de los motores duales, esta m\u00e1quina tiene un acelerador que te permite bajar el asiento, usar las piernas para el equilibrio (no s\u00f3lo para pedalear) y hacer giros cerrados sin preocupaciones, incluso en la nieve. Y tiene neum\u00e1ticos Kenda Juggernaut de gran tama\u00f1o, un soporte trasero para llevar carga ligera, luces delanteras y traseras y guardabarros para mantenerte limpio cuando vayas al trabajo. Y el precio es razonable: actualmente 1,699 euros. <a href=\"https:\/\/eunorau-ebike.com\/products\/copy-of-fat-hd\">Y la empresa hace env\u00edos gratuitos a todo el mundo<\/a>.<\/p>\n<lite-youtube videoid=g2nAOPhx_nY params=\"enablejsapi=1\" style=\"background-image: url('https:\/\/i.ytimg.com\/vi_webp\/g2nAOPhx_nY\/maxresdefault.webp');\"><\/lite-youtube>\n<p>\u00bfQu\u00e9 tal un poco de mobiliario para la propia bici? La empresa chilena de dise\u00f1o Chol#1 cre\u00f3 piezas de mobiliario que tambi\u00e9n son un elegante dep\u00f3sito para bicicletas. Los dise\u00f1os minimalistas son especialmente pr\u00e1cticos para apartamentos peque\u00f1os. No s\u00f3lo mantendr\u00e1n tu bicicleta guardada de forma segura, sino que tambi\u00e9n har\u00e1n que tu piso luzca muy fresco. Cada pieza est\u00e1 hecha de madera y se ofrece en una variedad de colores. El precio depende de la pieza. Por ejemplo, una <a href=\"https:\/\/chol1.cl\/product\/arrimo\">elegante estanter\u00eda\/bicicleta llamada Arrimo<\/a> cuesta alrededor de 430 euros m\u00e1s gastos de env\u00edo.<\/p>\n<p><img loading=\"lazy\" decoding=\"async\" class=\"alignnone size-full wp-image-5715\" src=\"https:\/\/d2p6e6u75xmxt8.cloudfront.net\/6\/2019\/12\/arrimo21-850x850.jpg\" alt=\"\" width=\"850\" height=\"850\" srcset=\"https:\/\/d2p6e6u75xmxt8.cloudfront.net\/6\/2019\/12\/arrimo21-850x850.jpg 850w, https:\/\/d2p6e6u75xmxt8.cloudfront.net\/6\/2019\/12\/arrimo21-850x850-150x150.jpg 150w, https:\/\/d2p6e6u75xmxt8.cloudfront.net\/6\/2019\/12\/arrimo21-850x850-300x300.jpg 300w, https:\/\/d2p6e6u75xmxt8.cloudfront.net\/6\/2019\/12\/arrimo21-850x850-768x768.jpg 768w\" sizes=\"auto, (max-width: 850px) 100vw, 850px\" \/><\/p>\n<p>O muebles hechos de bicicletas? Bike Furniture Design ha estado produciendo muebles comerciales y residenciales \u00fanicos y de alta calidad hechos de partes de bicicletas y motocicletas desde 1990. Ellos hacen sillas, mesas, taburetes de bar e incluso l\u00e1mparas de cuadros, manillares y otras partes de bicicletas incre\u00edblemente elegantes, como esta mesa de caf\u00e9 hecha con una rueda de bicicleta de 26&#8243; de MTB, que se vende por 425 euros m\u00e1s gastos de env\u00edo. Muchas otras hermosas piezas pueden ser encontradas <a href=\"https:\/\/www.bikefurniture.com\/\">aqu\u00ed.<\/a><img loading=\"lazy\" decoding=\"async\" class=\"alignnone size-full wp-image-5716\" src=\"https:\/\/d2p6e6u75xmxt8.cloudfront.net\/6\/2019\/12\/s2table-8342.jpg\" alt=\"\" width=\"1500\" height=\"1200\" srcset=\"https:\/\/d2p6e6u75xmxt8.cloudfront.net\/6\/2019\/12\/s2table-8342.jpg 1500w, https:\/\/d2p6e6u75xmxt8.cloudfront.net\/6\/2019\/12\/s2table-8342-300x240.jpg 300w, https:\/\/d2p6e6u75xmxt8.cloudfront.net\/6\/2019\/12\/s2table-8342-768x614.jpg 768w, https:\/\/d2p6e6u75xmxt8.cloudfront.net\/6\/2019\/12\/s2table-8342-1024x819.jpg 1024w\" sizes=\"auto, (max-width: 1500px) 100vw, 1500px\" \/><\/p>\n<p>\u00bfDemasiado caro? \u00bfDemasiado complicadas? \u00bfEl amante del ciclismo en el que est\u00e1s pensando es s\u00f3lo un amigo o un compa\u00f1ero de trabajo? Bien, \u00bfqu\u00e9 tal algunos accesorios geniales, como el bolso para montar el tel\u00e9fono de bicicleta Wallfire? Mantiene el tel\u00e9fono seguro, visible y al alcance de la mano y tiene una pantalla t\u00e1ctil TPU de alta sensibilidad que admite todas las operaciones t\u00e1ctiles cuando el tel\u00e9fono est\u00e1 en la bolsa, lo que significa que puedes responder a las llamadas y comprobar tus ubicaciones en el GPS. Es compatible con todos los tel\u00e9fonos inteligentes de menos de 15 cm. Tambi\u00e9n es impermeable y muy f\u00e1cil de instalar en todos los modelos de bicicletas. Y solo cuesta <a href=\"https:\/\/www.amazon.co.uk\/dp\/B07F3Y5BXT?tag=liteminipart-21&amp;th=1\">15 euros<\/a>.<\/p>\n<p><img loading=\"lazy\" decoding=\"async\" class=\"alignnone size-full wp-image-5718\" src=\"https:\/\/d2p6e6u75xmxt8.cloudfront.net\/6\/2019\/12\/bike-phone-mount-bag.jpg\" alt=\"\" width=\"500\" height=\"500\" srcset=\"https:\/\/d2p6e6u75xmxt8.cloudfront.net\/6\/2019\/12\/bike-phone-mount-bag.jpg 500w, https:\/\/d2p6e6u75xmxt8.cloudfront.net\/6\/2019\/12\/bike-phone-mount-bag-150x150.jpg 150w, https:\/\/d2p6e6u75xmxt8.cloudfront.net\/6\/2019\/12\/bike-phone-mount-bag-300x300.jpg 300w\" sizes=\"auto, (max-width: 500px) 100vw, 500px\" \/><\/p>\n<p>La m\u00e1scara <a href=\"https:\/\/www.chainreactioncycles.com\/ro\/en\/respro-city-anti-pollution-mask\/rp-prod7327\">anticontaminaci\u00f3n Respro City<\/a> puede que no sea muy bonita, pero el receptor sabr\u00e1 que usted se preocupa por su bienestar. Filtra los contaminantes urbanos comunes como los hidrocarburos (incluidos el benceno y el pireno), los \u00f3xidos de nitr\u00f3geno, el di\u00f3xido de azufre, el \u00f3xido de plomo y el humo negro. Tiene un dise\u00f1o contorneado para asegurar que la mascarilla &#8216;sella&#8217; c\u00f3modamente, viene en cuatro colores y se vende por unos 34 euros.<\/p>\n<p><img loading=\"lazy\" decoding=\"async\" class=\"alignnone size-full wp-image-5719\" src=\"https:\/\/d2p6e6u75xmxt8.cloudfront.net\/6\/2019\/12\/41iPiQN0BHL._SX466_.jpg\" alt=\"\" width=\"466\" height=\"394\" srcset=\"https:\/\/d2p6e6u75xmxt8.cloudfront.net\/6\/2019\/12\/41iPiQN0BHL._SX466_.jpg 466w, https:\/\/d2p6e6u75xmxt8.cloudfront.net\/6\/2019\/12\/41iPiQN0BHL._SX466_-300x254.jpg 300w\" sizes=\"auto, (max-width: 466px) 100vw, 466px\" \/><\/p>\n<p>Por \u00faltimo, \u00bfqu\u00e9 es una lista de regalos sin un libro en ella? Esta Navidad, dar\u00eda It&#8217;s All About the Bike: The Pursuit of Happiness on Two Wheels, de Robert Penn, s\u00f3lo por el t\u00edtulo. En pocas palabras, se trata de la b\u00fasqueda mundial del autor de componentes para construir la bicicleta perfecta. Y por s\u00f3lo <a href=\"https:\/\/www.amazon.co.uk\/Its-All-About-Bike-Happiness\/dp\/0141043792\">11,31 euros en r\u00fastica en Amazon<\/a>, suena como el regalo casi perfecto. (Pero un viaje en bicicleta en Brasil es el regalo de Navidad perfecto).<\/p>\n<p><img loading=\"lazy\" decoding=\"async\" class=\"alignnone size-full wp-image-5721\" src=\"https:\/\/d2p6e6u75xmxt8.cloudfront.net\/6\/2019\/12\/51-dr7AeEhL._SX323_BO1204203200_.jpg\" alt=\"\" width=\"325\" height=\"499\" srcset=\"https:\/\/d2p6e6u75xmxt8.cloudfront.net\/6\/2019\/12\/51-dr7AeEhL._SX323_BO1204203200_.jpg 325w, https:\/\/d2p6e6u75xmxt8.cloudfront.net\/6\/2019\/12\/51-dr7AeEhL._SX323_BO1204203200_-195x300.jpg 195w\" sizes=\"auto, (max-width: 325px) 100vw, 325px\" \/><\/p>\n<p>Merry Christmas!<\/p>\n","protected":false},"excerpt":{"rendered":"<p>Es la temporada de Navidad otra vez, esa \u00e9poca del a\u00f1o en la que esperas no tener otro par de [&hellip;]<\/p>\n","protected":false},"author":29,"featured_media":5724,"comment_status":"open","ping_status":"open","sticky":false,"template":"","format":"standard","meta":{"footnotes":""},"categories":[7,8,9,6],"tags":[687,1367,1366],"global-categories":[],"class_list":["post-5710","post","type-post","status-publish","format-standard","has-post-thumbnail","hentry","category-carretera","category-life-style","category-mtb-aventura","category-urban","tag-regalos-ciclistas","tag-regalos-ciclistas-navidenos","tag-regalos-navidad-ciclismo"],"yoast_head":"<!-- This site is optimized with the Yoast SEO Premium plugin v25.3 (Yoast SEO v25.9) - https:\/\/yoast.com\/wordpress\/plugins\/seo\/ -->\n<title>Regalos navide\u00f1os para ciclistas - \u0160koda We Love Cycling - Spain<\/title>\n<meta name=\"description\" content=\"Los regalos navide\u00f1os perfectos para un ciclista. Desde un viaje a Brasil a fundas para el m\u00f3vil o libros ciclistas. Hay para todos.\" \/>\n<meta name=\"robots\" content=\"index, follow, max-snippet:-1, max-image-preview:large, max-video-preview:-1\" \/>\n<link rel=\"canonical\" href=\"https:\/\/www.welovecycling.com\/es\/2019\/12\/20\/regalos-navidenos-ciclistas\/\" \/>\n<meta property=\"og:locale\" content=\"es_ES\" \/>\n<meta property=\"og:type\" content=\"article\" \/>\n<meta property=\"og:title\" content=\"Los regalos navide\u00f1os perfectos para un ciclista\" \/>\n<meta property=\"og:description\" content=\"Los regalos navide\u00f1os perfectos para un ciclista. Desde un viaje a Brasil a fundas para el m\u00f3vil o libros ciclistas. Hay para todos.\" \/>\n<meta property=\"og:url\" content=\"https:\/\/www.welovecycling.com\/es\/2019\/12\/20\/regalos-navidenos-ciclistas\/\" \/>\n<meta property=\"og:site_name\" content=\"\u0160koda We Love Cycling - Spain\" \/>\n<meta property=\"article:published_time\" content=\"2019-12-20T16:47:38+00:00\" \/>\n<meta property=\"og:image\" content=\"https:\/\/d2p6e6u75xmxt8.cloudfront.net\/6\/2019\/12\/Christmas-Tree-CVR-profimedia-0403287753.jpg\" \/>\n\t<meta property=\"og:image:width\" content=\"1366\" \/>\n\t<meta property=\"og:image:height\" content=\"600\" \/>\n\t<meta property=\"og:image:type\" content=\"image\/jpeg\" \/>\n<meta name=\"author\" content=\"We Love Cycling Spain\" \/>\n<meta name=\"twitter:card\" content=\"summary_large_image\" \/>\n<meta name=\"twitter:title\" content=\"Los regalos navide\u00f1os perfectos para un ciclista\" \/>\n<meta name=\"twitter:description\" content=\"Los regalos navide\u00f1os perfectos para un ciclista. Desde un viaje a Brasil a fundas para el m\u00f3vil o libros ciclistas. Hay para todos.\" \/>\n<meta name=\"twitter:label1\" content=\"Written by\" \/>\n\t<meta name=\"twitter:data1\" content=\"Siegfried Mortkowitz\" \/>\n\t<meta name=\"twitter:label2\" content=\"Est. reading time\" \/>\n\t<meta name=\"twitter:data2\" content=\"7\" \/>\n<script type=\"application\/ld+json\" class=\"yoast-schema-graph\">{\"@context\":\"https:\/\/schema.org\",\"@graph\":[{\"@type\":\"WebPage\",\"@id\":\"https:\/\/www.welovecycling.com\/es\/2019\/12\/20\/regalos-navidenos-ciclistas\/\",\"url\":\"https:\/\/www.welovecycling.com\/es\/2019\/12\/20\/regalos-navidenos-ciclistas\/\",\"name\":\"Regalos navide\u00f1os para ciclistas - \u0160koda We Love Cycling - Spain\",\"isPartOf\":{\"@id\":\"https:\/\/www.welovecycling.com\/es\/#website\"},\"primaryImageOfPage\":{\"@id\":\"https:\/\/www.welovecycling.com\/es\/2019\/12\/20\/regalos-navidenos-ciclistas\/#primaryimage\"},\"image\":{\"@id\":\"https:\/\/www.welovecycling.com\/es\/2019\/12\/20\/regalos-navidenos-ciclistas\/#primaryimage\"},\"thumbnailUrl\":\"https:\/\/d2p6e6u75xmxt8.cloudfront.net\/6\/2019\/12\/Christmas-Tree-CVR-profimedia-0403287753.jpg\",\"datePublished\":\"2019-12-20T16:47:38+00:00\",\"author\":{\"@id\":\"https:\/\/www.welovecycling.com\/es\/#\/schema\/person\/deb61715b5812698ee79fb96f343ccd4\"},\"description\":\"Los regalos navide\u00f1os perfectos para un ciclista. Desde un viaje a Brasil a fundas para el m\u00f3vil o libros ciclistas. Hay para todos.\",\"breadcrumb\":{\"@id\":\"https:\/\/www.welovecycling.com\/es\/2019\/12\/20\/regalos-navidenos-ciclistas\/#breadcrumb\"},\"inLanguage\":\"es-ES\",\"potentialAction\":[{\"@type\":\"ReadAction\",\"target\":[\"https:\/\/www.welovecycling.com\/es\/2019\/12\/20\/regalos-navidenos-ciclistas\/\"]}]},{\"@type\":\"ImageObject\",\"inLanguage\":\"es-ES\",\"@id\":\"https:\/\/www.welovecycling.com\/es\/2019\/12\/20\/regalos-navidenos-ciclistas\/#primaryimage\",\"url\":\"https:\/\/d2p6e6u75xmxt8.cloudfront.net\/6\/2019\/12\/Christmas-Tree-CVR-profimedia-0403287753.jpg\",\"contentUrl\":\"https:\/\/d2p6e6u75xmxt8.cloudfront.net\/6\/2019\/12\/Christmas-Tree-CVR-profimedia-0403287753.jpg\",\"width\":1366,\"height\":600},{\"@type\":\"BreadcrumbList\",\"@id\":\"https:\/\/www.welovecycling.com\/es\/2019\/12\/20\/regalos-navidenos-ciclistas\/#breadcrumb\",\"itemListElement\":[{\"@type\":\"ListItem\",\"position\":1,\"name\":\"Home\",\"item\":\"https:\/\/www.welovecycling.com\/es\/\"},{\"@type\":\"ListItem\",\"position\":2,\"name\":\"Regalos navide\u00f1os para ciclistas\"}]},{\"@type\":\"WebSite\",\"@id\":\"https:\/\/www.welovecycling.com\/es\/#website\",\"url\":\"https:\/\/www.welovecycling.com\/es\/\",\"name\":\"\u0160koda We Love Cycling - Spain\",\"description\":\"\u0160koda WeLoveCycling Spain\",\"potentialAction\":[{\"@type\":\"SearchAction\",\"target\":{\"@type\":\"EntryPoint\",\"urlTemplate\":\"https:\/\/www.welovecycling.com\/es\/?s={search_term_string}\"},\"query-input\":{\"@type\":\"PropertyValueSpecification\",\"valueRequired\":true,\"valueName\":\"search_term_string\"}}],\"inLanguage\":\"es-ES\"},{\"@type\":\"Person\",\"@id\":\"https:\/\/www.welovecycling.com\/es\/#\/schema\/person\/deb61715b5812698ee79fb96f343ccd4\",\"name\":\"We Love Cycling Spain\",\"image\":{\"@type\":\"ImageObject\",\"inLanguage\":\"es-ES\",\"@id\":\"https:\/\/www.welovecycling.com\/es\/#\/schema\/person\/image\/\",\"url\":\"https:\/\/secure.gravatar.com\/avatar\/c824b04e6df0e37a03219d0b6481672889df542894588964102459e46513159c?s=96&d=mm&r=g\",\"contentUrl\":\"https:\/\/secure.gravatar.com\/avatar\/c824b04e6df0e37a03219d0b6481672889df542894588964102459e46513159c?s=96&d=mm&r=g\",\"caption\":\"We Love Cycling Spain\"},\"url\":\"https:\/\/www.welovecycling.com\/es\/author\/amunoz\/\"}]}<\/script>\n<!-- \/ Yoast SEO Premium plugin. -->","yoast_head_json":{"title":"Regalos navide\u00f1os para ciclistas - \u0160koda We Love Cycling - Spain","description":"Los regalos navide\u00f1os perfectos para un ciclista. Desde un viaje a Brasil a fundas para el m\u00f3vil o libros ciclistas. Hay para todos.","robots":{"index":"index","follow":"follow","max-snippet":"max-snippet:-1","max-image-preview":"max-image-preview:large","max-video-preview":"max-video-preview:-1"},"canonical":"https:\/\/www.welovecycling.com\/es\/2019\/12\/20\/regalos-navidenos-ciclistas\/","og_locale":"es_ES","og_type":"article","og_title":"Los regalos navide\u00f1os perfectos para un ciclista","og_description":"Los regalos navide\u00f1os perfectos para un ciclista. Desde un viaje a Brasil a fundas para el m\u00f3vil o libros ciclistas. Hay para todos.","og_url":"https:\/\/www.welovecycling.com\/es\/2019\/12\/20\/regalos-navidenos-ciclistas\/","og_site_name":"\u0160koda We Love Cycling - Spain","article_published_time":"2019-12-20T16:47:38+00:00","og_image":[{"width":1366,"height":600,"url":"https:\/\/d2p6e6u75xmxt8.cloudfront.net\/6\/2019\/12\/Christmas-Tree-CVR-profimedia-0403287753.jpg","type":"image\/jpeg"}],"author":"We Love Cycling Spain","twitter_card":"summary_large_image","twitter_title":"Los regalos navide\u00f1os perfectos para un ciclista","twitter_description":"Los regalos navide\u00f1os perfectos para un ciclista. Desde un viaje a Brasil a fundas para el m\u00f3vil o libros ciclistas. Hay para todos.","twitter_misc":{"Written by":"Siegfried Mortkowitz","Est. reading time":"7"},"schema":{"@context":"https:\/\/schema.org","@graph":[{"@type":"WebPage","@id":"https:\/\/www.welovecycling.com\/es\/2019\/12\/20\/regalos-navidenos-ciclistas\/","url":"https:\/\/www.welovecycling.com\/es\/2019\/12\/20\/regalos-navidenos-ciclistas\/","name":"Regalos navide\u00f1os para ciclistas - \u0160koda We Love Cycling - Spain","isPartOf":{"@id":"https:\/\/www.welovecycling.com\/es\/#website"},"primaryImageOfPage":{"@id":"https:\/\/www.welovecycling.com\/es\/2019\/12\/20\/regalos-navidenos-ciclistas\/#primaryimage"},"image":{"@id":"https:\/\/www.welovecycling.com\/es\/2019\/12\/20\/regalos-navidenos-ciclistas\/#primaryimage"},"thumbnailUrl":"https:\/\/d2p6e6u75xmxt8.cloudfront.net\/6\/2019\/12\/Christmas-Tree-CVR-profimedia-0403287753.jpg","datePublished":"2019-12-20T16:47:38+00:00","author":{"@id":"https:\/\/www.welovecycling.com\/es\/#\/schema\/person\/deb61715b5812698ee79fb96f343ccd4"},"description":"Los regalos navide\u00f1os perfectos para un ciclista. Desde un viaje a Brasil a fundas para el m\u00f3vil o libros ciclistas. Hay para todos.","breadcrumb":{"@id":"https:\/\/www.welovecycling.com\/es\/2019\/12\/20\/regalos-navidenos-ciclistas\/#breadcrumb"},"inLanguage":"es-ES","potentialAction":[{"@type":"ReadAction","target":["https:\/\/www.welovecycling.com\/es\/2019\/12\/20\/regalos-navidenos-ciclistas\/"]}]},{"@type":"ImageObject","inLanguage":"es-ES","@id":"https:\/\/www.welovecycling.com\/es\/2019\/12\/20\/regalos-navidenos-ciclistas\/#primaryimage","url":"https:\/\/d2p6e6u75xmxt8.cloudfront.net\/6\/2019\/12\/Christmas-Tree-CVR-profimedia-0403287753.jpg","contentUrl":"https:\/\/d2p6e6u75xmxt8.cloudfront.net\/6\/2019\/12\/Christmas-Tree-CVR-profimedia-0403287753.jpg","width":1366,"height":600},{"@type":"BreadcrumbList","@id":"https:\/\/www.welovecycling.com\/es\/2019\/12\/20\/regalos-navidenos-ciclistas\/#breadcrumb","itemListElement":[{"@type":"ListItem","position":1,"name":"Home","item":"https:\/\/www.welovecycling.com\/es\/"},{"@type":"ListItem","position":2,"name":"Regalos navide\u00f1os para ciclistas"}]},{"@type":"WebSite","@id":"https:\/\/www.welovecycling.com\/es\/#website","url":"https:\/\/www.welovecycling.com\/es\/","name":"\u0160koda We Love Cycling - Spain","description":"\u0160koda WeLoveCycling Spain","potentialAction":[{"@type":"SearchAction","target":{"@type":"EntryPoint","urlTemplate":"https:\/\/www.welovecycling.com\/es\/?s={search_term_string}"},"query-input":{"@type":"PropertyValueSpecification","valueRequired":true,"valueName":"search_term_string"}}],"inLanguage":"es-ES"},{"@type":"Person","@id":"https:\/\/www.welovecycling.com\/es\/#\/schema\/person\/deb61715b5812698ee79fb96f343ccd4","name":"We Love Cycling Spain","image":{"@type":"ImageObject","inLanguage":"es-ES","@id":"https:\/\/www.welovecycling.com\/es\/#\/schema\/person\/image\/","url":"https:\/\/secure.gravatar.com\/avatar\/c824b04e6df0e37a03219d0b6481672889df542894588964102459e46513159c?s=96&d=mm&r=g","contentUrl":"https:\/\/secure.gravatar.com\/avatar\/c824b04e6df0e37a03219d0b6481672889df542894588964102459e46513159c?s=96&d=mm&r=g","caption":"We Love Cycling Spain"},"url":"https:\/\/www.welovecycling.com\/es\/author\/amunoz\/"}]}},"_links":{"self":[{"href":"https:\/\/www.welovecycling.com\/es\/wp-json\/wp\/v2\/posts\/5710","targetHints":{"allow":["GET"]}}],"collection":[{"href":"https:\/\/www.welovecycling.com\/es\/wp-json\/wp\/v2\/posts"}],"about":[{"href":"https:\/\/www.welovecycling.com\/es\/wp-json\/wp\/v2\/types\/post"}],"author":[{"embeddable":true,"href":"https:\/\/www.welovecycling.com\/es\/wp-json\/wp\/v2\/users\/29"}],"replies":[{"embeddable":true,"href":"https:\/\/www.welovecycling.com\/es\/wp-json\/wp\/v2\/comments?post=5710"}],"version-history":[{"count":2,"href":"https:\/\/www.welovecycling.com\/es\/wp-json\/wp\/v2\/posts\/5710\/revisions"}],"predecessor-version":[{"id":5726,"href":"https:\/\/www.welovecycling.com\/es\/wp-json\/wp\/v2\/posts\/5710\/revisions\/5726"}],"wp:featuredmedia":[{"embeddable":true,"href":"https:\/\/www.welovecycling.com\/es\/wp-json\/wp\/v2\/media\/5724"}],"wp:attachment":[{"href":"https:\/\/www.welovecycling.com\/es\/wp-json\/wp\/v2\/media?parent=5710"}],"wp:term":[{"taxonomy":"category","embeddable":true,"href":"https:\/\/www.welovecycling.com\/es\/wp-json\/wp\/v2\/categories?post=5710"},{"taxonomy":"post_tag","embeddable":true,"href":"https:\/\/www.welovecycling.com\/es\/wp-json\/wp\/v2\/tags?post=5710"},{"taxonomy":"global-categories","embeddable":true,"href":"https:\/\/www.welovecycling.com\/es\/wp-json\/wp\/v2\/global-categories?post=5710"}],"curies":[{"name":"wp","href":"https:\/\/api.w.org\/{rel}","templated":true}]}}