{"id":5705,"date":"2019-12-18T20:05:34","date_gmt":"2019-12-18T18:05:34","guid":{"rendered":"https:\/\/www.welovecycling.com\/es\/?p=5705"},"modified":"2019-12-20T18:28:22","modified_gmt":"2019-12-20T16:28:22","slug":"la-vuelta-mas-internacional-mira-al-tourmalet-y-al-angliru","status":"publish","type":"post","link":"https:\/\/www.welovecycling.com\/es\/2019\/12\/18\/la-vuelta-mas-internacional-mira-al-tourmalet-y-al-angliru\/","title":{"rendered":"La Vuelta m\u00e1s internacional mira al Tourmalet y al Angliru"},"content":{"rendered":"<p><strong>Un mito de siempre y otro nuevo. Tourmalet franc\u00e9s y Angliru asturiano. Dos monta\u00f1as ic\u00f3nicas para dar lustre a una Vuelta que arranca en Holanda con una crono por equipos y dos etapas llanas y acaba con una \u00faltima semana menos monta\u00f1osa de lo habitual con dos etapas planas en Portugal y solo un final en l\u00ednea en La Covatilla el pen\u00faltimo d\u00eda, lo otro ser\u00e1 una crono plana durante 30 kil\u00f3metros con los tres \u00faltimos de ascensi\u00f3n al Mirador de \u00c9zaro<\/strong><\/p>\n<p><!--more--><\/p>\n<p>Lo que s\u00ed queda descartado en esta Vuelta 2020 es el formato de llegadas en subidas cortas y de porcentajes imposibles. En cambio hay ocho finales en alto y tres etapas muy peligrosas con puertos a solo 15 kil\u00f3metros del final. Tambi\u00e9n terreno para jugar a ciclistas con el viento por Orense, Palencia, Zaragoza o Salamanca. D\u00edas de esos que en el imaginario de la Vuelta 2019 estaban marcados como de siesta larga y acabaron siendo un espect\u00e1culo con llegadas en <strong>Guadalajara y Toledo<\/strong>.<\/p>\n<p><a href=\"https:\/\/d2p6e6u75xmxt8.cloudfront.net\/6\/2019\/12\/VUELTA20-1.JPG.jpg\"><img loading=\"lazy\" decoding=\"async\" class=\"aligncenter size-full wp-image-5707\" src=\"https:\/\/d2p6e6u75xmxt8.cloudfront.net\/6\/2019\/12\/VUELTA20-1.JPG.jpg\" alt=\"\" width=\"742\" height=\"800\" srcset=\"https:\/\/d2p6e6u75xmxt8.cloudfront.net\/6\/2019\/12\/VUELTA20-1.JPG.jpg 742w, https:\/\/d2p6e6u75xmxt8.cloudfront.net\/6\/2019\/12\/VUELTA20-1.JPG-278x300.jpg 278w\" sizes=\"auto, (max-width: 742px) 100vw, 742px\" \/><\/a><\/p>\n<p>Se modifica tambi\u00e9n la perspectiva con la que deber\u00e1n afrontar la carrera los favoritos, que hasta despu\u00e9s del Giro y el Tour no confirmar\u00e1n su presencia. Pero a los escaladores su pen\u00faltima oportunidad puede ser el fin de semana asturiano, con <strong>Farrapona y Angliru, porque la crono de \u00c9zaro<\/strong> tiene m\u00e1s de llaneo que de subida y ser\u00e1 favorable a los croners y el \u00faltima en La Covatilla suena demasiado aventurado como para jugarse all\u00ed toda la carrera.<\/p>\n<h2><strong>De Holanda al Tourmalet<\/strong><\/h2>\n<p>La primera semana de La Vuelta la present\u00f3 <strong>Miguel Indurain<\/strong> junto a Perico y Carlos de Andr\u00e9s. Se sale de la regi\u00f3n holandesa de Brabante, que es totalmente plana. Las \u00fanicas colinas est\u00e1n al sur, en Maastricht. Por eso el trazado es sencillo. Crono por equipos de 23 kil\u00f3metros el viernes 14 de agosto en Utrecth, revirada y de l\u00e1tigos. Al d\u00eda siguiente m\u00e1s l\u00e1tigo entre\u00a0<strong>&#8216;s-Hertogenbosch y Utrecht<\/strong> y el \u00faltimo d\u00eda m\u00e1s de lo mismo con salida y llegada a Breda. Tensi\u00f3n y peligro de viento y ca\u00eddas para los primeros 400 kil\u00f3metros de La Vuelta. Descanso el lunes 17 para volar al Pa\u00eds Vasco.<\/p>\n<p>La monta\u00f1a arranca el martes 18 de agosto con un final en alto ic\u00f3nico del Pa\u00eds Vasco, <strong>Arrate,<\/strong> tras pasar por Udana, Kampazar y Karabieta. Una jornada que podr\u00eda firmar la Itzulia, pero si el fr\u00edo de abril. Al dia siguiente etapa por Navarra con la cima del dur\u00edsimo San Martin de Aralar a solo 15 kil\u00f3metros de la meta, peligro asegurado. Y para acabar el primer tr\u00edptico de monta\u00f1a la llegada in\u00e9dita a la <strong>Laguna Negra de Vinuesa<\/strong>, en Soria (ojo, no son las Lagunas de Neila de la Vuelta a Burgos).<\/p>\n<p><img loading=\"lazy\" decoding=\"async\" class=\"alignnone size-extra-large\" src=\"https:\/\/img.aso.fr\/core_app\/img-cycling-vue-jpg\/9\/6620\/0:0,2000:1500-960-0-70\/eb1f7\" width=\"960\" height=\"720\" \/><\/p>\n<p>Tranquilidad o viento en la llegada a Ejea de los Caballeros y fin de semana de monta\u00f1a aragon\u00e9s. Primero en una jornada diferente, con salida en Huesca y final en Sabi\u00f1\u00e1nigo y tres \u00faltimos puertos para emboscadas, <strong>Vio, Fanlo y Petralba, con la cima a 25 de meta. Dise\u00f1o made in Fernando Escart\u00edn<\/strong>. Y el domingo 23 de agosto una etapa con la que so\u00f1ar\u00eda cualquier ciclista, salida en Biescas y paso por Portalet, Aubisque, Soulor y final en el <strong>Tourmalet<\/strong>. All\u00ed nunca hab\u00eda acabado La Vuelta y no volv\u00eda desde aquel 1992 en el que Perico se lleg\u00f3 a parar a poco de coronar despu\u00e9s de oir como M\u00ednguez le dec\u00eda a Montoya que le siguiese a todos los sitios.<\/p>\n<h2><strong>Esperando al Angliru<\/strong><\/h2>\n<p>Despu\u00e9s de la segunda jornada de descanso llega la etapa alavesa, con salida en Vitoria y doble ascensi\u00f3n a Ordu\u00f1a, el puerto en el que se jugaban la carrera en los a\u00f1os 70, cuando el organizador era el Diario Vasco y las vueltas acababan en Bilbao. Peligrosa porque el terreno es pestoso y la cima est\u00e1 a solo 18 kil\u00f3metros de meta. <strong>La idea, de Joseba Beloki<\/strong>, que se conoce el territorio como la palma de su mano.<\/p>\n<p>La <strong>tercera llegada in\u00e9dita es Moncalvillo,<\/strong> una cima riojana que solo vio un duelo en los noventa con el Chava como triunfador. Con ese apellido es f\u00e1cil saber que los \u00faltimos tres kil\u00f3metros no bajan del 10% y que antes el asfalto est\u00e1 parcheado, como dejaron ver en el v\u00eddeo de presentaci\u00f3n Fernando Escart\u00edn, Kiko Garc\u00eda y Carlos Coloma.<br \/>\n<img loading=\"lazy\" decoding=\"async\" class=\"alignnone size-extra-large\" src=\"https:\/\/img.aso.fr\/core_app\/img-cycling-vue-jpg\/11\/6615\/0:0,2000:1500-960-0-70\/1c760\" width=\"960\" height=\"720\" \/><\/p>\n<p>Etapa llana al d\u00eda siguiente con final en <strong>Aguilar de Campoo (Palencia)<\/strong> y zona repechera y con viento en la costa c\u00e1ntabra el viernes 28 de agosto con llegada a Suances. Ser\u00e1n la antesala de las dos etapas que van a decidir buena parte de la Vuelta 2020.<\/p>\n<p>En esta edici\u00f3n el encadenado asturiano presenta dos jornadas diferentes. La primera el s\u00e1bado 29 de agosto es netamente para escaladores fondistas. Salida en Villaviciosa, 170 kil\u00f3metros y m\u00e1s de 4.000 metros de desnivel con Alto de La Campa para hacer la escapada, <strong>Colladona, La Cobertoria (por su lado m\u00e1s duro), San Lorenzo y final en La Farrapona<\/strong>, donde gan\u00f3 Alberto Contador en 2014 y sentenci\u00f3 su \u00fanica victoria frente a Chris Froome.<\/p>\n<p><img loading=\"lazy\" decoding=\"async\" class=\"alignnone size-extra-large\" src=\"https:\/\/img.aso.fr\/core_app\/img-cycling-vue-jpg\/14\/6614\/0:0,2000:1500-960-0-70\/a6160\" width=\"960\" height=\"720\" \/><\/p>\n<p>La llegada m\u00e1s dura, que no la etapa, es la del domingo 30 de agosto. El Angliru volver\u00e1 a ser juez de una Vuelta a Espa\u00f1a. Desde que apareci\u00f3, tambi\u00e9n con el Chava como testigo, nunca ha dejado indiferente la carrera. Esta vez el encadenado anterior es menos duro, Padrun, San Emiliano, La Mozqueta y Cordal, pero eso si, en solo 106 kil\u00f3metros de etapa no queda ni un kil\u00f3metro llano antes del <strong>Angliru<\/strong>.<\/p>\n<h2><strong>\u00c9zaro y La Covatilla<\/strong><\/h2>\n<p>La \u00faltima jornada de descanso supondr\u00e1 el traslado a Muros para afrontar una crono m\u00e1s que especial. <strong>Alejandro Valverde,<\/strong> encargado de presentar la \u00faltima tanda de etapas, ya dijo que no ser\u00e1 sencilla de afrontar y que har\u00e1 falta cambiar la bici de crono por una ultraligera. \u00bfCual es la raz\u00f3n? Que La Vuelta ha preparado una contrarreloj de 33 kil\u00f3metros, 31,5 de ellos pr\u00e1cticamente planos por la costa de Muros (ojo al viento) en los que la aerodin\u00e1mica ser\u00e1 fundamental, pero el final es una subida imposible como el <strong>Mirador de \u00c9zaro, de 1,5 kil\u00f3metros y con rampas del 22%,<\/strong> donde penaliza mucho un &#8216;armatoste&#8217; aerodin\u00e1mico como la &#8216;cabra&#8217;. Ya tienen trabajo entrenadores, ciclistas, directores y mec\u00e1nicos para ese dos de septiembre.<br \/>\n<img loading=\"lazy\" decoding=\"async\" class=\"alignnone size-extra-large\" src=\"https:\/\/img.aso.fr\/core_app\/img-cycling-vue-jpg\/16\/6602\/0:0,2000:1500-960-0-70\/4db3f\" width=\"960\" height=\"720\" \/><br \/>\nLa Vuelta sigue por Galicia con un final en Ourense despu\u00e9s de 205 kil\u00f3metros (la etapa m\u00e1s larga) y tres puertos de monta\u00f1a de tercera y un mont\u00f3n de repechos. Al dia siguiente entra en el cuarto pa\u00eds, Portugal, desde Mos y para acabar en<strong> Porto Matosinhos<\/strong>. Y el viernes 3 de septiembre para de Viseu para finaliza en Ciudad Rodrigo. Y quiz\u00e1s en este triptico la carrera echar\u00e1 de menos algo m\u00e1s de monta\u00f1a, a no ser que el viento hagas de las suyas.<\/p>\n<p>La decisi\u00f3n final llegar\u00e1 por segundo a\u00f1o consecutivo en el macizo Central. Si en 2019 fue la in\u00e9dita Gredos en 2020 ser\u00e1 <strong>La Covatilla,<\/strong> visitada con asiduidad desde finales de los a\u00f1os 90. La etapa, de 175 kil\u00f3metros y 4.000 metros de desnivel no deja lugar al descanso. Portillo de las Batuecas, tres terceras y la subida desconocida al alto de La Garganta para terminar en la dura y ventosa Covatilla, que dejar\u00e1 el maillot rojo de la 75 edici\u00f3n de La Vuelta decidido antes del final del 6 de septiembre en Madrid.<\/p>\n<p><img loading=\"lazy\" decoding=\"async\" class=\"alignnone size-extra-large\" src=\"https:\/\/img.aso.fr\/core_app\/img-cycling-vue-jpg\/20\/6621\/0:0,2000:1500-960-0-70\/6d330\" width=\"960\" height=\"720\" \/><\/p>\n<p>&nbsp;<\/p>\n","protected":false},"excerpt":{"rendered":"<p>Un mito de siempre y otro nuevo. Tourmalet franc\u00e9s y Angliru asturiano. Dos monta\u00f1as ic\u00f3nicas para dar lustre a una [&hellip;]<\/p>\n","protected":false},"author":29,"featured_media":5708,"comment_status":"open","ping_status":"open","sticky":false,"template":"","format":"standard","meta":{"footnotes":""},"categories":[7],"tags":[1363,1362,1364,1365],"global-categories":[1164],"class_list":["post-5705","post","type-post","status-publish","format-standard","has-post-thumbnail","hentry","category-carretera","tag-etapas-la-vuelta-2020","tag-la-vuelta-2020","tag-presentacion-la-vuelta-2020","tag-tourmalet-la-vuelta-2020","global-categories-cycling"],"yoast_head":"<!-- This site is optimized with the Yoast SEO Premium plugin v25.3 (Yoast SEO v25.9) - https:\/\/yoast.com\/wordpress\/plugins\/seo\/ -->\n<title>La Vuelta m\u00e1s internacional mira al Tourmalet y al Angliru - \u0160koda We Love Cycling - Spain<\/title>\n<meta name=\"description\" content=\"La Vuelta m\u00e1s internacional mira al Tourmalet y al Angliru. El recorrido de La Vuelta 2020, que arracan en Holanda el 14 de agosto.\" \/>\n<meta name=\"robots\" content=\"index, follow, max-snippet:-1, max-image-preview:large, max-video-preview:-1\" \/>\n<link rel=\"canonical\" href=\"https:\/\/www.welovecycling.com\/es\/2019\/12\/18\/la-vuelta-mas-internacional-mira-al-tourmalet-y-al-angliru\/\" \/>\n<meta property=\"og:locale\" content=\"es_ES\" \/>\n<meta property=\"og:type\" content=\"article\" \/>\n<meta property=\"og:title\" content=\"La Vuelta m\u00e1s internacional mira al Tourmalet y al Angliru\" \/>\n<meta property=\"og:description\" content=\"La Vuelta m\u00e1s internacional mira al Tourmalet y al Angliru. El recorrido de La Vuelta 2020, que arracan en Holanda el 14 de agosto.\" \/>\n<meta property=\"og:url\" content=\"https:\/\/www.welovecycling.com\/es\/2019\/12\/18\/la-vuelta-mas-internacional-mira-al-tourmalet-y-al-angliru\/\" \/>\n<meta property=\"og:site_name\" content=\"\u0160koda We Love Cycling - Spain\" \/>\n<meta property=\"article:published_time\" content=\"2019-12-18T18:05:34+00:00\" \/>\n<meta property=\"article:modified_time\" content=\"2019-12-20T16:28:22+00:00\" \/>\n<meta property=\"og:image\" content=\"https:\/\/d2p6e6u75xmxt8.cloudfront.net\/6\/2019\/12\/VUELTA20-8.JPG.jpg\" \/>\n\t<meta property=\"og:image:width\" content=\"905\" \/>\n\t<meta property=\"og:image:height\" content=\"800\" \/>\n\t<meta property=\"og:image:type\" content=\"image\/jpeg\" \/>\n<meta name=\"author\" content=\"We Love Cycling Spain\" \/>\n<meta name=\"twitter:card\" content=\"summary_large_image\" \/>\n<meta name=\"twitter:title\" content=\"La Vuelta m\u00e1s internacional mira al Tourmalet y al Angliru\" \/>\n<meta name=\"twitter:description\" content=\"La Vuelta m\u00e1s internacional mira al Tourmalet y al Angliru. El recorrido de La Vuelta 2020, que arracan en Holanda el 14 de agosto.\" \/>\n<meta name=\"twitter:label1\" content=\"Written by\" \/>\n\t<meta name=\"twitter:data1\" content=\"Luis @ciclored\" \/>\n\t<meta name=\"twitter:label2\" content=\"Est. reading time\" \/>\n\t<meta name=\"twitter:data2\" content=\"6 minutes\" \/>\n<script type=\"application\/ld+json\" class=\"yoast-schema-graph\">{\"@context\":\"https:\/\/schema.org\",\"@graph\":[{\"@type\":\"WebPage\",\"@id\":\"https:\/\/www.welovecycling.com\/es\/2019\/12\/18\/la-vuelta-mas-internacional-mira-al-tourmalet-y-al-angliru\/\",\"url\":\"https:\/\/www.welovecycling.com\/es\/2019\/12\/18\/la-vuelta-mas-internacional-mira-al-tourmalet-y-al-angliru\/\",\"name\":\"La Vuelta m\u00e1s internacional mira al Tourmalet y al Angliru - \u0160koda We Love Cycling - Spain\",\"isPartOf\":{\"@id\":\"https:\/\/www.welovecycling.com\/es\/#website\"},\"primaryImageOfPage\":{\"@id\":\"https:\/\/www.welovecycling.com\/es\/2019\/12\/18\/la-vuelta-mas-internacional-mira-al-tourmalet-y-al-angliru\/#primaryimage\"},\"image\":{\"@id\":\"https:\/\/www.welovecycling.com\/es\/2019\/12\/18\/la-vuelta-mas-internacional-mira-al-tourmalet-y-al-angliru\/#primaryimage\"},\"thumbnailUrl\":\"https:\/\/d2p6e6u75xmxt8.cloudfront.net\/6\/2019\/12\/VUELTA20-8.JPG.jpg\",\"datePublished\":\"2019-12-18T18:05:34+00:00\",\"dateModified\":\"2019-12-20T16:28:22+00:00\",\"author\":{\"@id\":\"https:\/\/www.welovecycling.com\/es\/#\/schema\/person\/deb61715b5812698ee79fb96f343ccd4\"},\"description\":\"La Vuelta m\u00e1s internacional mira al Tourmalet y al Angliru. El recorrido de La Vuelta 2020, que arracan en Holanda el 14 de agosto.\",\"breadcrumb\":{\"@id\":\"https:\/\/www.welovecycling.com\/es\/2019\/12\/18\/la-vuelta-mas-internacional-mira-al-tourmalet-y-al-angliru\/#breadcrumb\"},\"inLanguage\":\"es-ES\",\"potentialAction\":[{\"@type\":\"ReadAction\",\"target\":[\"https:\/\/www.welovecycling.com\/es\/2019\/12\/18\/la-vuelta-mas-internacional-mira-al-tourmalet-y-al-angliru\/\"]}]},{\"@type\":\"ImageObject\",\"inLanguage\":\"es-ES\",\"@id\":\"https:\/\/www.welovecycling.com\/es\/2019\/12\/18\/la-vuelta-mas-internacional-mira-al-tourmalet-y-al-angliru\/#primaryimage\",\"url\":\"https:\/\/d2p6e6u75xmxt8.cloudfront.net\/6\/2019\/12\/VUELTA20-8.JPG.jpg\",\"contentUrl\":\"https:\/\/d2p6e6u75xmxt8.cloudfront.net\/6\/2019\/12\/VUELTA20-8.JPG.jpg\",\"width\":905,\"height\":800},{\"@type\":\"BreadcrumbList\",\"@id\":\"https:\/\/www.welovecycling.com\/es\/2019\/12\/18\/la-vuelta-mas-internacional-mira-al-tourmalet-y-al-angliru\/#breadcrumb\",\"itemListElement\":[{\"@type\":\"ListItem\",\"position\":1,\"name\":\"Home\",\"item\":\"https:\/\/www.welovecycling.com\/es\/\"},{\"@type\":\"ListItem\",\"position\":2,\"name\":\"La Vuelta m\u00e1s internacional mira al Tourmalet y al Angliru\"}]},{\"@type\":\"WebSite\",\"@id\":\"https:\/\/www.welovecycling.com\/es\/#website\",\"url\":\"https:\/\/www.welovecycling.com\/es\/\",\"name\":\"\u0160koda We Love Cycling - Spain\",\"description\":\"\u0160koda WeLoveCycling Spain\",\"potentialAction\":[{\"@type\":\"SearchAction\",\"target\":{\"@type\":\"EntryPoint\",\"urlTemplate\":\"https:\/\/www.welovecycling.com\/es\/?s={search_term_string}\"},\"query-input\":{\"@type\":\"PropertyValueSpecification\",\"valueRequired\":true,\"valueName\":\"search_term_string\"}}],\"inLanguage\":\"es-ES\"},{\"@type\":\"Person\",\"@id\":\"https:\/\/www.welovecycling.com\/es\/#\/schema\/person\/deb61715b5812698ee79fb96f343ccd4\",\"name\":\"We Love Cycling Spain\",\"image\":{\"@type\":\"ImageObject\",\"inLanguage\":\"es-ES\",\"@id\":\"https:\/\/www.welovecycling.com\/es\/#\/schema\/person\/image\/\",\"url\":\"https:\/\/secure.gravatar.com\/avatar\/c824b04e6df0e37a03219d0b6481672889df542894588964102459e46513159c?s=96&d=mm&r=g\",\"contentUrl\":\"https:\/\/secure.gravatar.com\/avatar\/c824b04e6df0e37a03219d0b6481672889df542894588964102459e46513159c?s=96&d=mm&r=g\",\"caption\":\"We Love Cycling Spain\"},\"url\":\"https:\/\/www.welovecycling.com\/es\/author\/amunoz\/\"}]}<\/script>\n<!-- \/ Yoast SEO Premium plugin. -->","yoast_head_json":{"title":"La Vuelta m\u00e1s internacional mira al Tourmalet y al Angliru - \u0160koda We Love Cycling - Spain","description":"La Vuelta m\u00e1s internacional mira al Tourmalet y al Angliru. El recorrido de La Vuelta 2020, que arracan en Holanda el 14 de agosto.","robots":{"index":"index","follow":"follow","max-snippet":"max-snippet:-1","max-image-preview":"max-image-preview:large","max-video-preview":"max-video-preview:-1"},"canonical":"https:\/\/www.welovecycling.com\/es\/2019\/12\/18\/la-vuelta-mas-internacional-mira-al-tourmalet-y-al-angliru\/","og_locale":"es_ES","og_type":"article","og_title":"La Vuelta m\u00e1s internacional mira al Tourmalet y al Angliru","og_description":"La Vuelta m\u00e1s internacional mira al Tourmalet y al Angliru. El recorrido de La Vuelta 2020, que arracan en Holanda el 14 de agosto.","og_url":"https:\/\/www.welovecycling.com\/es\/2019\/12\/18\/la-vuelta-mas-internacional-mira-al-tourmalet-y-al-angliru\/","og_site_name":"\u0160koda We Love Cycling - Spain","article_published_time":"2019-12-18T18:05:34+00:00","article_modified_time":"2019-12-20T16:28:22+00:00","og_image":[{"width":905,"height":800,"url":"https:\/\/d2p6e6u75xmxt8.cloudfront.net\/6\/2019\/12\/VUELTA20-8.JPG.jpg","type":"image\/jpeg"}],"author":"We Love Cycling Spain","twitter_card":"summary_large_image","twitter_title":"La Vuelta m\u00e1s internacional mira al Tourmalet y al Angliru","twitter_description":"La Vuelta m\u00e1s internacional mira al Tourmalet y al Angliru. El recorrido de La Vuelta 2020, que arracan en Holanda el 14 de agosto.","twitter_misc":{"Written by":"Luis @ciclored","Est. reading time":"6 minutes"},"schema":{"@context":"https:\/\/schema.org","@graph":[{"@type":"WebPage","@id":"https:\/\/www.welovecycling.com\/es\/2019\/12\/18\/la-vuelta-mas-internacional-mira-al-tourmalet-y-al-angliru\/","url":"https:\/\/www.welovecycling.com\/es\/2019\/12\/18\/la-vuelta-mas-internacional-mira-al-tourmalet-y-al-angliru\/","name":"La Vuelta m\u00e1s internacional mira al Tourmalet y al Angliru - \u0160koda We Love Cycling - Spain","isPartOf":{"@id":"https:\/\/www.welovecycling.com\/es\/#website"},"primaryImageOfPage":{"@id":"https:\/\/www.welovecycling.com\/es\/2019\/12\/18\/la-vuelta-mas-internacional-mira-al-tourmalet-y-al-angliru\/#primaryimage"},"image":{"@id":"https:\/\/www.welovecycling.com\/es\/2019\/12\/18\/la-vuelta-mas-internacional-mira-al-tourmalet-y-al-angliru\/#primaryimage"},"thumbnailUrl":"https:\/\/d2p6e6u75xmxt8.cloudfront.net\/6\/2019\/12\/VUELTA20-8.JPG.jpg","datePublished":"2019-12-18T18:05:34+00:00","dateModified":"2019-12-20T16:28:22+00:00","author":{"@id":"https:\/\/www.welovecycling.com\/es\/#\/schema\/person\/deb61715b5812698ee79fb96f343ccd4"},"description":"La Vuelta m\u00e1s internacional mira al Tourmalet y al Angliru. El recorrido de La Vuelta 2020, que arracan en Holanda el 14 de agosto.","breadcrumb":{"@id":"https:\/\/www.welovecycling.com\/es\/2019\/12\/18\/la-vuelta-mas-internacional-mira-al-tourmalet-y-al-angliru\/#breadcrumb"},"inLanguage":"es-ES","potentialAction":[{"@type":"ReadAction","target":["https:\/\/www.welovecycling.com\/es\/2019\/12\/18\/la-vuelta-mas-internacional-mira-al-tourmalet-y-al-angliru\/"]}]},{"@type":"ImageObject","inLanguage":"es-ES","@id":"https:\/\/www.welovecycling.com\/es\/2019\/12\/18\/la-vuelta-mas-internacional-mira-al-tourmalet-y-al-angliru\/#primaryimage","url":"https:\/\/d2p6e6u75xmxt8.cloudfront.net\/6\/2019\/12\/VUELTA20-8.JPG.jpg","contentUrl":"https:\/\/d2p6e6u75xmxt8.cloudfront.net\/6\/2019\/12\/VUELTA20-8.JPG.jpg","width":905,"height":800},{"@type":"BreadcrumbList","@id":"https:\/\/www.welovecycling.com\/es\/2019\/12\/18\/la-vuelta-mas-internacional-mira-al-tourmalet-y-al-angliru\/#breadcrumb","itemListElement":[{"@type":"ListItem","position":1,"name":"Home","item":"https:\/\/www.welovecycling.com\/es\/"},{"@type":"ListItem","position":2,"name":"La Vuelta m\u00e1s internacional mira al Tourmalet y al Angliru"}]},{"@type":"WebSite","@id":"https:\/\/www.welovecycling.com\/es\/#website","url":"https:\/\/www.welovecycling.com\/es\/","name":"\u0160koda We Love Cycling - Spain","description":"\u0160koda WeLoveCycling Spain","potentialAction":[{"@type":"SearchAction","target":{"@type":"EntryPoint","urlTemplate":"https:\/\/www.welovecycling.com\/es\/?s={search_term_string}"},"query-input":{"@type":"PropertyValueSpecification","valueRequired":true,"valueName":"search_term_string"}}],"inLanguage":"es-ES"},{"@type":"Person","@id":"https:\/\/www.welovecycling.com\/es\/#\/schema\/person\/deb61715b5812698ee79fb96f343ccd4","name":"We Love Cycling Spain","image":{"@type":"ImageObject","inLanguage":"es-ES","@id":"https:\/\/www.welovecycling.com\/es\/#\/schema\/person\/image\/","url":"https:\/\/secure.gravatar.com\/avatar\/c824b04e6df0e37a03219d0b6481672889df542894588964102459e46513159c?s=96&d=mm&r=g","contentUrl":"https:\/\/secure.gravatar.com\/avatar\/c824b04e6df0e37a03219d0b6481672889df542894588964102459e46513159c?s=96&d=mm&r=g","caption":"We Love Cycling Spain"},"url":"https:\/\/www.welovecycling.com\/es\/author\/amunoz\/"}]}},"_links":{"self":[{"href":"https:\/\/www.welovecycling.com\/es\/wp-json\/wp\/v2\/posts\/5705","targetHints":{"allow":["GET"]}}],"collection":[{"href":"https:\/\/www.welovecycling.com\/es\/wp-json\/wp\/v2\/posts"}],"about":[{"href":"https:\/\/www.welovecycling.com\/es\/wp-json\/wp\/v2\/types\/post"}],"author":[{"embeddable":true,"href":"https:\/\/www.welovecycling.com\/es\/wp-json\/wp\/v2\/users\/29"}],"replies":[{"embeddable":true,"href":"https:\/\/www.welovecycling.com\/es\/wp-json\/wp\/v2\/comments?post=5705"}],"version-history":[{"count":1,"href":"https:\/\/www.welovecycling.com\/es\/wp-json\/wp\/v2\/posts\/5705\/revisions"}],"predecessor-version":[{"id":5709,"href":"https:\/\/www.welovecycling.com\/es\/wp-json\/wp\/v2\/posts\/5705\/revisions\/5709"}],"wp:featuredmedia":[{"embeddable":true,"href":"https:\/\/www.welovecycling.com\/es\/wp-json\/wp\/v2\/media\/5708"}],"wp:attachment":[{"href":"https:\/\/www.welovecycling.com\/es\/wp-json\/wp\/v2\/media?parent=5705"}],"wp:term":[{"taxonomy":"category","embeddable":true,"href":"https:\/\/www.welovecycling.com\/es\/wp-json\/wp\/v2\/categories?post=5705"},{"taxonomy":"post_tag","embeddable":true,"href":"https:\/\/www.welovecycling.com\/es\/wp-json\/wp\/v2\/tags?post=5705"},{"taxonomy":"global-categories","embeddable":true,"href":"https:\/\/www.welovecycling.com\/es\/wp-json\/wp\/v2\/global-categories?post=5705"}],"curies":[{"name":"wp","href":"https:\/\/api.w.org\/{rel}","templated":true}]}}