{"id":5689,"date":"2019-12-11T00:25:37","date_gmt":"2019-12-10T22:25:37","guid":{"rendered":"https:\/\/www.welovecycling.com\/es\/?p=5689"},"modified":"2019-12-11T00:25:37","modified_gmt":"2019-12-10T22:25:37","slug":"movistar-40-anos-el-equipo-en-el-que-todos-sonamos-correr","status":"publish","type":"post","link":"https:\/\/www.welovecycling.com\/es\/2019\/12\/11\/movistar-40-anos-el-equipo-en-el-que-todos-sonamos-correr\/","title":{"rendered":"Movistar, 40 a\u00f1os, el equipo en el que todos so\u00f1amos correr"},"content":{"rendered":"<p><strong>Las \u00faltimas generaciones de ciclistas y cicloturistas espa\u00f1oles siempre so\u00f1aron pasar al profesionalismo con el equipo en el que corrieron Miguel Indurain y Perico Delgado. Primero Reynolds y Banesto, ahora Movistar, y por el camino Caisse d&#8217;Epargne e Illes Balears. En los \u00faltimos 40 a\u00f1os ha sido la referencia del ciclismo espa\u00f1ol y uno de los equipos m\u00e1s importante del mundo. Y ahora, tambi\u00e9n el m\u00e1s veterano.<\/strong><\/p>\n<p><!--more--><\/p>\n<div class=\"embed-controller-wrapper\">\n<div class=\"embed-wrapper\"><iframe title=\"40 A\u00f1os de Ciclismo. 1980-2019 | Trailer Oficial\" width=\"500\" height=\"281\" data-src=\"https:\/\/www.youtube.com\/embed\/pzUui1FsCYw?feature=oembed\" frameborder=\"0\" allow=\"accelerometer; autoplay; clipboard-write; encrypted-media; gyroscope; picture-in-picture; web-share\" referrerpolicy=\"strict-origin-when-cross-origin\" allowfullscreen><\/iframe><\/div>\n<\/div>\n<p>Los 40 a\u00f1os de historia de la estructura de Movistar (Abarca Sports) se resumen en poco m\u00e1s de hora y media de documental realizado por el propio equipo y, claro est\u00e1, con m\u00e1s luces que sombras, aunque alguna sale. Al final sale un resumen de los \u00faltimos a\u00f1os del ciclismo espa\u00f1ol, no en vano por su estructura pasaron \u00c1ngel Arroyo, <strong>Perico, Lagu\u00eda, Gorospe, Indurain, Chava, Olano, Pereiro, Purito o Valverde<\/strong>. Solo faltan Lejarreta, Beloki, Sastre, Contador y Freire y con ellos ya tendr\u00edamos todo lo que ha dado de s\u00ed nuestro ciclismo desde que en 1979 sali\u00f3 a la luz el Reynolds de Echavarri y Unz\u00fae.<\/p>\n<p>Esos primeros pasos en el documental son los m\u00e1s emotivos. La \u00e9poca en la que el ciclismo en Espa\u00f1a funcionaba a golpe de ilusiones y proyectos cogidos con alfileres, que de un d\u00eda para otro se pod\u00edan ir al traste por la decisi\u00f3n de un empresario. D<strong>el nacimiento del Reynolds<\/strong> a su debut en el Tour pas\u00f3 demasiado poco tiempo, pero suficiente para llevar a un &#8216;ganador&#8217; de la Vuelta como \u00c1ngel Arroyo, hab\u00eda dado positivo y fue para Lejarreta, y volverse como el \u00fanico equipo del mundo capaz de enfrentarse a Laurent Fignon y con Perico convertido en un &#8216;hombre Tour&#8217; para el futuro.<\/p>\n<div class=\"embed-controller-wrapper\">\n<div class=\"embed-wrapper\"><iframe title=\"40 A\u00f1os de Ciclismo: Los &#039;hachazos&#039; de Pedro Delgado\" width=\"500\" height=\"281\" data-src=\"https:\/\/www.youtube.com\/embed\/SaE5B11bYwk?feature=oembed\" frameborder=\"0\" allow=\"accelerometer; autoplay; clipboard-write; encrypted-media; gyroscope; picture-in-picture; web-share\" referrerpolicy=\"strict-origin-when-cross-origin\" allowfullscreen><\/iframe><\/div>\n<\/div>\n<p>Es ese Tour del 88, el \u00fanico que gan\u00f3 <strong>Perico<\/strong>, uno de los ejes del documental. Tambi\u00e9n su caso de presunto dopaje y como lo resolvi\u00f3 <strong>Jos\u00e9 Miguel Echavarri<\/strong>, que se neg\u00f3 a retirarle de la carrera francesa. Y como no el Tour del 89 y el &#8216;caso de Luxemburgo&#8217; cuando Banesto era copatrocinador del equipo. Perico vuelve a dar su versi\u00f3n.<\/p>\n<div class=\"embed-controller-wrapper\">\n<div class=\"embed-wrapper\"><iframe title=\"40 A\u00f1os de Ciclismo: La leyenda de Miguel Indurain\" width=\"500\" height=\"281\" data-src=\"https:\/\/www.youtube.com\/embed\/vkATz9ogq0M?feature=oembed\" frameborder=\"0\" allow=\"accelerometer; autoplay; clipboard-write; encrypted-media; gyroscope; picture-in-picture; web-share\" referrerpolicy=\"strict-origin-when-cross-origin\" allowfullscreen><\/iframe><\/div>\n<\/div>\n<p>De ah\u00ed a la eclosi\u00f3n de <strong>Indurain<\/strong> y los seis a\u00f1os en los que Banesto fue la empresa con mayor estatus en Espa\u00f1a gracias a su equipo ciclista y a patrocinar al \u00eddolo del deporte espa\u00f1ol. El r\u00e9cord de la hora, los dos Giros, el Tour del 96, la retirada. El salto hacia<strong> Olano y su rivalidad interna con el Chava<\/strong> no queda fuera del gui\u00f3n, ni tampoco los \u00faltimos tiempos con Pereiro y su Tour, las opciones de fichar a Contador o la \u00e9poca m\u00e1s reciente de Valverde, Nairo Quintana y Carapaz.<\/p>\n<div class=\"embed-controller-wrapper\">\n<div class=\"embed-wrapper\"><iframe title=\"40 A\u00f1os de Ciclismo: El inigualable Jos\u00e9 Mar\u00eda &#039;Chava&#039; Jim\u00e9nez\" width=\"500\" height=\"281\" data-src=\"https:\/\/www.youtube.com\/embed\/J9L2xoY-cAQ?feature=oembed\" frameborder=\"0\" allow=\"accelerometer; autoplay; clipboard-write; encrypted-media; gyroscope; picture-in-picture; web-share\" referrerpolicy=\"strict-origin-when-cross-origin\" allowfullscreen><\/iframe><\/div>\n<\/div>\n<p>Y entre medias an\u00e9cdotas y curiosidades. Como porqu\u00e9 Perico dej\u00f3 de compartir habitaci\u00f3n con Indurain, o las opciones que tuvo Contador de correr en Movistar. Entre los testimonios, adem\u00e1s de los citados, los de Lastras o Gorospe, que ponen otro punto de vista.<\/p>\n<p>El documental lo puedes encontrar en la plataforma de Movistar y dividido en partes de 2 a 5 minutos en el <a href=\"https:\/\/www.youtube.com\/user\/MovistarTeam\">Canal de Youtube del equipo.\u00a0<\/a><\/p>\n","protected":false},"excerpt":{"rendered":"<p>Las \u00faltimas generaciones de ciclistas y cicloturistas espa\u00f1oles siempre so\u00f1aron pasar al profesionalismo con el equipo en el que corrieron [&hellip;]<\/p>\n","protected":false},"author":29,"featured_media":5696,"comment_status":"open","ping_status":"open","sticky":false,"template":"","format":"standard","meta":{"footnotes":""},"categories":[7],"tags":[1357,1319,1356,1359,1358,1355],"global-categories":[1164],"class_list":["post-5689","post","type-post","status-publish","format-standard","has-post-thumbnail","hentry","category-carretera","tag-ciclismo-pelicula","tag-documental-ciclismo","tag-documental-movistar-team","tag-documental-perico-e-indurain","tag-documental-reynolds","tag-movistar-40-anos-documental","global-categories-cycling"],"yoast_head":"<!-- This site is optimized with the Yoast SEO Premium plugin v25.3 (Yoast SEO v25.9) - https:\/\/yoast.com\/wordpress\/plugins\/seo\/ -->\n<title>Movistar, 40 a\u00f1os, el equipo en el que todos so\u00f1amos correr - \u0160koda We Love Cycling - Spain<\/title>\n<meta name=\"description\" content=\"Movistar 40 a\u00f1os, el equipo en el que todos so\u00f1amos correr. El documental sobre la historia del Reynolds de Perico e Indurain.\" \/>\n<meta name=\"robots\" content=\"index, follow, max-snippet:-1, max-image-preview:large, max-video-preview:-1\" \/>\n<link rel=\"canonical\" href=\"https:\/\/www.welovecycling.com\/es\/2019\/12\/11\/movistar-40-anos-el-equipo-en-el-que-todos-sonamos-correr\/\" \/>\n<meta property=\"og:locale\" content=\"es_ES\" \/>\n<meta property=\"og:type\" content=\"article\" \/>\n<meta property=\"og:title\" content=\"Movistar 40 a\u00f1os, el equipo en el que todos so\u00f1amos correr\" \/>\n<meta property=\"og:description\" content=\"Movistar 40 a\u00f1os, el equipo en el que todos so\u00f1amos correr. El documental sobre la historia del Reynolds de Perico e Indurain.\" \/>\n<meta property=\"og:url\" content=\"https:\/\/www.welovecycling.com\/es\/2019\/12\/11\/movistar-40-anos-el-equipo-en-el-que-todos-sonamos-correr\/\" \/>\n<meta property=\"og:site_name\" content=\"\u0160koda We Love Cycling - Spain\" \/>\n<meta property=\"article:published_time\" content=\"2019-12-10T22:25:37+00:00\" \/>\n<meta property=\"og:image\" content=\"https:\/\/d2p6e6u75xmxt8.cloudfront.net\/6\/2019\/12\/Movistar-40-a\u00f1os.jpg\" \/>\n\t<meta property=\"og:image:width\" content=\"1280\" \/>\n\t<meta property=\"og:image:height\" content=\"720\" \/>\n\t<meta property=\"og:image:type\" content=\"image\/jpeg\" \/>\n<meta name=\"author\" content=\"We Love Cycling Spain\" \/>\n<meta name=\"twitter:card\" content=\"summary_large_image\" \/>\n<meta name=\"twitter:title\" content=\"Movistar 40 a\u00f1os, el equipo en el que todos so\u00f1amos correr\" \/>\n<meta name=\"twitter:description\" content=\"Movistar 40 a\u00f1os, el equipo en el que todos so\u00f1amos correr. El documental sobre la historia del Reynolds de Perico e Indurain.\" \/>\n<meta name=\"twitter:label1\" content=\"Written by\" \/>\n\t<meta name=\"twitter:data1\" content=\"Luis @ciclored\" \/>\n\t<meta name=\"twitter:label2\" content=\"Est. reading time\" \/>\n\t<meta name=\"twitter:data2\" content=\"3 minutes\" \/>\n<script type=\"application\/ld+json\" class=\"yoast-schema-graph\">{\"@context\":\"https:\/\/schema.org\",\"@graph\":[{\"@type\":\"WebPage\",\"@id\":\"https:\/\/www.welovecycling.com\/es\/2019\/12\/11\/movistar-40-anos-el-equipo-en-el-que-todos-sonamos-correr\/\",\"url\":\"https:\/\/www.welovecycling.com\/es\/2019\/12\/11\/movistar-40-anos-el-equipo-en-el-que-todos-sonamos-correr\/\",\"name\":\"Movistar, 40 a\u00f1os, el equipo en el que todos so\u00f1amos correr - \u0160koda We Love Cycling - Spain\",\"isPartOf\":{\"@id\":\"https:\/\/www.welovecycling.com\/es\/#website\"},\"primaryImageOfPage\":{\"@id\":\"https:\/\/www.welovecycling.com\/es\/2019\/12\/11\/movistar-40-anos-el-equipo-en-el-que-todos-sonamos-correr\/#primaryimage\"},\"image\":{\"@id\":\"https:\/\/www.welovecycling.com\/es\/2019\/12\/11\/movistar-40-anos-el-equipo-en-el-que-todos-sonamos-correr\/#primaryimage\"},\"thumbnailUrl\":\"https:\/\/d2p6e6u75xmxt8.cloudfront.net\/6\/2019\/12\/Movistar-40-a\u00f1os.jpg\",\"datePublished\":\"2019-12-10T22:25:37+00:00\",\"author\":{\"@id\":\"https:\/\/www.welovecycling.com\/es\/#\/schema\/person\/deb61715b5812698ee79fb96f343ccd4\"},\"description\":\"Movistar 40 a\u00f1os, el equipo en el que todos so\u00f1amos correr. El documental sobre la historia del Reynolds de Perico e Indurain.\",\"breadcrumb\":{\"@id\":\"https:\/\/www.welovecycling.com\/es\/2019\/12\/11\/movistar-40-anos-el-equipo-en-el-que-todos-sonamos-correr\/#breadcrumb\"},\"inLanguage\":\"es-ES\",\"potentialAction\":[{\"@type\":\"ReadAction\",\"target\":[\"https:\/\/www.welovecycling.com\/es\/2019\/12\/11\/movistar-40-anos-el-equipo-en-el-que-todos-sonamos-correr\/\"]}]},{\"@type\":\"ImageObject\",\"inLanguage\":\"es-ES\",\"@id\":\"https:\/\/www.welovecycling.com\/es\/2019\/12\/11\/movistar-40-anos-el-equipo-en-el-que-todos-sonamos-correr\/#primaryimage\",\"url\":\"https:\/\/d2p6e6u75xmxt8.cloudfront.net\/6\/2019\/12\/Movistar-40-a\u00f1os.jpg\",\"contentUrl\":\"https:\/\/d2p6e6u75xmxt8.cloudfront.net\/6\/2019\/12\/Movistar-40-a\u00f1os.jpg\",\"width\":1280,\"height\":720},{\"@type\":\"BreadcrumbList\",\"@id\":\"https:\/\/www.welovecycling.com\/es\/2019\/12\/11\/movistar-40-anos-el-equipo-en-el-que-todos-sonamos-correr\/#breadcrumb\",\"itemListElement\":[{\"@type\":\"ListItem\",\"position\":1,\"name\":\"Home\",\"item\":\"https:\/\/www.welovecycling.com\/es\/\"},{\"@type\":\"ListItem\",\"position\":2,\"name\":\"Movistar, 40 a\u00f1os, el equipo en el que todos so\u00f1amos correr\"}]},{\"@type\":\"WebSite\",\"@id\":\"https:\/\/www.welovecycling.com\/es\/#website\",\"url\":\"https:\/\/www.welovecycling.com\/es\/\",\"name\":\"\u0160koda We Love Cycling - Spain\",\"description\":\"\u0160koda WeLoveCycling Spain\",\"potentialAction\":[{\"@type\":\"SearchAction\",\"target\":{\"@type\":\"EntryPoint\",\"urlTemplate\":\"https:\/\/www.welovecycling.com\/es\/?s={search_term_string}\"},\"query-input\":{\"@type\":\"PropertyValueSpecification\",\"valueRequired\":true,\"valueName\":\"search_term_string\"}}],\"inLanguage\":\"es-ES\"},{\"@type\":\"Person\",\"@id\":\"https:\/\/www.welovecycling.com\/es\/#\/schema\/person\/deb61715b5812698ee79fb96f343ccd4\",\"name\":\"We Love Cycling Spain\",\"image\":{\"@type\":\"ImageObject\",\"inLanguage\":\"es-ES\",\"@id\":\"https:\/\/www.welovecycling.com\/es\/#\/schema\/person\/image\/\",\"url\":\"https:\/\/secure.gravatar.com\/avatar\/c824b04e6df0e37a03219d0b6481672889df542894588964102459e46513159c?s=96&d=mm&r=g\",\"contentUrl\":\"https:\/\/secure.gravatar.com\/avatar\/c824b04e6df0e37a03219d0b6481672889df542894588964102459e46513159c?s=96&d=mm&r=g\",\"caption\":\"We Love Cycling Spain\"},\"url\":\"https:\/\/www.welovecycling.com\/es\/author\/amunoz\/\"}]}<\/script>\n<!-- \/ Yoast SEO Premium plugin. -->","yoast_head_json":{"title":"Movistar, 40 a\u00f1os, el equipo en el que todos so\u00f1amos correr - \u0160koda We Love Cycling - Spain","description":"Movistar 40 a\u00f1os, el equipo en el que todos so\u00f1amos correr. El documental sobre la historia del Reynolds de Perico e Indurain.","robots":{"index":"index","follow":"follow","max-snippet":"max-snippet:-1","max-image-preview":"max-image-preview:large","max-video-preview":"max-video-preview:-1"},"canonical":"https:\/\/www.welovecycling.com\/es\/2019\/12\/11\/movistar-40-anos-el-equipo-en-el-que-todos-sonamos-correr\/","og_locale":"es_ES","og_type":"article","og_title":"Movistar 40 a\u00f1os, el equipo en el que todos so\u00f1amos correr","og_description":"Movistar 40 a\u00f1os, el equipo en el que todos so\u00f1amos correr. El documental sobre la historia del Reynolds de Perico e Indurain.","og_url":"https:\/\/www.welovecycling.com\/es\/2019\/12\/11\/movistar-40-anos-el-equipo-en-el-que-todos-sonamos-correr\/","og_site_name":"\u0160koda We Love Cycling - Spain","article_published_time":"2019-12-10T22:25:37+00:00","og_image":[{"width":1280,"height":720,"url":"https:\/\/d2p6e6u75xmxt8.cloudfront.net\/6\/2019\/12\/Movistar-40-a\u00f1os.jpg","type":"image\/jpeg"}],"author":"We Love Cycling Spain","twitter_card":"summary_large_image","twitter_title":"Movistar 40 a\u00f1os, el equipo en el que todos so\u00f1amos correr","twitter_description":"Movistar 40 a\u00f1os, el equipo en el que todos so\u00f1amos correr. El documental sobre la historia del Reynolds de Perico e Indurain.","twitter_misc":{"Written by":"Luis @ciclored","Est. reading time":"3 minutes"},"schema":{"@context":"https:\/\/schema.org","@graph":[{"@type":"WebPage","@id":"https:\/\/www.welovecycling.com\/es\/2019\/12\/11\/movistar-40-anos-el-equipo-en-el-que-todos-sonamos-correr\/","url":"https:\/\/www.welovecycling.com\/es\/2019\/12\/11\/movistar-40-anos-el-equipo-en-el-que-todos-sonamos-correr\/","name":"Movistar, 40 a\u00f1os, el equipo en el que todos so\u00f1amos correr - \u0160koda We Love Cycling - Spain","isPartOf":{"@id":"https:\/\/www.welovecycling.com\/es\/#website"},"primaryImageOfPage":{"@id":"https:\/\/www.welovecycling.com\/es\/2019\/12\/11\/movistar-40-anos-el-equipo-en-el-que-todos-sonamos-correr\/#primaryimage"},"image":{"@id":"https:\/\/www.welovecycling.com\/es\/2019\/12\/11\/movistar-40-anos-el-equipo-en-el-que-todos-sonamos-correr\/#primaryimage"},"thumbnailUrl":"https:\/\/d2p6e6u75xmxt8.cloudfront.net\/6\/2019\/12\/Movistar-40-a\u00f1os.jpg","datePublished":"2019-12-10T22:25:37+00:00","author":{"@id":"https:\/\/www.welovecycling.com\/es\/#\/schema\/person\/deb61715b5812698ee79fb96f343ccd4"},"description":"Movistar 40 a\u00f1os, el equipo en el que todos so\u00f1amos correr. El documental sobre la historia del Reynolds de Perico e Indurain.","breadcrumb":{"@id":"https:\/\/www.welovecycling.com\/es\/2019\/12\/11\/movistar-40-anos-el-equipo-en-el-que-todos-sonamos-correr\/#breadcrumb"},"inLanguage":"es-ES","potentialAction":[{"@type":"ReadAction","target":["https:\/\/www.welovecycling.com\/es\/2019\/12\/11\/movistar-40-anos-el-equipo-en-el-que-todos-sonamos-correr\/"]}]},{"@type":"ImageObject","inLanguage":"es-ES","@id":"https:\/\/www.welovecycling.com\/es\/2019\/12\/11\/movistar-40-anos-el-equipo-en-el-que-todos-sonamos-correr\/#primaryimage","url":"https:\/\/d2p6e6u75xmxt8.cloudfront.net\/6\/2019\/12\/Movistar-40-a\u00f1os.jpg","contentUrl":"https:\/\/d2p6e6u75xmxt8.cloudfront.net\/6\/2019\/12\/Movistar-40-a\u00f1os.jpg","width":1280,"height":720},{"@type":"BreadcrumbList","@id":"https:\/\/www.welovecycling.com\/es\/2019\/12\/11\/movistar-40-anos-el-equipo-en-el-que-todos-sonamos-correr\/#breadcrumb","itemListElement":[{"@type":"ListItem","position":1,"name":"Home","item":"https:\/\/www.welovecycling.com\/es\/"},{"@type":"ListItem","position":2,"name":"Movistar, 40 a\u00f1os, el equipo en el que todos so\u00f1amos correr"}]},{"@type":"WebSite","@id":"https:\/\/www.welovecycling.com\/es\/#website","url":"https:\/\/www.welovecycling.com\/es\/","name":"\u0160koda We Love Cycling - Spain","description":"\u0160koda WeLoveCycling Spain","potentialAction":[{"@type":"SearchAction","target":{"@type":"EntryPoint","urlTemplate":"https:\/\/www.welovecycling.com\/es\/?s={search_term_string}"},"query-input":{"@type":"PropertyValueSpecification","valueRequired":true,"valueName":"search_term_string"}}],"inLanguage":"es-ES"},{"@type":"Person","@id":"https:\/\/www.welovecycling.com\/es\/#\/schema\/person\/deb61715b5812698ee79fb96f343ccd4","name":"We Love Cycling Spain","image":{"@type":"ImageObject","inLanguage":"es-ES","@id":"https:\/\/www.welovecycling.com\/es\/#\/schema\/person\/image\/","url":"https:\/\/secure.gravatar.com\/avatar\/c824b04e6df0e37a03219d0b6481672889df542894588964102459e46513159c?s=96&d=mm&r=g","contentUrl":"https:\/\/secure.gravatar.com\/avatar\/c824b04e6df0e37a03219d0b6481672889df542894588964102459e46513159c?s=96&d=mm&r=g","caption":"We Love Cycling Spain"},"url":"https:\/\/www.welovecycling.com\/es\/author\/amunoz\/"}]}},"_links":{"self":[{"href":"https:\/\/www.welovecycling.com\/es\/wp-json\/wp\/v2\/posts\/5689","targetHints":{"allow":["GET"]}}],"collection":[{"href":"https:\/\/www.welovecycling.com\/es\/wp-json\/wp\/v2\/posts"}],"about":[{"href":"https:\/\/www.welovecycling.com\/es\/wp-json\/wp\/v2\/types\/post"}],"author":[{"embeddable":true,"href":"https:\/\/www.welovecycling.com\/es\/wp-json\/wp\/v2\/users\/29"}],"replies":[{"embeddable":true,"href":"https:\/\/www.welovecycling.com\/es\/wp-json\/wp\/v2\/comments?post=5689"}],"version-history":[{"count":2,"href":"https:\/\/www.welovecycling.com\/es\/wp-json\/wp\/v2\/posts\/5689\/revisions"}],"predecessor-version":[{"id":5697,"href":"https:\/\/www.welovecycling.com\/es\/wp-json\/wp\/v2\/posts\/5689\/revisions\/5697"}],"wp:featuredmedia":[{"embeddable":true,"href":"https:\/\/www.welovecycling.com\/es\/wp-json\/wp\/v2\/media\/5696"}],"wp:attachment":[{"href":"https:\/\/www.welovecycling.com\/es\/wp-json\/wp\/v2\/media?parent=5689"}],"wp:term":[{"taxonomy":"category","embeddable":true,"href":"https:\/\/www.welovecycling.com\/es\/wp-json\/wp\/v2\/categories?post=5689"},{"taxonomy":"post_tag","embeddable":true,"href":"https:\/\/www.welovecycling.com\/es\/wp-json\/wp\/v2\/tags?post=5689"},{"taxonomy":"global-categories","embeddable":true,"href":"https:\/\/www.welovecycling.com\/es\/wp-json\/wp\/v2\/global-categories?post=5689"}],"curies":[{"name":"wp","href":"https:\/\/api.w.org\/{rel}","templated":true}]}}